{"id":97982458,"date":"2017-06-27T11:42:37","date_gmt":"2017-06-27T14:42:37","guid":{"rendered":"http:\/\/acrimat.org.br\/portal\/?p=97982458"},"modified":"2017-06-27T11:42:37","modified_gmt":"2017-06-27T14:42:37","slug":"ministerio-da-agricultura-vai-investigar-vacinas-e-auditar-frigorificos","status":"publish","type":"post","link":"https:\/\/acrimat.org.br\/portal\/ministerio-da-agricultura-vai-investigar-vacinas-e-auditar-frigorificos\/","title":{"rendered":"Minist\u00e9rio da Agricultura vai investigar vacinas e auditar frigor\u00edficos"},"content":{"rendered":"<p>O Minist\u00e9rio da Agricultura, Pecu\u00e1ria e Abastecimento (Mapa) vai investigar os motivos de rea\u00e7\u00e3o causadas por vacina em bovinos e auditar plantas frigor\u00edficas que exportam para os Estados Unidos com o objetivo de dar respostas ao governo e a importadores daquele pa\u00eds e restabelecer as negocia\u00e7\u00f5es no setor. O secret\u00e1rio-executivo do minist\u00e9rio, Eumar Novacki, em entrevista coletiva, informou que ser\u00e1 elaborado documento t\u00e9cnico para ser enviado ao governo norte-americano com informa\u00e7\u00f5es da Secretaria de Defesa Agropecu\u00e1ria e procedimentos adotados em fun\u00e7\u00e3o da suspens\u00e3o tempor\u00e1ria da importa\u00e7\u00e3o da carne brasileira in natura.<\/p>\n<p>Depois disso, o ministro Blairo Maggi dever\u00e1 encontrar-se com autoridades de governo nos EUA. E j\u00e1 estava prevista uma reuni\u00e3o entre t\u00e9cnicos dos dois pa\u00edses, no pr\u00f3ximo m\u00eas de setembro. \u201c\u00c9 importante recuperarmos esse mercado, que serve de refer\u00eancia para outros pa\u00edses, e onde a competi\u00e7\u00e3o \u00e9 muito forte, muito dura\u201d, disse o secret\u00e1rio-executivo. \u201cO nosso produto \u00e9 de qualidade e vamos demonstrar isso\u201d, afirmou Novacki, lembrando que o Brasil exporta mais de 150 pa\u00edses e que cem por cento dos produtos embarcados t\u00eam recebido inspe\u00e7\u00e3o sanit\u00e1ria no momento em que chegam ao destino sem relato de problemas.<\/p>\n<p>O mercado norte-americano foi aberto ao Brasil, em setembro do ano passado, depois de 17 anos de negocia\u00e7\u00f5es. De janeiro a maio, foram exportadas mais de 11 mil toneladas, equivalentes a cerca de US$ 49 milh\u00f5es. \u201cA determina\u00e7\u00e3o do ministro Blairo Maggi \u00e9 respondermos de forma contundente e com transpar\u00eancia\u201d, afirmou Novacki.<\/p>\n<p>Questionado se seria retalia\u00e7\u00e3o por quest\u00f5es de mercado, ou se o governo havia sentido mudan\u00e7as em rela\u00e7\u00e3o ao Brasil a partir da posse de Trump (Donald Trump), o secret\u00e1rio executivo admitiu que h\u00e1 uma tend\u00eancia do atual governo americano a adotar uma postura mais nacionalista, mas n\u00e3o crer que seja necess\u00e1rio recorrer \u00e0 Organiza\u00e7\u00e3o Mundial de Com\u00e9rcio (OMC), por entender que n\u00e3o deve ser uma quest\u00e3o de protecionismo. \u201cAcreditamos que o relacionamento comercial se d\u00ea em bases \u00e9ticas, do mesmo modo como o Brasil age com seus parceiros\u201d.<\/p>\n","protected":false},"excerpt":{"rendered":"<p>Blairo Maggi deve ainda enviar respostas ao governo dos Estados Unidos e realizar miss\u00e3o ao pa\u00eds para restabelecer venda de carnes in natura<\/p>\n","protected":false},"author":11,"featured_media":0,"comment_status":"closed","ping_status":"closed","sticky":false,"template":"","format":"standard","meta":{"footnotes":""},"categories":[6,1],"tags":[],"class_list":["post-97982458","post","type-post","status-publish","format-standard","hentry","category-destaque","category-noticia"],"yoast_head":"<!-- This site is optimized with the Yoast SEO plugin v24.8.1 - https:\/\/yoast.com\/wordpress\/plugins\/seo\/ -->\n<title>Minist\u00e9rio da Agricultura vai investigar vacinas e auditar frigor\u00edficos - Acrimat<\/title>\n<meta name=\"robots\" content=\"index, follow, max-snippet:-1, max-image-preview:large, max-video-preview:-1\" \/>\n<link rel=\"canonical\" href=\"https:\/\/acrimat.org.br\/portal\/ministerio-da-agricultura-vai-investigar-vacinas-e-auditar-frigorificos\/\" \/>\n<meta property=\"og:locale\" content=\"pt_BR\" \/>\n<meta property=\"og:type\" content=\"article\" \/>\n<meta property=\"og:title\" content=\"Minist\u00e9rio da Agricultura vai investigar vacinas e auditar frigor\u00edficos - Acrimat\" \/>\n<meta property=\"og:description\" content=\"Blairo Maggi deve ainda enviar respostas ao governo dos Estados Unidos e realizar miss\u00e3o ao pa\u00eds para restabelecer venda de carnes in natura\" \/>\n<meta property=\"og:url\" content=\"https:\/\/acrimat.org.br\/portal\/ministerio-da-agricultura-vai-investigar-vacinas-e-auditar-frigorificos\/\" \/>\n<meta property=\"og:site_name\" content=\"Acrimat\" \/>\n<meta property=\"article:published_time\" content=\"2017-06-27T14:42:37+00:00\" \/>\n<meta name=\"author\" content=\"P\u00e9ricles C\u00e2ndido\" \/>\n<meta name=\"twitter:card\" content=\"summary_large_image\" \/>\n<meta name=\"twitter:label1\" content=\"Escrito por\" \/>\n\t<meta name=\"twitter:data1\" content=\"P\u00e9ricles C\u00e2ndido\" \/>\n\t<meta name=\"twitter:label2\" content=\"Est. tempo de leitura\" \/>\n\t<meta name=\"twitter:data2\" content=\"2 minutos\" \/>\n<script type=\"application\/ld+json\" class=\"yoast-schema-graph\">{\"@context\":\"https:\/\/schema.org\",\"@graph\":[{\"@type\":\"Article\",\"@id\":\"https:\/\/acrimat.org.br\/portal\/ministerio-da-agricultura-vai-investigar-vacinas-e-auditar-frigorificos\/#article\",\"isPartOf\":{\"@id\":\"https:\/\/acrimat.org.br\/portal\/ministerio-da-agricultura-vai-investigar-vacinas-e-auditar-frigorificos\/\"},\"author\":{\"name\":\"P\u00e9ricles C\u00e2ndido\",\"@id\":\"https:\/\/acrimat.org.br\/portal\/#\/schema\/person\/18df8bcf6890e924fe5d8b5afd2bec0f\"},\"headline\":\"Minist\u00e9rio da Agricultura vai investigar vacinas e auditar frigor\u00edficos\",\"datePublished\":\"2017-06-27T14:42:37+00:00\",\"mainEntityOfPage\":{\"@id\":\"https:\/\/acrimat.org.br\/portal\/ministerio-da-agricultura-vai-investigar-vacinas-e-auditar-frigorificos\/\"},\"wordCount\":375,\"publisher\":{\"@id\":\"https:\/\/acrimat.org.br\/portal\/#organization\"},\"articleSection\":[\"Destaques\",\"Not\u00edcias\"],\"inLanguage\":\"pt-BR\"},{\"@type\":\"WebPage\",\"@id\":\"https:\/\/acrimat.org.br\/portal\/ministerio-da-agricultura-vai-investigar-vacinas-e-auditar-frigorificos\/\",\"url\":\"https:\/\/acrimat.org.br\/portal\/ministerio-da-agricultura-vai-investigar-vacinas-e-auditar-frigorificos\/\",\"name\":\"Minist\u00e9rio da Agricultura vai investigar vacinas e auditar frigor\u00edficos - Acrimat\",\"isPartOf\":{\"@id\":\"https:\/\/acrimat.org.br\/portal\/#website\"},\"datePublished\":\"2017-06-27T14:42:37+00:00\",\"breadcrumb\":{\"@id\":\"https:\/\/acrimat.org.br\/portal\/ministerio-da-agricultura-vai-investigar-vacinas-e-auditar-frigorificos\/#breadcrumb\"},\"inLanguage\":\"pt-BR\",\"potentialAction\":[{\"@type\":\"ReadAction\",\"target\":[\"https:\/\/acrimat.org.br\/portal\/ministerio-da-agricultura-vai-investigar-vacinas-e-auditar-frigorificos\/\"]}]},{\"@type\":\"BreadcrumbList\",\"@id\":\"https:\/\/acrimat.org.br\/portal\/ministerio-da-agricultura-vai-investigar-vacinas-e-auditar-frigorificos\/#breadcrumb\",\"itemListElement\":[{\"@type\":\"ListItem\",\"position\":1,\"name\":\"In\u00edcio\",\"item\":\"https:\/\/acrimat.org.br\/portal\/\"},{\"@type\":\"ListItem\",\"position\":2,\"name\":\"Minist\u00e9rio da Agricultura vai investigar vacinas e auditar frigor\u00edficos\"}]},{\"@type\":\"WebSite\",\"@id\":\"https:\/\/acrimat.org.br\/portal\/#website\",\"url\":\"https:\/\/acrimat.org.br\/portal\/\",\"name\":\"Acrimat\",\"description\":\"Associa\u00e7\u00e3o dos Criadores de Mato Grosso\",\"publisher\":{\"@id\":\"https:\/\/acrimat.org.br\/portal\/#organization\"},\"potentialAction\":[{\"@type\":\"SearchAction\",\"target\":{\"@type\":\"EntryPoint\",\"urlTemplate\":\"https:\/\/acrimat.org.br\/portal\/?s={search_term_string}\"},\"query-input\":{\"@type\":\"PropertyValueSpecification\",\"valueRequired\":true,\"valueName\":\"search_term_string\"}}],\"inLanguage\":\"pt-BR\"},{\"@type\":\"Organization\",\"@id\":\"https:\/\/acrimat.org.br\/portal\/#organization\",\"name\":\"Associa\u00e7\u00e3o dos Criadores de Mato Grosso\",\"url\":\"https:\/\/acrimat.org.br\/portal\/\",\"logo\":{\"@type\":\"ImageObject\",\"inLanguage\":\"pt-BR\",\"@id\":\"https:\/\/acrimat.org.br\/portal\/#\/schema\/logo\/image\/\",\"url\":\"https:\/\/acrimat.org.br\/portal\/wp-content\/uploads\/2018\/03\/logo-peq-original.png\",\"contentUrl\":\"https:\/\/acrimat.org.br\/portal\/wp-content\/uploads\/2018\/03\/logo-peq-original.png\",\"width\":174,\"height\":171,\"caption\":\"Associa\u00e7\u00e3o dos Criadores de Mato Grosso\"},\"image\":{\"@id\":\"https:\/\/acrimat.org.br\/portal\/#\/schema\/logo\/image\/\"}},{\"@type\":\"Person\",\"@id\":\"https:\/\/acrimat.org.br\/portal\/#\/schema\/person\/18df8bcf6890e924fe5d8b5afd2bec0f\",\"name\":\"P\u00e9ricles C\u00e2ndido\",\"image\":{\"@type\":\"ImageObject\",\"inLanguage\":\"pt-BR\",\"@id\":\"https:\/\/acrimat.org.br\/portal\/#\/schema\/person\/image\/\",\"url\":\"https:\/\/secure.gravatar.com\/avatar\/33e2a2b971dc363ed2df53d0d3bfbd18?s=96&d=mm&r=g\",\"contentUrl\":\"https:\/\/secure.gravatar.com\/avatar\/33e2a2b971dc363ed2df53d0d3bfbd18?s=96&d=mm&r=g\",\"caption\":\"P\u00e9ricles C\u00e2ndido\"},\"sameAs\":[\"ascom@acrimat.org.br\"],\"url\":\"https:\/\/acrimat.org.br\/portal\/author\/designergrafico\/\"}]}<\/script>\n<!-- \/ Yoast SEO plugin. -->","yoast_head_json":{"title":"Minist\u00e9rio da Agricultura vai investigar vacinas e auditar frigor\u00edficos - Acrimat","robots":{"index":"index","follow":"follow","max-snippet":"max-snippet:-1","max-image-preview":"max-image-preview:large","max-video-preview":"max-video-preview:-1"},"canonical":"https:\/\/acrimat.org.br\/portal\/ministerio-da-agricultura-vai-investigar-vacinas-e-auditar-frigorificos\/","og_locale":"pt_BR","og_type":"article","og_title":"Minist\u00e9rio da Agricultura vai investigar vacinas e auditar frigor\u00edficos - Acrimat","og_description":"Blairo Maggi deve ainda enviar respostas ao governo dos Estados Unidos e realizar miss\u00e3o ao pa\u00eds para restabelecer venda de carnes in natura","og_url":"https:\/\/acrimat.org.br\/portal\/ministerio-da-agricultura-vai-investigar-vacinas-e-auditar-frigorificos\/","og_site_name":"Acrimat","article_published_time":"2017-06-27T14:42:37+00:00","author":"P\u00e9ricles C\u00e2ndido","twitter_card":"summary_large_image","twitter_misc":{"Escrito por":"P\u00e9ricles C\u00e2ndido","Est. tempo de leitura":"2 minutos"},"schema":{"@context":"https:\/\/schema.org","@graph":[{"@type":"Article","@id":"https:\/\/acrimat.org.br\/portal\/ministerio-da-agricultura-vai-investigar-vacinas-e-auditar-frigorificos\/#article","isPartOf":{"@id":"https:\/\/acrimat.org.br\/portal\/ministerio-da-agricultura-vai-investigar-vacinas-e-auditar-frigorificos\/"},"author":{"name":"P\u00e9ricles C\u00e2ndido","@id":"https:\/\/acrimat.org.br\/portal\/#\/schema\/person\/18df8bcf6890e924fe5d8b5afd2bec0f"},"headline":"Minist\u00e9rio da Agricultura vai investigar vacinas e auditar frigor\u00edficos","datePublished":"2017-06-27T14:42:37+00:00","mainEntityOfPage":{"@id":"https:\/\/acrimat.org.br\/portal\/ministerio-da-agricultura-vai-investigar-vacinas-e-auditar-frigorificos\/"},"wordCount":375,"publisher":{"@id":"https:\/\/acrimat.org.br\/portal\/#organization"},"articleSection":["Destaques","Not\u00edcias"],"inLanguage":"pt-BR"},{"@type":"WebPage","@id":"https:\/\/acrimat.org.br\/portal\/ministerio-da-agricultura-vai-investigar-vacinas-e-auditar-frigorificos\/","url":"https:\/\/acrimat.org.br\/portal\/ministerio-da-agricultura-vai-investigar-vacinas-e-auditar-frigorificos\/","name":"Minist\u00e9rio da Agricultura vai investigar vacinas e auditar frigor\u00edficos - Acrimat","isPartOf":{"@id":"https:\/\/acrimat.org.br\/portal\/#website"},"datePublished":"2017-06-27T14:42:37+00:00","breadcrumb":{"@id":"https:\/\/acrimat.org.br\/portal\/ministerio-da-agricultura-vai-investigar-vacinas-e-auditar-frigorificos\/#breadcrumb"},"inLanguage":"pt-BR","potentialAction":[{"@type":"ReadAction","target":["https:\/\/acrimat.org.br\/portal\/ministerio-da-agricultura-vai-investigar-vacinas-e-auditar-frigorificos\/"]}]},{"@type":"BreadcrumbList","@id":"https:\/\/acrimat.org.br\/portal\/ministerio-da-agricultura-vai-investigar-vacinas-e-auditar-frigorificos\/#breadcrumb","itemListElement":[{"@type":"ListItem","position":1,"name":"In\u00edcio","item":"https:\/\/acrimat.org.br\/portal\/"},{"@type":"ListItem","position":2,"name":"Minist\u00e9rio da Agricultura vai investigar vacinas e auditar frigor\u00edficos"}]},{"@type":"WebSite","@id":"https:\/\/acrimat.org.br\/portal\/#website","url":"https:\/\/acrimat.org.br\/portal\/","name":"Acrimat","description":"Associa\u00e7\u00e3o dos Criadores de Mato Grosso","publisher":{"@id":"https:\/\/acrimat.org.br\/portal\/#organization"},"potentialAction":[{"@type":"SearchAction","target":{"@type":"EntryPoint","urlTemplate":"https:\/\/acrimat.org.br\/portal\/?s={search_term_string}"},"query-input":{"@type":"PropertyValueSpecification","valueRequired":true,"valueName":"search_term_string"}}],"inLanguage":"pt-BR"},{"@type":"Organization","@id":"https:\/\/acrimat.org.br\/portal\/#organization","name":"Associa\u00e7\u00e3o dos Criadores de Mato Grosso","url":"https:\/\/acrimat.org.br\/portal\/","logo":{"@type":"ImageObject","inLanguage":"pt-BR","@id":"https:\/\/acrimat.org.br\/portal\/#\/schema\/logo\/image\/","url":"https:\/\/acrimat.org.br\/portal\/wp-content\/uploads\/2018\/03\/logo-peq-original.png","contentUrl":"https:\/\/acrimat.org.br\/portal\/wp-content\/uploads\/2018\/03\/logo-peq-original.png","width":174,"height":171,"caption":"Associa\u00e7\u00e3o dos Criadores de Mato Grosso"},"image":{"@id":"https:\/\/acrimat.org.br\/portal\/#\/schema\/logo\/image\/"}},{"@type":"Person","@id":"https:\/\/acrimat.org.br\/portal\/#\/schema\/person\/18df8bcf6890e924fe5d8b5afd2bec0f","name":"P\u00e9ricles C\u00e2ndido","image":{"@type":"ImageObject","inLanguage":"pt-BR","@id":"https:\/\/acrimat.org.br\/portal\/#\/schema\/person\/image\/","url":"https:\/\/secure.gravatar.com\/avatar\/33e2a2b971dc363ed2df53d0d3bfbd18?s=96&d=mm&r=g","contentUrl":"https:\/\/secure.gravatar.com\/avatar\/33e2a2b971dc363ed2df53d0d3bfbd18?s=96&d=mm&r=g","caption":"P\u00e9ricles C\u00e2ndido"},"sameAs":["ascom@acrimat.org.br"],"url":"https:\/\/acrimat.org.br\/portal\/author\/designergrafico\/"}]}},"_links":{"self":[{"href":"https:\/\/acrimat.org.br\/portal\/wp-json\/wp\/v2\/posts\/97982458","targetHints":{"allow":["GET"]}}],"collection":[{"href":"https:\/\/acrimat.org.br\/portal\/wp-json\/wp\/v2\/posts"}],"about":[{"href":"https:\/\/acrimat.org.br\/portal\/wp-json\/wp\/v2\/types\/post"}],"author":[{"embeddable":true,"href":"https:\/\/acrimat.org.br\/portal\/wp-json\/wp\/v2\/users\/11"}],"replies":[{"embeddable":true,"href":"https:\/\/acrimat.org.br\/portal\/wp-json\/wp\/v2\/comments?post=97982458"}],"version-history":[{"count":1,"href":"https:\/\/acrimat.org.br\/portal\/wp-json\/wp\/v2\/posts\/97982458\/revisions"}],"predecessor-version":[{"id":97982459,"href":"https:\/\/acrimat.org.br\/portal\/wp-json\/wp\/v2\/posts\/97982458\/revisions\/97982459"}],"wp:attachment":[{"href":"https:\/\/acrimat.org.br\/portal\/wp-json\/wp\/v2\/media?parent=97982458"}],"wp:term":[{"taxonomy":"category","embeddable":true,"href":"https:\/\/acrimat.org.br\/portal\/wp-json\/wp\/v2\/categories?post=97982458"},{"taxonomy":"post_tag","embeddable":true,"href":"https:\/\/acrimat.org.br\/portal\/wp-json\/wp\/v2\/tags?post=97982458"}],"curies":[{"name":"wp","href":"https:\/\/api.w.org\/{rel}","templated":true}]}}