{"id":97982724,"date":"2017-07-17T10:28:28","date_gmt":"2017-07-17T13:28:28","guid":{"rendered":"http:\/\/acrimat.org.br\/portal\/?p=97982724"},"modified":"2017-07-18T10:38:25","modified_gmt":"2017-07-18T13:38:25","slug":"ministro-vai-aos-eua-para-reabrir-mercado-de-carne-fresca","status":"publish","type":"post","link":"https:\/\/acrimat.org.br\/portal\/ministro-vai-aos-eua-para-reabrir-mercado-de-carne-fresca\/","title":{"rendered":"Ministro vai aos EUA para reabrir mercado de carne fresca"},"content":{"rendered":"<p>O governo brasileiro dar\u00e1 nesta segunda-feira mais uma cartada para conseguir reabrir o mercado americano para a carne bovina in natura. Ap\u00f3s uma miss\u00e3o t\u00e9cnica ir aos EUA para prestar esclarecimentos a autoridades sanit\u00e1rias daquele pa\u00eds, o ministro da Agricultura, Blairo Maggi, vai se reunir em Washington com sua contraparte nos EUA, o secret\u00e1rio de Agricultura Sonny Perdue.<\/p>\n<p>H\u00e1 um m\u00eas, o governo americano determinou a suspens\u00e3o das importa\u00e7\u00f5es de carne fresca do Brasil. Foram identificadas manchas no produto causadas pela vacina\u00e7\u00e3o contra febre aftosa. Entre as provid\u00eancias tomadas pelo Minist\u00e9rio da Agricultura foi determinado aos frigor\u00edficos para que as carnes in natura de cortes dianteiros (local de aplica\u00e7\u00e3o da vacina) sigam apenas na forma de recortes, cubos, iscas ou tiras, a fim de identificar facilmente eventuais problemas.<\/p>\n<p>\u2014 S\u00e3o reuni\u00f5es dif\u00edceis \u2014 afirmou Maggi ao GLOBO, acrescentando que pretende discutir com Perdue uma agenda para o futuro.<\/p>\n<p><strong>106 LOTES DE CARNE BARRADOS<\/strong><\/p>\n<p>Foi o pr\u00f3prio secret\u00e1rio de Agricultura dos EUA quem anunciou a suspens\u00e3o. Em nota, o Departamento de Agricultura (USDA) alegou \u201crecorrentes preocupa\u00e7\u00f5es sobre a seguran\u00e7a dos produtos direcionados ao mercado americano\u201d.<\/p>\n<p>O USDA tamb\u00e9m afirmou que inspecionava, desde mar\u00e7o deste ano, 100% dos produtos brasileiros com destino aos EUA. Desde ent\u00e3o, teria impedido a entrada de 11% dos alimentos in natura, taxa substancialmente mais alta do que o percentual de rejei\u00e7\u00e3o dos produtos de outros locais do mundo. Ao todo, 106 lotes de carnes brasileiras foram barrados \u201cdevido a preocupa\u00e7\u00f5es relativas \u00e0 sa\u00fade p\u00fablica, condi\u00e7\u00f5es sanit\u00e1rias e quest\u00f5es de sa\u00fade animal\u201d.<\/p>\n","protected":false},"excerpt":{"rendered":"<p>Blairo Maggi se reunir\u00e1 com secret\u00e1rio de Agricultura americano<\/p>\n","protected":false},"author":11,"featured_media":97980971,"comment_status":"closed","ping_status":"closed","sticky":false,"template":"","format":"standard","meta":{"footnotes":""},"categories":[6,1],"tags":[],"class_list":["post-97982724","post","type-post","status-publish","format-standard","has-post-thumbnail","hentry","category-destaque","category-noticia"],"yoast_head":"<!-- This site is optimized with the Yoast SEO plugin v24.8.1 - https:\/\/yoast.com\/wordpress\/plugins\/seo\/ -->\n<title>Ministro vai aos EUA para reabrir mercado de carne fresca - Acrimat<\/title>\n<meta name=\"robots\" content=\"index, follow, max-snippet:-1, max-image-preview:large, max-video-preview:-1\" \/>\n<link rel=\"canonical\" href=\"https:\/\/acrimat.org.br\/portal\/ministro-vai-aos-eua-para-reabrir-mercado-de-carne-fresca\/\" \/>\n<meta property=\"og:locale\" content=\"pt_BR\" \/>\n<meta property=\"og:type\" content=\"article\" \/>\n<meta property=\"og:title\" content=\"Ministro vai aos EUA para reabrir mercado de carne fresca - Acrimat\" \/>\n<meta property=\"og:description\" content=\"Blairo Maggi se reunir\u00e1 com secret\u00e1rio de Agricultura americano\" \/>\n<meta property=\"og:url\" content=\"https:\/\/acrimat.org.br\/portal\/ministro-vai-aos-eua-para-reabrir-mercado-de-carne-fresca\/\" \/>\n<meta property=\"og:site_name\" content=\"Acrimat\" \/>\n<meta property=\"article:published_time\" content=\"2017-07-17T13:28:28+00:00\" \/>\n<meta property=\"article:modified_time\" content=\"2017-07-18T13:38:25+00:00\" \/>\n<meta property=\"og:image\" content=\"https:\/\/acrimat.org.br\/portal\/wp-content\/uploads\/2017\/03\/maggi10096.jpg\" \/>\n\t<meta property=\"og:image:width\" content=\"300\" \/>\n\t<meta property=\"og:image:height\" content=\"257\" \/>\n\t<meta property=\"og:image:type\" content=\"image\/jpeg\" \/>\n<meta name=\"author\" content=\"P\u00e9ricles C\u00e2ndido\" \/>\n<meta name=\"twitter:card\" content=\"summary_large_image\" \/>\n<meta name=\"twitter:label1\" content=\"Escrito por\" \/>\n\t<meta name=\"twitter:data1\" content=\"P\u00e9ricles C\u00e2ndido\" \/>\n\t<meta name=\"twitter:label2\" content=\"Est. tempo de leitura\" \/>\n\t<meta name=\"twitter:data2\" content=\"1 minuto\" \/>\n<script type=\"application\/ld+json\" class=\"yoast-schema-graph\">{\"@context\":\"https:\/\/schema.org\",\"@graph\":[{\"@type\":\"Article\",\"@id\":\"https:\/\/acrimat.org.br\/portal\/ministro-vai-aos-eua-para-reabrir-mercado-de-carne-fresca\/#article\",\"isPartOf\":{\"@id\":\"https:\/\/acrimat.org.br\/portal\/ministro-vai-aos-eua-para-reabrir-mercado-de-carne-fresca\/\"},\"author\":{\"name\":\"P\u00e9ricles C\u00e2ndido\",\"@id\":\"https:\/\/acrimat.org.br\/portal\/#\/schema\/person\/18df8bcf6890e924fe5d8b5afd2bec0f\"},\"headline\":\"Ministro vai aos EUA para reabrir mercado de carne fresca\",\"datePublished\":\"2017-07-17T13:28:28+00:00\",\"dateModified\":\"2017-07-18T13:38:25+00:00\",\"mainEntityOfPage\":{\"@id\":\"https:\/\/acrimat.org.br\/portal\/ministro-vai-aos-eua-para-reabrir-mercado-de-carne-fresca\/\"},\"wordCount\":290,\"publisher\":{\"@id\":\"https:\/\/acrimat.org.br\/portal\/#organization\"},\"image\":{\"@id\":\"https:\/\/acrimat.org.br\/portal\/ministro-vai-aos-eua-para-reabrir-mercado-de-carne-fresca\/#primaryimage\"},\"thumbnailUrl\":\"https:\/\/acrimat.org.br\/portal\/wp-content\/uploads\/2017\/03\/maggi10096.jpg\",\"articleSection\":[\"Destaques\",\"Not\u00edcias\"],\"inLanguage\":\"pt-BR\"},{\"@type\":\"WebPage\",\"@id\":\"https:\/\/acrimat.org.br\/portal\/ministro-vai-aos-eua-para-reabrir-mercado-de-carne-fresca\/\",\"url\":\"https:\/\/acrimat.org.br\/portal\/ministro-vai-aos-eua-para-reabrir-mercado-de-carne-fresca\/\",\"name\":\"Ministro vai aos EUA para reabrir mercado de carne fresca - Acrimat\",\"isPartOf\":{\"@id\":\"https:\/\/acrimat.org.br\/portal\/#website\"},\"primaryImageOfPage\":{\"@id\":\"https:\/\/acrimat.org.br\/portal\/ministro-vai-aos-eua-para-reabrir-mercado-de-carne-fresca\/#primaryimage\"},\"image\":{\"@id\":\"https:\/\/acrimat.org.br\/portal\/ministro-vai-aos-eua-para-reabrir-mercado-de-carne-fresca\/#primaryimage\"},\"thumbnailUrl\":\"https:\/\/acrimat.org.br\/portal\/wp-content\/uploads\/2017\/03\/maggi10096.jpg\",\"datePublished\":\"2017-07-17T13:28:28+00:00\",\"dateModified\":\"2017-07-18T13:38:25+00:00\",\"breadcrumb\":{\"@id\":\"https:\/\/acrimat.org.br\/portal\/ministro-vai-aos-eua-para-reabrir-mercado-de-carne-fresca\/#breadcrumb\"},\"inLanguage\":\"pt-BR\",\"potentialAction\":[{\"@type\":\"ReadAction\",\"target\":[\"https:\/\/acrimat.org.br\/portal\/ministro-vai-aos-eua-para-reabrir-mercado-de-carne-fresca\/\"]}]},{\"@type\":\"ImageObject\",\"inLanguage\":\"pt-BR\",\"@id\":\"https:\/\/acrimat.org.br\/portal\/ministro-vai-aos-eua-para-reabrir-mercado-de-carne-fresca\/#primaryimage\",\"url\":\"https:\/\/acrimat.org.br\/portal\/wp-content\/uploads\/2017\/03\/maggi10096.jpg\",\"contentUrl\":\"https:\/\/acrimat.org.br\/portal\/wp-content\/uploads\/2017\/03\/maggi10096.jpg\",\"width\":300,\"height\":257},{\"@type\":\"BreadcrumbList\",\"@id\":\"https:\/\/acrimat.org.br\/portal\/ministro-vai-aos-eua-para-reabrir-mercado-de-carne-fresca\/#breadcrumb\",\"itemListElement\":[{\"@type\":\"ListItem\",\"position\":1,\"name\":\"In\u00edcio\",\"item\":\"https:\/\/acrimat.org.br\/portal\/\"},{\"@type\":\"ListItem\",\"position\":2,\"name\":\"Ministro vai aos EUA para reabrir mercado de carne fresca\"}]},{\"@type\":\"WebSite\",\"@id\":\"https:\/\/acrimat.org.br\/portal\/#website\",\"url\":\"https:\/\/acrimat.org.br\/portal\/\",\"name\":\"Acrimat\",\"description\":\"Associa\u00e7\u00e3o dos Criadores de Mato Grosso\",\"publisher\":{\"@id\":\"https:\/\/acrimat.org.br\/portal\/#organization\"},\"potentialAction\":[{\"@type\":\"SearchAction\",\"target\":{\"@type\":\"EntryPoint\",\"urlTemplate\":\"https:\/\/acrimat.org.br\/portal\/?s={search_term_string}\"},\"query-input\":{\"@type\":\"PropertyValueSpecification\",\"valueRequired\":true,\"valueName\":\"search_term_string\"}}],\"inLanguage\":\"pt-BR\"},{\"@type\":\"Organization\",\"@id\":\"https:\/\/acrimat.org.br\/portal\/#organization\",\"name\":\"Associa\u00e7\u00e3o dos Criadores de Mato Grosso\",\"url\":\"https:\/\/acrimat.org.br\/portal\/\",\"logo\":{\"@type\":\"ImageObject\",\"inLanguage\":\"pt-BR\",\"@id\":\"https:\/\/acrimat.org.br\/portal\/#\/schema\/logo\/image\/\",\"url\":\"https:\/\/acrimat.org.br\/portal\/wp-content\/uploads\/2018\/03\/logo-peq-original.png\",\"contentUrl\":\"https:\/\/acrimat.org.br\/portal\/wp-content\/uploads\/2018\/03\/logo-peq-original.png\",\"width\":174,\"height\":171,\"caption\":\"Associa\u00e7\u00e3o dos Criadores de Mato Grosso\"},\"image\":{\"@id\":\"https:\/\/acrimat.org.br\/portal\/#\/schema\/logo\/image\/\"}},{\"@type\":\"Person\",\"@id\":\"https:\/\/acrimat.org.br\/portal\/#\/schema\/person\/18df8bcf6890e924fe5d8b5afd2bec0f\",\"name\":\"P\u00e9ricles C\u00e2ndido\",\"image\":{\"@type\":\"ImageObject\",\"inLanguage\":\"pt-BR\",\"@id\":\"https:\/\/acrimat.org.br\/portal\/#\/schema\/person\/image\/\",\"url\":\"https:\/\/secure.gravatar.com\/avatar\/33e2a2b971dc363ed2df53d0d3bfbd18?s=96&d=mm&r=g\",\"contentUrl\":\"https:\/\/secure.gravatar.com\/avatar\/33e2a2b971dc363ed2df53d0d3bfbd18?s=96&d=mm&r=g\",\"caption\":\"P\u00e9ricles C\u00e2ndido\"},\"sameAs\":[\"ascom@acrimat.org.br\"],\"url\":\"https:\/\/acrimat.org.br\/portal\/author\/designergrafico\/\"}]}<\/script>\n<!-- \/ Yoast SEO plugin. -->","yoast_head_json":{"title":"Ministro vai aos EUA para reabrir mercado de carne fresca - Acrimat","robots":{"index":"index","follow":"follow","max-snippet":"max-snippet:-1","max-image-preview":"max-image-preview:large","max-video-preview":"max-video-preview:-1"},"canonical":"https:\/\/acrimat.org.br\/portal\/ministro-vai-aos-eua-para-reabrir-mercado-de-carne-fresca\/","og_locale":"pt_BR","og_type":"article","og_title":"Ministro vai aos EUA para reabrir mercado de carne fresca - Acrimat","og_description":"Blairo Maggi se reunir\u00e1 com secret\u00e1rio de Agricultura americano","og_url":"https:\/\/acrimat.org.br\/portal\/ministro-vai-aos-eua-para-reabrir-mercado-de-carne-fresca\/","og_site_name":"Acrimat","article_published_time":"2017-07-17T13:28:28+00:00","article_modified_time":"2017-07-18T13:38:25+00:00","og_image":[{"width":300,"height":257,"url":"https:\/\/acrimat.org.br\/portal\/wp-content\/uploads\/2017\/03\/maggi10096.jpg","type":"image\/jpeg"}],"author":"P\u00e9ricles C\u00e2ndido","twitter_card":"summary_large_image","twitter_misc":{"Escrito por":"P\u00e9ricles C\u00e2ndido","Est. tempo de leitura":"1 minuto"},"schema":{"@context":"https:\/\/schema.org","@graph":[{"@type":"Article","@id":"https:\/\/acrimat.org.br\/portal\/ministro-vai-aos-eua-para-reabrir-mercado-de-carne-fresca\/#article","isPartOf":{"@id":"https:\/\/acrimat.org.br\/portal\/ministro-vai-aos-eua-para-reabrir-mercado-de-carne-fresca\/"},"author":{"name":"P\u00e9ricles C\u00e2ndido","@id":"https:\/\/acrimat.org.br\/portal\/#\/schema\/person\/18df8bcf6890e924fe5d8b5afd2bec0f"},"headline":"Ministro vai aos EUA para reabrir mercado de carne fresca","datePublished":"2017-07-17T13:28:28+00:00","dateModified":"2017-07-18T13:38:25+00:00","mainEntityOfPage":{"@id":"https:\/\/acrimat.org.br\/portal\/ministro-vai-aos-eua-para-reabrir-mercado-de-carne-fresca\/"},"wordCount":290,"publisher":{"@id":"https:\/\/acrimat.org.br\/portal\/#organization"},"image":{"@id":"https:\/\/acrimat.org.br\/portal\/ministro-vai-aos-eua-para-reabrir-mercado-de-carne-fresca\/#primaryimage"},"thumbnailUrl":"https:\/\/acrimat.org.br\/portal\/wp-content\/uploads\/2017\/03\/maggi10096.jpg","articleSection":["Destaques","Not\u00edcias"],"inLanguage":"pt-BR"},{"@type":"WebPage","@id":"https:\/\/acrimat.org.br\/portal\/ministro-vai-aos-eua-para-reabrir-mercado-de-carne-fresca\/","url":"https:\/\/acrimat.org.br\/portal\/ministro-vai-aos-eua-para-reabrir-mercado-de-carne-fresca\/","name":"Ministro vai aos EUA para reabrir mercado de carne fresca - Acrimat","isPartOf":{"@id":"https:\/\/acrimat.org.br\/portal\/#website"},"primaryImageOfPage":{"@id":"https:\/\/acrimat.org.br\/portal\/ministro-vai-aos-eua-para-reabrir-mercado-de-carne-fresca\/#primaryimage"},"image":{"@id":"https:\/\/acrimat.org.br\/portal\/ministro-vai-aos-eua-para-reabrir-mercado-de-carne-fresca\/#primaryimage"},"thumbnailUrl":"https:\/\/acrimat.org.br\/portal\/wp-content\/uploads\/2017\/03\/maggi10096.jpg","datePublished":"2017-07-17T13:28:28+00:00","dateModified":"2017-07-18T13:38:25+00:00","breadcrumb":{"@id":"https:\/\/acrimat.org.br\/portal\/ministro-vai-aos-eua-para-reabrir-mercado-de-carne-fresca\/#breadcrumb"},"inLanguage":"pt-BR","potentialAction":[{"@type":"ReadAction","target":["https:\/\/acrimat.org.br\/portal\/ministro-vai-aos-eua-para-reabrir-mercado-de-carne-fresca\/"]}]},{"@type":"ImageObject","inLanguage":"pt-BR","@id":"https:\/\/acrimat.org.br\/portal\/ministro-vai-aos-eua-para-reabrir-mercado-de-carne-fresca\/#primaryimage","url":"https:\/\/acrimat.org.br\/portal\/wp-content\/uploads\/2017\/03\/maggi10096.jpg","contentUrl":"https:\/\/acrimat.org.br\/portal\/wp-content\/uploads\/2017\/03\/maggi10096.jpg","width":300,"height":257},{"@type":"BreadcrumbList","@id":"https:\/\/acrimat.org.br\/portal\/ministro-vai-aos-eua-para-reabrir-mercado-de-carne-fresca\/#breadcrumb","itemListElement":[{"@type":"ListItem","position":1,"name":"In\u00edcio","item":"https:\/\/acrimat.org.br\/portal\/"},{"@type":"ListItem","position":2,"name":"Ministro vai aos EUA para reabrir mercado de carne fresca"}]},{"@type":"WebSite","@id":"https:\/\/acrimat.org.br\/portal\/#website","url":"https:\/\/acrimat.org.br\/portal\/","name":"Acrimat","description":"Associa\u00e7\u00e3o dos Criadores de Mato Grosso","publisher":{"@id":"https:\/\/acrimat.org.br\/portal\/#organization"},"potentialAction":[{"@type":"SearchAction","target":{"@type":"EntryPoint","urlTemplate":"https:\/\/acrimat.org.br\/portal\/?s={search_term_string}"},"query-input":{"@type":"PropertyValueSpecification","valueRequired":true,"valueName":"search_term_string"}}],"inLanguage":"pt-BR"},{"@type":"Organization","@id":"https:\/\/acrimat.org.br\/portal\/#organization","name":"Associa\u00e7\u00e3o dos Criadores de Mato Grosso","url":"https:\/\/acrimat.org.br\/portal\/","logo":{"@type":"ImageObject","inLanguage":"pt-BR","@id":"https:\/\/acrimat.org.br\/portal\/#\/schema\/logo\/image\/","url":"https:\/\/acrimat.org.br\/portal\/wp-content\/uploads\/2018\/03\/logo-peq-original.png","contentUrl":"https:\/\/acrimat.org.br\/portal\/wp-content\/uploads\/2018\/03\/logo-peq-original.png","width":174,"height":171,"caption":"Associa\u00e7\u00e3o dos Criadores de Mato Grosso"},"image":{"@id":"https:\/\/acrimat.org.br\/portal\/#\/schema\/logo\/image\/"}},{"@type":"Person","@id":"https:\/\/acrimat.org.br\/portal\/#\/schema\/person\/18df8bcf6890e924fe5d8b5afd2bec0f","name":"P\u00e9ricles C\u00e2ndido","image":{"@type":"ImageObject","inLanguage":"pt-BR","@id":"https:\/\/acrimat.org.br\/portal\/#\/schema\/person\/image\/","url":"https:\/\/secure.gravatar.com\/avatar\/33e2a2b971dc363ed2df53d0d3bfbd18?s=96&d=mm&r=g","contentUrl":"https:\/\/secure.gravatar.com\/avatar\/33e2a2b971dc363ed2df53d0d3bfbd18?s=96&d=mm&r=g","caption":"P\u00e9ricles C\u00e2ndido"},"sameAs":["ascom@acrimat.org.br"],"url":"https:\/\/acrimat.org.br\/portal\/author\/designergrafico\/"}]}},"_links":{"self":[{"href":"https:\/\/acrimat.org.br\/portal\/wp-json\/wp\/v2\/posts\/97982724","targetHints":{"allow":["GET"]}}],"collection":[{"href":"https:\/\/acrimat.org.br\/portal\/wp-json\/wp\/v2\/posts"}],"about":[{"href":"https:\/\/acrimat.org.br\/portal\/wp-json\/wp\/v2\/types\/post"}],"author":[{"embeddable":true,"href":"https:\/\/acrimat.org.br\/portal\/wp-json\/wp\/v2\/users\/11"}],"replies":[{"embeddable":true,"href":"https:\/\/acrimat.org.br\/portal\/wp-json\/wp\/v2\/comments?post=97982724"}],"version-history":[{"count":1,"href":"https:\/\/acrimat.org.br\/portal\/wp-json\/wp\/v2\/posts\/97982724\/revisions"}],"predecessor-version":[{"id":97982725,"href":"https:\/\/acrimat.org.br\/portal\/wp-json\/wp\/v2\/posts\/97982724\/revisions\/97982725"}],"wp:featuredmedia":[{"embeddable":true,"href":"https:\/\/acrimat.org.br\/portal\/wp-json\/wp\/v2\/media\/97980971"}],"wp:attachment":[{"href":"https:\/\/acrimat.org.br\/portal\/wp-json\/wp\/v2\/media?parent=97982724"}],"wp:term":[{"taxonomy":"category","embeddable":true,"href":"https:\/\/acrimat.org.br\/portal\/wp-json\/wp\/v2\/categories?post=97982724"},{"taxonomy":"post_tag","embeddable":true,"href":"https:\/\/acrimat.org.br\/portal\/wp-json\/wp\/v2\/tags?post=97982724"}],"curies":[{"name":"wp","href":"https:\/\/api.w.org\/{rel}","templated":true}]}}