{"id":97982774,"date":"2017-07-20T11:14:14","date_gmt":"2017-07-20T14:14:14","guid":{"rendered":"http:\/\/acrimat.org.br\/portal\/?p=97982774"},"modified":"2017-07-20T11:14:14","modified_gmt":"2017-07-20T14:14:14","slug":"usda-confirma-caso-atipico-de-doenca-da-vaca-louca","status":"publish","type":"post","link":"https:\/\/acrimat.org.br\/portal\/usda-confirma-caso-atipico-de-doenca-da-vaca-louca\/","title":{"rendered":"USDA confirma caso at\u00edpico de doen\u00e7a da vaca louca"},"content":{"rendered":"<p>O Departamento de Agricultura dos EUA (USDA) anunciou nesta ter\u00e7a-feira, 18, um caso at\u00edpico de Encefalopatia Espongiforme Bovina, conhecida como doen\u00e7a da vaca louca, em uma f\u00eamea de 11 anos de idade no Alabama.<\/p>\n<p>De acordo com o USDA, casos classificados como at\u00edpicos geralmente ocorrem em animais mais velhos, e surgem raramente e de forma espont\u00e2nea em rebanhos. O primeiro caso de doen\u00e7a da vaca louca nos EUA era \u201ccl\u00e1ssico\u201d, enquanto os outros eram \u201cat\u00edpicos\u201d, disse o USDA.<\/p>\n<p>Segundo o departamento, o caso mais recente n\u00e3o altera o status de risco dos EUA para a doen\u00e7a e n\u00e3o deve resultar em problemas no com\u00e9rcio. O animal em quest\u00e3o nunca entrou na linha de processamento e n\u00e3o representou nenhum tipo de risco para a seguran\u00e7a alimentar ou a sa\u00fade humana, afirmou o USDA.<\/p>\n<p>Isso n\u00e3o \u00e9 motivo para preocupa\u00e7\u00e3o e n\u00e3o dever\u00e1 influenciar o mercado americano ou gerar barreiras \u00e0s exporta\u00e7\u00f5es de carne bovina do pa\u00eds.<\/p>\n<p>Essa \u00e9 avalia\u00e7\u00e3o de Nathan Losey, analista de prote\u00ednas animais da AgResource, que afirmou, em nota, que o USDA \u201cfoi bem claro em afirmar que o animal n\u00e3o entrou na cadeia alimentar e n\u00e3o apresentou riscos de contamina\u00e7\u00e3o ou infec\u00e7\u00e3o\u201d.<\/p>\n<p><strong><em>Fonte: Dow Jones Newswires e Valor Econ\u00f4mico.<\/em><\/strong><\/p>\n","protected":false},"excerpt":{"rendered":"<p>Departamento de Agricultura dos EUA (USDA) anunciou nesta ter\u00e7a-feira, 18, um caso at\u00edpico de Encefalopatia Espongiforme Bovina, conhecida como doen\u00e7a da vaca louca<\/p>\n","protected":false},"author":11,"featured_media":97981782,"comment_status":"closed","ping_status":"closed","sticky":false,"template":"","format":"standard","meta":{"footnotes":""},"categories":[6,1],"tags":[],"class_list":["post-97982774","post","type-post","status-publish","format-standard","has-post-thumbnail","hentry","category-destaque","category-noticia"],"yoast_head":"<!-- This site is optimized with the Yoast SEO plugin v24.8.1 - https:\/\/yoast.com\/wordpress\/plugins\/seo\/ -->\n<title>USDA confirma caso at\u00edpico de doen\u00e7a da vaca louca - Acrimat<\/title>\n<meta name=\"robots\" content=\"index, follow, max-snippet:-1, max-image-preview:large, max-video-preview:-1\" \/>\n<link rel=\"canonical\" href=\"https:\/\/acrimat.org.br\/portal\/usda-confirma-caso-atipico-de-doenca-da-vaca-louca\/\" \/>\n<meta property=\"og:locale\" content=\"pt_BR\" \/>\n<meta property=\"og:type\" content=\"article\" \/>\n<meta property=\"og:title\" content=\"USDA confirma caso at\u00edpico de doen\u00e7a da vaca louca - Acrimat\" \/>\n<meta property=\"og:description\" content=\"Departamento de Agricultura dos EUA (USDA) anunciou nesta ter\u00e7a-feira, 18, um caso at\u00edpico de Encefalopatia Espongiforme Bovina, conhecida como doen\u00e7a da vaca louca\" \/>\n<meta property=\"og:url\" content=\"https:\/\/acrimat.org.br\/portal\/usda-confirma-caso-atipico-de-doenca-da-vaca-louca\/\" \/>\n<meta property=\"og:site_name\" content=\"Acrimat\" \/>\n<meta property=\"article:published_time\" content=\"2017-07-20T14:14:14+00:00\" \/>\n<meta property=\"og:image\" content=\"https:\/\/acrimat.org.br\/portal\/wp-content\/uploads\/2017\/05\/11109.jpg\" \/>\n\t<meta property=\"og:image:width\" content=\"500\" \/>\n\t<meta property=\"og:image:height\" content=\"392\" \/>\n\t<meta property=\"og:image:type\" content=\"image\/jpeg\" \/>\n<meta name=\"author\" content=\"P\u00e9ricles C\u00e2ndido\" \/>\n<meta name=\"twitter:card\" content=\"summary_large_image\" \/>\n<meta name=\"twitter:label1\" content=\"Escrito por\" \/>\n\t<meta name=\"twitter:data1\" content=\"P\u00e9ricles C\u00e2ndido\" \/>\n\t<meta name=\"twitter:label2\" content=\"Est. tempo de leitura\" \/>\n\t<meta name=\"twitter:data2\" content=\"1 minuto\" \/>\n<script type=\"application\/ld+json\" class=\"yoast-schema-graph\">{\"@context\":\"https:\/\/schema.org\",\"@graph\":[{\"@type\":\"Article\",\"@id\":\"https:\/\/acrimat.org.br\/portal\/usda-confirma-caso-atipico-de-doenca-da-vaca-louca\/#article\",\"isPartOf\":{\"@id\":\"https:\/\/acrimat.org.br\/portal\/usda-confirma-caso-atipico-de-doenca-da-vaca-louca\/\"},\"author\":{\"name\":\"P\u00e9ricles C\u00e2ndido\",\"@id\":\"https:\/\/acrimat.org.br\/portal\/#\/schema\/person\/18df8bcf6890e924fe5d8b5afd2bec0f\"},\"headline\":\"USDA confirma caso at\u00edpico de doen\u00e7a da vaca louca\",\"datePublished\":\"2017-07-20T14:14:14+00:00\",\"mainEntityOfPage\":{\"@id\":\"https:\/\/acrimat.org.br\/portal\/usda-confirma-caso-atipico-de-doenca-da-vaca-louca\/\"},\"wordCount\":238,\"publisher\":{\"@id\":\"https:\/\/acrimat.org.br\/portal\/#organization\"},\"image\":{\"@id\":\"https:\/\/acrimat.org.br\/portal\/usda-confirma-caso-atipico-de-doenca-da-vaca-louca\/#primaryimage\"},\"thumbnailUrl\":\"https:\/\/acrimat.org.br\/portal\/wp-content\/uploads\/2017\/05\/11109.jpg\",\"articleSection\":[\"Destaques\",\"Not\u00edcias\"],\"inLanguage\":\"pt-BR\"},{\"@type\":\"WebPage\",\"@id\":\"https:\/\/acrimat.org.br\/portal\/usda-confirma-caso-atipico-de-doenca-da-vaca-louca\/\",\"url\":\"https:\/\/acrimat.org.br\/portal\/usda-confirma-caso-atipico-de-doenca-da-vaca-louca\/\",\"name\":\"USDA confirma caso at\u00edpico de doen\u00e7a da vaca louca - Acrimat\",\"isPartOf\":{\"@id\":\"https:\/\/acrimat.org.br\/portal\/#website\"},\"primaryImageOfPage\":{\"@id\":\"https:\/\/acrimat.org.br\/portal\/usda-confirma-caso-atipico-de-doenca-da-vaca-louca\/#primaryimage\"},\"image\":{\"@id\":\"https:\/\/acrimat.org.br\/portal\/usda-confirma-caso-atipico-de-doenca-da-vaca-louca\/#primaryimage\"},\"thumbnailUrl\":\"https:\/\/acrimat.org.br\/portal\/wp-content\/uploads\/2017\/05\/11109.jpg\",\"datePublished\":\"2017-07-20T14:14:14+00:00\",\"breadcrumb\":{\"@id\":\"https:\/\/acrimat.org.br\/portal\/usda-confirma-caso-atipico-de-doenca-da-vaca-louca\/#breadcrumb\"},\"inLanguage\":\"pt-BR\",\"potentialAction\":[{\"@type\":\"ReadAction\",\"target\":[\"https:\/\/acrimat.org.br\/portal\/usda-confirma-caso-atipico-de-doenca-da-vaca-louca\/\"]}]},{\"@type\":\"ImageObject\",\"inLanguage\":\"pt-BR\",\"@id\":\"https:\/\/acrimat.org.br\/portal\/usda-confirma-caso-atipico-de-doenca-da-vaca-louca\/#primaryimage\",\"url\":\"https:\/\/acrimat.org.br\/portal\/wp-content\/uploads\/2017\/05\/11109.jpg\",\"contentUrl\":\"https:\/\/acrimat.org.br\/portal\/wp-content\/uploads\/2017\/05\/11109.jpg\",\"width\":500,\"height\":392},{\"@type\":\"BreadcrumbList\",\"@id\":\"https:\/\/acrimat.org.br\/portal\/usda-confirma-caso-atipico-de-doenca-da-vaca-louca\/#breadcrumb\",\"itemListElement\":[{\"@type\":\"ListItem\",\"position\":1,\"name\":\"In\u00edcio\",\"item\":\"https:\/\/acrimat.org.br\/portal\/\"},{\"@type\":\"ListItem\",\"position\":2,\"name\":\"USDA confirma caso at\u00edpico de doen\u00e7a da vaca louca\"}]},{\"@type\":\"WebSite\",\"@id\":\"https:\/\/acrimat.org.br\/portal\/#website\",\"url\":\"https:\/\/acrimat.org.br\/portal\/\",\"name\":\"Acrimat\",\"description\":\"Associa\u00e7\u00e3o dos Criadores de Mato Grosso\",\"publisher\":{\"@id\":\"https:\/\/acrimat.org.br\/portal\/#organization\"},\"potentialAction\":[{\"@type\":\"SearchAction\",\"target\":{\"@type\":\"EntryPoint\",\"urlTemplate\":\"https:\/\/acrimat.org.br\/portal\/?s={search_term_string}\"},\"query-input\":{\"@type\":\"PropertyValueSpecification\",\"valueRequired\":true,\"valueName\":\"search_term_string\"}}],\"inLanguage\":\"pt-BR\"},{\"@type\":\"Organization\",\"@id\":\"https:\/\/acrimat.org.br\/portal\/#organization\",\"name\":\"Associa\u00e7\u00e3o dos Criadores de Mato Grosso\",\"url\":\"https:\/\/acrimat.org.br\/portal\/\",\"logo\":{\"@type\":\"ImageObject\",\"inLanguage\":\"pt-BR\",\"@id\":\"https:\/\/acrimat.org.br\/portal\/#\/schema\/logo\/image\/\",\"url\":\"https:\/\/acrimat.org.br\/portal\/wp-content\/uploads\/2018\/03\/logo-peq-original.png\",\"contentUrl\":\"https:\/\/acrimat.org.br\/portal\/wp-content\/uploads\/2018\/03\/logo-peq-original.png\",\"width\":174,\"height\":171,\"caption\":\"Associa\u00e7\u00e3o dos Criadores de Mato Grosso\"},\"image\":{\"@id\":\"https:\/\/acrimat.org.br\/portal\/#\/schema\/logo\/image\/\"}},{\"@type\":\"Person\",\"@id\":\"https:\/\/acrimat.org.br\/portal\/#\/schema\/person\/18df8bcf6890e924fe5d8b5afd2bec0f\",\"name\":\"P\u00e9ricles C\u00e2ndido\",\"image\":{\"@type\":\"ImageObject\",\"inLanguage\":\"pt-BR\",\"@id\":\"https:\/\/acrimat.org.br\/portal\/#\/schema\/person\/image\/\",\"url\":\"https:\/\/secure.gravatar.com\/avatar\/33e2a2b971dc363ed2df53d0d3bfbd18?s=96&d=mm&r=g\",\"contentUrl\":\"https:\/\/secure.gravatar.com\/avatar\/33e2a2b971dc363ed2df53d0d3bfbd18?s=96&d=mm&r=g\",\"caption\":\"P\u00e9ricles C\u00e2ndido\"},\"sameAs\":[\"ascom@acrimat.org.br\"],\"url\":\"https:\/\/acrimat.org.br\/portal\/author\/designergrafico\/\"}]}<\/script>\n<!-- \/ Yoast SEO plugin. -->","yoast_head_json":{"title":"USDA confirma caso at\u00edpico de doen\u00e7a da vaca louca - Acrimat","robots":{"index":"index","follow":"follow","max-snippet":"max-snippet:-1","max-image-preview":"max-image-preview:large","max-video-preview":"max-video-preview:-1"},"canonical":"https:\/\/acrimat.org.br\/portal\/usda-confirma-caso-atipico-de-doenca-da-vaca-louca\/","og_locale":"pt_BR","og_type":"article","og_title":"USDA confirma caso at\u00edpico de doen\u00e7a da vaca louca - Acrimat","og_description":"Departamento de Agricultura dos EUA (USDA) anunciou nesta ter\u00e7a-feira, 18, um caso at\u00edpico de Encefalopatia Espongiforme Bovina, conhecida como doen\u00e7a da vaca louca","og_url":"https:\/\/acrimat.org.br\/portal\/usda-confirma-caso-atipico-de-doenca-da-vaca-louca\/","og_site_name":"Acrimat","article_published_time":"2017-07-20T14:14:14+00:00","og_image":[{"width":500,"height":392,"url":"https:\/\/acrimat.org.br\/portal\/wp-content\/uploads\/2017\/05\/11109.jpg","type":"image\/jpeg"}],"author":"P\u00e9ricles C\u00e2ndido","twitter_card":"summary_large_image","twitter_misc":{"Escrito por":"P\u00e9ricles C\u00e2ndido","Est. tempo de leitura":"1 minuto"},"schema":{"@context":"https:\/\/schema.org","@graph":[{"@type":"Article","@id":"https:\/\/acrimat.org.br\/portal\/usda-confirma-caso-atipico-de-doenca-da-vaca-louca\/#article","isPartOf":{"@id":"https:\/\/acrimat.org.br\/portal\/usda-confirma-caso-atipico-de-doenca-da-vaca-louca\/"},"author":{"name":"P\u00e9ricles C\u00e2ndido","@id":"https:\/\/acrimat.org.br\/portal\/#\/schema\/person\/18df8bcf6890e924fe5d8b5afd2bec0f"},"headline":"USDA confirma caso at\u00edpico de doen\u00e7a da vaca louca","datePublished":"2017-07-20T14:14:14+00:00","mainEntityOfPage":{"@id":"https:\/\/acrimat.org.br\/portal\/usda-confirma-caso-atipico-de-doenca-da-vaca-louca\/"},"wordCount":238,"publisher":{"@id":"https:\/\/acrimat.org.br\/portal\/#organization"},"image":{"@id":"https:\/\/acrimat.org.br\/portal\/usda-confirma-caso-atipico-de-doenca-da-vaca-louca\/#primaryimage"},"thumbnailUrl":"https:\/\/acrimat.org.br\/portal\/wp-content\/uploads\/2017\/05\/11109.jpg","articleSection":["Destaques","Not\u00edcias"],"inLanguage":"pt-BR"},{"@type":"WebPage","@id":"https:\/\/acrimat.org.br\/portal\/usda-confirma-caso-atipico-de-doenca-da-vaca-louca\/","url":"https:\/\/acrimat.org.br\/portal\/usda-confirma-caso-atipico-de-doenca-da-vaca-louca\/","name":"USDA confirma caso at\u00edpico de doen\u00e7a da vaca louca - Acrimat","isPartOf":{"@id":"https:\/\/acrimat.org.br\/portal\/#website"},"primaryImageOfPage":{"@id":"https:\/\/acrimat.org.br\/portal\/usda-confirma-caso-atipico-de-doenca-da-vaca-louca\/#primaryimage"},"image":{"@id":"https:\/\/acrimat.org.br\/portal\/usda-confirma-caso-atipico-de-doenca-da-vaca-louca\/#primaryimage"},"thumbnailUrl":"https:\/\/acrimat.org.br\/portal\/wp-content\/uploads\/2017\/05\/11109.jpg","datePublished":"2017-07-20T14:14:14+00:00","breadcrumb":{"@id":"https:\/\/acrimat.org.br\/portal\/usda-confirma-caso-atipico-de-doenca-da-vaca-louca\/#breadcrumb"},"inLanguage":"pt-BR","potentialAction":[{"@type":"ReadAction","target":["https:\/\/acrimat.org.br\/portal\/usda-confirma-caso-atipico-de-doenca-da-vaca-louca\/"]}]},{"@type":"ImageObject","inLanguage":"pt-BR","@id":"https:\/\/acrimat.org.br\/portal\/usda-confirma-caso-atipico-de-doenca-da-vaca-louca\/#primaryimage","url":"https:\/\/acrimat.org.br\/portal\/wp-content\/uploads\/2017\/05\/11109.jpg","contentUrl":"https:\/\/acrimat.org.br\/portal\/wp-content\/uploads\/2017\/05\/11109.jpg","width":500,"height":392},{"@type":"BreadcrumbList","@id":"https:\/\/acrimat.org.br\/portal\/usda-confirma-caso-atipico-de-doenca-da-vaca-louca\/#breadcrumb","itemListElement":[{"@type":"ListItem","position":1,"name":"In\u00edcio","item":"https:\/\/acrimat.org.br\/portal\/"},{"@type":"ListItem","position":2,"name":"USDA confirma caso at\u00edpico de doen\u00e7a da vaca louca"}]},{"@type":"WebSite","@id":"https:\/\/acrimat.org.br\/portal\/#website","url":"https:\/\/acrimat.org.br\/portal\/","name":"Acrimat","description":"Associa\u00e7\u00e3o dos Criadores de Mato Grosso","publisher":{"@id":"https:\/\/acrimat.org.br\/portal\/#organization"},"potentialAction":[{"@type":"SearchAction","target":{"@type":"EntryPoint","urlTemplate":"https:\/\/acrimat.org.br\/portal\/?s={search_term_string}"},"query-input":{"@type":"PropertyValueSpecification","valueRequired":true,"valueName":"search_term_string"}}],"inLanguage":"pt-BR"},{"@type":"Organization","@id":"https:\/\/acrimat.org.br\/portal\/#organization","name":"Associa\u00e7\u00e3o dos Criadores de Mato Grosso","url":"https:\/\/acrimat.org.br\/portal\/","logo":{"@type":"ImageObject","inLanguage":"pt-BR","@id":"https:\/\/acrimat.org.br\/portal\/#\/schema\/logo\/image\/","url":"https:\/\/acrimat.org.br\/portal\/wp-content\/uploads\/2018\/03\/logo-peq-original.png","contentUrl":"https:\/\/acrimat.org.br\/portal\/wp-content\/uploads\/2018\/03\/logo-peq-original.png","width":174,"height":171,"caption":"Associa\u00e7\u00e3o dos Criadores de Mato Grosso"},"image":{"@id":"https:\/\/acrimat.org.br\/portal\/#\/schema\/logo\/image\/"}},{"@type":"Person","@id":"https:\/\/acrimat.org.br\/portal\/#\/schema\/person\/18df8bcf6890e924fe5d8b5afd2bec0f","name":"P\u00e9ricles C\u00e2ndido","image":{"@type":"ImageObject","inLanguage":"pt-BR","@id":"https:\/\/acrimat.org.br\/portal\/#\/schema\/person\/image\/","url":"https:\/\/secure.gravatar.com\/avatar\/33e2a2b971dc363ed2df53d0d3bfbd18?s=96&d=mm&r=g","contentUrl":"https:\/\/secure.gravatar.com\/avatar\/33e2a2b971dc363ed2df53d0d3bfbd18?s=96&d=mm&r=g","caption":"P\u00e9ricles C\u00e2ndido"},"sameAs":["ascom@acrimat.org.br"],"url":"https:\/\/acrimat.org.br\/portal\/author\/designergrafico\/"}]}},"_links":{"self":[{"href":"https:\/\/acrimat.org.br\/portal\/wp-json\/wp\/v2\/posts\/97982774","targetHints":{"allow":["GET"]}}],"collection":[{"href":"https:\/\/acrimat.org.br\/portal\/wp-json\/wp\/v2\/posts"}],"about":[{"href":"https:\/\/acrimat.org.br\/portal\/wp-json\/wp\/v2\/types\/post"}],"author":[{"embeddable":true,"href":"https:\/\/acrimat.org.br\/portal\/wp-json\/wp\/v2\/users\/11"}],"replies":[{"embeddable":true,"href":"https:\/\/acrimat.org.br\/portal\/wp-json\/wp\/v2\/comments?post=97982774"}],"version-history":[{"count":1,"href":"https:\/\/acrimat.org.br\/portal\/wp-json\/wp\/v2\/posts\/97982774\/revisions"}],"predecessor-version":[{"id":97982775,"href":"https:\/\/acrimat.org.br\/portal\/wp-json\/wp\/v2\/posts\/97982774\/revisions\/97982775"}],"wp:featuredmedia":[{"embeddable":true,"href":"https:\/\/acrimat.org.br\/portal\/wp-json\/wp\/v2\/media\/97981782"}],"wp:attachment":[{"href":"https:\/\/acrimat.org.br\/portal\/wp-json\/wp\/v2\/media?parent=97982774"}],"wp:term":[{"taxonomy":"category","embeddable":true,"href":"https:\/\/acrimat.org.br\/portal\/wp-json\/wp\/v2\/categories?post=97982774"},{"taxonomy":"post_tag","embeddable":true,"href":"https:\/\/acrimat.org.br\/portal\/wp-json\/wp\/v2\/tags?post=97982774"}],"curies":[{"name":"wp","href":"https:\/\/api.w.org\/{rel}","templated":true}]}}