{"id":97982783,"date":"2017-07-21T10:34:12","date_gmt":"2017-07-21T13:34:12","guid":{"rendered":"http:\/\/acrimat.org.br\/portal\/?p=97982783"},"modified":"2017-07-21T10:34:12","modified_gmt":"2017-07-21T13:34:12","slug":"sindicato-repudia-contratacao-de-veterinarios-temporarios-e-confirma-protesto","status":"publish","type":"post","link":"https:\/\/acrimat.org.br\/portal\/sindicato-repudia-contratacao-de-veterinarios-temporarios-e-confirma-protesto\/","title":{"rendered":"Sindicato repudia contrata\u00e7\u00e3o de veterin\u00e1rios tempor\u00e1rios e confirma protesto"},"content":{"rendered":"<p>O Sindicato Nacional dos Auditores Fiscais Federais Agropecu\u00e1rios (Anffa Sindical) criticou a decis\u00e3o do governo de contratar em car\u00e1ter tempor\u00e1rio m\u00e9dicos veterin\u00e1rios para as atividades de fiscaliza\u00e7\u00e3o agropecu\u00e1ria e confirmou uma mobiliza\u00e7\u00e3o de 48 horas, entre 24 e 25 de julho, em protesto contra a medida.<\/p>\n<p>Em nota nesta quinta-feira (20), a entidade afirmou que a contrata\u00e7\u00e3o tempor\u00e1ria &#8220;\u00e9 mais um paliativo e n\u00e3o soluciona os problemas pelos quais vem passando a fiscaliza\u00e7\u00e3o agropecu\u00e1ria&#8221;.<\/p>\n<p>A cr\u00edtica do Anffa Sindical ocorre um dia depois de uma portaria conjunta dos minist\u00e9rios do Planejamento e da Agricultura autorizar a contrata\u00e7\u00e3o tempor\u00e1ria de 300 m\u00e9dicos veterin\u00e1rios para auxiliar na inspe\u00e7\u00e3o de produ\u00e7\u00e3o de carnes.<\/p>\n<p>A contrata\u00e7\u00e3o foi autorizada ap\u00f3s os EUA suspenderem a compra de carne in natura do Brasil, alegando problemas sanit\u00e1rios, em meio a consequ\u00eancias de uma investiga\u00e7\u00e3o, a Opera\u00e7\u00e3o Carne Fraca, que exp\u00f4s problemas na fiscaliza\u00e7\u00e3o em frigor\u00edficos do pa\u00eds.<\/p>\n<p>&#8220;Diversos pa\u00edses importadores exigem que a fiscaliza\u00e7\u00e3o seja feita por inspetores dos servi\u00e7os oficiais. Assim, o consumidor nos pa\u00edses importadores ter\u00e1 um produto inspecionado por servidores, e o brasileiro consumir\u00e1 um produto submetido a outro modelo, rejeitado nos EUA e nos pa\u00edses que comp\u00f5em a UE.&#8221;, afirmou o sindicato dos fiscais.<\/p>\n<p>O Anffa Sindical tamb\u00e9m disse que o n\u00famero de contrata\u00e7\u00f5es \u00e9 insuficiente e que a categoria necessitaria de pelo menos 1.600 profissionais.<\/p>\n<p>No \u00faltimo dia 17, o Anffa Sindical j\u00e1 realizou uma mobiliza\u00e7\u00e3o em rela\u00e7\u00e3o ao tema, recomendando que nenhum auditor acessasse os sistemas do Minist\u00e9rio da Agricultura relacionados a exporta\u00e7\u00f5es ou importa\u00e7\u00f5es. N\u00e3o houve grande impacto nas opera\u00e7\u00f5es.<\/p>\n","protected":false},"excerpt":{"rendered":"<p>Em nota nesta quinta-feira (20), a entidade afirmou que a contrata\u00e7\u00e3o tempor\u00e1ria &#8220;\u00e9 mais um paliativo e n\u00e3o soluciona os problemas pelos quais vem passando a fiscaliza\u00e7\u00e3o agropecu\u00e1ria&#8221;<\/p>\n","protected":false},"author":11,"featured_media":0,"comment_status":"closed","ping_status":"closed","sticky":false,"template":"","format":"standard","meta":{"footnotes":""},"categories":[6,1],"tags":[],"class_list":["post-97982783","post","type-post","status-publish","format-standard","hentry","category-destaque","category-noticia"],"yoast_head":"<!-- This site is optimized with the Yoast SEO plugin v24.8.1 - https:\/\/yoast.com\/wordpress\/plugins\/seo\/ -->\n<title>Sindicato repudia contrata\u00e7\u00e3o de veterin\u00e1rios tempor\u00e1rios e confirma protesto - Acrimat<\/title>\n<meta name=\"robots\" content=\"index, follow, max-snippet:-1, max-image-preview:large, max-video-preview:-1\" \/>\n<link rel=\"canonical\" href=\"https:\/\/acrimat.org.br\/portal\/sindicato-repudia-contratacao-de-veterinarios-temporarios-e-confirma-protesto\/\" \/>\n<meta property=\"og:locale\" content=\"pt_BR\" \/>\n<meta property=\"og:type\" content=\"article\" \/>\n<meta property=\"og:title\" content=\"Sindicato repudia contrata\u00e7\u00e3o de veterin\u00e1rios tempor\u00e1rios e confirma protesto - Acrimat\" \/>\n<meta property=\"og:description\" content=\"Em nota nesta quinta-feira (20), a entidade afirmou que a contrata\u00e7\u00e3o tempor\u00e1ria &quot;\u00e9 mais um paliativo e n\u00e3o soluciona os problemas pelos quais vem passando a fiscaliza\u00e7\u00e3o agropecu\u00e1ria&quot;\" \/>\n<meta property=\"og:url\" content=\"https:\/\/acrimat.org.br\/portal\/sindicato-repudia-contratacao-de-veterinarios-temporarios-e-confirma-protesto\/\" \/>\n<meta property=\"og:site_name\" content=\"Acrimat\" \/>\n<meta property=\"article:published_time\" content=\"2017-07-21T13:34:12+00:00\" \/>\n<meta name=\"author\" content=\"P\u00e9ricles C\u00e2ndido\" \/>\n<meta name=\"twitter:card\" content=\"summary_large_image\" \/>\n<meta name=\"twitter:label1\" content=\"Escrito por\" \/>\n\t<meta name=\"twitter:data1\" content=\"P\u00e9ricles C\u00e2ndido\" \/>\n\t<meta name=\"twitter:label2\" content=\"Est. tempo de leitura\" \/>\n\t<meta name=\"twitter:data2\" content=\"1 minuto\" \/>\n<script type=\"application\/ld+json\" class=\"yoast-schema-graph\">{\"@context\":\"https:\/\/schema.org\",\"@graph\":[{\"@type\":\"Article\",\"@id\":\"https:\/\/acrimat.org.br\/portal\/sindicato-repudia-contratacao-de-veterinarios-temporarios-e-confirma-protesto\/#article\",\"isPartOf\":{\"@id\":\"https:\/\/acrimat.org.br\/portal\/sindicato-repudia-contratacao-de-veterinarios-temporarios-e-confirma-protesto\/\"},\"author\":{\"name\":\"P\u00e9ricles C\u00e2ndido\",\"@id\":\"https:\/\/acrimat.org.br\/portal\/#\/schema\/person\/18df8bcf6890e924fe5d8b5afd2bec0f\"},\"headline\":\"Sindicato repudia contrata\u00e7\u00e3o de veterin\u00e1rios tempor\u00e1rios e confirma protesto\",\"datePublished\":\"2017-07-21T13:34:12+00:00\",\"mainEntityOfPage\":{\"@id\":\"https:\/\/acrimat.org.br\/portal\/sindicato-repudia-contratacao-de-veterinarios-temporarios-e-confirma-protesto\/\"},\"wordCount\":310,\"publisher\":{\"@id\":\"https:\/\/acrimat.org.br\/portal\/#organization\"},\"articleSection\":[\"Destaques\",\"Not\u00edcias\"],\"inLanguage\":\"pt-BR\"},{\"@type\":\"WebPage\",\"@id\":\"https:\/\/acrimat.org.br\/portal\/sindicato-repudia-contratacao-de-veterinarios-temporarios-e-confirma-protesto\/\",\"url\":\"https:\/\/acrimat.org.br\/portal\/sindicato-repudia-contratacao-de-veterinarios-temporarios-e-confirma-protesto\/\",\"name\":\"Sindicato repudia contrata\u00e7\u00e3o de veterin\u00e1rios tempor\u00e1rios e confirma protesto - Acrimat\",\"isPartOf\":{\"@id\":\"https:\/\/acrimat.org.br\/portal\/#website\"},\"datePublished\":\"2017-07-21T13:34:12+00:00\",\"breadcrumb\":{\"@id\":\"https:\/\/acrimat.org.br\/portal\/sindicato-repudia-contratacao-de-veterinarios-temporarios-e-confirma-protesto\/#breadcrumb\"},\"inLanguage\":\"pt-BR\",\"potentialAction\":[{\"@type\":\"ReadAction\",\"target\":[\"https:\/\/acrimat.org.br\/portal\/sindicato-repudia-contratacao-de-veterinarios-temporarios-e-confirma-protesto\/\"]}]},{\"@type\":\"BreadcrumbList\",\"@id\":\"https:\/\/acrimat.org.br\/portal\/sindicato-repudia-contratacao-de-veterinarios-temporarios-e-confirma-protesto\/#breadcrumb\",\"itemListElement\":[{\"@type\":\"ListItem\",\"position\":1,\"name\":\"In\u00edcio\",\"item\":\"https:\/\/acrimat.org.br\/portal\/\"},{\"@type\":\"ListItem\",\"position\":2,\"name\":\"Sindicato repudia contrata\u00e7\u00e3o de veterin\u00e1rios tempor\u00e1rios e confirma protesto\"}]},{\"@type\":\"WebSite\",\"@id\":\"https:\/\/acrimat.org.br\/portal\/#website\",\"url\":\"https:\/\/acrimat.org.br\/portal\/\",\"name\":\"Acrimat\",\"description\":\"Associa\u00e7\u00e3o dos Criadores de Mato Grosso\",\"publisher\":{\"@id\":\"https:\/\/acrimat.org.br\/portal\/#organization\"},\"potentialAction\":[{\"@type\":\"SearchAction\",\"target\":{\"@type\":\"EntryPoint\",\"urlTemplate\":\"https:\/\/acrimat.org.br\/portal\/?s={search_term_string}\"},\"query-input\":{\"@type\":\"PropertyValueSpecification\",\"valueRequired\":true,\"valueName\":\"search_term_string\"}}],\"inLanguage\":\"pt-BR\"},{\"@type\":\"Organization\",\"@id\":\"https:\/\/acrimat.org.br\/portal\/#organization\",\"name\":\"Associa\u00e7\u00e3o dos Criadores de Mato Grosso\",\"url\":\"https:\/\/acrimat.org.br\/portal\/\",\"logo\":{\"@type\":\"ImageObject\",\"inLanguage\":\"pt-BR\",\"@id\":\"https:\/\/acrimat.org.br\/portal\/#\/schema\/logo\/image\/\",\"url\":\"https:\/\/acrimat.org.br\/portal\/wp-content\/uploads\/2018\/03\/logo-peq-original.png\",\"contentUrl\":\"https:\/\/acrimat.org.br\/portal\/wp-content\/uploads\/2018\/03\/logo-peq-original.png\",\"width\":174,\"height\":171,\"caption\":\"Associa\u00e7\u00e3o dos Criadores de Mato Grosso\"},\"image\":{\"@id\":\"https:\/\/acrimat.org.br\/portal\/#\/schema\/logo\/image\/\"}},{\"@type\":\"Person\",\"@id\":\"https:\/\/acrimat.org.br\/portal\/#\/schema\/person\/18df8bcf6890e924fe5d8b5afd2bec0f\",\"name\":\"P\u00e9ricles C\u00e2ndido\",\"image\":{\"@type\":\"ImageObject\",\"inLanguage\":\"pt-BR\",\"@id\":\"https:\/\/acrimat.org.br\/portal\/#\/schema\/person\/image\/\",\"url\":\"https:\/\/secure.gravatar.com\/avatar\/33e2a2b971dc363ed2df53d0d3bfbd18?s=96&d=mm&r=g\",\"contentUrl\":\"https:\/\/secure.gravatar.com\/avatar\/33e2a2b971dc363ed2df53d0d3bfbd18?s=96&d=mm&r=g\",\"caption\":\"P\u00e9ricles C\u00e2ndido\"},\"sameAs\":[\"ascom@acrimat.org.br\"],\"url\":\"https:\/\/acrimat.org.br\/portal\/author\/designergrafico\/\"}]}<\/script>\n<!-- \/ Yoast SEO plugin. -->","yoast_head_json":{"title":"Sindicato repudia contrata\u00e7\u00e3o de veterin\u00e1rios tempor\u00e1rios e confirma protesto - Acrimat","robots":{"index":"index","follow":"follow","max-snippet":"max-snippet:-1","max-image-preview":"max-image-preview:large","max-video-preview":"max-video-preview:-1"},"canonical":"https:\/\/acrimat.org.br\/portal\/sindicato-repudia-contratacao-de-veterinarios-temporarios-e-confirma-protesto\/","og_locale":"pt_BR","og_type":"article","og_title":"Sindicato repudia contrata\u00e7\u00e3o de veterin\u00e1rios tempor\u00e1rios e confirma protesto - Acrimat","og_description":"Em nota nesta quinta-feira (20), a entidade afirmou que a contrata\u00e7\u00e3o tempor\u00e1ria \"\u00e9 mais um paliativo e n\u00e3o soluciona os problemas pelos quais vem passando a fiscaliza\u00e7\u00e3o agropecu\u00e1ria\"","og_url":"https:\/\/acrimat.org.br\/portal\/sindicato-repudia-contratacao-de-veterinarios-temporarios-e-confirma-protesto\/","og_site_name":"Acrimat","article_published_time":"2017-07-21T13:34:12+00:00","author":"P\u00e9ricles C\u00e2ndido","twitter_card":"summary_large_image","twitter_misc":{"Escrito por":"P\u00e9ricles C\u00e2ndido","Est. tempo de leitura":"1 minuto"},"schema":{"@context":"https:\/\/schema.org","@graph":[{"@type":"Article","@id":"https:\/\/acrimat.org.br\/portal\/sindicato-repudia-contratacao-de-veterinarios-temporarios-e-confirma-protesto\/#article","isPartOf":{"@id":"https:\/\/acrimat.org.br\/portal\/sindicato-repudia-contratacao-de-veterinarios-temporarios-e-confirma-protesto\/"},"author":{"name":"P\u00e9ricles C\u00e2ndido","@id":"https:\/\/acrimat.org.br\/portal\/#\/schema\/person\/18df8bcf6890e924fe5d8b5afd2bec0f"},"headline":"Sindicato repudia contrata\u00e7\u00e3o de veterin\u00e1rios tempor\u00e1rios e confirma protesto","datePublished":"2017-07-21T13:34:12+00:00","mainEntityOfPage":{"@id":"https:\/\/acrimat.org.br\/portal\/sindicato-repudia-contratacao-de-veterinarios-temporarios-e-confirma-protesto\/"},"wordCount":310,"publisher":{"@id":"https:\/\/acrimat.org.br\/portal\/#organization"},"articleSection":["Destaques","Not\u00edcias"],"inLanguage":"pt-BR"},{"@type":"WebPage","@id":"https:\/\/acrimat.org.br\/portal\/sindicato-repudia-contratacao-de-veterinarios-temporarios-e-confirma-protesto\/","url":"https:\/\/acrimat.org.br\/portal\/sindicato-repudia-contratacao-de-veterinarios-temporarios-e-confirma-protesto\/","name":"Sindicato repudia contrata\u00e7\u00e3o de veterin\u00e1rios tempor\u00e1rios e confirma protesto - Acrimat","isPartOf":{"@id":"https:\/\/acrimat.org.br\/portal\/#website"},"datePublished":"2017-07-21T13:34:12+00:00","breadcrumb":{"@id":"https:\/\/acrimat.org.br\/portal\/sindicato-repudia-contratacao-de-veterinarios-temporarios-e-confirma-protesto\/#breadcrumb"},"inLanguage":"pt-BR","potentialAction":[{"@type":"ReadAction","target":["https:\/\/acrimat.org.br\/portal\/sindicato-repudia-contratacao-de-veterinarios-temporarios-e-confirma-protesto\/"]}]},{"@type":"BreadcrumbList","@id":"https:\/\/acrimat.org.br\/portal\/sindicato-repudia-contratacao-de-veterinarios-temporarios-e-confirma-protesto\/#breadcrumb","itemListElement":[{"@type":"ListItem","position":1,"name":"In\u00edcio","item":"https:\/\/acrimat.org.br\/portal\/"},{"@type":"ListItem","position":2,"name":"Sindicato repudia contrata\u00e7\u00e3o de veterin\u00e1rios tempor\u00e1rios e confirma protesto"}]},{"@type":"WebSite","@id":"https:\/\/acrimat.org.br\/portal\/#website","url":"https:\/\/acrimat.org.br\/portal\/","name":"Acrimat","description":"Associa\u00e7\u00e3o dos Criadores de Mato Grosso","publisher":{"@id":"https:\/\/acrimat.org.br\/portal\/#organization"},"potentialAction":[{"@type":"SearchAction","target":{"@type":"EntryPoint","urlTemplate":"https:\/\/acrimat.org.br\/portal\/?s={search_term_string}"},"query-input":{"@type":"PropertyValueSpecification","valueRequired":true,"valueName":"search_term_string"}}],"inLanguage":"pt-BR"},{"@type":"Organization","@id":"https:\/\/acrimat.org.br\/portal\/#organization","name":"Associa\u00e7\u00e3o dos Criadores de Mato Grosso","url":"https:\/\/acrimat.org.br\/portal\/","logo":{"@type":"ImageObject","inLanguage":"pt-BR","@id":"https:\/\/acrimat.org.br\/portal\/#\/schema\/logo\/image\/","url":"https:\/\/acrimat.org.br\/portal\/wp-content\/uploads\/2018\/03\/logo-peq-original.png","contentUrl":"https:\/\/acrimat.org.br\/portal\/wp-content\/uploads\/2018\/03\/logo-peq-original.png","width":174,"height":171,"caption":"Associa\u00e7\u00e3o dos Criadores de Mato Grosso"},"image":{"@id":"https:\/\/acrimat.org.br\/portal\/#\/schema\/logo\/image\/"}},{"@type":"Person","@id":"https:\/\/acrimat.org.br\/portal\/#\/schema\/person\/18df8bcf6890e924fe5d8b5afd2bec0f","name":"P\u00e9ricles C\u00e2ndido","image":{"@type":"ImageObject","inLanguage":"pt-BR","@id":"https:\/\/acrimat.org.br\/portal\/#\/schema\/person\/image\/","url":"https:\/\/secure.gravatar.com\/avatar\/33e2a2b971dc363ed2df53d0d3bfbd18?s=96&d=mm&r=g","contentUrl":"https:\/\/secure.gravatar.com\/avatar\/33e2a2b971dc363ed2df53d0d3bfbd18?s=96&d=mm&r=g","caption":"P\u00e9ricles C\u00e2ndido"},"sameAs":["ascom@acrimat.org.br"],"url":"https:\/\/acrimat.org.br\/portal\/author\/designergrafico\/"}]}},"_links":{"self":[{"href":"https:\/\/acrimat.org.br\/portal\/wp-json\/wp\/v2\/posts\/97982783","targetHints":{"allow":["GET"]}}],"collection":[{"href":"https:\/\/acrimat.org.br\/portal\/wp-json\/wp\/v2\/posts"}],"about":[{"href":"https:\/\/acrimat.org.br\/portal\/wp-json\/wp\/v2\/types\/post"}],"author":[{"embeddable":true,"href":"https:\/\/acrimat.org.br\/portal\/wp-json\/wp\/v2\/users\/11"}],"replies":[{"embeddable":true,"href":"https:\/\/acrimat.org.br\/portal\/wp-json\/wp\/v2\/comments?post=97982783"}],"version-history":[{"count":1,"href":"https:\/\/acrimat.org.br\/portal\/wp-json\/wp\/v2\/posts\/97982783\/revisions"}],"predecessor-version":[{"id":97982784,"href":"https:\/\/acrimat.org.br\/portal\/wp-json\/wp\/v2\/posts\/97982783\/revisions\/97982784"}],"wp:attachment":[{"href":"https:\/\/acrimat.org.br\/portal\/wp-json\/wp\/v2\/media?parent=97982783"}],"wp:term":[{"taxonomy":"category","embeddable":true,"href":"https:\/\/acrimat.org.br\/portal\/wp-json\/wp\/v2\/categories?post=97982783"},{"taxonomy":"post_tag","embeddable":true,"href":"https:\/\/acrimat.org.br\/portal\/wp-json\/wp\/v2\/tags?post=97982783"}],"curies":[{"name":"wp","href":"https:\/\/api.w.org\/{rel}","templated":true}]}}