{"id":97982848,"date":"2017-07-26T13:03:46","date_gmt":"2017-07-26T16:03:46","guid":{"rendered":"http:\/\/acrimat.org.br\/portal\/?p=97982848"},"modified":"2017-07-26T13:03:46","modified_gmt":"2017-07-26T16:03:46","slug":"preco-da-arroba-em-mt-e-o-menor-desde-2014","status":"publish","type":"post","link":"https:\/\/acrimat.org.br\/portal\/preco-da-arroba-em-mt-e-o-menor-desde-2014\/","title":{"rendered":"Pre\u00e7o da arroba em MT \u00e9 o menor desde 2014"},"content":{"rendered":"<p>O mercado f\u00edsico de boi gordo em Mato Grosso segue em queda, mostra o \u00faltimo boletim do Instituto Mato-Grossense de Economia Agropecu\u00e1ria (Imea). No dia 19 de julho, a arroba ficou cotada a R$ 114,14 no Estado, o menor valor desde setembro de 2014. Na semana, o pre\u00e7o m\u00e9dio fechou em R$ 114,70, recuo de 1,08%. \u201cApesar da desvaloriza\u00e7\u00e3o na arroba, a expectativa \u00e9 de um segundo semestre mais otimista, uma vez que houve redu\u00e7\u00e3o tempor\u00e1ria da al\u00edquota de ICMS em Mato Grosso para abate em outros Estados e a BM&amp;F\/Bovespa j\u00e1 opera com alta nas cota\u00e7\u00f5es futuras do boi gordo\u201d, coloca o relat\u00f3rio.<\/p>\n<p>J\u00e1 a carca\u00e7a casada do boi no atacado ficou em R$ 8,72 at\u00e9 a terceira semana do m\u00eas, menor cota\u00e7\u00e3o mensal desde janeiro de 2015. \u201cA retomada das exporta\u00e7\u00f5es aos n\u00edveis pr\u00e9 Carne Fraca e a diminui\u00e7\u00e3o do n\u00famero de desempregados no Brasil no 1\u00ba semestre de 2017 parecem ainda n\u00e3o ser o suficiente para estimular a demanda pela prote\u00edna bovina\u201d, diz o instituto em relat\u00f3rio. A rela\u00e7\u00e3o de troca boi\/bezerro tamb\u00e9m teve queda, fechando a semana em 1,8 cab\/cab.<\/p>\n<p>Com o recuo mais intenso dos valores do boi gordo em Mato Grosso, o diferencial de base SP-MT caiu pela segunda semana consecutiva, encerrando o per\u00edodo com m\u00e9dia de -9,85%.<\/p>\n<p><strong>Melhor \u00e9poca &#8211;<\/strong> Encontrar o melhor momento do ano para vender o gado \u00e9 um dos focos de todos os pecuaristas, mas, segundo o Imea, isso tem ficado mais dif\u00edcil. Na m\u00e9dia hist\u00f3rica, o m\u00eas com melhor pre\u00e7o \u00e9 novembro e em fevereiro encontra-se a pior cota\u00e7\u00e3o. Essa din\u00e2mica ocorre pela oferta e de animais aptos para o abate, que costuma ser maior no primeiro trimestre e menor no \u00faltimo, devido \u00e0s condi\u00e7\u00f5es das pastagens. \u201cNo entanto, esta ordena\u00e7\u00e3o dos pre\u00e7os tem se alterado nos \u00faltimos anos. Al\u00e9m de a diferen\u00e7a entre o pre\u00e7o m\u00e1ximo e m\u00ednimo ter reduzido, de 5,60% para 4,16%, os piores pre\u00e7os do boi gordo t\u00eam sido encontrados no m\u00eas de agosto, fato que pode ser atribu\u00eddo, dentre outras coisas, \u00e0 maior utiliza\u00e7\u00e3o de pr\u00e1ticas de suplementa\u00e7\u00e3o animal\u201d.<\/p>\n<p><a href=\"http:\/\/acrimat.org.br\/portal\/wp-content\/uploads\/2017\/07\/11765.jpg\"><img fetchpriority=\"high\" decoding=\"async\" class=\"aligncenter wp-image-97982850\" src=\"http:\/\/acrimat.org.br\/portal\/wp-content\/uploads\/2017\/07\/11765.jpg\" alt=\"\" width=\"400\" height=\"363\" srcset=\"https:\/\/acrimat.org.br\/portal\/wp-content\/uploads\/2017\/07\/11765.jpg 350w, https:\/\/acrimat.org.br\/portal\/wp-content\/uploads\/2017\/07\/11765-300x273.jpg 300w, https:\/\/acrimat.org.br\/portal\/wp-content\/uploads\/2017\/07\/11765-250x227.jpg 250w, https:\/\/acrimat.org.br\/portal\/wp-content\/uploads\/2017\/07\/11765-198x180.jpg 198w, https:\/\/acrimat.org.br\/portal\/wp-content\/uploads\/2017\/07\/11765-330x300.jpg 330w\" sizes=\"(max-width: 400px) 100vw, 400px\" \/><\/a><\/p>\n","protected":false},"excerpt":{"rendered":"<p>No dia 19, cota\u00e7\u00e3o chegou a R$ 114,14, menor valor desde set\/2014; expectativa \u00e9 de 2\u00ba semestre melhor<\/p>\n","protected":false},"author":11,"featured_media":97982849,"comment_status":"closed","ping_status":"closed","sticky":false,"template":"","format":"standard","meta":{"footnotes":""},"categories":[6,1],"tags":[],"class_list":["post-97982848","post","type-post","status-publish","format-standard","has-post-thumbnail","hentry","category-destaque","category-noticia"],"yoast_head":"<!-- This site is optimized with the Yoast SEO plugin v24.8.1 - https:\/\/yoast.com\/wordpress\/plugins\/seo\/ -->\n<title>Pre\u00e7o da arroba em MT \u00e9 o menor desde 2014 - Acrimat<\/title>\n<meta name=\"robots\" content=\"index, follow, max-snippet:-1, max-image-preview:large, max-video-preview:-1\" \/>\n<link rel=\"canonical\" href=\"https:\/\/acrimat.org.br\/portal\/preco-da-arroba-em-mt-e-o-menor-desde-2014\/\" \/>\n<meta property=\"og:locale\" content=\"pt_BR\" \/>\n<meta property=\"og:type\" content=\"article\" \/>\n<meta property=\"og:title\" content=\"Pre\u00e7o da arroba em MT \u00e9 o menor desde 2014 - Acrimat\" \/>\n<meta property=\"og:description\" content=\"No dia 19, cota\u00e7\u00e3o chegou a R$ 114,14, menor valor desde set\/2014; expectativa \u00e9 de 2\u00ba semestre melhor\" \/>\n<meta property=\"og:url\" content=\"https:\/\/acrimat.org.br\/portal\/preco-da-arroba-em-mt-e-o-menor-desde-2014\/\" \/>\n<meta property=\"og:site_name\" content=\"Acrimat\" \/>\n<meta property=\"article:published_time\" content=\"2017-07-26T16:03:46+00:00\" \/>\n<meta property=\"og:image\" content=\"https:\/\/acrimat.org.br\/portal\/wp-content\/uploads\/2017\/07\/9494.jpg\" \/>\n\t<meta property=\"og:image:width\" content=\"350\" \/>\n\t<meta property=\"og:image:height\" content=\"300\" \/>\n\t<meta property=\"og:image:type\" content=\"image\/jpeg\" \/>\n<meta name=\"author\" content=\"P\u00e9ricles C\u00e2ndido\" \/>\n<meta name=\"twitter:card\" content=\"summary_large_image\" \/>\n<meta name=\"twitter:label1\" content=\"Escrito por\" \/>\n\t<meta name=\"twitter:data1\" content=\"P\u00e9ricles C\u00e2ndido\" \/>\n\t<meta name=\"twitter:label2\" content=\"Est. tempo de leitura\" \/>\n\t<meta name=\"twitter:data2\" content=\"2 minutos\" \/>\n<script type=\"application\/ld+json\" class=\"yoast-schema-graph\">{\"@context\":\"https:\/\/schema.org\",\"@graph\":[{\"@type\":\"Article\",\"@id\":\"https:\/\/acrimat.org.br\/portal\/preco-da-arroba-em-mt-e-o-menor-desde-2014\/#article\",\"isPartOf\":{\"@id\":\"https:\/\/acrimat.org.br\/portal\/preco-da-arroba-em-mt-e-o-menor-desde-2014\/\"},\"author\":{\"name\":\"P\u00e9ricles C\u00e2ndido\",\"@id\":\"https:\/\/acrimat.org.br\/portal\/#\/schema\/person\/18df8bcf6890e924fe5d8b5afd2bec0f\"},\"headline\":\"Pre\u00e7o da arroba em MT \u00e9 o menor desde 2014\",\"datePublished\":\"2017-07-26T16:03:46+00:00\",\"mainEntityOfPage\":{\"@id\":\"https:\/\/acrimat.org.br\/portal\/preco-da-arroba-em-mt-e-o-menor-desde-2014\/\"},\"wordCount\":390,\"publisher\":{\"@id\":\"https:\/\/acrimat.org.br\/portal\/#organization\"},\"image\":{\"@id\":\"https:\/\/acrimat.org.br\/portal\/preco-da-arroba-em-mt-e-o-menor-desde-2014\/#primaryimage\"},\"thumbnailUrl\":\"https:\/\/acrimat.org.br\/portal\/wp-content\/uploads\/2017\/07\/9494.jpg\",\"articleSection\":[\"Destaques\",\"Not\u00edcias\"],\"inLanguage\":\"pt-BR\"},{\"@type\":\"WebPage\",\"@id\":\"https:\/\/acrimat.org.br\/portal\/preco-da-arroba-em-mt-e-o-menor-desde-2014\/\",\"url\":\"https:\/\/acrimat.org.br\/portal\/preco-da-arroba-em-mt-e-o-menor-desde-2014\/\",\"name\":\"Pre\u00e7o da arroba em MT \u00e9 o menor desde 2014 - Acrimat\",\"isPartOf\":{\"@id\":\"https:\/\/acrimat.org.br\/portal\/#website\"},\"primaryImageOfPage\":{\"@id\":\"https:\/\/acrimat.org.br\/portal\/preco-da-arroba-em-mt-e-o-menor-desde-2014\/#primaryimage\"},\"image\":{\"@id\":\"https:\/\/acrimat.org.br\/portal\/preco-da-arroba-em-mt-e-o-menor-desde-2014\/#primaryimage\"},\"thumbnailUrl\":\"https:\/\/acrimat.org.br\/portal\/wp-content\/uploads\/2017\/07\/9494.jpg\",\"datePublished\":\"2017-07-26T16:03:46+00:00\",\"breadcrumb\":{\"@id\":\"https:\/\/acrimat.org.br\/portal\/preco-da-arroba-em-mt-e-o-menor-desde-2014\/#breadcrumb\"},\"inLanguage\":\"pt-BR\",\"potentialAction\":[{\"@type\":\"ReadAction\",\"target\":[\"https:\/\/acrimat.org.br\/portal\/preco-da-arroba-em-mt-e-o-menor-desde-2014\/\"]}]},{\"@type\":\"ImageObject\",\"inLanguage\":\"pt-BR\",\"@id\":\"https:\/\/acrimat.org.br\/portal\/preco-da-arroba-em-mt-e-o-menor-desde-2014\/#primaryimage\",\"url\":\"https:\/\/acrimat.org.br\/portal\/wp-content\/uploads\/2017\/07\/9494.jpg\",\"contentUrl\":\"https:\/\/acrimat.org.br\/portal\/wp-content\/uploads\/2017\/07\/9494.jpg\",\"width\":350,\"height\":300},{\"@type\":\"BreadcrumbList\",\"@id\":\"https:\/\/acrimat.org.br\/portal\/preco-da-arroba-em-mt-e-o-menor-desde-2014\/#breadcrumb\",\"itemListElement\":[{\"@type\":\"ListItem\",\"position\":1,\"name\":\"In\u00edcio\",\"item\":\"https:\/\/acrimat.org.br\/portal\/\"},{\"@type\":\"ListItem\",\"position\":2,\"name\":\"Pre\u00e7o da arroba em MT \u00e9 o menor desde 2014\"}]},{\"@type\":\"WebSite\",\"@id\":\"https:\/\/acrimat.org.br\/portal\/#website\",\"url\":\"https:\/\/acrimat.org.br\/portal\/\",\"name\":\"Acrimat\",\"description\":\"Associa\u00e7\u00e3o dos Criadores de Mato Grosso\",\"publisher\":{\"@id\":\"https:\/\/acrimat.org.br\/portal\/#organization\"},\"potentialAction\":[{\"@type\":\"SearchAction\",\"target\":{\"@type\":\"EntryPoint\",\"urlTemplate\":\"https:\/\/acrimat.org.br\/portal\/?s={search_term_string}\"},\"query-input\":{\"@type\":\"PropertyValueSpecification\",\"valueRequired\":true,\"valueName\":\"search_term_string\"}}],\"inLanguage\":\"pt-BR\"},{\"@type\":\"Organization\",\"@id\":\"https:\/\/acrimat.org.br\/portal\/#organization\",\"name\":\"Associa\u00e7\u00e3o dos Criadores de Mato Grosso\",\"url\":\"https:\/\/acrimat.org.br\/portal\/\",\"logo\":{\"@type\":\"ImageObject\",\"inLanguage\":\"pt-BR\",\"@id\":\"https:\/\/acrimat.org.br\/portal\/#\/schema\/logo\/image\/\",\"url\":\"https:\/\/acrimat.org.br\/portal\/wp-content\/uploads\/2018\/03\/logo-peq-original.png\",\"contentUrl\":\"https:\/\/acrimat.org.br\/portal\/wp-content\/uploads\/2018\/03\/logo-peq-original.png\",\"width\":174,\"height\":171,\"caption\":\"Associa\u00e7\u00e3o dos Criadores de Mato Grosso\"},\"image\":{\"@id\":\"https:\/\/acrimat.org.br\/portal\/#\/schema\/logo\/image\/\"}},{\"@type\":\"Person\",\"@id\":\"https:\/\/acrimat.org.br\/portal\/#\/schema\/person\/18df8bcf6890e924fe5d8b5afd2bec0f\",\"name\":\"P\u00e9ricles C\u00e2ndido\",\"image\":{\"@type\":\"ImageObject\",\"inLanguage\":\"pt-BR\",\"@id\":\"https:\/\/acrimat.org.br\/portal\/#\/schema\/person\/image\/\",\"url\":\"https:\/\/secure.gravatar.com\/avatar\/33e2a2b971dc363ed2df53d0d3bfbd18?s=96&d=mm&r=g\",\"contentUrl\":\"https:\/\/secure.gravatar.com\/avatar\/33e2a2b971dc363ed2df53d0d3bfbd18?s=96&d=mm&r=g\",\"caption\":\"P\u00e9ricles C\u00e2ndido\"},\"sameAs\":[\"ascom@acrimat.org.br\"],\"url\":\"https:\/\/acrimat.org.br\/portal\/author\/designergrafico\/\"}]}<\/script>\n<!-- \/ Yoast SEO plugin. -->","yoast_head_json":{"title":"Pre\u00e7o da arroba em MT \u00e9 o menor desde 2014 - Acrimat","robots":{"index":"index","follow":"follow","max-snippet":"max-snippet:-1","max-image-preview":"max-image-preview:large","max-video-preview":"max-video-preview:-1"},"canonical":"https:\/\/acrimat.org.br\/portal\/preco-da-arroba-em-mt-e-o-menor-desde-2014\/","og_locale":"pt_BR","og_type":"article","og_title":"Pre\u00e7o da arroba em MT \u00e9 o menor desde 2014 - Acrimat","og_description":"No dia 19, cota\u00e7\u00e3o chegou a R$ 114,14, menor valor desde set\/2014; expectativa \u00e9 de 2\u00ba semestre melhor","og_url":"https:\/\/acrimat.org.br\/portal\/preco-da-arroba-em-mt-e-o-menor-desde-2014\/","og_site_name":"Acrimat","article_published_time":"2017-07-26T16:03:46+00:00","og_image":[{"width":350,"height":300,"url":"https:\/\/acrimat.org.br\/portal\/wp-content\/uploads\/2017\/07\/9494.jpg","type":"image\/jpeg"}],"author":"P\u00e9ricles C\u00e2ndido","twitter_card":"summary_large_image","twitter_misc":{"Escrito por":"P\u00e9ricles C\u00e2ndido","Est. tempo de leitura":"2 minutos"},"schema":{"@context":"https:\/\/schema.org","@graph":[{"@type":"Article","@id":"https:\/\/acrimat.org.br\/portal\/preco-da-arroba-em-mt-e-o-menor-desde-2014\/#article","isPartOf":{"@id":"https:\/\/acrimat.org.br\/portal\/preco-da-arroba-em-mt-e-o-menor-desde-2014\/"},"author":{"name":"P\u00e9ricles C\u00e2ndido","@id":"https:\/\/acrimat.org.br\/portal\/#\/schema\/person\/18df8bcf6890e924fe5d8b5afd2bec0f"},"headline":"Pre\u00e7o da arroba em MT \u00e9 o menor desde 2014","datePublished":"2017-07-26T16:03:46+00:00","mainEntityOfPage":{"@id":"https:\/\/acrimat.org.br\/portal\/preco-da-arroba-em-mt-e-o-menor-desde-2014\/"},"wordCount":390,"publisher":{"@id":"https:\/\/acrimat.org.br\/portal\/#organization"},"image":{"@id":"https:\/\/acrimat.org.br\/portal\/preco-da-arroba-em-mt-e-o-menor-desde-2014\/#primaryimage"},"thumbnailUrl":"https:\/\/acrimat.org.br\/portal\/wp-content\/uploads\/2017\/07\/9494.jpg","articleSection":["Destaques","Not\u00edcias"],"inLanguage":"pt-BR"},{"@type":"WebPage","@id":"https:\/\/acrimat.org.br\/portal\/preco-da-arroba-em-mt-e-o-menor-desde-2014\/","url":"https:\/\/acrimat.org.br\/portal\/preco-da-arroba-em-mt-e-o-menor-desde-2014\/","name":"Pre\u00e7o da arroba em MT \u00e9 o menor desde 2014 - Acrimat","isPartOf":{"@id":"https:\/\/acrimat.org.br\/portal\/#website"},"primaryImageOfPage":{"@id":"https:\/\/acrimat.org.br\/portal\/preco-da-arroba-em-mt-e-o-menor-desde-2014\/#primaryimage"},"image":{"@id":"https:\/\/acrimat.org.br\/portal\/preco-da-arroba-em-mt-e-o-menor-desde-2014\/#primaryimage"},"thumbnailUrl":"https:\/\/acrimat.org.br\/portal\/wp-content\/uploads\/2017\/07\/9494.jpg","datePublished":"2017-07-26T16:03:46+00:00","breadcrumb":{"@id":"https:\/\/acrimat.org.br\/portal\/preco-da-arroba-em-mt-e-o-menor-desde-2014\/#breadcrumb"},"inLanguage":"pt-BR","potentialAction":[{"@type":"ReadAction","target":["https:\/\/acrimat.org.br\/portal\/preco-da-arroba-em-mt-e-o-menor-desde-2014\/"]}]},{"@type":"ImageObject","inLanguage":"pt-BR","@id":"https:\/\/acrimat.org.br\/portal\/preco-da-arroba-em-mt-e-o-menor-desde-2014\/#primaryimage","url":"https:\/\/acrimat.org.br\/portal\/wp-content\/uploads\/2017\/07\/9494.jpg","contentUrl":"https:\/\/acrimat.org.br\/portal\/wp-content\/uploads\/2017\/07\/9494.jpg","width":350,"height":300},{"@type":"BreadcrumbList","@id":"https:\/\/acrimat.org.br\/portal\/preco-da-arroba-em-mt-e-o-menor-desde-2014\/#breadcrumb","itemListElement":[{"@type":"ListItem","position":1,"name":"In\u00edcio","item":"https:\/\/acrimat.org.br\/portal\/"},{"@type":"ListItem","position":2,"name":"Pre\u00e7o da arroba em MT \u00e9 o menor desde 2014"}]},{"@type":"WebSite","@id":"https:\/\/acrimat.org.br\/portal\/#website","url":"https:\/\/acrimat.org.br\/portal\/","name":"Acrimat","description":"Associa\u00e7\u00e3o dos Criadores de Mato Grosso","publisher":{"@id":"https:\/\/acrimat.org.br\/portal\/#organization"},"potentialAction":[{"@type":"SearchAction","target":{"@type":"EntryPoint","urlTemplate":"https:\/\/acrimat.org.br\/portal\/?s={search_term_string}"},"query-input":{"@type":"PropertyValueSpecification","valueRequired":true,"valueName":"search_term_string"}}],"inLanguage":"pt-BR"},{"@type":"Organization","@id":"https:\/\/acrimat.org.br\/portal\/#organization","name":"Associa\u00e7\u00e3o dos Criadores de Mato Grosso","url":"https:\/\/acrimat.org.br\/portal\/","logo":{"@type":"ImageObject","inLanguage":"pt-BR","@id":"https:\/\/acrimat.org.br\/portal\/#\/schema\/logo\/image\/","url":"https:\/\/acrimat.org.br\/portal\/wp-content\/uploads\/2018\/03\/logo-peq-original.png","contentUrl":"https:\/\/acrimat.org.br\/portal\/wp-content\/uploads\/2018\/03\/logo-peq-original.png","width":174,"height":171,"caption":"Associa\u00e7\u00e3o dos Criadores de Mato Grosso"},"image":{"@id":"https:\/\/acrimat.org.br\/portal\/#\/schema\/logo\/image\/"}},{"@type":"Person","@id":"https:\/\/acrimat.org.br\/portal\/#\/schema\/person\/18df8bcf6890e924fe5d8b5afd2bec0f","name":"P\u00e9ricles C\u00e2ndido","image":{"@type":"ImageObject","inLanguage":"pt-BR","@id":"https:\/\/acrimat.org.br\/portal\/#\/schema\/person\/image\/","url":"https:\/\/secure.gravatar.com\/avatar\/33e2a2b971dc363ed2df53d0d3bfbd18?s=96&d=mm&r=g","contentUrl":"https:\/\/secure.gravatar.com\/avatar\/33e2a2b971dc363ed2df53d0d3bfbd18?s=96&d=mm&r=g","caption":"P\u00e9ricles C\u00e2ndido"},"sameAs":["ascom@acrimat.org.br"],"url":"https:\/\/acrimat.org.br\/portal\/author\/designergrafico\/"}]}},"_links":{"self":[{"href":"https:\/\/acrimat.org.br\/portal\/wp-json\/wp\/v2\/posts\/97982848","targetHints":{"allow":["GET"]}}],"collection":[{"href":"https:\/\/acrimat.org.br\/portal\/wp-json\/wp\/v2\/posts"}],"about":[{"href":"https:\/\/acrimat.org.br\/portal\/wp-json\/wp\/v2\/types\/post"}],"author":[{"embeddable":true,"href":"https:\/\/acrimat.org.br\/portal\/wp-json\/wp\/v2\/users\/11"}],"replies":[{"embeddable":true,"href":"https:\/\/acrimat.org.br\/portal\/wp-json\/wp\/v2\/comments?post=97982848"}],"version-history":[{"count":2,"href":"https:\/\/acrimat.org.br\/portal\/wp-json\/wp\/v2\/posts\/97982848\/revisions"}],"predecessor-version":[{"id":97982852,"href":"https:\/\/acrimat.org.br\/portal\/wp-json\/wp\/v2\/posts\/97982848\/revisions\/97982852"}],"wp:featuredmedia":[{"embeddable":true,"href":"https:\/\/acrimat.org.br\/portal\/wp-json\/wp\/v2\/media\/97982849"}],"wp:attachment":[{"href":"https:\/\/acrimat.org.br\/portal\/wp-json\/wp\/v2\/media?parent=97982848"}],"wp:term":[{"taxonomy":"category","embeddable":true,"href":"https:\/\/acrimat.org.br\/portal\/wp-json\/wp\/v2\/categories?post=97982848"},{"taxonomy":"post_tag","embeddable":true,"href":"https:\/\/acrimat.org.br\/portal\/wp-json\/wp\/v2\/tags?post=97982848"}],"curies":[{"name":"wp","href":"https:\/\/api.w.org\/{rel}","templated":true}]}}