{"id":97982873,"date":"2017-07-27T10:17:53","date_gmt":"2017-07-27T13:17:53","guid":{"rendered":"http:\/\/acrimat.org.br\/portal\/?p=97982873"},"modified":"2017-07-27T10:17:53","modified_gmt":"2017-07-27T13:17:53","slug":"consumo-de-carne-fica-estavel-mas-evolucao-demografica-eleva-volume","status":"publish","type":"post","link":"https:\/\/acrimat.org.br\/portal\/consumo-de-carne-fica-estavel-mas-evolucao-demografica-eleva-volume\/","title":{"rendered":"Consumo de carne fica est\u00e1vel, mas evolu\u00e7\u00e3o demogr\u00e1fica eleva volume"},"content":{"rendered":"<div id=\"attachment_97982874\" style=\"width: 310px\" class=\"wp-caption alignright\"><a href=\"http:\/\/acrimat.org.br\/portal\/wp-content\/uploads\/2017\/07\/17082100.jpeg\"><img fetchpriority=\"high\" decoding=\"async\" aria-describedby=\"caption-attachment-97982874\" class=\"size-medium wp-image-97982874\" src=\"http:\/\/acrimat.org.br\/portal\/wp-content\/uploads\/2017\/07\/17082100-300x179.jpeg\" alt=\"\" width=\"300\" height=\"179\" srcset=\"https:\/\/acrimat.org.br\/portal\/wp-content\/uploads\/2017\/07\/17082100-300x179.jpeg 300w, https:\/\/acrimat.org.br\/portal\/wp-content\/uploads\/2017\/07\/17082100-250x149.jpeg 250w, https:\/\/acrimat.org.br\/portal\/wp-content\/uploads\/2017\/07\/17082100-550x328.jpeg 550w, https:\/\/acrimat.org.br\/portal\/wp-content\/uploads\/2017\/07\/17082100-302x180.jpeg 302w, https:\/\/acrimat.org.br\/portal\/wp-content\/uploads\/2017\/07\/17082100-503x300.jpeg 503w, https:\/\/acrimat.org.br\/portal\/wp-content\/uploads\/2017\/07\/17082100.jpeg 620w\" sizes=\"(max-width: 300px) 100vw, 300px\" \/><\/a><p id=\"caption-attachment-97982874\" class=\"wp-caption-text\">Ronny Santos\/Folhapress<\/p><\/div>\n<p>A produ\u00e7\u00e3o mundial de carnes dever\u00e1 atingir 353 milh\u00f5es de toneladas em 2026, com aumento de 13% em rela\u00e7\u00e3o ao patamar atual.<\/p>\n<p>Os dados s\u00e3o da OCDE (Organiza\u00e7\u00e3o para a Coopera\u00e7\u00e3o e Desenvolvimento Econ\u00f4mico) e da FAO (Organiza\u00e7\u00e3o de Agricultura e Alimentos das Na\u00e7\u00f5es Unidas).<\/p>\n<p>A produ\u00e7\u00e3o ser\u00e1 favor\u00e1vel aos produtores, devido \u00e0 melhor oferta de gr\u00e3os, um dos principais custos do setor.<\/p>\n<p>O maior crescimento no consumo ficar\u00e1 com a carne de frango, que ter\u00e1 alta de 12% nos pr\u00f3ximos dez anos. Nesse mesmo per\u00edodo, o consumo da bovina sobe 9%, e o da su\u00edna, 8,5%.<\/p>\n<p>A demanda mundial por carnes ser\u00e1 puxada pela evolu\u00e7\u00e3o demogr\u00e1fica, uma vez que o consumo per capita ficar\u00e1 praticamente est\u00e1vel em 34,6 quilos por ano, segundo as estimativas das duas entidades.<\/p>\n<p>Os pa\u00edses desenvolvidos v\u00e3o ter uma evolu\u00e7\u00e3o maior (mais 4%) do que os em desenvolvimento (2,5%).<\/p>\n<p>A FAO projeta que a carne de frango liderar\u00e1 a produ\u00e7\u00e3o, com 132 milh\u00f5es de toneladas, um pouco acima dos 128 milh\u00f5es da carne su\u00edna. A bovina, tamb\u00e9m com bom ritmo, crescer\u00e1 para 76 milh\u00f5es de toneladas.<\/p>\n<p>O Brasil vai ter boa participa\u00e7\u00e3o nessa evolu\u00e7\u00e3o da produ\u00e7\u00e3o mundial de carnes. Na avalia\u00e7\u00e3o do Minist\u00e9rio da Agricultura, a produ\u00e7\u00e3o nacional de carne de frango atingir\u00e1 pelo menos 18 milh\u00f5es de toneladas em dez anos, 33% mais do que a atual.<\/p>\n<p>Nesse mesmo per\u00edodo, a bovina sobe para 11,4 milh\u00f5es, com alta de 21%, e a su\u00edna atingir\u00e1 4,9 milh\u00f5es (mais 29%).<\/p>\n","protected":false},"excerpt":{"rendered":"<p>Brasil vai ter boa participa\u00e7\u00e3o nessa evolu\u00e7\u00e3o da produ\u00e7\u00e3o mundial de carnes<\/p>\n","protected":false},"author":11,"featured_media":97982874,"comment_status":"closed","ping_status":"closed","sticky":false,"template":"","format":"standard","meta":{"footnotes":""},"categories":[6,1],"tags":[],"class_list":["post-97982873","post","type-post","status-publish","format-standard","has-post-thumbnail","hentry","category-destaque","category-noticia"],"yoast_head":"<!-- This site is optimized with the Yoast SEO plugin v24.8.1 - https:\/\/yoast.com\/wordpress\/plugins\/seo\/ -->\n<title>Consumo de carne fica est\u00e1vel, mas evolu\u00e7\u00e3o demogr\u00e1fica eleva volume - Acrimat<\/title>\n<meta name=\"robots\" content=\"index, follow, max-snippet:-1, max-image-preview:large, max-video-preview:-1\" \/>\n<link rel=\"canonical\" href=\"https:\/\/acrimat.org.br\/portal\/consumo-de-carne-fica-estavel-mas-evolucao-demografica-eleva-volume\/\" \/>\n<meta property=\"og:locale\" content=\"pt_BR\" \/>\n<meta property=\"og:type\" content=\"article\" \/>\n<meta property=\"og:title\" content=\"Consumo de carne fica est\u00e1vel, mas evolu\u00e7\u00e3o demogr\u00e1fica eleva volume - Acrimat\" \/>\n<meta property=\"og:description\" content=\"Brasil vai ter boa participa\u00e7\u00e3o nessa evolu\u00e7\u00e3o da produ\u00e7\u00e3o mundial de carnes\" \/>\n<meta property=\"og:url\" content=\"https:\/\/acrimat.org.br\/portal\/consumo-de-carne-fica-estavel-mas-evolucao-demografica-eleva-volume\/\" \/>\n<meta property=\"og:site_name\" content=\"Acrimat\" \/>\n<meta property=\"article:published_time\" content=\"2017-07-27T13:17:53+00:00\" \/>\n<meta property=\"og:image\" content=\"https:\/\/acrimat.org.br\/portal\/wp-content\/uploads\/2017\/07\/17082100.jpeg\" \/>\n\t<meta property=\"og:image:width\" content=\"620\" \/>\n\t<meta property=\"og:image:height\" content=\"370\" \/>\n\t<meta property=\"og:image:type\" content=\"image\/jpeg\" \/>\n<meta name=\"author\" content=\"P\u00e9ricles C\u00e2ndido\" \/>\n<meta name=\"twitter:card\" content=\"summary_large_image\" \/>\n<meta name=\"twitter:label1\" content=\"Escrito por\" \/>\n\t<meta name=\"twitter:data1\" content=\"P\u00e9ricles C\u00e2ndido\" \/>\n\t<meta name=\"twitter:label2\" content=\"Est. tempo de leitura\" \/>\n\t<meta name=\"twitter:data2\" content=\"1 minuto\" \/>\n<script type=\"application\/ld+json\" class=\"yoast-schema-graph\">{\"@context\":\"https:\/\/schema.org\",\"@graph\":[{\"@type\":\"Article\",\"@id\":\"https:\/\/acrimat.org.br\/portal\/consumo-de-carne-fica-estavel-mas-evolucao-demografica-eleva-volume\/#article\",\"isPartOf\":{\"@id\":\"https:\/\/acrimat.org.br\/portal\/consumo-de-carne-fica-estavel-mas-evolucao-demografica-eleva-volume\/\"},\"author\":{\"name\":\"P\u00e9ricles C\u00e2ndido\",\"@id\":\"https:\/\/acrimat.org.br\/portal\/#\/schema\/person\/18df8bcf6890e924fe5d8b5afd2bec0f\"},\"headline\":\"Consumo de carne fica est\u00e1vel, mas evolu\u00e7\u00e3o demogr\u00e1fica eleva volume\",\"datePublished\":\"2017-07-27T13:17:53+00:00\",\"mainEntityOfPage\":{\"@id\":\"https:\/\/acrimat.org.br\/portal\/consumo-de-carne-fica-estavel-mas-evolucao-demografica-eleva-volume\/\"},\"wordCount\":286,\"publisher\":{\"@id\":\"https:\/\/acrimat.org.br\/portal\/#organization\"},\"image\":{\"@id\":\"https:\/\/acrimat.org.br\/portal\/consumo-de-carne-fica-estavel-mas-evolucao-demografica-eleva-volume\/#primaryimage\"},\"thumbnailUrl\":\"https:\/\/acrimat.org.br\/portal\/wp-content\/uploads\/2017\/07\/17082100.jpeg\",\"articleSection\":[\"Destaques\",\"Not\u00edcias\"],\"inLanguage\":\"pt-BR\"},{\"@type\":\"WebPage\",\"@id\":\"https:\/\/acrimat.org.br\/portal\/consumo-de-carne-fica-estavel-mas-evolucao-demografica-eleva-volume\/\",\"url\":\"https:\/\/acrimat.org.br\/portal\/consumo-de-carne-fica-estavel-mas-evolucao-demografica-eleva-volume\/\",\"name\":\"Consumo de carne fica est\u00e1vel, mas evolu\u00e7\u00e3o demogr\u00e1fica eleva volume - Acrimat\",\"isPartOf\":{\"@id\":\"https:\/\/acrimat.org.br\/portal\/#website\"},\"primaryImageOfPage\":{\"@id\":\"https:\/\/acrimat.org.br\/portal\/consumo-de-carne-fica-estavel-mas-evolucao-demografica-eleva-volume\/#primaryimage\"},\"image\":{\"@id\":\"https:\/\/acrimat.org.br\/portal\/consumo-de-carne-fica-estavel-mas-evolucao-demografica-eleva-volume\/#primaryimage\"},\"thumbnailUrl\":\"https:\/\/acrimat.org.br\/portal\/wp-content\/uploads\/2017\/07\/17082100.jpeg\",\"datePublished\":\"2017-07-27T13:17:53+00:00\",\"breadcrumb\":{\"@id\":\"https:\/\/acrimat.org.br\/portal\/consumo-de-carne-fica-estavel-mas-evolucao-demografica-eleva-volume\/#breadcrumb\"},\"inLanguage\":\"pt-BR\",\"potentialAction\":[{\"@type\":\"ReadAction\",\"target\":[\"https:\/\/acrimat.org.br\/portal\/consumo-de-carne-fica-estavel-mas-evolucao-demografica-eleva-volume\/\"]}]},{\"@type\":\"ImageObject\",\"inLanguage\":\"pt-BR\",\"@id\":\"https:\/\/acrimat.org.br\/portal\/consumo-de-carne-fica-estavel-mas-evolucao-demografica-eleva-volume\/#primaryimage\",\"url\":\"https:\/\/acrimat.org.br\/portal\/wp-content\/uploads\/2017\/07\/17082100.jpeg\",\"contentUrl\":\"https:\/\/acrimat.org.br\/portal\/wp-content\/uploads\/2017\/07\/17082100.jpeg\",\"width\":620,\"height\":370,\"caption\":\"Ronny Santos\/Folhapress\"},{\"@type\":\"BreadcrumbList\",\"@id\":\"https:\/\/acrimat.org.br\/portal\/consumo-de-carne-fica-estavel-mas-evolucao-demografica-eleva-volume\/#breadcrumb\",\"itemListElement\":[{\"@type\":\"ListItem\",\"position\":1,\"name\":\"In\u00edcio\",\"item\":\"https:\/\/acrimat.org.br\/portal\/\"},{\"@type\":\"ListItem\",\"position\":2,\"name\":\"Consumo de carne fica est\u00e1vel, mas evolu\u00e7\u00e3o demogr\u00e1fica eleva volume\"}]},{\"@type\":\"WebSite\",\"@id\":\"https:\/\/acrimat.org.br\/portal\/#website\",\"url\":\"https:\/\/acrimat.org.br\/portal\/\",\"name\":\"Acrimat\",\"description\":\"Associa\u00e7\u00e3o dos Criadores de Mato Grosso\",\"publisher\":{\"@id\":\"https:\/\/acrimat.org.br\/portal\/#organization\"},\"potentialAction\":[{\"@type\":\"SearchAction\",\"target\":{\"@type\":\"EntryPoint\",\"urlTemplate\":\"https:\/\/acrimat.org.br\/portal\/?s={search_term_string}\"},\"query-input\":{\"@type\":\"PropertyValueSpecification\",\"valueRequired\":true,\"valueName\":\"search_term_string\"}}],\"inLanguage\":\"pt-BR\"},{\"@type\":\"Organization\",\"@id\":\"https:\/\/acrimat.org.br\/portal\/#organization\",\"name\":\"Associa\u00e7\u00e3o dos Criadores de Mato Grosso\",\"url\":\"https:\/\/acrimat.org.br\/portal\/\",\"logo\":{\"@type\":\"ImageObject\",\"inLanguage\":\"pt-BR\",\"@id\":\"https:\/\/acrimat.org.br\/portal\/#\/schema\/logo\/image\/\",\"url\":\"https:\/\/acrimat.org.br\/portal\/wp-content\/uploads\/2018\/03\/logo-peq-original.png\",\"contentUrl\":\"https:\/\/acrimat.org.br\/portal\/wp-content\/uploads\/2018\/03\/logo-peq-original.png\",\"width\":174,\"height\":171,\"caption\":\"Associa\u00e7\u00e3o dos Criadores de Mato Grosso\"},\"image\":{\"@id\":\"https:\/\/acrimat.org.br\/portal\/#\/schema\/logo\/image\/\"}},{\"@type\":\"Person\",\"@id\":\"https:\/\/acrimat.org.br\/portal\/#\/schema\/person\/18df8bcf6890e924fe5d8b5afd2bec0f\",\"name\":\"P\u00e9ricles C\u00e2ndido\",\"image\":{\"@type\":\"ImageObject\",\"inLanguage\":\"pt-BR\",\"@id\":\"https:\/\/acrimat.org.br\/portal\/#\/schema\/person\/image\/\",\"url\":\"https:\/\/secure.gravatar.com\/avatar\/33e2a2b971dc363ed2df53d0d3bfbd18?s=96&d=mm&r=g\",\"contentUrl\":\"https:\/\/secure.gravatar.com\/avatar\/33e2a2b971dc363ed2df53d0d3bfbd18?s=96&d=mm&r=g\",\"caption\":\"P\u00e9ricles C\u00e2ndido\"},\"sameAs\":[\"ascom@acrimat.org.br\"],\"url\":\"https:\/\/acrimat.org.br\/portal\/author\/designergrafico\/\"}]}<\/script>\n<!-- \/ Yoast SEO plugin. -->","yoast_head_json":{"title":"Consumo de carne fica est\u00e1vel, mas evolu\u00e7\u00e3o demogr\u00e1fica eleva volume - Acrimat","robots":{"index":"index","follow":"follow","max-snippet":"max-snippet:-1","max-image-preview":"max-image-preview:large","max-video-preview":"max-video-preview:-1"},"canonical":"https:\/\/acrimat.org.br\/portal\/consumo-de-carne-fica-estavel-mas-evolucao-demografica-eleva-volume\/","og_locale":"pt_BR","og_type":"article","og_title":"Consumo de carne fica est\u00e1vel, mas evolu\u00e7\u00e3o demogr\u00e1fica eleva volume - Acrimat","og_description":"Brasil vai ter boa participa\u00e7\u00e3o nessa evolu\u00e7\u00e3o da produ\u00e7\u00e3o mundial de carnes","og_url":"https:\/\/acrimat.org.br\/portal\/consumo-de-carne-fica-estavel-mas-evolucao-demografica-eleva-volume\/","og_site_name":"Acrimat","article_published_time":"2017-07-27T13:17:53+00:00","og_image":[{"width":620,"height":370,"url":"https:\/\/acrimat.org.br\/portal\/wp-content\/uploads\/2017\/07\/17082100.jpeg","type":"image\/jpeg"}],"author":"P\u00e9ricles C\u00e2ndido","twitter_card":"summary_large_image","twitter_misc":{"Escrito por":"P\u00e9ricles C\u00e2ndido","Est. tempo de leitura":"1 minuto"},"schema":{"@context":"https:\/\/schema.org","@graph":[{"@type":"Article","@id":"https:\/\/acrimat.org.br\/portal\/consumo-de-carne-fica-estavel-mas-evolucao-demografica-eleva-volume\/#article","isPartOf":{"@id":"https:\/\/acrimat.org.br\/portal\/consumo-de-carne-fica-estavel-mas-evolucao-demografica-eleva-volume\/"},"author":{"name":"P\u00e9ricles C\u00e2ndido","@id":"https:\/\/acrimat.org.br\/portal\/#\/schema\/person\/18df8bcf6890e924fe5d8b5afd2bec0f"},"headline":"Consumo de carne fica est\u00e1vel, mas evolu\u00e7\u00e3o demogr\u00e1fica eleva volume","datePublished":"2017-07-27T13:17:53+00:00","mainEntityOfPage":{"@id":"https:\/\/acrimat.org.br\/portal\/consumo-de-carne-fica-estavel-mas-evolucao-demografica-eleva-volume\/"},"wordCount":286,"publisher":{"@id":"https:\/\/acrimat.org.br\/portal\/#organization"},"image":{"@id":"https:\/\/acrimat.org.br\/portal\/consumo-de-carne-fica-estavel-mas-evolucao-demografica-eleva-volume\/#primaryimage"},"thumbnailUrl":"https:\/\/acrimat.org.br\/portal\/wp-content\/uploads\/2017\/07\/17082100.jpeg","articleSection":["Destaques","Not\u00edcias"],"inLanguage":"pt-BR"},{"@type":"WebPage","@id":"https:\/\/acrimat.org.br\/portal\/consumo-de-carne-fica-estavel-mas-evolucao-demografica-eleva-volume\/","url":"https:\/\/acrimat.org.br\/portal\/consumo-de-carne-fica-estavel-mas-evolucao-demografica-eleva-volume\/","name":"Consumo de carne fica est\u00e1vel, mas evolu\u00e7\u00e3o demogr\u00e1fica eleva volume - Acrimat","isPartOf":{"@id":"https:\/\/acrimat.org.br\/portal\/#website"},"primaryImageOfPage":{"@id":"https:\/\/acrimat.org.br\/portal\/consumo-de-carne-fica-estavel-mas-evolucao-demografica-eleva-volume\/#primaryimage"},"image":{"@id":"https:\/\/acrimat.org.br\/portal\/consumo-de-carne-fica-estavel-mas-evolucao-demografica-eleva-volume\/#primaryimage"},"thumbnailUrl":"https:\/\/acrimat.org.br\/portal\/wp-content\/uploads\/2017\/07\/17082100.jpeg","datePublished":"2017-07-27T13:17:53+00:00","breadcrumb":{"@id":"https:\/\/acrimat.org.br\/portal\/consumo-de-carne-fica-estavel-mas-evolucao-demografica-eleva-volume\/#breadcrumb"},"inLanguage":"pt-BR","potentialAction":[{"@type":"ReadAction","target":["https:\/\/acrimat.org.br\/portal\/consumo-de-carne-fica-estavel-mas-evolucao-demografica-eleva-volume\/"]}]},{"@type":"ImageObject","inLanguage":"pt-BR","@id":"https:\/\/acrimat.org.br\/portal\/consumo-de-carne-fica-estavel-mas-evolucao-demografica-eleva-volume\/#primaryimage","url":"https:\/\/acrimat.org.br\/portal\/wp-content\/uploads\/2017\/07\/17082100.jpeg","contentUrl":"https:\/\/acrimat.org.br\/portal\/wp-content\/uploads\/2017\/07\/17082100.jpeg","width":620,"height":370,"caption":"Ronny Santos\/Folhapress"},{"@type":"BreadcrumbList","@id":"https:\/\/acrimat.org.br\/portal\/consumo-de-carne-fica-estavel-mas-evolucao-demografica-eleva-volume\/#breadcrumb","itemListElement":[{"@type":"ListItem","position":1,"name":"In\u00edcio","item":"https:\/\/acrimat.org.br\/portal\/"},{"@type":"ListItem","position":2,"name":"Consumo de carne fica est\u00e1vel, mas evolu\u00e7\u00e3o demogr\u00e1fica eleva volume"}]},{"@type":"WebSite","@id":"https:\/\/acrimat.org.br\/portal\/#website","url":"https:\/\/acrimat.org.br\/portal\/","name":"Acrimat","description":"Associa\u00e7\u00e3o dos Criadores de Mato Grosso","publisher":{"@id":"https:\/\/acrimat.org.br\/portal\/#organization"},"potentialAction":[{"@type":"SearchAction","target":{"@type":"EntryPoint","urlTemplate":"https:\/\/acrimat.org.br\/portal\/?s={search_term_string}"},"query-input":{"@type":"PropertyValueSpecification","valueRequired":true,"valueName":"search_term_string"}}],"inLanguage":"pt-BR"},{"@type":"Organization","@id":"https:\/\/acrimat.org.br\/portal\/#organization","name":"Associa\u00e7\u00e3o dos Criadores de Mato Grosso","url":"https:\/\/acrimat.org.br\/portal\/","logo":{"@type":"ImageObject","inLanguage":"pt-BR","@id":"https:\/\/acrimat.org.br\/portal\/#\/schema\/logo\/image\/","url":"https:\/\/acrimat.org.br\/portal\/wp-content\/uploads\/2018\/03\/logo-peq-original.png","contentUrl":"https:\/\/acrimat.org.br\/portal\/wp-content\/uploads\/2018\/03\/logo-peq-original.png","width":174,"height":171,"caption":"Associa\u00e7\u00e3o dos Criadores de Mato Grosso"},"image":{"@id":"https:\/\/acrimat.org.br\/portal\/#\/schema\/logo\/image\/"}},{"@type":"Person","@id":"https:\/\/acrimat.org.br\/portal\/#\/schema\/person\/18df8bcf6890e924fe5d8b5afd2bec0f","name":"P\u00e9ricles C\u00e2ndido","image":{"@type":"ImageObject","inLanguage":"pt-BR","@id":"https:\/\/acrimat.org.br\/portal\/#\/schema\/person\/image\/","url":"https:\/\/secure.gravatar.com\/avatar\/33e2a2b971dc363ed2df53d0d3bfbd18?s=96&d=mm&r=g","contentUrl":"https:\/\/secure.gravatar.com\/avatar\/33e2a2b971dc363ed2df53d0d3bfbd18?s=96&d=mm&r=g","caption":"P\u00e9ricles C\u00e2ndido"},"sameAs":["ascom@acrimat.org.br"],"url":"https:\/\/acrimat.org.br\/portal\/author\/designergrafico\/"}]}},"_links":{"self":[{"href":"https:\/\/acrimat.org.br\/portal\/wp-json\/wp\/v2\/posts\/97982873","targetHints":{"allow":["GET"]}}],"collection":[{"href":"https:\/\/acrimat.org.br\/portal\/wp-json\/wp\/v2\/posts"}],"about":[{"href":"https:\/\/acrimat.org.br\/portal\/wp-json\/wp\/v2\/types\/post"}],"author":[{"embeddable":true,"href":"https:\/\/acrimat.org.br\/portal\/wp-json\/wp\/v2\/users\/11"}],"replies":[{"embeddable":true,"href":"https:\/\/acrimat.org.br\/portal\/wp-json\/wp\/v2\/comments?post=97982873"}],"version-history":[{"count":1,"href":"https:\/\/acrimat.org.br\/portal\/wp-json\/wp\/v2\/posts\/97982873\/revisions"}],"predecessor-version":[{"id":97982875,"href":"https:\/\/acrimat.org.br\/portal\/wp-json\/wp\/v2\/posts\/97982873\/revisions\/97982875"}],"wp:featuredmedia":[{"embeddable":true,"href":"https:\/\/acrimat.org.br\/portal\/wp-json\/wp\/v2\/media\/97982874"}],"wp:attachment":[{"href":"https:\/\/acrimat.org.br\/portal\/wp-json\/wp\/v2\/media?parent=97982873"}],"wp:term":[{"taxonomy":"category","embeddable":true,"href":"https:\/\/acrimat.org.br\/portal\/wp-json\/wp\/v2\/categories?post=97982873"},{"taxonomy":"post_tag","embeddable":true,"href":"https:\/\/acrimat.org.br\/portal\/wp-json\/wp\/v2\/tags?post=97982873"}],"curies":[{"name":"wp","href":"https:\/\/api.w.org\/{rel}","templated":true}]}}