{"id":97982921,"date":"2017-07-31T10:42:23","date_gmt":"2017-07-31T13:42:23","guid":{"rendered":"http:\/\/acrimat.org.br\/portal\/?p=97982921"},"modified":"2017-07-31T10:42:23","modified_gmt":"2017-07-31T13:42:23","slug":"maggi-mudara-estrutura-de-fiscalizacao-de-frigorificos","status":"publish","type":"post","link":"https:\/\/acrimat.org.br\/portal\/maggi-mudara-estrutura-de-fiscalizacao-de-frigorificos\/","title":{"rendered":"Maggi mudar\u00e1 estrutura de fiscaliza\u00e7\u00e3o de frigor\u00edficos"},"content":{"rendered":"<div id=\"attachment_97982731\" style=\"width: 310px\" class=\"wp-caption alignright\"><a href=\"http:\/\/acrimat.org.br\/portal\/wp-content\/uploads\/2017\/07\/1490087002867.jpg\"><img fetchpriority=\"high\" decoding=\"async\" aria-describedby=\"caption-attachment-97982731\" class=\"size-medium wp-image-97982731\" src=\"http:\/\/acrimat.org.br\/portal\/wp-content\/uploads\/2017\/07\/1490087002867-300x200.jpg\" alt=\"\" width=\"300\" height=\"200\" \/><\/a><p id=\"caption-attachment-97982731\" class=\"wp-caption-text\">O ministro da Agricultura, Blairo Maggi, durante inspe\u00e7\u00e3o a frigor\u00edficos ap\u00f3s a Opera\u00e7\u00e3o Carne da Fraca da Pol\u00edcia Federal Foto: Carlos Silva\/Mapa<\/p><\/div>\n<p>O Minist\u00e9rio da Agricultura deve publicar nesta semana uma portaria com mudan\u00e7as na fiscaliza\u00e7\u00e3o dos frigor\u00edficos. A ideia, segundo contou \u00e0 coluna o ministro Blairo Maggi, \u00e9 simplificar o processo de inspe\u00e7\u00e3o do abate e de processamento da carne. \u201cSer\u00e3o v\u00e1rias altera\u00e7\u00f5es na estrutura da fiscaliza\u00e7\u00e3o. Os \u00faltimos arredondamentos pol\u00edticos est\u00e3o sendo feitos.\u201d Na avalia\u00e7\u00e3o do ministro, o momento \u00e9 favor\u00e1vel para mexer na estrutura sanit\u00e1ria, pela necessidade de atacar problemas que surgiram neste ano. Ele se refere \u00e0 Opera\u00e7\u00e3o Carne Fraca, da Pol\u00edcia Federal, em mar\u00e7o, que provocou questionamento da Uni\u00e3o Europeia, e \u00e0 suspens\u00e3o das compras de carne bovina in natura pelos Estados Unidos. Tudo isso trouxe oportunidades para a revis\u00e3o em procedimentos, diz Maggi.<\/p>\n<p><strong>Contrata\u00e7\u00f5es.<\/strong> Entre as mudan\u00e7as j\u00e1 anunciadas pelo Minist\u00e9rio da Agricultura est\u00e1 a contrata\u00e7\u00e3o tempor\u00e1ria de 300 veterin\u00e1rios para fiscalizar frigor\u00edficos. A vacina contra a aftosa, apontada como a causadora de abscessos na carne vetada pelos EUA, tamb\u00e9m ser\u00e1 revista. O Minist\u00e9rio deve enxugar a estrutura da fiscaliza\u00e7\u00e3o, com corte de cargos, muitos deles indicados por pol\u00edticos. Pode tamb\u00e9m criar uma corregedoria para investigar poss\u00edveis irregularidades praticadas por fiscais.<\/p>\n<p><strong>Vinde a mim. <\/strong>O setor da prote\u00edna animal aposta suas fichas no Sal\u00e3o Internacional de Avicultura e Suinocultura (Siavs) para melhorar a imagem da carne brasileira. O convite \u00e0 imprensa internacional foi refor\u00e7ado para o evento que acontece entre 29 e 31 de agosto, em S\u00e3o Paulo. E a resposta j\u00e1 veio: mais de 50 jornalistas estrangeiros confirmaram presen\u00e7a, entre eles correspondentes de China, M\u00e9xico e EUA.<\/p>\n<p><strong>Andar de cima.<\/strong> O Ita\u00fa BBA est\u00e1 atraindo grandes produtores rurais e estima que sua carteira de cr\u00e9dito vai chegar a R$ 3,7 bilh\u00f5es no fim do ano, mais que o dobro de 2016. Pedro Fernandes assumiu a diretoria de Agroneg\u00f3cios com a tarefa de elevar a participa\u00e7\u00e3o do banco no financiamento desses clientes de 17% para 25% em dois anos. Hoje o Ita\u00fa BBA atende 300 grandes produtores com faturamento anual superior a R$ 30 milh\u00f5es, de um universo de 700 com esse perfil no Brasil. Dos R$ 35 bilh\u00f5es tomados pelos 700, o Ita\u00fa BBA emprestou 8,5%.<\/p>\n","protected":false},"excerpt":{"rendered":"<p>Ideia, segundo contou \u00e0 coluna o ministro, \u00e9 simplificar o processo de inspe\u00e7\u00e3o do abate e de processamento da carne<\/p>\n","protected":false},"author":11,"featured_media":0,"comment_status":"closed","ping_status":"closed","sticky":false,"template":"","format":"standard","meta":{"footnotes":""},"categories":[6,1],"tags":[],"class_list":["post-97982921","post","type-post","status-publish","format-standard","hentry","category-destaque","category-noticia"],"yoast_head":"<!-- This site is optimized with the Yoast SEO plugin v24.8.1 - https:\/\/yoast.com\/wordpress\/plugins\/seo\/ -->\n<title>Maggi mudar\u00e1 estrutura de fiscaliza\u00e7\u00e3o de frigor\u00edficos - Acrimat<\/title>\n<meta name=\"robots\" content=\"index, follow, max-snippet:-1, max-image-preview:large, max-video-preview:-1\" \/>\n<link rel=\"canonical\" href=\"https:\/\/acrimat.org.br\/portal\/maggi-mudara-estrutura-de-fiscalizacao-de-frigorificos\/\" \/>\n<meta property=\"og:locale\" content=\"pt_BR\" \/>\n<meta property=\"og:type\" content=\"article\" \/>\n<meta property=\"og:title\" content=\"Maggi mudar\u00e1 estrutura de fiscaliza\u00e7\u00e3o de frigor\u00edficos - Acrimat\" \/>\n<meta property=\"og:description\" content=\"Ideia, segundo contou \u00e0 coluna o ministro, \u00e9 simplificar o processo de inspe\u00e7\u00e3o do abate e de processamento da carne\" \/>\n<meta property=\"og:url\" content=\"https:\/\/acrimat.org.br\/portal\/maggi-mudara-estrutura-de-fiscalizacao-de-frigorificos\/\" \/>\n<meta property=\"og:site_name\" content=\"Acrimat\" \/>\n<meta property=\"article:published_time\" content=\"2017-07-31T13:42:23+00:00\" \/>\n<meta property=\"og:image\" content=\"http:\/\/acrimat.org.br\/portal\/wp-content\/uploads\/2017\/07\/1490087002867-300x200.jpg\" \/>\n<meta name=\"author\" content=\"P\u00e9ricles C\u00e2ndido\" \/>\n<meta name=\"twitter:card\" content=\"summary_large_image\" \/>\n<meta name=\"twitter:label1\" content=\"Escrito por\" \/>\n\t<meta name=\"twitter:data1\" content=\"P\u00e9ricles C\u00e2ndido\" \/>\n\t<meta name=\"twitter:label2\" content=\"Est. tempo de leitura\" \/>\n\t<meta name=\"twitter:data2\" content=\"2 minutos\" \/>\n<script type=\"application\/ld+json\" class=\"yoast-schema-graph\">{\"@context\":\"https:\/\/schema.org\",\"@graph\":[{\"@type\":\"Article\",\"@id\":\"https:\/\/acrimat.org.br\/portal\/maggi-mudara-estrutura-de-fiscalizacao-de-frigorificos\/#article\",\"isPartOf\":{\"@id\":\"https:\/\/acrimat.org.br\/portal\/maggi-mudara-estrutura-de-fiscalizacao-de-frigorificos\/\"},\"author\":{\"name\":\"P\u00e9ricles C\u00e2ndido\",\"@id\":\"https:\/\/acrimat.org.br\/portal\/#\/schema\/person\/18df8bcf6890e924fe5d8b5afd2bec0f\"},\"headline\":\"Maggi mudar\u00e1 estrutura de fiscaliza\u00e7\u00e3o de frigor\u00edficos\",\"datePublished\":\"2017-07-31T13:42:23+00:00\",\"mainEntityOfPage\":{\"@id\":\"https:\/\/acrimat.org.br\/portal\/maggi-mudara-estrutura-de-fiscalizacao-de-frigorificos\/\"},\"wordCount\":420,\"publisher\":{\"@id\":\"https:\/\/acrimat.org.br\/portal\/#organization\"},\"image\":{\"@id\":\"https:\/\/acrimat.org.br\/portal\/maggi-mudara-estrutura-de-fiscalizacao-de-frigorificos\/#primaryimage\"},\"thumbnailUrl\":\"http:\/\/acrimat.org.br\/portal\/wp-content\/uploads\/2017\/07\/1490087002867-300x200.jpg\",\"articleSection\":[\"Destaques\",\"Not\u00edcias\"],\"inLanguage\":\"pt-BR\"},{\"@type\":\"WebPage\",\"@id\":\"https:\/\/acrimat.org.br\/portal\/maggi-mudara-estrutura-de-fiscalizacao-de-frigorificos\/\",\"url\":\"https:\/\/acrimat.org.br\/portal\/maggi-mudara-estrutura-de-fiscalizacao-de-frigorificos\/\",\"name\":\"Maggi mudar\u00e1 estrutura de fiscaliza\u00e7\u00e3o de frigor\u00edficos - Acrimat\",\"isPartOf\":{\"@id\":\"https:\/\/acrimat.org.br\/portal\/#website\"},\"primaryImageOfPage\":{\"@id\":\"https:\/\/acrimat.org.br\/portal\/maggi-mudara-estrutura-de-fiscalizacao-de-frigorificos\/#primaryimage\"},\"image\":{\"@id\":\"https:\/\/acrimat.org.br\/portal\/maggi-mudara-estrutura-de-fiscalizacao-de-frigorificos\/#primaryimage\"},\"thumbnailUrl\":\"http:\/\/acrimat.org.br\/portal\/wp-content\/uploads\/2017\/07\/1490087002867-300x200.jpg\",\"datePublished\":\"2017-07-31T13:42:23+00:00\",\"breadcrumb\":{\"@id\":\"https:\/\/acrimat.org.br\/portal\/maggi-mudara-estrutura-de-fiscalizacao-de-frigorificos\/#breadcrumb\"},\"inLanguage\":\"pt-BR\",\"potentialAction\":[{\"@type\":\"ReadAction\",\"target\":[\"https:\/\/acrimat.org.br\/portal\/maggi-mudara-estrutura-de-fiscalizacao-de-frigorificos\/\"]}]},{\"@type\":\"ImageObject\",\"inLanguage\":\"pt-BR\",\"@id\":\"https:\/\/acrimat.org.br\/portal\/maggi-mudara-estrutura-de-fiscalizacao-de-frigorificos\/#primaryimage\",\"url\":\"http:\/\/acrimat.org.br\/portal\/wp-content\/uploads\/2017\/07\/1490087002867-300x200.jpg\",\"contentUrl\":\"http:\/\/acrimat.org.br\/portal\/wp-content\/uploads\/2017\/07\/1490087002867-300x200.jpg\"},{\"@type\":\"BreadcrumbList\",\"@id\":\"https:\/\/acrimat.org.br\/portal\/maggi-mudara-estrutura-de-fiscalizacao-de-frigorificos\/#breadcrumb\",\"itemListElement\":[{\"@type\":\"ListItem\",\"position\":1,\"name\":\"In\u00edcio\",\"item\":\"https:\/\/acrimat.org.br\/portal\/\"},{\"@type\":\"ListItem\",\"position\":2,\"name\":\"Maggi mudar\u00e1 estrutura de fiscaliza\u00e7\u00e3o de frigor\u00edficos\"}]},{\"@type\":\"WebSite\",\"@id\":\"https:\/\/acrimat.org.br\/portal\/#website\",\"url\":\"https:\/\/acrimat.org.br\/portal\/\",\"name\":\"Acrimat\",\"description\":\"Associa\u00e7\u00e3o dos Criadores de Mato Grosso\",\"publisher\":{\"@id\":\"https:\/\/acrimat.org.br\/portal\/#organization\"},\"potentialAction\":[{\"@type\":\"SearchAction\",\"target\":{\"@type\":\"EntryPoint\",\"urlTemplate\":\"https:\/\/acrimat.org.br\/portal\/?s={search_term_string}\"},\"query-input\":{\"@type\":\"PropertyValueSpecification\",\"valueRequired\":true,\"valueName\":\"search_term_string\"}}],\"inLanguage\":\"pt-BR\"},{\"@type\":\"Organization\",\"@id\":\"https:\/\/acrimat.org.br\/portal\/#organization\",\"name\":\"Associa\u00e7\u00e3o dos Criadores de Mato Grosso\",\"url\":\"https:\/\/acrimat.org.br\/portal\/\",\"logo\":{\"@type\":\"ImageObject\",\"inLanguage\":\"pt-BR\",\"@id\":\"https:\/\/acrimat.org.br\/portal\/#\/schema\/logo\/image\/\",\"url\":\"https:\/\/acrimat.org.br\/portal\/wp-content\/uploads\/2018\/03\/logo-peq-original.png\",\"contentUrl\":\"https:\/\/acrimat.org.br\/portal\/wp-content\/uploads\/2018\/03\/logo-peq-original.png\",\"width\":174,\"height\":171,\"caption\":\"Associa\u00e7\u00e3o dos Criadores de Mato Grosso\"},\"image\":{\"@id\":\"https:\/\/acrimat.org.br\/portal\/#\/schema\/logo\/image\/\"}},{\"@type\":\"Person\",\"@id\":\"https:\/\/acrimat.org.br\/portal\/#\/schema\/person\/18df8bcf6890e924fe5d8b5afd2bec0f\",\"name\":\"P\u00e9ricles C\u00e2ndido\",\"image\":{\"@type\":\"ImageObject\",\"inLanguage\":\"pt-BR\",\"@id\":\"https:\/\/acrimat.org.br\/portal\/#\/schema\/person\/image\/\",\"url\":\"https:\/\/secure.gravatar.com\/avatar\/33e2a2b971dc363ed2df53d0d3bfbd18?s=96&d=mm&r=g\",\"contentUrl\":\"https:\/\/secure.gravatar.com\/avatar\/33e2a2b971dc363ed2df53d0d3bfbd18?s=96&d=mm&r=g\",\"caption\":\"P\u00e9ricles C\u00e2ndido\"},\"sameAs\":[\"ascom@acrimat.org.br\"],\"url\":\"https:\/\/acrimat.org.br\/portal\/author\/designergrafico\/\"}]}<\/script>\n<!-- \/ Yoast SEO plugin. -->","yoast_head_json":{"title":"Maggi mudar\u00e1 estrutura de fiscaliza\u00e7\u00e3o de frigor\u00edficos - Acrimat","robots":{"index":"index","follow":"follow","max-snippet":"max-snippet:-1","max-image-preview":"max-image-preview:large","max-video-preview":"max-video-preview:-1"},"canonical":"https:\/\/acrimat.org.br\/portal\/maggi-mudara-estrutura-de-fiscalizacao-de-frigorificos\/","og_locale":"pt_BR","og_type":"article","og_title":"Maggi mudar\u00e1 estrutura de fiscaliza\u00e7\u00e3o de frigor\u00edficos - Acrimat","og_description":"Ideia, segundo contou \u00e0 coluna o ministro, \u00e9 simplificar o processo de inspe\u00e7\u00e3o do abate e de processamento da carne","og_url":"https:\/\/acrimat.org.br\/portal\/maggi-mudara-estrutura-de-fiscalizacao-de-frigorificos\/","og_site_name":"Acrimat","article_published_time":"2017-07-31T13:42:23+00:00","og_image":[{"url":"http:\/\/acrimat.org.br\/portal\/wp-content\/uploads\/2017\/07\/1490087002867-300x200.jpg","type":"","width":"","height":""}],"author":"P\u00e9ricles C\u00e2ndido","twitter_card":"summary_large_image","twitter_misc":{"Escrito por":"P\u00e9ricles C\u00e2ndido","Est. tempo de leitura":"2 minutos"},"schema":{"@context":"https:\/\/schema.org","@graph":[{"@type":"Article","@id":"https:\/\/acrimat.org.br\/portal\/maggi-mudara-estrutura-de-fiscalizacao-de-frigorificos\/#article","isPartOf":{"@id":"https:\/\/acrimat.org.br\/portal\/maggi-mudara-estrutura-de-fiscalizacao-de-frigorificos\/"},"author":{"name":"P\u00e9ricles C\u00e2ndido","@id":"https:\/\/acrimat.org.br\/portal\/#\/schema\/person\/18df8bcf6890e924fe5d8b5afd2bec0f"},"headline":"Maggi mudar\u00e1 estrutura de fiscaliza\u00e7\u00e3o de frigor\u00edficos","datePublished":"2017-07-31T13:42:23+00:00","mainEntityOfPage":{"@id":"https:\/\/acrimat.org.br\/portal\/maggi-mudara-estrutura-de-fiscalizacao-de-frigorificos\/"},"wordCount":420,"publisher":{"@id":"https:\/\/acrimat.org.br\/portal\/#organization"},"image":{"@id":"https:\/\/acrimat.org.br\/portal\/maggi-mudara-estrutura-de-fiscalizacao-de-frigorificos\/#primaryimage"},"thumbnailUrl":"http:\/\/acrimat.org.br\/portal\/wp-content\/uploads\/2017\/07\/1490087002867-300x200.jpg","articleSection":["Destaques","Not\u00edcias"],"inLanguage":"pt-BR"},{"@type":"WebPage","@id":"https:\/\/acrimat.org.br\/portal\/maggi-mudara-estrutura-de-fiscalizacao-de-frigorificos\/","url":"https:\/\/acrimat.org.br\/portal\/maggi-mudara-estrutura-de-fiscalizacao-de-frigorificos\/","name":"Maggi mudar\u00e1 estrutura de fiscaliza\u00e7\u00e3o de frigor\u00edficos - Acrimat","isPartOf":{"@id":"https:\/\/acrimat.org.br\/portal\/#website"},"primaryImageOfPage":{"@id":"https:\/\/acrimat.org.br\/portal\/maggi-mudara-estrutura-de-fiscalizacao-de-frigorificos\/#primaryimage"},"image":{"@id":"https:\/\/acrimat.org.br\/portal\/maggi-mudara-estrutura-de-fiscalizacao-de-frigorificos\/#primaryimage"},"thumbnailUrl":"http:\/\/acrimat.org.br\/portal\/wp-content\/uploads\/2017\/07\/1490087002867-300x200.jpg","datePublished":"2017-07-31T13:42:23+00:00","breadcrumb":{"@id":"https:\/\/acrimat.org.br\/portal\/maggi-mudara-estrutura-de-fiscalizacao-de-frigorificos\/#breadcrumb"},"inLanguage":"pt-BR","potentialAction":[{"@type":"ReadAction","target":["https:\/\/acrimat.org.br\/portal\/maggi-mudara-estrutura-de-fiscalizacao-de-frigorificos\/"]}]},{"@type":"ImageObject","inLanguage":"pt-BR","@id":"https:\/\/acrimat.org.br\/portal\/maggi-mudara-estrutura-de-fiscalizacao-de-frigorificos\/#primaryimage","url":"http:\/\/acrimat.org.br\/portal\/wp-content\/uploads\/2017\/07\/1490087002867-300x200.jpg","contentUrl":"http:\/\/acrimat.org.br\/portal\/wp-content\/uploads\/2017\/07\/1490087002867-300x200.jpg"},{"@type":"BreadcrumbList","@id":"https:\/\/acrimat.org.br\/portal\/maggi-mudara-estrutura-de-fiscalizacao-de-frigorificos\/#breadcrumb","itemListElement":[{"@type":"ListItem","position":1,"name":"In\u00edcio","item":"https:\/\/acrimat.org.br\/portal\/"},{"@type":"ListItem","position":2,"name":"Maggi mudar\u00e1 estrutura de fiscaliza\u00e7\u00e3o de frigor\u00edficos"}]},{"@type":"WebSite","@id":"https:\/\/acrimat.org.br\/portal\/#website","url":"https:\/\/acrimat.org.br\/portal\/","name":"Acrimat","description":"Associa\u00e7\u00e3o dos Criadores de Mato Grosso","publisher":{"@id":"https:\/\/acrimat.org.br\/portal\/#organization"},"potentialAction":[{"@type":"SearchAction","target":{"@type":"EntryPoint","urlTemplate":"https:\/\/acrimat.org.br\/portal\/?s={search_term_string}"},"query-input":{"@type":"PropertyValueSpecification","valueRequired":true,"valueName":"search_term_string"}}],"inLanguage":"pt-BR"},{"@type":"Organization","@id":"https:\/\/acrimat.org.br\/portal\/#organization","name":"Associa\u00e7\u00e3o dos Criadores de Mato Grosso","url":"https:\/\/acrimat.org.br\/portal\/","logo":{"@type":"ImageObject","inLanguage":"pt-BR","@id":"https:\/\/acrimat.org.br\/portal\/#\/schema\/logo\/image\/","url":"https:\/\/acrimat.org.br\/portal\/wp-content\/uploads\/2018\/03\/logo-peq-original.png","contentUrl":"https:\/\/acrimat.org.br\/portal\/wp-content\/uploads\/2018\/03\/logo-peq-original.png","width":174,"height":171,"caption":"Associa\u00e7\u00e3o dos Criadores de Mato Grosso"},"image":{"@id":"https:\/\/acrimat.org.br\/portal\/#\/schema\/logo\/image\/"}},{"@type":"Person","@id":"https:\/\/acrimat.org.br\/portal\/#\/schema\/person\/18df8bcf6890e924fe5d8b5afd2bec0f","name":"P\u00e9ricles C\u00e2ndido","image":{"@type":"ImageObject","inLanguage":"pt-BR","@id":"https:\/\/acrimat.org.br\/portal\/#\/schema\/person\/image\/","url":"https:\/\/secure.gravatar.com\/avatar\/33e2a2b971dc363ed2df53d0d3bfbd18?s=96&d=mm&r=g","contentUrl":"https:\/\/secure.gravatar.com\/avatar\/33e2a2b971dc363ed2df53d0d3bfbd18?s=96&d=mm&r=g","caption":"P\u00e9ricles C\u00e2ndido"},"sameAs":["ascom@acrimat.org.br"],"url":"https:\/\/acrimat.org.br\/portal\/author\/designergrafico\/"}]}},"_links":{"self":[{"href":"https:\/\/acrimat.org.br\/portal\/wp-json\/wp\/v2\/posts\/97982921","targetHints":{"allow":["GET"]}}],"collection":[{"href":"https:\/\/acrimat.org.br\/portal\/wp-json\/wp\/v2\/posts"}],"about":[{"href":"https:\/\/acrimat.org.br\/portal\/wp-json\/wp\/v2\/types\/post"}],"author":[{"embeddable":true,"href":"https:\/\/acrimat.org.br\/portal\/wp-json\/wp\/v2\/users\/11"}],"replies":[{"embeddable":true,"href":"https:\/\/acrimat.org.br\/portal\/wp-json\/wp\/v2\/comments?post=97982921"}],"version-history":[{"count":1,"href":"https:\/\/acrimat.org.br\/portal\/wp-json\/wp\/v2\/posts\/97982921\/revisions"}],"predecessor-version":[{"id":97982922,"href":"https:\/\/acrimat.org.br\/portal\/wp-json\/wp\/v2\/posts\/97982921\/revisions\/97982922"}],"wp:attachment":[{"href":"https:\/\/acrimat.org.br\/portal\/wp-json\/wp\/v2\/media?parent=97982921"}],"wp:term":[{"taxonomy":"category","embeddable":true,"href":"https:\/\/acrimat.org.br\/portal\/wp-json\/wp\/v2\/categories?post=97982921"},{"taxonomy":"post_tag","embeddable":true,"href":"https:\/\/acrimat.org.br\/portal\/wp-json\/wp\/v2\/tags?post=97982921"}],"curies":[{"name":"wp","href":"https:\/\/api.w.org\/{rel}","templated":true}]}}