{"id":97982926,"date":"2017-07-31T10:47:30","date_gmt":"2017-07-31T13:47:30","guid":{"rendered":"http:\/\/acrimat.org.br\/portal\/?p=97982926"},"modified":"2017-08-01T10:17:10","modified_gmt":"2017-08-01T13:17:10","slug":"movimento-nacional-muda-cna-e-lancado-em-rondonopolis","status":"publish","type":"post","link":"https:\/\/acrimat.org.br\/portal\/movimento-nacional-muda-cna-e-lancado-em-rondonopolis\/","title":{"rendered":"Movimento Nacional \u201cMuda CNA\u201d \u00e9 lan\u00e7ado em Rondon\u00f3polis"},"content":{"rendered":"<div id=\"attachment_97982927\" style=\"width: 310px\" class=\"wp-caption alignright\"><a href=\"http:\/\/acrimat.org.br\/portal\/wp-content\/uploads\/2017\/07\/movimento-nacional-cna-29-07-17-foto.jpg\"><img fetchpriority=\"high\" decoding=\"async\" aria-describedby=\"caption-attachment-97982927\" class=\"size-medium wp-image-97982927\" src=\"http:\/\/acrimat.org.br\/portal\/wp-content\/uploads\/2017\/07\/movimento-nacional-cna-29-07-17-foto-300x169.jpg\" alt=\"\" width=\"300\" height=\"169\" srcset=\"https:\/\/acrimat.org.br\/portal\/wp-content\/uploads\/2017\/07\/movimento-nacional-cna-29-07-17-foto-300x169.jpg 300w, https:\/\/acrimat.org.br\/portal\/wp-content\/uploads\/2017\/07\/movimento-nacional-cna-29-07-17-foto-250x141.jpg 250w, https:\/\/acrimat.org.br\/portal\/wp-content\/uploads\/2017\/07\/movimento-nacional-cna-29-07-17-foto-550x309.jpg 550w, https:\/\/acrimat.org.br\/portal\/wp-content\/uploads\/2017\/07\/movimento-nacional-cna-29-07-17-foto-320x180.jpg 320w, https:\/\/acrimat.org.br\/portal\/wp-content\/uploads\/2017\/07\/movimento-nacional-cna-29-07-17-foto-533x300.jpg 533w, https:\/\/acrimat.org.br\/portal\/wp-content\/uploads\/2017\/07\/movimento-nacional-cna-29-07-17-foto.jpg 615w\" sizes=\"(max-width: 300px) 100vw, 300px\" \/><\/a><p id=\"caption-attachment-97982927\" class=\"wp-caption-text\">Foto: Divulga\u00e7\u00e3o\/Assessoria<\/p><\/div>\n<p>Um movimento pedindo mudan\u00e7as e a moderniza\u00e7\u00e3o da Confedera\u00e7\u00e3o Nacional da Agricultura e Pecu\u00e1ria (CNA) foi lan\u00e7ado na noite de anteontem (28.07), em Rondon\u00f3polis. O Movimento \u201cMuda CNA\u201d recebeu o apoio de produtores rurais, l\u00edderes pol\u00edticos e presidentes de diversas entidades representativas do setor produtivo.<\/p>\n<p>Com alguns eixos de discuss\u00e3o, \u201cMuda CNA\u201d defende o fim da reelei\u00e7\u00e3o para presid\u00eancia, por tempo indeterminado como \u00e9 hoje, o fim do sal\u00e1rio para o cargo de presidente da Confedera\u00e7\u00e3o \u2013 estima-se que o valor ultrapasse R$ 70 mil -, e ainda quest\u00f5es relacionadas \u00e0 contribui\u00e7\u00e3o sindical e \u00e0 moderniza\u00e7\u00e3o da entidade representativa do setor.<\/p>\n<p>A CNA tem como miss\u00e3o, conforme seu estatuto, representar, organizar e fortalecer os produtores rurais brasileiros, congregando associa\u00e7\u00f5es e lideran\u00e7as rurais e participando das discuss\u00f5es e decis\u00f5es sobre a pol\u00edtica nacional agr\u00edcola. No entanto, para as entidades isso n\u00e3o vem ocorrendo como deveria.<\/p>\n<p>Entre as entidades que encamparam o movimento est\u00e3o a Associa\u00e7\u00e3o dos Produtores de Soja (Aprosoja), a Associa\u00e7\u00e3o Mato-grossense dos Produtores de Algod\u00e3o (Ampa, Federa\u00e7\u00e3o da Agricultura e Pecu\u00e1ria do Estado de Mato Grosso (Famato), a Associa\u00e7\u00e3o dos Produtores de Sementes de Mato Grosso (Aprosmat), Associa\u00e7\u00e3o dos Criadores de Su\u00ednos de Mato Grosso (Acrismat), Associa\u00e7\u00e3o dos Criadores de Mato Grosso (Acrimat), al\u00e9m da Frente Parlamentar da Agropecu\u00e1ria (FPA).<\/p>\n<p>\u201cO que temos vivenciado na Frente Parlamentar da Agricultura \u00e9 que discutimos com a base, levamos as demandas adiante e a CNA vai na contram\u00e3o de tudo o que foi discutido. N\u00e3o h\u00e1 di\u00e1logo e penso que temos que buscar sim uma nova dire\u00e7\u00e3o. \u00c9 preciso redesenhar o sistema CNA e eu levanto essa bandeira junto com voc\u00eas\u201d, afirmou o deputado federal Adilton Sachetti (PSB), que teve suas palavras endossadas pelo senador Jos\u00e9 Medeiros (PSD).<\/p>\n<p>Al\u00e9m deles, participaram do ato em Rondon\u00f3polis o presidente do Sistema Famato, Normando Corral, o presidente e o vice-presidente da Aprosmat, Gutemberg Silveira e Carlos Augustin, respectivamente, o ex-presidente da Associa\u00e7\u00e3o Mato-grossense dos Produtores de Algod\u00e3o (Ampa) e da Associa\u00e7\u00e3o Brasileira dos Produtores de Algod\u00e3o (Abrapa), Sergio de Marco, o ex-governador Rog\u00e9rio Salles (PSDB), presidente e vice-presidente do Sindicato Rural de Rondon\u00f3polis, Aylon Arruda e Lucindo Zamboni Junior, presidentes dos sindicatos rurais de Alto Gar\u00e7as e de Primavera do Leste, entre outros.<\/p>\n<div id=\"attachment_97982928\" style=\"width: 310px\" class=\"wp-caption alignleft\"><a href=\"http:\/\/acrimat.org.br\/portal\/wp-content\/uploads\/2017\/07\/movimento-muda-cna-29-07-17-foto.jpg\"><img decoding=\"async\" aria-describedby=\"caption-attachment-97982928\" class=\"size-medium wp-image-97982928\" src=\"http:\/\/acrimat.org.br\/portal\/wp-content\/uploads\/2017\/07\/movimento-muda-cna-29-07-17-foto-300x169.jpg\" alt=\"\" width=\"300\" height=\"169\" srcset=\"https:\/\/acrimat.org.br\/portal\/wp-content\/uploads\/2017\/07\/movimento-muda-cna-29-07-17-foto-300x169.jpg 300w, https:\/\/acrimat.org.br\/portal\/wp-content\/uploads\/2017\/07\/movimento-muda-cna-29-07-17-foto-250x141.jpg 250w, https:\/\/acrimat.org.br\/portal\/wp-content\/uploads\/2017\/07\/movimento-muda-cna-29-07-17-foto-550x309.jpg 550w, https:\/\/acrimat.org.br\/portal\/wp-content\/uploads\/2017\/07\/movimento-muda-cna-29-07-17-foto-320x180.jpg 320w, https:\/\/acrimat.org.br\/portal\/wp-content\/uploads\/2017\/07\/movimento-muda-cna-29-07-17-foto-533x300.jpg 533w, https:\/\/acrimat.org.br\/portal\/wp-content\/uploads\/2017\/07\/movimento-muda-cna-29-07-17-foto.jpg 615w\" sizes=\"(max-width: 300px) 100vw, 300px\" \/><\/a><p id=\"caption-attachment-97982928\" class=\"wp-caption-text\">Movimento pedindo mudan\u00e7as e a moderniza\u00e7\u00e3o da CNA foi lan\u00e7ada na noite de anteontem \u2013 Foto: Divulga\u00e7\u00e3o\/Assessoria<\/p><\/div>\n<p>No in\u00edcio da reuni\u00e3o foram apresentados v\u00eddeos de apoio ao Movimento \u201cMuda CNA\u201d de l\u00edderes que n\u00e3o puderam comparecer. Em seu depoimento, o presidente da Aprosoja, Endrigo Dalcin, explicou porque apoia as mudan\u00e7as.<\/p>\n<p>\u201cNos \u00faltimos meses a CNA tem nos envergonhado e n\u00e3o tem representado a classe. O movimento pede mudan\u00e7as e a moderniza\u00e7\u00e3o para que as coisas sejam tratadas com mais clareza e, de fato, a favor dos produtores, precisamos de uma verdadeira representante\u201d, afirmou Dalcin.<\/p>\n<p>Segundo o vice-presidente da Aprosmat, Carlos Augustin, o momento \u00e9 prop\u00edcio para o debate. \u201cEst\u00e1 claro que o momento \u00e9 insatisfa\u00e7\u00e3o geral e devemos nos movimentar para mudar o quadro. H\u00e1 casos de presidentes que se acomodam e fazem da Confedera\u00e7\u00e3o, e algumas federa\u00e7\u00f5es, sua carreira, pois com os altos sal\u00e1rios n\u00e3o querem deixar o posto. No entanto, n\u00f3s somos prejudicados, pois deixamos de ser ouvidos, n\u00e3o h\u00e1 di\u00e1logo e nem participa\u00e7\u00e3o dos produtores nas decis\u00f5es\u201d, afirmou.<\/p>\n<p>Para o presidente da Aprosoja Brasil, Marcos da Rosa, a CNA precisa ter um estatuto mais democr\u00e1tico, mais forte e mais representativo. \u201cAcredito que agora \u00e9 um bom momento para iniciar essa mudan\u00e7a por um processo mais democr\u00e1tico dentro da institui\u00e7\u00e3o\u201d, disse em depoimento. Presente na reuni\u00e3o, o presidente da Famato, Normando Corral, relatou que a insatisfa\u00e7\u00e3o dos setores com a atual gest\u00e3o da CNA chegou ao limite quando a CNA se manifestou favor\u00e1vel \u00e0 retomada da cobran\u00e7a do Funrural, uma decis\u00e3o do Supremo Tribunal Federal tomada em mar\u00e7o desse ano.<\/p>\n<p>\u201cNaquele momento n\u00f3s emitimos uma nota enquanto Federa\u00e7\u00e3o manifestando nossa indigna\u00e7\u00e3o com a postura da CNA, marcando posi\u00e7\u00e3o. E digo que a mudan\u00e7a que voc\u00eas querem na CNA n\u00e3o \u00e9 diferente da mudan\u00e7a que eu quero\u201d, disse o presidente da Famato.<\/p>\n<p>A partir de agora, o movimento come\u00e7a a se espalhar por todo pa\u00eds na tentativa de mudar o estatuto com os pontos elencados pela comiss\u00e3o que lan\u00e7ou o \u201cMuda CNA\u201d. A Confedera\u00e7\u00e3o ter\u00e1 novas elei\u00e7\u00f5es em novembro deste ano.<\/p>\n","protected":false},"excerpt":{"rendered":"<p>Um movimento pedindo mudan\u00e7as e a moderniza\u00e7\u00e3o da Confedera\u00e7\u00e3o Nacional da Agricultura e Pecu\u00e1ria (CNA) foi lan\u00e7ado na noite de anteontem (28.07), em Rondon\u00f3polis<\/p>\n","protected":false},"author":11,"featured_media":97982927,"comment_status":"closed","ping_status":"closed","sticky":false,"template":"","format":"standard","meta":{"footnotes":""},"categories":[6,1],"tags":[],"class_list":["post-97982926","post","type-post","status-publish","format-standard","has-post-thumbnail","hentry","category-destaque","category-noticia"],"yoast_head":"<!-- This site is optimized with the Yoast SEO plugin v24.8.1 - https:\/\/yoast.com\/wordpress\/plugins\/seo\/ -->\n<title>Movimento Nacional \u201cMuda CNA\u201d \u00e9 lan\u00e7ado em Rondon\u00f3polis - Acrimat<\/title>\n<meta name=\"robots\" content=\"index, follow, max-snippet:-1, max-image-preview:large, max-video-preview:-1\" \/>\n<link rel=\"canonical\" href=\"https:\/\/acrimat.org.br\/portal\/movimento-nacional-muda-cna-e-lancado-em-rondonopolis\/\" \/>\n<meta property=\"og:locale\" content=\"pt_BR\" \/>\n<meta property=\"og:type\" content=\"article\" \/>\n<meta property=\"og:title\" content=\"Movimento Nacional \u201cMuda CNA\u201d \u00e9 lan\u00e7ado em Rondon\u00f3polis - Acrimat\" \/>\n<meta property=\"og:description\" content=\"Um movimento pedindo mudan\u00e7as e a moderniza\u00e7\u00e3o da Confedera\u00e7\u00e3o Nacional da Agricultura e Pecu\u00e1ria (CNA) foi lan\u00e7ado na noite de anteontem (28.07), em Rondon\u00f3polis\" \/>\n<meta property=\"og:url\" content=\"https:\/\/acrimat.org.br\/portal\/movimento-nacional-muda-cna-e-lancado-em-rondonopolis\/\" \/>\n<meta property=\"og:site_name\" content=\"Acrimat\" \/>\n<meta property=\"article:published_time\" content=\"2017-07-31T13:47:30+00:00\" \/>\n<meta property=\"article:modified_time\" content=\"2017-08-01T13:17:10+00:00\" \/>\n<meta property=\"og:image\" content=\"https:\/\/acrimat.org.br\/portal\/wp-content\/uploads\/2017\/07\/movimento-nacional-cna-29-07-17-foto.jpg\" \/>\n\t<meta property=\"og:image:width\" content=\"615\" \/>\n\t<meta property=\"og:image:height\" content=\"346\" \/>\n\t<meta property=\"og:image:type\" content=\"image\/jpeg\" \/>\n<meta name=\"author\" content=\"P\u00e9ricles C\u00e2ndido\" \/>\n<meta name=\"twitter:card\" content=\"summary_large_image\" \/>\n<meta name=\"twitter:label1\" content=\"Escrito por\" \/>\n\t<meta name=\"twitter:data1\" content=\"P\u00e9ricles C\u00e2ndido\" \/>\n\t<meta name=\"twitter:label2\" content=\"Est. tempo de leitura\" \/>\n\t<meta name=\"twitter:data2\" content=\"4 minutos\" \/>\n<script type=\"application\/ld+json\" class=\"yoast-schema-graph\">{\"@context\":\"https:\/\/schema.org\",\"@graph\":[{\"@type\":\"Article\",\"@id\":\"https:\/\/acrimat.org.br\/portal\/movimento-nacional-muda-cna-e-lancado-em-rondonopolis\/#article\",\"isPartOf\":{\"@id\":\"https:\/\/acrimat.org.br\/portal\/movimento-nacional-muda-cna-e-lancado-em-rondonopolis\/\"},\"author\":{\"name\":\"P\u00e9ricles C\u00e2ndido\",\"@id\":\"https:\/\/acrimat.org.br\/portal\/#\/schema\/person\/18df8bcf6890e924fe5d8b5afd2bec0f\"},\"headline\":\"Movimento Nacional \u201cMuda CNA\u201d \u00e9 lan\u00e7ado em Rondon\u00f3polis\",\"datePublished\":\"2017-07-31T13:47:30+00:00\",\"dateModified\":\"2017-08-01T13:17:10+00:00\",\"mainEntityOfPage\":{\"@id\":\"https:\/\/acrimat.org.br\/portal\/movimento-nacional-muda-cna-e-lancado-em-rondonopolis\/\"},\"wordCount\":823,\"publisher\":{\"@id\":\"https:\/\/acrimat.org.br\/portal\/#organization\"},\"image\":{\"@id\":\"https:\/\/acrimat.org.br\/portal\/movimento-nacional-muda-cna-e-lancado-em-rondonopolis\/#primaryimage\"},\"thumbnailUrl\":\"https:\/\/acrimat.org.br\/portal\/wp-content\/uploads\/2017\/07\/movimento-nacional-cna-29-07-17-foto.jpg\",\"articleSection\":[\"Destaques\",\"Not\u00edcias\"],\"inLanguage\":\"pt-BR\"},{\"@type\":\"WebPage\",\"@id\":\"https:\/\/acrimat.org.br\/portal\/movimento-nacional-muda-cna-e-lancado-em-rondonopolis\/\",\"url\":\"https:\/\/acrimat.org.br\/portal\/movimento-nacional-muda-cna-e-lancado-em-rondonopolis\/\",\"name\":\"Movimento Nacional \u201cMuda CNA\u201d \u00e9 lan\u00e7ado em Rondon\u00f3polis - Acrimat\",\"isPartOf\":{\"@id\":\"https:\/\/acrimat.org.br\/portal\/#website\"},\"primaryImageOfPage\":{\"@id\":\"https:\/\/acrimat.org.br\/portal\/movimento-nacional-muda-cna-e-lancado-em-rondonopolis\/#primaryimage\"},\"image\":{\"@id\":\"https:\/\/acrimat.org.br\/portal\/movimento-nacional-muda-cna-e-lancado-em-rondonopolis\/#primaryimage\"},\"thumbnailUrl\":\"https:\/\/acrimat.org.br\/portal\/wp-content\/uploads\/2017\/07\/movimento-nacional-cna-29-07-17-foto.jpg\",\"datePublished\":\"2017-07-31T13:47:30+00:00\",\"dateModified\":\"2017-08-01T13:17:10+00:00\",\"breadcrumb\":{\"@id\":\"https:\/\/acrimat.org.br\/portal\/movimento-nacional-muda-cna-e-lancado-em-rondonopolis\/#breadcrumb\"},\"inLanguage\":\"pt-BR\",\"potentialAction\":[{\"@type\":\"ReadAction\",\"target\":[\"https:\/\/acrimat.org.br\/portal\/movimento-nacional-muda-cna-e-lancado-em-rondonopolis\/\"]}]},{\"@type\":\"ImageObject\",\"inLanguage\":\"pt-BR\",\"@id\":\"https:\/\/acrimat.org.br\/portal\/movimento-nacional-muda-cna-e-lancado-em-rondonopolis\/#primaryimage\",\"url\":\"https:\/\/acrimat.org.br\/portal\/wp-content\/uploads\/2017\/07\/movimento-nacional-cna-29-07-17-foto.jpg\",\"contentUrl\":\"https:\/\/acrimat.org.br\/portal\/wp-content\/uploads\/2017\/07\/movimento-nacional-cna-29-07-17-foto.jpg\",\"width\":615,\"height\":346,\"caption\":\"Foto: Divulga\u00e7\u00e3o\/Assessoria\"},{\"@type\":\"BreadcrumbList\",\"@id\":\"https:\/\/acrimat.org.br\/portal\/movimento-nacional-muda-cna-e-lancado-em-rondonopolis\/#breadcrumb\",\"itemListElement\":[{\"@type\":\"ListItem\",\"position\":1,\"name\":\"In\u00edcio\",\"item\":\"https:\/\/acrimat.org.br\/portal\/\"},{\"@type\":\"ListItem\",\"position\":2,\"name\":\"Movimento Nacional \u201cMuda CNA\u201d \u00e9 lan\u00e7ado em Rondon\u00f3polis\"}]},{\"@type\":\"WebSite\",\"@id\":\"https:\/\/acrimat.org.br\/portal\/#website\",\"url\":\"https:\/\/acrimat.org.br\/portal\/\",\"name\":\"Acrimat\",\"description\":\"Associa\u00e7\u00e3o dos Criadores de Mato Grosso\",\"publisher\":{\"@id\":\"https:\/\/acrimat.org.br\/portal\/#organization\"},\"potentialAction\":[{\"@type\":\"SearchAction\",\"target\":{\"@type\":\"EntryPoint\",\"urlTemplate\":\"https:\/\/acrimat.org.br\/portal\/?s={search_term_string}\"},\"query-input\":{\"@type\":\"PropertyValueSpecification\",\"valueRequired\":true,\"valueName\":\"search_term_string\"}}],\"inLanguage\":\"pt-BR\"},{\"@type\":\"Organization\",\"@id\":\"https:\/\/acrimat.org.br\/portal\/#organization\",\"name\":\"Associa\u00e7\u00e3o dos Criadores de Mato Grosso\",\"url\":\"https:\/\/acrimat.org.br\/portal\/\",\"logo\":{\"@type\":\"ImageObject\",\"inLanguage\":\"pt-BR\",\"@id\":\"https:\/\/acrimat.org.br\/portal\/#\/schema\/logo\/image\/\",\"url\":\"https:\/\/acrimat.org.br\/portal\/wp-content\/uploads\/2018\/03\/logo-peq-original.png\",\"contentUrl\":\"https:\/\/acrimat.org.br\/portal\/wp-content\/uploads\/2018\/03\/logo-peq-original.png\",\"width\":174,\"height\":171,\"caption\":\"Associa\u00e7\u00e3o dos Criadores de Mato Grosso\"},\"image\":{\"@id\":\"https:\/\/acrimat.org.br\/portal\/#\/schema\/logo\/image\/\"}},{\"@type\":\"Person\",\"@id\":\"https:\/\/acrimat.org.br\/portal\/#\/schema\/person\/18df8bcf6890e924fe5d8b5afd2bec0f\",\"name\":\"P\u00e9ricles C\u00e2ndido\",\"image\":{\"@type\":\"ImageObject\",\"inLanguage\":\"pt-BR\",\"@id\":\"https:\/\/acrimat.org.br\/portal\/#\/schema\/person\/image\/\",\"url\":\"https:\/\/secure.gravatar.com\/avatar\/33e2a2b971dc363ed2df53d0d3bfbd18?s=96&d=mm&r=g\",\"contentUrl\":\"https:\/\/secure.gravatar.com\/avatar\/33e2a2b971dc363ed2df53d0d3bfbd18?s=96&d=mm&r=g\",\"caption\":\"P\u00e9ricles C\u00e2ndido\"},\"sameAs\":[\"ascom@acrimat.org.br\"],\"url\":\"https:\/\/acrimat.org.br\/portal\/author\/designergrafico\/\"}]}<\/script>\n<!-- \/ Yoast SEO plugin. -->","yoast_head_json":{"title":"Movimento Nacional \u201cMuda CNA\u201d \u00e9 lan\u00e7ado em Rondon\u00f3polis - Acrimat","robots":{"index":"index","follow":"follow","max-snippet":"max-snippet:-1","max-image-preview":"max-image-preview:large","max-video-preview":"max-video-preview:-1"},"canonical":"https:\/\/acrimat.org.br\/portal\/movimento-nacional-muda-cna-e-lancado-em-rondonopolis\/","og_locale":"pt_BR","og_type":"article","og_title":"Movimento Nacional \u201cMuda CNA\u201d \u00e9 lan\u00e7ado em Rondon\u00f3polis - Acrimat","og_description":"Um movimento pedindo mudan\u00e7as e a moderniza\u00e7\u00e3o da Confedera\u00e7\u00e3o Nacional da Agricultura e Pecu\u00e1ria (CNA) foi lan\u00e7ado na noite de anteontem (28.07), em Rondon\u00f3polis","og_url":"https:\/\/acrimat.org.br\/portal\/movimento-nacional-muda-cna-e-lancado-em-rondonopolis\/","og_site_name":"Acrimat","article_published_time":"2017-07-31T13:47:30+00:00","article_modified_time":"2017-08-01T13:17:10+00:00","og_image":[{"width":615,"height":346,"url":"https:\/\/acrimat.org.br\/portal\/wp-content\/uploads\/2017\/07\/movimento-nacional-cna-29-07-17-foto.jpg","type":"image\/jpeg"}],"author":"P\u00e9ricles C\u00e2ndido","twitter_card":"summary_large_image","twitter_misc":{"Escrito por":"P\u00e9ricles C\u00e2ndido","Est. tempo de leitura":"4 minutos"},"schema":{"@context":"https:\/\/schema.org","@graph":[{"@type":"Article","@id":"https:\/\/acrimat.org.br\/portal\/movimento-nacional-muda-cna-e-lancado-em-rondonopolis\/#article","isPartOf":{"@id":"https:\/\/acrimat.org.br\/portal\/movimento-nacional-muda-cna-e-lancado-em-rondonopolis\/"},"author":{"name":"P\u00e9ricles C\u00e2ndido","@id":"https:\/\/acrimat.org.br\/portal\/#\/schema\/person\/18df8bcf6890e924fe5d8b5afd2bec0f"},"headline":"Movimento Nacional \u201cMuda CNA\u201d \u00e9 lan\u00e7ado em Rondon\u00f3polis","datePublished":"2017-07-31T13:47:30+00:00","dateModified":"2017-08-01T13:17:10+00:00","mainEntityOfPage":{"@id":"https:\/\/acrimat.org.br\/portal\/movimento-nacional-muda-cna-e-lancado-em-rondonopolis\/"},"wordCount":823,"publisher":{"@id":"https:\/\/acrimat.org.br\/portal\/#organization"},"image":{"@id":"https:\/\/acrimat.org.br\/portal\/movimento-nacional-muda-cna-e-lancado-em-rondonopolis\/#primaryimage"},"thumbnailUrl":"https:\/\/acrimat.org.br\/portal\/wp-content\/uploads\/2017\/07\/movimento-nacional-cna-29-07-17-foto.jpg","articleSection":["Destaques","Not\u00edcias"],"inLanguage":"pt-BR"},{"@type":"WebPage","@id":"https:\/\/acrimat.org.br\/portal\/movimento-nacional-muda-cna-e-lancado-em-rondonopolis\/","url":"https:\/\/acrimat.org.br\/portal\/movimento-nacional-muda-cna-e-lancado-em-rondonopolis\/","name":"Movimento Nacional \u201cMuda CNA\u201d \u00e9 lan\u00e7ado em Rondon\u00f3polis - Acrimat","isPartOf":{"@id":"https:\/\/acrimat.org.br\/portal\/#website"},"primaryImageOfPage":{"@id":"https:\/\/acrimat.org.br\/portal\/movimento-nacional-muda-cna-e-lancado-em-rondonopolis\/#primaryimage"},"image":{"@id":"https:\/\/acrimat.org.br\/portal\/movimento-nacional-muda-cna-e-lancado-em-rondonopolis\/#primaryimage"},"thumbnailUrl":"https:\/\/acrimat.org.br\/portal\/wp-content\/uploads\/2017\/07\/movimento-nacional-cna-29-07-17-foto.jpg","datePublished":"2017-07-31T13:47:30+00:00","dateModified":"2017-08-01T13:17:10+00:00","breadcrumb":{"@id":"https:\/\/acrimat.org.br\/portal\/movimento-nacional-muda-cna-e-lancado-em-rondonopolis\/#breadcrumb"},"inLanguage":"pt-BR","potentialAction":[{"@type":"ReadAction","target":["https:\/\/acrimat.org.br\/portal\/movimento-nacional-muda-cna-e-lancado-em-rondonopolis\/"]}]},{"@type":"ImageObject","inLanguage":"pt-BR","@id":"https:\/\/acrimat.org.br\/portal\/movimento-nacional-muda-cna-e-lancado-em-rondonopolis\/#primaryimage","url":"https:\/\/acrimat.org.br\/portal\/wp-content\/uploads\/2017\/07\/movimento-nacional-cna-29-07-17-foto.jpg","contentUrl":"https:\/\/acrimat.org.br\/portal\/wp-content\/uploads\/2017\/07\/movimento-nacional-cna-29-07-17-foto.jpg","width":615,"height":346,"caption":"Foto: Divulga\u00e7\u00e3o\/Assessoria"},{"@type":"BreadcrumbList","@id":"https:\/\/acrimat.org.br\/portal\/movimento-nacional-muda-cna-e-lancado-em-rondonopolis\/#breadcrumb","itemListElement":[{"@type":"ListItem","position":1,"name":"In\u00edcio","item":"https:\/\/acrimat.org.br\/portal\/"},{"@type":"ListItem","position":2,"name":"Movimento Nacional \u201cMuda CNA\u201d \u00e9 lan\u00e7ado em Rondon\u00f3polis"}]},{"@type":"WebSite","@id":"https:\/\/acrimat.org.br\/portal\/#website","url":"https:\/\/acrimat.org.br\/portal\/","name":"Acrimat","description":"Associa\u00e7\u00e3o dos Criadores de Mato Grosso","publisher":{"@id":"https:\/\/acrimat.org.br\/portal\/#organization"},"potentialAction":[{"@type":"SearchAction","target":{"@type":"EntryPoint","urlTemplate":"https:\/\/acrimat.org.br\/portal\/?s={search_term_string}"},"query-input":{"@type":"PropertyValueSpecification","valueRequired":true,"valueName":"search_term_string"}}],"inLanguage":"pt-BR"},{"@type":"Organization","@id":"https:\/\/acrimat.org.br\/portal\/#organization","name":"Associa\u00e7\u00e3o dos Criadores de Mato Grosso","url":"https:\/\/acrimat.org.br\/portal\/","logo":{"@type":"ImageObject","inLanguage":"pt-BR","@id":"https:\/\/acrimat.org.br\/portal\/#\/schema\/logo\/image\/","url":"https:\/\/acrimat.org.br\/portal\/wp-content\/uploads\/2018\/03\/logo-peq-original.png","contentUrl":"https:\/\/acrimat.org.br\/portal\/wp-content\/uploads\/2018\/03\/logo-peq-original.png","width":174,"height":171,"caption":"Associa\u00e7\u00e3o dos Criadores de Mato Grosso"},"image":{"@id":"https:\/\/acrimat.org.br\/portal\/#\/schema\/logo\/image\/"}},{"@type":"Person","@id":"https:\/\/acrimat.org.br\/portal\/#\/schema\/person\/18df8bcf6890e924fe5d8b5afd2bec0f","name":"P\u00e9ricles C\u00e2ndido","image":{"@type":"ImageObject","inLanguage":"pt-BR","@id":"https:\/\/acrimat.org.br\/portal\/#\/schema\/person\/image\/","url":"https:\/\/secure.gravatar.com\/avatar\/33e2a2b971dc363ed2df53d0d3bfbd18?s=96&d=mm&r=g","contentUrl":"https:\/\/secure.gravatar.com\/avatar\/33e2a2b971dc363ed2df53d0d3bfbd18?s=96&d=mm&r=g","caption":"P\u00e9ricles C\u00e2ndido"},"sameAs":["ascom@acrimat.org.br"],"url":"https:\/\/acrimat.org.br\/portal\/author\/designergrafico\/"}]}},"_links":{"self":[{"href":"https:\/\/acrimat.org.br\/portal\/wp-json\/wp\/v2\/posts\/97982926","targetHints":{"allow":["GET"]}}],"collection":[{"href":"https:\/\/acrimat.org.br\/portal\/wp-json\/wp\/v2\/posts"}],"about":[{"href":"https:\/\/acrimat.org.br\/portal\/wp-json\/wp\/v2\/types\/post"}],"author":[{"embeddable":true,"href":"https:\/\/acrimat.org.br\/portal\/wp-json\/wp\/v2\/users\/11"}],"replies":[{"embeddable":true,"href":"https:\/\/acrimat.org.br\/portal\/wp-json\/wp\/v2\/comments?post=97982926"}],"version-history":[{"count":2,"href":"https:\/\/acrimat.org.br\/portal\/wp-json\/wp\/v2\/posts\/97982926\/revisions"}],"predecessor-version":[{"id":97982946,"href":"https:\/\/acrimat.org.br\/portal\/wp-json\/wp\/v2\/posts\/97982926\/revisions\/97982946"}],"wp:featuredmedia":[{"embeddable":true,"href":"https:\/\/acrimat.org.br\/portal\/wp-json\/wp\/v2\/media\/97982927"}],"wp:attachment":[{"href":"https:\/\/acrimat.org.br\/portal\/wp-json\/wp\/v2\/media?parent=97982926"}],"wp:term":[{"taxonomy":"category","embeddable":true,"href":"https:\/\/acrimat.org.br\/portal\/wp-json\/wp\/v2\/categories?post=97982926"},{"taxonomy":"post_tag","embeddable":true,"href":"https:\/\/acrimat.org.br\/portal\/wp-json\/wp\/v2\/tags?post=97982926"}],"curies":[{"name":"wp","href":"https:\/\/api.w.org\/{rel}","templated":true}]}}