{"id":97982937,"date":"2017-08-01T10:05:52","date_gmt":"2017-08-01T13:05:52","guid":{"rendered":"http:\/\/acrimat.org.br\/portal\/?p=97982937"},"modified":"2017-08-01T10:05:52","modified_gmt":"2017-08-01T13:05:52","slug":"exposul-vai-sediar-etapa-do-circuito-genetica-do-mato-grosso","status":"publish","type":"post","link":"https:\/\/acrimat.org.br\/portal\/exposul-vai-sediar-etapa-do-circuito-genetica-do-mato-grosso\/","title":{"rendered":"Exposul vai sediar etapa do Circuito Gen\u00e9tica do Mato Grosso"},"content":{"rendered":"<p><a href=\"http:\/\/acrimat.org.br\/portal\/wp-content\/uploads\/2017\/08\/thumbnail_VITRINE-31-640x426.jpg\"><img fetchpriority=\"high\" decoding=\"async\" class=\"alignright size-medium wp-image-97982938\" src=\"http:\/\/acrimat.org.br\/portal\/wp-content\/uploads\/2017\/08\/thumbnail_VITRINE-31-640x426-300x200.jpg\" alt=\"\" width=\"300\" height=\"200\" srcset=\"https:\/\/acrimat.org.br\/portal\/wp-content\/uploads\/2017\/08\/thumbnail_VITRINE-31-640x426-300x200.jpg 300w, https:\/\/acrimat.org.br\/portal\/wp-content\/uploads\/2017\/08\/thumbnail_VITRINE-31-640x426-250x166.jpg 250w, https:\/\/acrimat.org.br\/portal\/wp-content\/uploads\/2017\/08\/thumbnail_VITRINE-31-640x426-550x366.jpg 550w, https:\/\/acrimat.org.br\/portal\/wp-content\/uploads\/2017\/08\/thumbnail_VITRINE-31-640x426-270x180.jpg 270w, https:\/\/acrimat.org.br\/portal\/wp-content\/uploads\/2017\/08\/thumbnail_VITRINE-31-640x426-451x300.jpg 451w, https:\/\/acrimat.org.br\/portal\/wp-content\/uploads\/2017\/08\/thumbnail_VITRINE-31-640x426-272x182.jpg 272w, https:\/\/acrimat.org.br\/portal\/wp-content\/uploads\/2017\/08\/thumbnail_VITRINE-31-640x426.jpg 640w\" sizes=\"(max-width: 300px) 100vw, 300px\" \/><\/a>A GenaPec \u00e9 uma exposi\u00e7\u00e3o de animais participantes do Programa de Avalia\u00e7\u00e3o Gen\u00e9tico chancelado pelo Minist\u00e9rio da Agricultura, Pecu\u00e1ria e Abastecimento- MAPA, a ser classificado at\u00e9 20% o Zebu pelos programas ANCP, Cia de Melhoramento, Conex\u00e3o Delta G, Genepluz, PMGZ e PAINT. At\u00e9 50% o Senepol contemplado pelo Geneplus, e Pampaplus para Hereford e Braford. Esta, por\u00e9m, relacionada a busca pelo melhoramento da gen\u00e9tica animal, visando a melhor qualidade de carca\u00e7a, carne e acabamento final do rebanho, al\u00e9m da comercializa\u00e7\u00e3o de s\u00eamen e de touros.<\/p>\n<p>Com a Genapec, a Exposul busca trazer para Mato Grosso, estado com o maior rebanho Nelore do pa\u00eds \u2013 30 milh\u00f5es de cabe\u00e7as, o que se tem de melhor na Expo Gen\u00e9tica. A proposta \u00e9 buscar pelo melhoramento gen\u00e9tico em gado de corte, CEIP, LA e PO, considerado um gargalo em Mato Grosso, pois ainda h\u00e1 grande defici\u00eancia na pr\u00e1tica, em rela\u00e7\u00e3o ao potencial apresentado pelo estado.<\/p>\n<p>A escolha por Rondon\u00f3polis, para sediar uma das etapas se deu frente ao fato de que a cidade \u00e9 considerada polo de uma importante regi\u00e3o fornecedora de gen\u00e9tica para o Estado de Mato Grosso, al\u00e9m de cidades de outros estados brasileiros.<\/p>\n<p>A etapa de Rondon\u00f3polis envolve cinco pilares \u2013 O primeiro pilar \u00e9 o leil\u00e3o Quality, que acontece no s\u00e1bado (05), com bezerros e PO e bezerras de corte. O segundo \u00e9 o julgamento a campo de animais de 7 a 30 meses, machos com registro geneal\u00f3gico nas categorias Puro de Origem \u2013 PO, e f\u00eameas com registro geneal\u00f3gico nas categorias PO e Livro Aberto \u2013 LA, com pais conhecidos, Nelore e Nelore Mocho, com documento de Registro Geneal\u00f3gico de Nascimento- RGN, ou Registro Geneal\u00f3gico Definitivo \u2013 RGD. O julgamento a campo \u00e9 uma ferramenta de avalia\u00e7\u00e3o visual de animais Nelore e Nelore Mocho geneticamente superiores e criados a campo.<\/p>\n","protected":false},"excerpt":{"rendered":"<p>Com a Genapec, a Exposul busca trazer para Mato Grosso, estado com o maior rebanho Nelore do pa\u00eds \u2013 30 milh\u00f5es de cabe\u00e7as, o que se tem de melhor na Expo Gen\u00e9tica<\/p>\n","protected":false},"author":11,"featured_media":97982938,"comment_status":"closed","ping_status":"closed","sticky":false,"template":"","format":"standard","meta":{"footnotes":""},"categories":[6,1],"tags":[],"class_list":["post-97982937","post","type-post","status-publish","format-standard","has-post-thumbnail","hentry","category-destaque","category-noticia"],"yoast_head":"<!-- This site is optimized with the Yoast SEO plugin v24.8.1 - https:\/\/yoast.com\/wordpress\/plugins\/seo\/ -->\n<title>Exposul vai sediar etapa do Circuito Gen\u00e9tica do Mato Grosso - Acrimat<\/title>\n<meta name=\"robots\" content=\"index, follow, max-snippet:-1, max-image-preview:large, max-video-preview:-1\" \/>\n<link rel=\"canonical\" href=\"https:\/\/acrimat.org.br\/portal\/exposul-vai-sediar-etapa-do-circuito-genetica-do-mato-grosso\/\" \/>\n<meta property=\"og:locale\" content=\"pt_BR\" \/>\n<meta property=\"og:type\" content=\"article\" \/>\n<meta property=\"og:title\" content=\"Exposul vai sediar etapa do Circuito Gen\u00e9tica do Mato Grosso - Acrimat\" \/>\n<meta property=\"og:description\" content=\"Com a Genapec, a Exposul busca trazer para Mato Grosso, estado com o maior rebanho Nelore do pa\u00eds \u2013 30 milh\u00f5es de cabe\u00e7as, o que se tem de melhor na Expo Gen\u00e9tica\" \/>\n<meta property=\"og:url\" content=\"https:\/\/acrimat.org.br\/portal\/exposul-vai-sediar-etapa-do-circuito-genetica-do-mato-grosso\/\" \/>\n<meta property=\"og:site_name\" content=\"Acrimat\" \/>\n<meta property=\"article:published_time\" content=\"2017-08-01T13:05:52+00:00\" \/>\n<meta property=\"og:image\" content=\"https:\/\/acrimat.org.br\/portal\/wp-content\/uploads\/2017\/08\/thumbnail_VITRINE-31-640x426.jpg\" \/>\n\t<meta property=\"og:image:width\" content=\"640\" \/>\n\t<meta property=\"og:image:height\" content=\"426\" \/>\n\t<meta property=\"og:image:type\" content=\"image\/jpeg\" \/>\n<meta name=\"author\" content=\"P\u00e9ricles C\u00e2ndido\" \/>\n<meta name=\"twitter:card\" content=\"summary_large_image\" \/>\n<meta name=\"twitter:label1\" content=\"Escrito por\" \/>\n\t<meta name=\"twitter:data1\" content=\"P\u00e9ricles C\u00e2ndido\" \/>\n\t<meta name=\"twitter:label2\" content=\"Est. tempo de leitura\" \/>\n\t<meta name=\"twitter:data2\" content=\"2 minutos\" \/>\n<script type=\"application\/ld+json\" class=\"yoast-schema-graph\">{\"@context\":\"https:\/\/schema.org\",\"@graph\":[{\"@type\":\"Article\",\"@id\":\"https:\/\/acrimat.org.br\/portal\/exposul-vai-sediar-etapa-do-circuito-genetica-do-mato-grosso\/#article\",\"isPartOf\":{\"@id\":\"https:\/\/acrimat.org.br\/portal\/exposul-vai-sediar-etapa-do-circuito-genetica-do-mato-grosso\/\"},\"author\":{\"name\":\"P\u00e9ricles C\u00e2ndido\",\"@id\":\"https:\/\/acrimat.org.br\/portal\/#\/schema\/person\/18df8bcf6890e924fe5d8b5afd2bec0f\"},\"headline\":\"Exposul vai sediar etapa do Circuito Gen\u00e9tica do Mato Grosso\",\"datePublished\":\"2017-08-01T13:05:52+00:00\",\"mainEntityOfPage\":{\"@id\":\"https:\/\/acrimat.org.br\/portal\/exposul-vai-sediar-etapa-do-circuito-genetica-do-mato-grosso\/\"},\"wordCount\":329,\"publisher\":{\"@id\":\"https:\/\/acrimat.org.br\/portal\/#organization\"},\"image\":{\"@id\":\"https:\/\/acrimat.org.br\/portal\/exposul-vai-sediar-etapa-do-circuito-genetica-do-mato-grosso\/#primaryimage\"},\"thumbnailUrl\":\"https:\/\/acrimat.org.br\/portal\/wp-content\/uploads\/2017\/08\/thumbnail_VITRINE-31-640x426.jpg\",\"articleSection\":[\"Destaques\",\"Not\u00edcias\"],\"inLanguage\":\"pt-BR\"},{\"@type\":\"WebPage\",\"@id\":\"https:\/\/acrimat.org.br\/portal\/exposul-vai-sediar-etapa-do-circuito-genetica-do-mato-grosso\/\",\"url\":\"https:\/\/acrimat.org.br\/portal\/exposul-vai-sediar-etapa-do-circuito-genetica-do-mato-grosso\/\",\"name\":\"Exposul vai sediar etapa do Circuito Gen\u00e9tica do Mato Grosso - Acrimat\",\"isPartOf\":{\"@id\":\"https:\/\/acrimat.org.br\/portal\/#website\"},\"primaryImageOfPage\":{\"@id\":\"https:\/\/acrimat.org.br\/portal\/exposul-vai-sediar-etapa-do-circuito-genetica-do-mato-grosso\/#primaryimage\"},\"image\":{\"@id\":\"https:\/\/acrimat.org.br\/portal\/exposul-vai-sediar-etapa-do-circuito-genetica-do-mato-grosso\/#primaryimage\"},\"thumbnailUrl\":\"https:\/\/acrimat.org.br\/portal\/wp-content\/uploads\/2017\/08\/thumbnail_VITRINE-31-640x426.jpg\",\"datePublished\":\"2017-08-01T13:05:52+00:00\",\"breadcrumb\":{\"@id\":\"https:\/\/acrimat.org.br\/portal\/exposul-vai-sediar-etapa-do-circuito-genetica-do-mato-grosso\/#breadcrumb\"},\"inLanguage\":\"pt-BR\",\"potentialAction\":[{\"@type\":\"ReadAction\",\"target\":[\"https:\/\/acrimat.org.br\/portal\/exposul-vai-sediar-etapa-do-circuito-genetica-do-mato-grosso\/\"]}]},{\"@type\":\"ImageObject\",\"inLanguage\":\"pt-BR\",\"@id\":\"https:\/\/acrimat.org.br\/portal\/exposul-vai-sediar-etapa-do-circuito-genetica-do-mato-grosso\/#primaryimage\",\"url\":\"https:\/\/acrimat.org.br\/portal\/wp-content\/uploads\/2017\/08\/thumbnail_VITRINE-31-640x426.jpg\",\"contentUrl\":\"https:\/\/acrimat.org.br\/portal\/wp-content\/uploads\/2017\/08\/thumbnail_VITRINE-31-640x426.jpg\",\"width\":640,\"height\":426},{\"@type\":\"BreadcrumbList\",\"@id\":\"https:\/\/acrimat.org.br\/portal\/exposul-vai-sediar-etapa-do-circuito-genetica-do-mato-grosso\/#breadcrumb\",\"itemListElement\":[{\"@type\":\"ListItem\",\"position\":1,\"name\":\"In\u00edcio\",\"item\":\"https:\/\/acrimat.org.br\/portal\/\"},{\"@type\":\"ListItem\",\"position\":2,\"name\":\"Exposul vai sediar etapa do Circuito Gen\u00e9tica do Mato Grosso\"}]},{\"@type\":\"WebSite\",\"@id\":\"https:\/\/acrimat.org.br\/portal\/#website\",\"url\":\"https:\/\/acrimat.org.br\/portal\/\",\"name\":\"Acrimat\",\"description\":\"Associa\u00e7\u00e3o dos Criadores de Mato Grosso\",\"publisher\":{\"@id\":\"https:\/\/acrimat.org.br\/portal\/#organization\"},\"potentialAction\":[{\"@type\":\"SearchAction\",\"target\":{\"@type\":\"EntryPoint\",\"urlTemplate\":\"https:\/\/acrimat.org.br\/portal\/?s={search_term_string}\"},\"query-input\":{\"@type\":\"PropertyValueSpecification\",\"valueRequired\":true,\"valueName\":\"search_term_string\"}}],\"inLanguage\":\"pt-BR\"},{\"@type\":\"Organization\",\"@id\":\"https:\/\/acrimat.org.br\/portal\/#organization\",\"name\":\"Associa\u00e7\u00e3o dos Criadores de Mato Grosso\",\"url\":\"https:\/\/acrimat.org.br\/portal\/\",\"logo\":{\"@type\":\"ImageObject\",\"inLanguage\":\"pt-BR\",\"@id\":\"https:\/\/acrimat.org.br\/portal\/#\/schema\/logo\/image\/\",\"url\":\"https:\/\/acrimat.org.br\/portal\/wp-content\/uploads\/2018\/03\/logo-peq-original.png\",\"contentUrl\":\"https:\/\/acrimat.org.br\/portal\/wp-content\/uploads\/2018\/03\/logo-peq-original.png\",\"width\":174,\"height\":171,\"caption\":\"Associa\u00e7\u00e3o dos Criadores de Mato Grosso\"},\"image\":{\"@id\":\"https:\/\/acrimat.org.br\/portal\/#\/schema\/logo\/image\/\"}},{\"@type\":\"Person\",\"@id\":\"https:\/\/acrimat.org.br\/portal\/#\/schema\/person\/18df8bcf6890e924fe5d8b5afd2bec0f\",\"name\":\"P\u00e9ricles C\u00e2ndido\",\"image\":{\"@type\":\"ImageObject\",\"inLanguage\":\"pt-BR\",\"@id\":\"https:\/\/acrimat.org.br\/portal\/#\/schema\/person\/image\/\",\"url\":\"https:\/\/secure.gravatar.com\/avatar\/33e2a2b971dc363ed2df53d0d3bfbd18?s=96&d=mm&r=g\",\"contentUrl\":\"https:\/\/secure.gravatar.com\/avatar\/33e2a2b971dc363ed2df53d0d3bfbd18?s=96&d=mm&r=g\",\"caption\":\"P\u00e9ricles C\u00e2ndido\"},\"sameAs\":[\"ascom@acrimat.org.br\"],\"url\":\"https:\/\/acrimat.org.br\/portal\/author\/designergrafico\/\"}]}<\/script>\n<!-- \/ Yoast SEO plugin. -->","yoast_head_json":{"title":"Exposul vai sediar etapa do Circuito Gen\u00e9tica do Mato Grosso - Acrimat","robots":{"index":"index","follow":"follow","max-snippet":"max-snippet:-1","max-image-preview":"max-image-preview:large","max-video-preview":"max-video-preview:-1"},"canonical":"https:\/\/acrimat.org.br\/portal\/exposul-vai-sediar-etapa-do-circuito-genetica-do-mato-grosso\/","og_locale":"pt_BR","og_type":"article","og_title":"Exposul vai sediar etapa do Circuito Gen\u00e9tica do Mato Grosso - Acrimat","og_description":"Com a Genapec, a Exposul busca trazer para Mato Grosso, estado com o maior rebanho Nelore do pa\u00eds \u2013 30 milh\u00f5es de cabe\u00e7as, o que se tem de melhor na Expo Gen\u00e9tica","og_url":"https:\/\/acrimat.org.br\/portal\/exposul-vai-sediar-etapa-do-circuito-genetica-do-mato-grosso\/","og_site_name":"Acrimat","article_published_time":"2017-08-01T13:05:52+00:00","og_image":[{"width":640,"height":426,"url":"https:\/\/acrimat.org.br\/portal\/wp-content\/uploads\/2017\/08\/thumbnail_VITRINE-31-640x426.jpg","type":"image\/jpeg"}],"author":"P\u00e9ricles C\u00e2ndido","twitter_card":"summary_large_image","twitter_misc":{"Escrito por":"P\u00e9ricles C\u00e2ndido","Est. tempo de leitura":"2 minutos"},"schema":{"@context":"https:\/\/schema.org","@graph":[{"@type":"Article","@id":"https:\/\/acrimat.org.br\/portal\/exposul-vai-sediar-etapa-do-circuito-genetica-do-mato-grosso\/#article","isPartOf":{"@id":"https:\/\/acrimat.org.br\/portal\/exposul-vai-sediar-etapa-do-circuito-genetica-do-mato-grosso\/"},"author":{"name":"P\u00e9ricles C\u00e2ndido","@id":"https:\/\/acrimat.org.br\/portal\/#\/schema\/person\/18df8bcf6890e924fe5d8b5afd2bec0f"},"headline":"Exposul vai sediar etapa do Circuito Gen\u00e9tica do Mato Grosso","datePublished":"2017-08-01T13:05:52+00:00","mainEntityOfPage":{"@id":"https:\/\/acrimat.org.br\/portal\/exposul-vai-sediar-etapa-do-circuito-genetica-do-mato-grosso\/"},"wordCount":329,"publisher":{"@id":"https:\/\/acrimat.org.br\/portal\/#organization"},"image":{"@id":"https:\/\/acrimat.org.br\/portal\/exposul-vai-sediar-etapa-do-circuito-genetica-do-mato-grosso\/#primaryimage"},"thumbnailUrl":"https:\/\/acrimat.org.br\/portal\/wp-content\/uploads\/2017\/08\/thumbnail_VITRINE-31-640x426.jpg","articleSection":["Destaques","Not\u00edcias"],"inLanguage":"pt-BR"},{"@type":"WebPage","@id":"https:\/\/acrimat.org.br\/portal\/exposul-vai-sediar-etapa-do-circuito-genetica-do-mato-grosso\/","url":"https:\/\/acrimat.org.br\/portal\/exposul-vai-sediar-etapa-do-circuito-genetica-do-mato-grosso\/","name":"Exposul vai sediar etapa do Circuito Gen\u00e9tica do Mato Grosso - Acrimat","isPartOf":{"@id":"https:\/\/acrimat.org.br\/portal\/#website"},"primaryImageOfPage":{"@id":"https:\/\/acrimat.org.br\/portal\/exposul-vai-sediar-etapa-do-circuito-genetica-do-mato-grosso\/#primaryimage"},"image":{"@id":"https:\/\/acrimat.org.br\/portal\/exposul-vai-sediar-etapa-do-circuito-genetica-do-mato-grosso\/#primaryimage"},"thumbnailUrl":"https:\/\/acrimat.org.br\/portal\/wp-content\/uploads\/2017\/08\/thumbnail_VITRINE-31-640x426.jpg","datePublished":"2017-08-01T13:05:52+00:00","breadcrumb":{"@id":"https:\/\/acrimat.org.br\/portal\/exposul-vai-sediar-etapa-do-circuito-genetica-do-mato-grosso\/#breadcrumb"},"inLanguage":"pt-BR","potentialAction":[{"@type":"ReadAction","target":["https:\/\/acrimat.org.br\/portal\/exposul-vai-sediar-etapa-do-circuito-genetica-do-mato-grosso\/"]}]},{"@type":"ImageObject","inLanguage":"pt-BR","@id":"https:\/\/acrimat.org.br\/portal\/exposul-vai-sediar-etapa-do-circuito-genetica-do-mato-grosso\/#primaryimage","url":"https:\/\/acrimat.org.br\/portal\/wp-content\/uploads\/2017\/08\/thumbnail_VITRINE-31-640x426.jpg","contentUrl":"https:\/\/acrimat.org.br\/portal\/wp-content\/uploads\/2017\/08\/thumbnail_VITRINE-31-640x426.jpg","width":640,"height":426},{"@type":"BreadcrumbList","@id":"https:\/\/acrimat.org.br\/portal\/exposul-vai-sediar-etapa-do-circuito-genetica-do-mato-grosso\/#breadcrumb","itemListElement":[{"@type":"ListItem","position":1,"name":"In\u00edcio","item":"https:\/\/acrimat.org.br\/portal\/"},{"@type":"ListItem","position":2,"name":"Exposul vai sediar etapa do Circuito Gen\u00e9tica do Mato Grosso"}]},{"@type":"WebSite","@id":"https:\/\/acrimat.org.br\/portal\/#website","url":"https:\/\/acrimat.org.br\/portal\/","name":"Acrimat","description":"Associa\u00e7\u00e3o dos Criadores de Mato Grosso","publisher":{"@id":"https:\/\/acrimat.org.br\/portal\/#organization"},"potentialAction":[{"@type":"SearchAction","target":{"@type":"EntryPoint","urlTemplate":"https:\/\/acrimat.org.br\/portal\/?s={search_term_string}"},"query-input":{"@type":"PropertyValueSpecification","valueRequired":true,"valueName":"search_term_string"}}],"inLanguage":"pt-BR"},{"@type":"Organization","@id":"https:\/\/acrimat.org.br\/portal\/#organization","name":"Associa\u00e7\u00e3o dos Criadores de Mato Grosso","url":"https:\/\/acrimat.org.br\/portal\/","logo":{"@type":"ImageObject","inLanguage":"pt-BR","@id":"https:\/\/acrimat.org.br\/portal\/#\/schema\/logo\/image\/","url":"https:\/\/acrimat.org.br\/portal\/wp-content\/uploads\/2018\/03\/logo-peq-original.png","contentUrl":"https:\/\/acrimat.org.br\/portal\/wp-content\/uploads\/2018\/03\/logo-peq-original.png","width":174,"height":171,"caption":"Associa\u00e7\u00e3o dos Criadores de Mato Grosso"},"image":{"@id":"https:\/\/acrimat.org.br\/portal\/#\/schema\/logo\/image\/"}},{"@type":"Person","@id":"https:\/\/acrimat.org.br\/portal\/#\/schema\/person\/18df8bcf6890e924fe5d8b5afd2bec0f","name":"P\u00e9ricles C\u00e2ndido","image":{"@type":"ImageObject","inLanguage":"pt-BR","@id":"https:\/\/acrimat.org.br\/portal\/#\/schema\/person\/image\/","url":"https:\/\/secure.gravatar.com\/avatar\/33e2a2b971dc363ed2df53d0d3bfbd18?s=96&d=mm&r=g","contentUrl":"https:\/\/secure.gravatar.com\/avatar\/33e2a2b971dc363ed2df53d0d3bfbd18?s=96&d=mm&r=g","caption":"P\u00e9ricles C\u00e2ndido"},"sameAs":["ascom@acrimat.org.br"],"url":"https:\/\/acrimat.org.br\/portal\/author\/designergrafico\/"}]}},"_links":{"self":[{"href":"https:\/\/acrimat.org.br\/portal\/wp-json\/wp\/v2\/posts\/97982937","targetHints":{"allow":["GET"]}}],"collection":[{"href":"https:\/\/acrimat.org.br\/portal\/wp-json\/wp\/v2\/posts"}],"about":[{"href":"https:\/\/acrimat.org.br\/portal\/wp-json\/wp\/v2\/types\/post"}],"author":[{"embeddable":true,"href":"https:\/\/acrimat.org.br\/portal\/wp-json\/wp\/v2\/users\/11"}],"replies":[{"embeddable":true,"href":"https:\/\/acrimat.org.br\/portal\/wp-json\/wp\/v2\/comments?post=97982937"}],"version-history":[{"count":1,"href":"https:\/\/acrimat.org.br\/portal\/wp-json\/wp\/v2\/posts\/97982937\/revisions"}],"predecessor-version":[{"id":97982939,"href":"https:\/\/acrimat.org.br\/portal\/wp-json\/wp\/v2\/posts\/97982937\/revisions\/97982939"}],"wp:featuredmedia":[{"embeddable":true,"href":"https:\/\/acrimat.org.br\/portal\/wp-json\/wp\/v2\/media\/97982938"}],"wp:attachment":[{"href":"https:\/\/acrimat.org.br\/portal\/wp-json\/wp\/v2\/media?parent=97982937"}],"wp:term":[{"taxonomy":"category","embeddable":true,"href":"https:\/\/acrimat.org.br\/portal\/wp-json\/wp\/v2\/categories?post=97982937"},{"taxonomy":"post_tag","embeddable":true,"href":"https:\/\/acrimat.org.br\/portal\/wp-json\/wp\/v2\/tags?post=97982937"}],"curies":[{"name":"wp","href":"https:\/\/api.w.org\/{rel}","templated":true}]}}