{"id":97982955,"date":"2017-08-02T10:37:15","date_gmt":"2017-08-02T13:37:15","guid":{"rendered":"http:\/\/acrimat.org.br\/portal\/?p=97982955"},"modified":"2017-08-02T10:37:15","modified_gmt":"2017-08-02T13:37:15","slug":"camara-aprova-mp-que-aumenta-multas-para-frigorificos","status":"publish","type":"post","link":"https:\/\/acrimat.org.br\/portal\/camara-aprova-mp-que-aumenta-multas-para-frigorificos\/","title":{"rendered":"C\u00e2mara aprova MP que aumenta multas para frigor\u00edficos"},"content":{"rendered":"<p>A C\u00e2mara dos Deputados aprovou hoje (1\u00ba), o texto base da Medida Provis\u00f3ria (MP) 772\/17, que aumenta as multas para frigor\u00edficos que violem a legisla\u00e7\u00e3o sanit\u00e1ria. A MP aumenta de R$ 15 mil para R$ 500 mil o valor das multas para as empresas que infringirem a legisla\u00e7\u00e3o sanit\u00e1ria. Os destaques que visam alterar o texto principal da medida dever\u00e3o ser votados na pr\u00f3xima semana.<\/p>\n<p>A MP foi editada ap\u00f3s a chamada Opera\u00e7\u00e3o Carne Fraca e tem entre seus objetivos modificar a lei que trata da inspe\u00e7\u00e3o sanit\u00e1ria e industrial de produtos de origem animal. A atual legisla\u00e7\u00e3o j\u00e1 prev\u00ea outros tipos de puni\u00e7\u00f5es, como advert\u00eancia, apreens\u00e3o de mercadorias e interdi\u00e7\u00e3o do estabelecimento, entre outras.<\/p>\n<p>A MP cria duas novas formas de san\u00e7\u00e3o: cassa\u00e7\u00e3o de registro do estabelecimento e proibi\u00e7\u00e3o de contratar com o poder p\u00fablico por at\u00e9 cinco anos.<\/p>\n","protected":false},"excerpt":{"rendered":"<p>A MP aumenta de R$ 15 mil para R$ 500 mil o valor das multas para as empresas que infringirem a legisla\u00e7\u00e3o sanit\u00e1ria<\/p>\n","protected":false},"author":11,"featured_media":0,"comment_status":"closed","ping_status":"closed","sticky":false,"template":"","format":"standard","meta":{"footnotes":""},"categories":[6,1],"tags":[],"class_list":["post-97982955","post","type-post","status-publish","format-standard","hentry","category-destaque","category-noticia"],"yoast_head":"<!-- This site is optimized with the Yoast SEO plugin v24.8.1 - https:\/\/yoast.com\/wordpress\/plugins\/seo\/ -->\n<title>C\u00e2mara aprova MP que aumenta multas para frigor\u00edficos - Acrimat<\/title>\n<meta name=\"robots\" content=\"index, follow, max-snippet:-1, max-image-preview:large, max-video-preview:-1\" \/>\n<link rel=\"canonical\" href=\"https:\/\/acrimat.org.br\/portal\/camara-aprova-mp-que-aumenta-multas-para-frigorificos\/\" \/>\n<meta property=\"og:locale\" content=\"pt_BR\" \/>\n<meta property=\"og:type\" content=\"article\" \/>\n<meta property=\"og:title\" content=\"C\u00e2mara aprova MP que aumenta multas para frigor\u00edficos - Acrimat\" \/>\n<meta property=\"og:description\" content=\"A MP aumenta de R$ 15 mil para R$ 500 mil o valor das multas para as empresas que infringirem a legisla\u00e7\u00e3o sanit\u00e1ria\" \/>\n<meta property=\"og:url\" content=\"https:\/\/acrimat.org.br\/portal\/camara-aprova-mp-que-aumenta-multas-para-frigorificos\/\" \/>\n<meta property=\"og:site_name\" content=\"Acrimat\" \/>\n<meta property=\"article:published_time\" content=\"2017-08-02T13:37:15+00:00\" \/>\n<meta name=\"author\" content=\"P\u00e9ricles C\u00e2ndido\" \/>\n<meta name=\"twitter:card\" content=\"summary_large_image\" \/>\n<meta name=\"twitter:label1\" content=\"Escrito por\" \/>\n\t<meta name=\"twitter:data1\" content=\"P\u00e9ricles C\u00e2ndido\" \/>\n\t<meta name=\"twitter:label2\" content=\"Est. tempo de leitura\" \/>\n\t<meta name=\"twitter:data2\" content=\"1 minuto\" \/>\n<script type=\"application\/ld+json\" class=\"yoast-schema-graph\">{\"@context\":\"https:\/\/schema.org\",\"@graph\":[{\"@type\":\"Article\",\"@id\":\"https:\/\/acrimat.org.br\/portal\/camara-aprova-mp-que-aumenta-multas-para-frigorificos\/#article\",\"isPartOf\":{\"@id\":\"https:\/\/acrimat.org.br\/portal\/camara-aprova-mp-que-aumenta-multas-para-frigorificos\/\"},\"author\":{\"name\":\"P\u00e9ricles C\u00e2ndido\",\"@id\":\"https:\/\/acrimat.org.br\/portal\/#\/schema\/person\/18df8bcf6890e924fe5d8b5afd2bec0f\"},\"headline\":\"C\u00e2mara aprova MP que aumenta multas para frigor\u00edficos\",\"datePublished\":\"2017-08-02T13:37:15+00:00\",\"mainEntityOfPage\":{\"@id\":\"https:\/\/acrimat.org.br\/portal\/camara-aprova-mp-que-aumenta-multas-para-frigorificos\/\"},\"wordCount\":168,\"publisher\":{\"@id\":\"https:\/\/acrimat.org.br\/portal\/#organization\"},\"articleSection\":[\"Destaques\",\"Not\u00edcias\"],\"inLanguage\":\"pt-BR\"},{\"@type\":\"WebPage\",\"@id\":\"https:\/\/acrimat.org.br\/portal\/camara-aprova-mp-que-aumenta-multas-para-frigorificos\/\",\"url\":\"https:\/\/acrimat.org.br\/portal\/camara-aprova-mp-que-aumenta-multas-para-frigorificos\/\",\"name\":\"C\u00e2mara aprova MP que aumenta multas para frigor\u00edficos - Acrimat\",\"isPartOf\":{\"@id\":\"https:\/\/acrimat.org.br\/portal\/#website\"},\"datePublished\":\"2017-08-02T13:37:15+00:00\",\"breadcrumb\":{\"@id\":\"https:\/\/acrimat.org.br\/portal\/camara-aprova-mp-que-aumenta-multas-para-frigorificos\/#breadcrumb\"},\"inLanguage\":\"pt-BR\",\"potentialAction\":[{\"@type\":\"ReadAction\",\"target\":[\"https:\/\/acrimat.org.br\/portal\/camara-aprova-mp-que-aumenta-multas-para-frigorificos\/\"]}]},{\"@type\":\"BreadcrumbList\",\"@id\":\"https:\/\/acrimat.org.br\/portal\/camara-aprova-mp-que-aumenta-multas-para-frigorificos\/#breadcrumb\",\"itemListElement\":[{\"@type\":\"ListItem\",\"position\":1,\"name\":\"In\u00edcio\",\"item\":\"https:\/\/acrimat.org.br\/portal\/\"},{\"@type\":\"ListItem\",\"position\":2,\"name\":\"C\u00e2mara aprova MP que aumenta multas para frigor\u00edficos\"}]},{\"@type\":\"WebSite\",\"@id\":\"https:\/\/acrimat.org.br\/portal\/#website\",\"url\":\"https:\/\/acrimat.org.br\/portal\/\",\"name\":\"Acrimat\",\"description\":\"Associa\u00e7\u00e3o dos Criadores de Mato Grosso\",\"publisher\":{\"@id\":\"https:\/\/acrimat.org.br\/portal\/#organization\"},\"potentialAction\":[{\"@type\":\"SearchAction\",\"target\":{\"@type\":\"EntryPoint\",\"urlTemplate\":\"https:\/\/acrimat.org.br\/portal\/?s={search_term_string}\"},\"query-input\":{\"@type\":\"PropertyValueSpecification\",\"valueRequired\":true,\"valueName\":\"search_term_string\"}}],\"inLanguage\":\"pt-BR\"},{\"@type\":\"Organization\",\"@id\":\"https:\/\/acrimat.org.br\/portal\/#organization\",\"name\":\"Associa\u00e7\u00e3o dos Criadores de Mato Grosso\",\"url\":\"https:\/\/acrimat.org.br\/portal\/\",\"logo\":{\"@type\":\"ImageObject\",\"inLanguage\":\"pt-BR\",\"@id\":\"https:\/\/acrimat.org.br\/portal\/#\/schema\/logo\/image\/\",\"url\":\"https:\/\/acrimat.org.br\/portal\/wp-content\/uploads\/2018\/03\/logo-peq-original.png\",\"contentUrl\":\"https:\/\/acrimat.org.br\/portal\/wp-content\/uploads\/2018\/03\/logo-peq-original.png\",\"width\":174,\"height\":171,\"caption\":\"Associa\u00e7\u00e3o dos Criadores de Mato Grosso\"},\"image\":{\"@id\":\"https:\/\/acrimat.org.br\/portal\/#\/schema\/logo\/image\/\"}},{\"@type\":\"Person\",\"@id\":\"https:\/\/acrimat.org.br\/portal\/#\/schema\/person\/18df8bcf6890e924fe5d8b5afd2bec0f\",\"name\":\"P\u00e9ricles C\u00e2ndido\",\"image\":{\"@type\":\"ImageObject\",\"inLanguage\":\"pt-BR\",\"@id\":\"https:\/\/acrimat.org.br\/portal\/#\/schema\/person\/image\/\",\"url\":\"https:\/\/secure.gravatar.com\/avatar\/33e2a2b971dc363ed2df53d0d3bfbd18?s=96&d=mm&r=g\",\"contentUrl\":\"https:\/\/secure.gravatar.com\/avatar\/33e2a2b971dc363ed2df53d0d3bfbd18?s=96&d=mm&r=g\",\"caption\":\"P\u00e9ricles C\u00e2ndido\"},\"sameAs\":[\"ascom@acrimat.org.br\"],\"url\":\"https:\/\/acrimat.org.br\/portal\/author\/designergrafico\/\"}]}<\/script>\n<!-- \/ Yoast SEO plugin. -->","yoast_head_json":{"title":"C\u00e2mara aprova MP que aumenta multas para frigor\u00edficos - Acrimat","robots":{"index":"index","follow":"follow","max-snippet":"max-snippet:-1","max-image-preview":"max-image-preview:large","max-video-preview":"max-video-preview:-1"},"canonical":"https:\/\/acrimat.org.br\/portal\/camara-aprova-mp-que-aumenta-multas-para-frigorificos\/","og_locale":"pt_BR","og_type":"article","og_title":"C\u00e2mara aprova MP que aumenta multas para frigor\u00edficos - Acrimat","og_description":"A MP aumenta de R$ 15 mil para R$ 500 mil o valor das multas para as empresas que infringirem a legisla\u00e7\u00e3o sanit\u00e1ria","og_url":"https:\/\/acrimat.org.br\/portal\/camara-aprova-mp-que-aumenta-multas-para-frigorificos\/","og_site_name":"Acrimat","article_published_time":"2017-08-02T13:37:15+00:00","author":"P\u00e9ricles C\u00e2ndido","twitter_card":"summary_large_image","twitter_misc":{"Escrito por":"P\u00e9ricles C\u00e2ndido","Est. tempo de leitura":"1 minuto"},"schema":{"@context":"https:\/\/schema.org","@graph":[{"@type":"Article","@id":"https:\/\/acrimat.org.br\/portal\/camara-aprova-mp-que-aumenta-multas-para-frigorificos\/#article","isPartOf":{"@id":"https:\/\/acrimat.org.br\/portal\/camara-aprova-mp-que-aumenta-multas-para-frigorificos\/"},"author":{"name":"P\u00e9ricles C\u00e2ndido","@id":"https:\/\/acrimat.org.br\/portal\/#\/schema\/person\/18df8bcf6890e924fe5d8b5afd2bec0f"},"headline":"C\u00e2mara aprova MP que aumenta multas para frigor\u00edficos","datePublished":"2017-08-02T13:37:15+00:00","mainEntityOfPage":{"@id":"https:\/\/acrimat.org.br\/portal\/camara-aprova-mp-que-aumenta-multas-para-frigorificos\/"},"wordCount":168,"publisher":{"@id":"https:\/\/acrimat.org.br\/portal\/#organization"},"articleSection":["Destaques","Not\u00edcias"],"inLanguage":"pt-BR"},{"@type":"WebPage","@id":"https:\/\/acrimat.org.br\/portal\/camara-aprova-mp-que-aumenta-multas-para-frigorificos\/","url":"https:\/\/acrimat.org.br\/portal\/camara-aprova-mp-que-aumenta-multas-para-frigorificos\/","name":"C\u00e2mara aprova MP que aumenta multas para frigor\u00edficos - Acrimat","isPartOf":{"@id":"https:\/\/acrimat.org.br\/portal\/#website"},"datePublished":"2017-08-02T13:37:15+00:00","breadcrumb":{"@id":"https:\/\/acrimat.org.br\/portal\/camara-aprova-mp-que-aumenta-multas-para-frigorificos\/#breadcrumb"},"inLanguage":"pt-BR","potentialAction":[{"@type":"ReadAction","target":["https:\/\/acrimat.org.br\/portal\/camara-aprova-mp-que-aumenta-multas-para-frigorificos\/"]}]},{"@type":"BreadcrumbList","@id":"https:\/\/acrimat.org.br\/portal\/camara-aprova-mp-que-aumenta-multas-para-frigorificos\/#breadcrumb","itemListElement":[{"@type":"ListItem","position":1,"name":"In\u00edcio","item":"https:\/\/acrimat.org.br\/portal\/"},{"@type":"ListItem","position":2,"name":"C\u00e2mara aprova MP que aumenta multas para frigor\u00edficos"}]},{"@type":"WebSite","@id":"https:\/\/acrimat.org.br\/portal\/#website","url":"https:\/\/acrimat.org.br\/portal\/","name":"Acrimat","description":"Associa\u00e7\u00e3o dos Criadores de Mato Grosso","publisher":{"@id":"https:\/\/acrimat.org.br\/portal\/#organization"},"potentialAction":[{"@type":"SearchAction","target":{"@type":"EntryPoint","urlTemplate":"https:\/\/acrimat.org.br\/portal\/?s={search_term_string}"},"query-input":{"@type":"PropertyValueSpecification","valueRequired":true,"valueName":"search_term_string"}}],"inLanguage":"pt-BR"},{"@type":"Organization","@id":"https:\/\/acrimat.org.br\/portal\/#organization","name":"Associa\u00e7\u00e3o dos Criadores de Mato Grosso","url":"https:\/\/acrimat.org.br\/portal\/","logo":{"@type":"ImageObject","inLanguage":"pt-BR","@id":"https:\/\/acrimat.org.br\/portal\/#\/schema\/logo\/image\/","url":"https:\/\/acrimat.org.br\/portal\/wp-content\/uploads\/2018\/03\/logo-peq-original.png","contentUrl":"https:\/\/acrimat.org.br\/portal\/wp-content\/uploads\/2018\/03\/logo-peq-original.png","width":174,"height":171,"caption":"Associa\u00e7\u00e3o dos Criadores de Mato Grosso"},"image":{"@id":"https:\/\/acrimat.org.br\/portal\/#\/schema\/logo\/image\/"}},{"@type":"Person","@id":"https:\/\/acrimat.org.br\/portal\/#\/schema\/person\/18df8bcf6890e924fe5d8b5afd2bec0f","name":"P\u00e9ricles C\u00e2ndido","image":{"@type":"ImageObject","inLanguage":"pt-BR","@id":"https:\/\/acrimat.org.br\/portal\/#\/schema\/person\/image\/","url":"https:\/\/secure.gravatar.com\/avatar\/33e2a2b971dc363ed2df53d0d3bfbd18?s=96&d=mm&r=g","contentUrl":"https:\/\/secure.gravatar.com\/avatar\/33e2a2b971dc363ed2df53d0d3bfbd18?s=96&d=mm&r=g","caption":"P\u00e9ricles C\u00e2ndido"},"sameAs":["ascom@acrimat.org.br"],"url":"https:\/\/acrimat.org.br\/portal\/author\/designergrafico\/"}]}},"_links":{"self":[{"href":"https:\/\/acrimat.org.br\/portal\/wp-json\/wp\/v2\/posts\/97982955","targetHints":{"allow":["GET"]}}],"collection":[{"href":"https:\/\/acrimat.org.br\/portal\/wp-json\/wp\/v2\/posts"}],"about":[{"href":"https:\/\/acrimat.org.br\/portal\/wp-json\/wp\/v2\/types\/post"}],"author":[{"embeddable":true,"href":"https:\/\/acrimat.org.br\/portal\/wp-json\/wp\/v2\/users\/11"}],"replies":[{"embeddable":true,"href":"https:\/\/acrimat.org.br\/portal\/wp-json\/wp\/v2\/comments?post=97982955"}],"version-history":[{"count":1,"href":"https:\/\/acrimat.org.br\/portal\/wp-json\/wp\/v2\/posts\/97982955\/revisions"}],"predecessor-version":[{"id":97982957,"href":"https:\/\/acrimat.org.br\/portal\/wp-json\/wp\/v2\/posts\/97982955\/revisions\/97982957"}],"wp:attachment":[{"href":"https:\/\/acrimat.org.br\/portal\/wp-json\/wp\/v2\/media?parent=97982955"}],"wp:term":[{"taxonomy":"category","embeddable":true,"href":"https:\/\/acrimat.org.br\/portal\/wp-json\/wp\/v2\/categories?post=97982955"},{"taxonomy":"post_tag","embeddable":true,"href":"https:\/\/acrimat.org.br\/portal\/wp-json\/wp\/v2\/tags?post=97982955"}],"curies":[{"name":"wp","href":"https:\/\/api.w.org\/{rel}","templated":true}]}}