{"id":97982958,"date":"2017-08-02T10:39:28","date_gmt":"2017-08-02T13:39:28","guid":{"rendered":"http:\/\/acrimat.org.br\/portal\/?p=97982958"},"modified":"2017-08-02T10:39:28","modified_gmt":"2017-08-02T13:39:28","slug":"acordo-entre-cna-e-abiec-vai-fortalecer-cadeia-produtiva-da-carne-bovina-brasileira","status":"publish","type":"post","link":"https:\/\/acrimat.org.br\/portal\/acordo-entre-cna-e-abiec-vai-fortalecer-cadeia-produtiva-da-carne-bovina-brasileira\/","title":{"rendered":"Acordo entre CNA e ABIEC vai fortalecer cadeia produtiva da carne bovina brasileira"},"content":{"rendered":"<p><a href=\"http:\/\/acrimat.org.br\/portal\/wp-content\/uploads\/2017\/08\/8ac80cc8d3bc55334277272fa03cd2f25c6ee56c24fe5c039380743a.jpg\"><img decoding=\"async\" class=\"alignright size-medium wp-image-97982959\" src=\"http:\/\/acrimat.org.br\/portal\/wp-content\/uploads\/2017\/08\/8ac80cc8d3bc55334277272fa03cd2f25c6ee56c24fe5c039380743a-300x147.jpg\" alt=\"\" width=\"300\" height=\"147\" srcset=\"https:\/\/acrimat.org.br\/portal\/wp-content\/uploads\/2017\/08\/8ac80cc8d3bc55334277272fa03cd2f25c6ee56c24fe5c039380743a-300x147.jpg 300w, https:\/\/acrimat.org.br\/portal\/wp-content\/uploads\/2017\/08\/8ac80cc8d3bc55334277272fa03cd2f25c6ee56c24fe5c039380743a-250x122.jpg 250w, https:\/\/acrimat.org.br\/portal\/wp-content\/uploads\/2017\/08\/8ac80cc8d3bc55334277272fa03cd2f25c6ee56c24fe5c039380743a-550x269.jpg 550w, https:\/\/acrimat.org.br\/portal\/wp-content\/uploads\/2017\/08\/8ac80cc8d3bc55334277272fa03cd2f25c6ee56c24fe5c039380743a-368x180.jpg 368w, https:\/\/acrimat.org.br\/portal\/wp-content\/uploads\/2017\/08\/8ac80cc8d3bc55334277272fa03cd2f25c6ee56c24fe5c039380743a.jpg 593w\" sizes=\"(max-width: 300px) 100vw, 300px\" \/><\/a>A Confedera\u00e7\u00e3o da Agricultura e Pecu\u00e1ria do Brasil (CNA) e a Associa\u00e7\u00e3o Brasileira das Ind\u00fastrias Exportadoras de Carnes (ABIEC) assinaram, nesta ter\u00e7a (1), um \u201cTermo de Coopera\u00e7\u00e3o\u201d em que as duas entidades assumem o compromisso de promover a\u00e7\u00f5es para aprimorar a cadeia produtiva da carne bovina.<\/p>\n<p>O termo foi assinado pelo presidente da CNA, Jo\u00e3o Martins, e pelo presidente da ABIEC, Ant\u00f4nio Jorge Camardelli.<\/p>\n<p>\u201cEste \u00e9 um marco hist\u00f3rico. Estamos abrindo um di\u00e1logo franco e permanente entre os setores produtivo e industrial. \u00c9 um novo momento de transpar\u00eancia e, acima de tudo, de tranquilidade para sentarmos \u00e0 mesa e trabalharmos na solu\u00e7\u00e3o das quest\u00f5es do segmento. Com civilidade e seriedade, vamos construir uma grande parceria\u201d, afirmou Martins.<\/p>\n<p>Para Camardelli, \u201cmanter a competitividade da pecu\u00e1ria brasileira, difundindo a qualidade da carne junto aos pa\u00edses importadores e buscando novos mercados, s\u00e3o pautas que n\u00f3s, ABIEC e CNA, temos em comum. Este acordo busca fortalecer a unidade do setor, por meio de projetos que ser\u00e3o desenvolvidos em conjunto, e facilitar a apresenta\u00e7\u00e3o das nossas demandas junto ao governo. Este \u00e9 um marco positivo para o agroneg\u00f3cio e para o aprimoramento de toda a cadeia produtiva\u201d.<\/p>\n<p>O plano de trabalho do acordo prop\u00f5e uma s\u00e9rie de a\u00e7\u00f5es conjuntas, entre as quais a apresenta\u00e7\u00e3o de pleitos unificados junto ao Minist\u00e9rio da Agricultura, Pecu\u00e1ria e Abastecimento (MAPA); novo Sistema Brasileiro de Classifica\u00e7\u00e3o de Carca\u00e7as Bovinas; est\u00edmulo a pequenos e m\u00e9dios frigor\u00edficos; Projeto Imagem da Carne Bovina e Fundo de amparo \u00e0 cadeia produtiva.<\/p>\n<p>O ministro Blairo Maggi (MAPA), o senador Waldemir Moka (PMDB-MS) e o presidente da Frente Parlamentar da Agropecu\u00e1ria (FPA), deputado Nilson Leit\u00e3o (PSDB-MT), assinaram o \u201cTermo de Coopera\u00e7\u00e3o\u201d como testemunhas.<\/p>\n<p>\u201cEsse acordo que est\u00e1 sendo feito aqui representa o alinhamento do setor produtivo com a ind\u00fastria para que, juntos, todos n\u00f3s, CNA, ABIEC e governo possamos trabalhar para enfrentar as mais diversas quest\u00f5es do segmento\u201d, disse Maggi.<\/p>\n<p><strong>Resultados \u2013<\/strong> Antes mesmo da assinatura formal do \u201cTermo de Coopera\u00e7\u00e3o\u201d, a CNA e a ABIEC realizaram uma s\u00e9rie de reuni\u00f5es que j\u00e1 resultaram em conquistas importantes para o setor.<\/p>\n<p>Uma delas foi o in\u00edcio dos testes para implanta\u00e7\u00e3o do novo Sistema Brasileiro de Classifica\u00e7\u00e3o de Carca\u00e7as, que est\u00e1 entre as prioridades da CNA para o segmento da pecu\u00e1ria. O piloto foi conclu\u00eddo na semana passada. A base foi o sistema de classifica\u00e7\u00e3o do frigor\u00edfico Minerva.<\/p>\n<p>Outra conquista foi o pedido do setor privado para amenizar as rea\u00e7\u00f5es adversas da vacina contra febre aftosa. A CNA e demais institui\u00e7\u00f5es solicitaram ao MAPA altera\u00e7\u00e3o na composi\u00e7\u00e3o da vacina com a retirada de uma subst\u00e2ncia chamada saponina, redu\u00e7\u00e3o do volume da dose de 5 ml para 2 ml, al\u00e9m da recomenda\u00e7\u00e3o de aplica\u00e7\u00e3o exclusiva por via subcut\u00e2nea. O MAPA j\u00e1 sinalizou atendimento dos referidos pedidos.<\/p>\n<p>Al\u00e9m disso, assuntos como a transfer\u00eancia da gest\u00e3o da Base Nacional de Dados\/SISBOV do MAPA para a CNA tamb\u00e9m est\u00e3o avan\u00e7ados. A nova gest\u00e3o resultar\u00e1 na desburocratiza\u00e7\u00e3o do processo de certifica\u00e7\u00e3o para exportar carne bovina brasileira \u00e0 Uni\u00e3o Europeia.<\/p>\n","protected":false},"excerpt":{"rendered":"<p>Entidades assumem o compromisso de promover a\u00e7\u00f5es para aprimorar a cadeia produtiva da carne bovina<\/p>\n","protected":false},"author":11,"featured_media":97982959,"comment_status":"closed","ping_status":"closed","sticky":false,"template":"","format":"standard","meta":{"footnotes":""},"categories":[6,1],"tags":[],"class_list":["post-97982958","post","type-post","status-publish","format-standard","has-post-thumbnail","hentry","category-destaque","category-noticia"],"yoast_head":"<!-- This site is optimized with the Yoast SEO plugin v24.8.1 - https:\/\/yoast.com\/wordpress\/plugins\/seo\/ -->\n<title>Acordo entre CNA e ABIEC vai fortalecer cadeia produtiva da carne bovina brasileira - Acrimat<\/title>\n<meta name=\"robots\" content=\"index, follow, max-snippet:-1, max-image-preview:large, max-video-preview:-1\" \/>\n<link rel=\"canonical\" href=\"https:\/\/acrimat.org.br\/portal\/acordo-entre-cna-e-abiec-vai-fortalecer-cadeia-produtiva-da-carne-bovina-brasileira\/\" \/>\n<meta property=\"og:locale\" content=\"pt_BR\" \/>\n<meta property=\"og:type\" content=\"article\" \/>\n<meta property=\"og:title\" content=\"Acordo entre CNA e ABIEC vai fortalecer cadeia produtiva da carne bovina brasileira - Acrimat\" \/>\n<meta property=\"og:description\" content=\"Entidades assumem o compromisso de promover a\u00e7\u00f5es para aprimorar a cadeia produtiva da carne bovina\" \/>\n<meta property=\"og:url\" content=\"https:\/\/acrimat.org.br\/portal\/acordo-entre-cna-e-abiec-vai-fortalecer-cadeia-produtiva-da-carne-bovina-brasileira\/\" \/>\n<meta property=\"og:site_name\" content=\"Acrimat\" \/>\n<meta property=\"article:published_time\" content=\"2017-08-02T13:39:28+00:00\" \/>\n<meta property=\"og:image\" content=\"https:\/\/acrimat.org.br\/portal\/wp-content\/uploads\/2017\/08\/8ac80cc8d3bc55334277272fa03cd2f25c6ee56c24fe5c039380743a.jpg\" \/>\n\t<meta property=\"og:image:width\" content=\"593\" \/>\n\t<meta property=\"og:image:height\" content=\"290\" \/>\n\t<meta property=\"og:image:type\" content=\"image\/jpeg\" \/>\n<meta name=\"author\" content=\"P\u00e9ricles C\u00e2ndido\" \/>\n<meta name=\"twitter:card\" content=\"summary_large_image\" \/>\n<meta name=\"twitter:label1\" content=\"Escrito por\" \/>\n\t<meta name=\"twitter:data1\" content=\"P\u00e9ricles C\u00e2ndido\" \/>\n\t<meta name=\"twitter:label2\" content=\"Est. tempo de leitura\" \/>\n\t<meta name=\"twitter:data2\" content=\"3 minutos\" \/>\n<script type=\"application\/ld+json\" class=\"yoast-schema-graph\">{\"@context\":\"https:\/\/schema.org\",\"@graph\":[{\"@type\":\"Article\",\"@id\":\"https:\/\/acrimat.org.br\/portal\/acordo-entre-cna-e-abiec-vai-fortalecer-cadeia-produtiva-da-carne-bovina-brasileira\/#article\",\"isPartOf\":{\"@id\":\"https:\/\/acrimat.org.br\/portal\/acordo-entre-cna-e-abiec-vai-fortalecer-cadeia-produtiva-da-carne-bovina-brasileira\/\"},\"author\":{\"name\":\"P\u00e9ricles C\u00e2ndido\",\"@id\":\"https:\/\/acrimat.org.br\/portal\/#\/schema\/person\/18df8bcf6890e924fe5d8b5afd2bec0f\"},\"headline\":\"Acordo entre CNA e ABIEC vai fortalecer cadeia produtiva da carne bovina brasileira\",\"datePublished\":\"2017-08-02T13:39:28+00:00\",\"mainEntityOfPage\":{\"@id\":\"https:\/\/acrimat.org.br\/portal\/acordo-entre-cna-e-abiec-vai-fortalecer-cadeia-produtiva-da-carne-bovina-brasileira\/\"},\"wordCount\":569,\"publisher\":{\"@id\":\"https:\/\/acrimat.org.br\/portal\/#organization\"},\"image\":{\"@id\":\"https:\/\/acrimat.org.br\/portal\/acordo-entre-cna-e-abiec-vai-fortalecer-cadeia-produtiva-da-carne-bovina-brasileira\/#primaryimage\"},\"thumbnailUrl\":\"https:\/\/acrimat.org.br\/portal\/wp-content\/uploads\/2017\/08\/8ac80cc8d3bc55334277272fa03cd2f25c6ee56c24fe5c039380743a.jpg\",\"articleSection\":[\"Destaques\",\"Not\u00edcias\"],\"inLanguage\":\"pt-BR\"},{\"@type\":\"WebPage\",\"@id\":\"https:\/\/acrimat.org.br\/portal\/acordo-entre-cna-e-abiec-vai-fortalecer-cadeia-produtiva-da-carne-bovina-brasileira\/\",\"url\":\"https:\/\/acrimat.org.br\/portal\/acordo-entre-cna-e-abiec-vai-fortalecer-cadeia-produtiva-da-carne-bovina-brasileira\/\",\"name\":\"Acordo entre CNA e ABIEC vai fortalecer cadeia produtiva da carne bovina brasileira - Acrimat\",\"isPartOf\":{\"@id\":\"https:\/\/acrimat.org.br\/portal\/#website\"},\"primaryImageOfPage\":{\"@id\":\"https:\/\/acrimat.org.br\/portal\/acordo-entre-cna-e-abiec-vai-fortalecer-cadeia-produtiva-da-carne-bovina-brasileira\/#primaryimage\"},\"image\":{\"@id\":\"https:\/\/acrimat.org.br\/portal\/acordo-entre-cna-e-abiec-vai-fortalecer-cadeia-produtiva-da-carne-bovina-brasileira\/#primaryimage\"},\"thumbnailUrl\":\"https:\/\/acrimat.org.br\/portal\/wp-content\/uploads\/2017\/08\/8ac80cc8d3bc55334277272fa03cd2f25c6ee56c24fe5c039380743a.jpg\",\"datePublished\":\"2017-08-02T13:39:28+00:00\",\"breadcrumb\":{\"@id\":\"https:\/\/acrimat.org.br\/portal\/acordo-entre-cna-e-abiec-vai-fortalecer-cadeia-produtiva-da-carne-bovina-brasileira\/#breadcrumb\"},\"inLanguage\":\"pt-BR\",\"potentialAction\":[{\"@type\":\"ReadAction\",\"target\":[\"https:\/\/acrimat.org.br\/portal\/acordo-entre-cna-e-abiec-vai-fortalecer-cadeia-produtiva-da-carne-bovina-brasileira\/\"]}]},{\"@type\":\"ImageObject\",\"inLanguage\":\"pt-BR\",\"@id\":\"https:\/\/acrimat.org.br\/portal\/acordo-entre-cna-e-abiec-vai-fortalecer-cadeia-produtiva-da-carne-bovina-brasileira\/#primaryimage\",\"url\":\"https:\/\/acrimat.org.br\/portal\/wp-content\/uploads\/2017\/08\/8ac80cc8d3bc55334277272fa03cd2f25c6ee56c24fe5c039380743a.jpg\",\"contentUrl\":\"https:\/\/acrimat.org.br\/portal\/wp-content\/uploads\/2017\/08\/8ac80cc8d3bc55334277272fa03cd2f25c6ee56c24fe5c039380743a.jpg\",\"width\":593,\"height\":290},{\"@type\":\"BreadcrumbList\",\"@id\":\"https:\/\/acrimat.org.br\/portal\/acordo-entre-cna-e-abiec-vai-fortalecer-cadeia-produtiva-da-carne-bovina-brasileira\/#breadcrumb\",\"itemListElement\":[{\"@type\":\"ListItem\",\"position\":1,\"name\":\"In\u00edcio\",\"item\":\"https:\/\/acrimat.org.br\/portal\/\"},{\"@type\":\"ListItem\",\"position\":2,\"name\":\"Acordo entre CNA e ABIEC vai fortalecer cadeia produtiva da carne bovina brasileira\"}]},{\"@type\":\"WebSite\",\"@id\":\"https:\/\/acrimat.org.br\/portal\/#website\",\"url\":\"https:\/\/acrimat.org.br\/portal\/\",\"name\":\"Acrimat\",\"description\":\"Associa\u00e7\u00e3o dos Criadores de Mato Grosso\",\"publisher\":{\"@id\":\"https:\/\/acrimat.org.br\/portal\/#organization\"},\"potentialAction\":[{\"@type\":\"SearchAction\",\"target\":{\"@type\":\"EntryPoint\",\"urlTemplate\":\"https:\/\/acrimat.org.br\/portal\/?s={search_term_string}\"},\"query-input\":{\"@type\":\"PropertyValueSpecification\",\"valueRequired\":true,\"valueName\":\"search_term_string\"}}],\"inLanguage\":\"pt-BR\"},{\"@type\":\"Organization\",\"@id\":\"https:\/\/acrimat.org.br\/portal\/#organization\",\"name\":\"Associa\u00e7\u00e3o dos Criadores de Mato Grosso\",\"url\":\"https:\/\/acrimat.org.br\/portal\/\",\"logo\":{\"@type\":\"ImageObject\",\"inLanguage\":\"pt-BR\",\"@id\":\"https:\/\/acrimat.org.br\/portal\/#\/schema\/logo\/image\/\",\"url\":\"https:\/\/acrimat.org.br\/portal\/wp-content\/uploads\/2018\/03\/logo-peq-original.png\",\"contentUrl\":\"https:\/\/acrimat.org.br\/portal\/wp-content\/uploads\/2018\/03\/logo-peq-original.png\",\"width\":174,\"height\":171,\"caption\":\"Associa\u00e7\u00e3o dos Criadores de Mato Grosso\"},\"image\":{\"@id\":\"https:\/\/acrimat.org.br\/portal\/#\/schema\/logo\/image\/\"}},{\"@type\":\"Person\",\"@id\":\"https:\/\/acrimat.org.br\/portal\/#\/schema\/person\/18df8bcf6890e924fe5d8b5afd2bec0f\",\"name\":\"P\u00e9ricles C\u00e2ndido\",\"image\":{\"@type\":\"ImageObject\",\"inLanguage\":\"pt-BR\",\"@id\":\"https:\/\/acrimat.org.br\/portal\/#\/schema\/person\/image\/\",\"url\":\"https:\/\/secure.gravatar.com\/avatar\/33e2a2b971dc363ed2df53d0d3bfbd18?s=96&d=mm&r=g\",\"contentUrl\":\"https:\/\/secure.gravatar.com\/avatar\/33e2a2b971dc363ed2df53d0d3bfbd18?s=96&d=mm&r=g\",\"caption\":\"P\u00e9ricles C\u00e2ndido\"},\"sameAs\":[\"ascom@acrimat.org.br\"],\"url\":\"https:\/\/acrimat.org.br\/portal\/author\/designergrafico\/\"}]}<\/script>\n<!-- \/ Yoast SEO plugin. -->","yoast_head_json":{"title":"Acordo entre CNA e ABIEC vai fortalecer cadeia produtiva da carne bovina brasileira - Acrimat","robots":{"index":"index","follow":"follow","max-snippet":"max-snippet:-1","max-image-preview":"max-image-preview:large","max-video-preview":"max-video-preview:-1"},"canonical":"https:\/\/acrimat.org.br\/portal\/acordo-entre-cna-e-abiec-vai-fortalecer-cadeia-produtiva-da-carne-bovina-brasileira\/","og_locale":"pt_BR","og_type":"article","og_title":"Acordo entre CNA e ABIEC vai fortalecer cadeia produtiva da carne bovina brasileira - Acrimat","og_description":"Entidades assumem o compromisso de promover a\u00e7\u00f5es para aprimorar a cadeia produtiva da carne bovina","og_url":"https:\/\/acrimat.org.br\/portal\/acordo-entre-cna-e-abiec-vai-fortalecer-cadeia-produtiva-da-carne-bovina-brasileira\/","og_site_name":"Acrimat","article_published_time":"2017-08-02T13:39:28+00:00","og_image":[{"width":593,"height":290,"url":"https:\/\/acrimat.org.br\/portal\/wp-content\/uploads\/2017\/08\/8ac80cc8d3bc55334277272fa03cd2f25c6ee56c24fe5c039380743a.jpg","type":"image\/jpeg"}],"author":"P\u00e9ricles C\u00e2ndido","twitter_card":"summary_large_image","twitter_misc":{"Escrito por":"P\u00e9ricles C\u00e2ndido","Est. tempo de leitura":"3 minutos"},"schema":{"@context":"https:\/\/schema.org","@graph":[{"@type":"Article","@id":"https:\/\/acrimat.org.br\/portal\/acordo-entre-cna-e-abiec-vai-fortalecer-cadeia-produtiva-da-carne-bovina-brasileira\/#article","isPartOf":{"@id":"https:\/\/acrimat.org.br\/portal\/acordo-entre-cna-e-abiec-vai-fortalecer-cadeia-produtiva-da-carne-bovina-brasileira\/"},"author":{"name":"P\u00e9ricles C\u00e2ndido","@id":"https:\/\/acrimat.org.br\/portal\/#\/schema\/person\/18df8bcf6890e924fe5d8b5afd2bec0f"},"headline":"Acordo entre CNA e ABIEC vai fortalecer cadeia produtiva da carne bovina brasileira","datePublished":"2017-08-02T13:39:28+00:00","mainEntityOfPage":{"@id":"https:\/\/acrimat.org.br\/portal\/acordo-entre-cna-e-abiec-vai-fortalecer-cadeia-produtiva-da-carne-bovina-brasileira\/"},"wordCount":569,"publisher":{"@id":"https:\/\/acrimat.org.br\/portal\/#organization"},"image":{"@id":"https:\/\/acrimat.org.br\/portal\/acordo-entre-cna-e-abiec-vai-fortalecer-cadeia-produtiva-da-carne-bovina-brasileira\/#primaryimage"},"thumbnailUrl":"https:\/\/acrimat.org.br\/portal\/wp-content\/uploads\/2017\/08\/8ac80cc8d3bc55334277272fa03cd2f25c6ee56c24fe5c039380743a.jpg","articleSection":["Destaques","Not\u00edcias"],"inLanguage":"pt-BR"},{"@type":"WebPage","@id":"https:\/\/acrimat.org.br\/portal\/acordo-entre-cna-e-abiec-vai-fortalecer-cadeia-produtiva-da-carne-bovina-brasileira\/","url":"https:\/\/acrimat.org.br\/portal\/acordo-entre-cna-e-abiec-vai-fortalecer-cadeia-produtiva-da-carne-bovina-brasileira\/","name":"Acordo entre CNA e ABIEC vai fortalecer cadeia produtiva da carne bovina brasileira - Acrimat","isPartOf":{"@id":"https:\/\/acrimat.org.br\/portal\/#website"},"primaryImageOfPage":{"@id":"https:\/\/acrimat.org.br\/portal\/acordo-entre-cna-e-abiec-vai-fortalecer-cadeia-produtiva-da-carne-bovina-brasileira\/#primaryimage"},"image":{"@id":"https:\/\/acrimat.org.br\/portal\/acordo-entre-cna-e-abiec-vai-fortalecer-cadeia-produtiva-da-carne-bovina-brasileira\/#primaryimage"},"thumbnailUrl":"https:\/\/acrimat.org.br\/portal\/wp-content\/uploads\/2017\/08\/8ac80cc8d3bc55334277272fa03cd2f25c6ee56c24fe5c039380743a.jpg","datePublished":"2017-08-02T13:39:28+00:00","breadcrumb":{"@id":"https:\/\/acrimat.org.br\/portal\/acordo-entre-cna-e-abiec-vai-fortalecer-cadeia-produtiva-da-carne-bovina-brasileira\/#breadcrumb"},"inLanguage":"pt-BR","potentialAction":[{"@type":"ReadAction","target":["https:\/\/acrimat.org.br\/portal\/acordo-entre-cna-e-abiec-vai-fortalecer-cadeia-produtiva-da-carne-bovina-brasileira\/"]}]},{"@type":"ImageObject","inLanguage":"pt-BR","@id":"https:\/\/acrimat.org.br\/portal\/acordo-entre-cna-e-abiec-vai-fortalecer-cadeia-produtiva-da-carne-bovina-brasileira\/#primaryimage","url":"https:\/\/acrimat.org.br\/portal\/wp-content\/uploads\/2017\/08\/8ac80cc8d3bc55334277272fa03cd2f25c6ee56c24fe5c039380743a.jpg","contentUrl":"https:\/\/acrimat.org.br\/portal\/wp-content\/uploads\/2017\/08\/8ac80cc8d3bc55334277272fa03cd2f25c6ee56c24fe5c039380743a.jpg","width":593,"height":290},{"@type":"BreadcrumbList","@id":"https:\/\/acrimat.org.br\/portal\/acordo-entre-cna-e-abiec-vai-fortalecer-cadeia-produtiva-da-carne-bovina-brasileira\/#breadcrumb","itemListElement":[{"@type":"ListItem","position":1,"name":"In\u00edcio","item":"https:\/\/acrimat.org.br\/portal\/"},{"@type":"ListItem","position":2,"name":"Acordo entre CNA e ABIEC vai fortalecer cadeia produtiva da carne bovina brasileira"}]},{"@type":"WebSite","@id":"https:\/\/acrimat.org.br\/portal\/#website","url":"https:\/\/acrimat.org.br\/portal\/","name":"Acrimat","description":"Associa\u00e7\u00e3o dos Criadores de Mato Grosso","publisher":{"@id":"https:\/\/acrimat.org.br\/portal\/#organization"},"potentialAction":[{"@type":"SearchAction","target":{"@type":"EntryPoint","urlTemplate":"https:\/\/acrimat.org.br\/portal\/?s={search_term_string}"},"query-input":{"@type":"PropertyValueSpecification","valueRequired":true,"valueName":"search_term_string"}}],"inLanguage":"pt-BR"},{"@type":"Organization","@id":"https:\/\/acrimat.org.br\/portal\/#organization","name":"Associa\u00e7\u00e3o dos Criadores de Mato Grosso","url":"https:\/\/acrimat.org.br\/portal\/","logo":{"@type":"ImageObject","inLanguage":"pt-BR","@id":"https:\/\/acrimat.org.br\/portal\/#\/schema\/logo\/image\/","url":"https:\/\/acrimat.org.br\/portal\/wp-content\/uploads\/2018\/03\/logo-peq-original.png","contentUrl":"https:\/\/acrimat.org.br\/portal\/wp-content\/uploads\/2018\/03\/logo-peq-original.png","width":174,"height":171,"caption":"Associa\u00e7\u00e3o dos Criadores de Mato Grosso"},"image":{"@id":"https:\/\/acrimat.org.br\/portal\/#\/schema\/logo\/image\/"}},{"@type":"Person","@id":"https:\/\/acrimat.org.br\/portal\/#\/schema\/person\/18df8bcf6890e924fe5d8b5afd2bec0f","name":"P\u00e9ricles C\u00e2ndido","image":{"@type":"ImageObject","inLanguage":"pt-BR","@id":"https:\/\/acrimat.org.br\/portal\/#\/schema\/person\/image\/","url":"https:\/\/secure.gravatar.com\/avatar\/33e2a2b971dc363ed2df53d0d3bfbd18?s=96&d=mm&r=g","contentUrl":"https:\/\/secure.gravatar.com\/avatar\/33e2a2b971dc363ed2df53d0d3bfbd18?s=96&d=mm&r=g","caption":"P\u00e9ricles C\u00e2ndido"},"sameAs":["ascom@acrimat.org.br"],"url":"https:\/\/acrimat.org.br\/portal\/author\/designergrafico\/"}]}},"_links":{"self":[{"href":"https:\/\/acrimat.org.br\/portal\/wp-json\/wp\/v2\/posts\/97982958","targetHints":{"allow":["GET"]}}],"collection":[{"href":"https:\/\/acrimat.org.br\/portal\/wp-json\/wp\/v2\/posts"}],"about":[{"href":"https:\/\/acrimat.org.br\/portal\/wp-json\/wp\/v2\/types\/post"}],"author":[{"embeddable":true,"href":"https:\/\/acrimat.org.br\/portal\/wp-json\/wp\/v2\/users\/11"}],"replies":[{"embeddable":true,"href":"https:\/\/acrimat.org.br\/portal\/wp-json\/wp\/v2\/comments?post=97982958"}],"version-history":[{"count":1,"href":"https:\/\/acrimat.org.br\/portal\/wp-json\/wp\/v2\/posts\/97982958\/revisions"}],"predecessor-version":[{"id":97982960,"href":"https:\/\/acrimat.org.br\/portal\/wp-json\/wp\/v2\/posts\/97982958\/revisions\/97982960"}],"wp:featuredmedia":[{"embeddable":true,"href":"https:\/\/acrimat.org.br\/portal\/wp-json\/wp\/v2\/media\/97982959"}],"wp:attachment":[{"href":"https:\/\/acrimat.org.br\/portal\/wp-json\/wp\/v2\/media?parent=97982958"}],"wp:term":[{"taxonomy":"category","embeddable":true,"href":"https:\/\/acrimat.org.br\/portal\/wp-json\/wp\/v2\/categories?post=97982958"},{"taxonomy":"post_tag","embeddable":true,"href":"https:\/\/acrimat.org.br\/portal\/wp-json\/wp\/v2\/tags?post=97982958"}],"curies":[{"name":"wp","href":"https:\/\/api.w.org\/{rel}","templated":true}]}}