{"id":97982974,"date":"2017-08-03T10:22:29","date_gmt":"2017-08-03T13:22:29","guid":{"rendered":"http:\/\/acrimat.org.br\/portal\/?p=97982974"},"modified":"2017-08-03T10:22:29","modified_gmt":"2017-08-03T13:22:29","slug":"cna-e-abiec-assinam-acordo-para-promover-acoes-em-prol-da-carne-bovina","status":"publish","type":"post","link":"https:\/\/acrimat.org.br\/portal\/cna-e-abiec-assinam-acordo-para-promover-acoes-em-prol-da-carne-bovina\/","title":{"rendered":"CNA e Abiec assinam acordo para promover a\u00e7\u00f5es em prol da carne bovina"},"content":{"rendered":"<div id=\"attachment_97982976\" style=\"width: 310px\" class=\"wp-caption alignright\"><a href=\"http:\/\/acrimat.org.br\/portal\/wp-content\/uploads\/2017\/08\/abiec-cna-assinam_reproducao.jpg\"><img fetchpriority=\"high\" decoding=\"async\" aria-describedby=\"caption-attachment-97982976\" class=\"size-medium wp-image-97982976\" src=\"http:\/\/acrimat.org.br\/portal\/wp-content\/uploads\/2017\/08\/abiec-cna-assinam_reproducao-300x200.jpg\" alt=\"\" width=\"300\" height=\"200\" srcset=\"https:\/\/acrimat.org.br\/portal\/wp-content\/uploads\/2017\/08\/abiec-cna-assinam_reproducao-300x200.jpg 300w, https:\/\/acrimat.org.br\/portal\/wp-content\/uploads\/2017\/08\/abiec-cna-assinam_reproducao-250x167.jpg 250w, https:\/\/acrimat.org.br\/portal\/wp-content\/uploads\/2017\/08\/abiec-cna-assinam_reproducao-550x366.jpg 550w, https:\/\/acrimat.org.br\/portal\/wp-content\/uploads\/2017\/08\/abiec-cna-assinam_reproducao-270x180.jpg 270w, https:\/\/acrimat.org.br\/portal\/wp-content\/uploads\/2017\/08\/abiec-cna-assinam_reproducao-450x300.jpg 450w, https:\/\/acrimat.org.br\/portal\/wp-content\/uploads\/2017\/08\/abiec-cna-assinam_reproducao-272x182.jpg 272w, https:\/\/acrimat.org.br\/portal\/wp-content\/uploads\/2017\/08\/abiec-cna-assinam_reproducao.jpg 590w\" sizes=\"(max-width: 300px) 100vw, 300px\" \/><\/a><p id=\"caption-attachment-97982976\" class=\"wp-caption-text\">Ministro da agricultura e presidente da FPA foram testemunhas da assinatura do termo (Foto: divulga\u00e7\u00e3o)<\/p><\/div>\n<p>Ap\u00f3s\u00a0<a href=\"http:\/\/www.feedfood.com.br\/pt\/noticias\/cna-e-abiec-se-unem-para-evitar-desestruturacao-da-cadeia-produt\" target=\"_blank\" rel=\"noopener noreferrer\">assinar acordo de coopera\u00e7\u00e3o t\u00e9cnica<\/a>, a Confedera\u00e7\u00e3o da Agricultura e Pecu\u00e1ria do Brasil (CNA, Bras\u00edlia\/DF) e a Associa\u00e7\u00e3o Brasileira das Ind\u00fastrias Exportadoras de Carnes (Abiec, S\u00e3o Paulo\/SP) firmaram na \u00faltima ter\u00e7a-feira (01) um \u201ctermo de coopera\u00e7\u00e3o\u201d.<\/p>\n<p>Neste novo documento, as duas entidades assumem o compromisso de promover a\u00e7\u00f5es para aprimorar a cadeia produtiva da carne bovina. Assinaram o presidente da CNA, Jo\u00e3o Martins, e o presidente da Abiec, Ant\u00f4nio Jorge Camardelli.<\/p>\n<p>O plano de trabalho prop\u00f5e uma s\u00e9rie de a\u00e7\u00f5es conjuntas, entre as quais a apresenta\u00e7\u00e3o de pleitos unificados junto ao Minist\u00e9rio da Agricultura, Pecu\u00e1ria e Abastecimento (MAPA, Bras\u00edlia\/DF); novo Sistema Brasileiro de Classifica\u00e7\u00e3o de Carca\u00e7as Bovinas; est\u00edmulo a pequenos e m\u00e9dios frigor\u00edficos; Projeto Imagem da Carne Bovina e Fundo de amparo \u00e0 cadeia produtiva.<\/p>\n<p>Martins classifica o momento como \u201chist\u00f3rico\u201d, de abertura de di\u00e1logo entre os setores produtivo e industrial. \u201c\u00c9 um novo momento de transpar\u00eancia e, acima de tudo, de tranquilidade para sentarmos \u00e0 mesa e trabalharmos na solu\u00e7\u00e3o das quest\u00f5es do segmento. Com civilidade e seriedade, vamos construir uma grande parceria\u201d, afirma.<\/p>\n<p>Camardelli acredita que a pauta em comum entre as duas entidades \u00e9 manter a competitividade da pecu\u00e1ria brasileira, difundindo a qualidade da carne junto aos pa\u00edses importadores e buscando novos mercados. \u201cEste acordo busca fortalecer a unidade do setor, por meio de projetos que ser\u00e3o desenvolvidos em conjunto, e facilitar a apresenta\u00e7\u00e3o das nossas demandas junto ao governo. Este \u00e9 um marco positivo para o agroneg\u00f3cio e para o aprimoramento de toda a cadeia produtiva\u201d, refor\u00e7a.<\/p>\n<p>O ministro do MAPA, Blairo Maggi, o senador Waldemir Moka e o presidente da Frente Parlamentar da Agropecu\u00e1ria (FPA), deputado Nilson Leit\u00e3o (PSDB-MT), assinaram o termo de coopera\u00e7\u00e3o como testemunhas.<\/p>\n<p>\u201cEsse acordo representa o alinhamento do setor produtivo com a ind\u00fastria para que, juntos, possamos trabalhar para enfrentar as mais diversas quest\u00f5es do segmento\u201d, diz Maggi.<\/p>\n<div id=\"attachment_97982977\" style=\"width: 310px\" class=\"wp-caption alignleft\"><a href=\"http:\/\/acrimat.org.br\/portal\/wp-content\/uploads\/2017\/08\/abiec-cna_reproducao.jpg\"><img decoding=\"async\" aria-describedby=\"caption-attachment-97982977\" class=\"wp-image-97982977 size-medium\" src=\"http:\/\/acrimat.org.br\/portal\/wp-content\/uploads\/2017\/08\/abiec-cna_reproducao-300x147.jpg\" alt=\"\" width=\"300\" height=\"147\" srcset=\"https:\/\/acrimat.org.br\/portal\/wp-content\/uploads\/2017\/08\/abiec-cna_reproducao-300x147.jpg 300w, https:\/\/acrimat.org.br\/portal\/wp-content\/uploads\/2017\/08\/abiec-cna_reproducao-250x122.jpg 250w, https:\/\/acrimat.org.br\/portal\/wp-content\/uploads\/2017\/08\/abiec-cna_reproducao-550x269.jpg 550w, https:\/\/acrimat.org.br\/portal\/wp-content\/uploads\/2017\/08\/abiec-cna_reproducao-368x180.jpg 368w, https:\/\/acrimat.org.br\/portal\/wp-content\/uploads\/2017\/08\/abiec-cna_reproducao.jpg 593w\" sizes=\"(max-width: 300px) 100vw, 300px\" \/><\/a><p id=\"caption-attachment-97982977\" class=\"wp-caption-text\">Acordo ser\u00e1 in\u00edcio de novos projetos conjuntos entre entidades (Foto: divulga\u00e7\u00e3o)<\/p><\/div>\n<p><strong>Resultados<\/strong>. Entre as conquistas da Abiec e CNA em prol do setor, destaca-se o in\u00edcio dos testes para implanta\u00e7\u00e3o do novo Sistema Brasileiro de Classifica\u00e7\u00e3o de Carca\u00e7as. O piloto foi conclu\u00eddo na semana passada e a base foi o sistema de classifica\u00e7\u00e3o do frigor\u00edfico Minerva.<\/p>\n<p>Outro \u00eaxito foi o pedido do setor privado para amenizar as rea\u00e7\u00f5es adversas da vacina contra febre aftosa. A CNA e demais institui\u00e7\u00f5es solicitaram ao MAPA altera\u00e7\u00e3o na composi\u00e7\u00e3o da vacina com a retirada de uma subst\u00e2ncia chamada saponina, redu\u00e7\u00e3o do volume da dose de 5 ml para 2 ml, al\u00e9m da recomenda\u00e7\u00e3o de aplica\u00e7\u00e3o exclusiva por via subcut\u00e2nea. O MAPA j\u00e1 sinalizou atendimento dos referidos pedidos.<\/p>\n<p>Al\u00e9m disso, assuntos como a transfer\u00eancia da gest\u00e3o da Base Nacional de Dados\/SISBOV do MAPA para a CNA tamb\u00e9m est\u00e3o avan\u00e7ados. A nova gest\u00e3o resultar\u00e1 na desburocratiza\u00e7\u00e3o do processo de certifica\u00e7\u00e3o para exportar carne bovina brasileira \u00e0 Uni\u00e3o Europeia.<\/p>\n<p><strong>Fonte: CNA, adaptado pela equipe feed&amp;food.<\/strong><\/p>\n","protected":false},"excerpt":{"rendered":"<p>Termo visa fortalecer a unidade do setor por meio de projetos<\/p>\n","protected":false},"author":11,"featured_media":97982976,"comment_status":"closed","ping_status":"closed","sticky":false,"template":"","format":"standard","meta":{"footnotes":""},"categories":[6,1],"tags":[],"class_list":["post-97982974","post","type-post","status-publish","format-standard","has-post-thumbnail","hentry","category-destaque","category-noticia"],"yoast_head":"<!-- This site is optimized with the Yoast SEO plugin v24.8.1 - https:\/\/yoast.com\/wordpress\/plugins\/seo\/ -->\n<title>CNA e Abiec assinam acordo para promover a\u00e7\u00f5es em prol da carne bovina - Acrimat<\/title>\n<meta name=\"robots\" content=\"index, follow, max-snippet:-1, max-image-preview:large, max-video-preview:-1\" \/>\n<link rel=\"canonical\" href=\"https:\/\/acrimat.org.br\/portal\/cna-e-abiec-assinam-acordo-para-promover-acoes-em-prol-da-carne-bovina\/\" \/>\n<meta property=\"og:locale\" content=\"pt_BR\" \/>\n<meta property=\"og:type\" content=\"article\" \/>\n<meta property=\"og:title\" content=\"CNA e Abiec assinam acordo para promover a\u00e7\u00f5es em prol da carne bovina - Acrimat\" \/>\n<meta property=\"og:description\" content=\"Termo visa fortalecer a unidade do setor por meio de projetos\" \/>\n<meta property=\"og:url\" content=\"https:\/\/acrimat.org.br\/portal\/cna-e-abiec-assinam-acordo-para-promover-acoes-em-prol-da-carne-bovina\/\" \/>\n<meta property=\"og:site_name\" content=\"Acrimat\" \/>\n<meta property=\"article:published_time\" content=\"2017-08-03T13:22:29+00:00\" \/>\n<meta property=\"og:image\" content=\"https:\/\/acrimat.org.br\/portal\/wp-content\/uploads\/2017\/08\/abiec-cna-assinam_reproducao.jpg\" \/>\n\t<meta property=\"og:image:width\" content=\"590\" \/>\n\t<meta property=\"og:image:height\" content=\"393\" \/>\n\t<meta property=\"og:image:type\" content=\"image\/jpeg\" \/>\n<meta name=\"author\" content=\"P\u00e9ricles C\u00e2ndido\" \/>\n<meta name=\"twitter:card\" content=\"summary_large_image\" \/>\n<meta name=\"twitter:label1\" content=\"Escrito por\" \/>\n\t<meta name=\"twitter:data1\" content=\"P\u00e9ricles C\u00e2ndido\" \/>\n\t<meta name=\"twitter:label2\" content=\"Est. tempo de leitura\" \/>\n\t<meta name=\"twitter:data2\" content=\"3 minutos\" \/>\n<script type=\"application\/ld+json\" class=\"yoast-schema-graph\">{\"@context\":\"https:\/\/schema.org\",\"@graph\":[{\"@type\":\"Article\",\"@id\":\"https:\/\/acrimat.org.br\/portal\/cna-e-abiec-assinam-acordo-para-promover-acoes-em-prol-da-carne-bovina\/#article\",\"isPartOf\":{\"@id\":\"https:\/\/acrimat.org.br\/portal\/cna-e-abiec-assinam-acordo-para-promover-acoes-em-prol-da-carne-bovina\/\"},\"author\":{\"name\":\"P\u00e9ricles C\u00e2ndido\",\"@id\":\"https:\/\/acrimat.org.br\/portal\/#\/schema\/person\/18df8bcf6890e924fe5d8b5afd2bec0f\"},\"headline\":\"CNA e Abiec assinam acordo para promover a\u00e7\u00f5es em prol da carne bovina\",\"datePublished\":\"2017-08-03T13:22:29+00:00\",\"mainEntityOfPage\":{\"@id\":\"https:\/\/acrimat.org.br\/portal\/cna-e-abiec-assinam-acordo-para-promover-acoes-em-prol-da-carne-bovina\/\"},\"wordCount\":588,\"publisher\":{\"@id\":\"https:\/\/acrimat.org.br\/portal\/#organization\"},\"image\":{\"@id\":\"https:\/\/acrimat.org.br\/portal\/cna-e-abiec-assinam-acordo-para-promover-acoes-em-prol-da-carne-bovina\/#primaryimage\"},\"thumbnailUrl\":\"https:\/\/acrimat.org.br\/portal\/wp-content\/uploads\/2017\/08\/abiec-cna-assinam_reproducao.jpg\",\"articleSection\":[\"Destaques\",\"Not\u00edcias\"],\"inLanguage\":\"pt-BR\"},{\"@type\":\"WebPage\",\"@id\":\"https:\/\/acrimat.org.br\/portal\/cna-e-abiec-assinam-acordo-para-promover-acoes-em-prol-da-carne-bovina\/\",\"url\":\"https:\/\/acrimat.org.br\/portal\/cna-e-abiec-assinam-acordo-para-promover-acoes-em-prol-da-carne-bovina\/\",\"name\":\"CNA e Abiec assinam acordo para promover a\u00e7\u00f5es em prol da carne bovina - Acrimat\",\"isPartOf\":{\"@id\":\"https:\/\/acrimat.org.br\/portal\/#website\"},\"primaryImageOfPage\":{\"@id\":\"https:\/\/acrimat.org.br\/portal\/cna-e-abiec-assinam-acordo-para-promover-acoes-em-prol-da-carne-bovina\/#primaryimage\"},\"image\":{\"@id\":\"https:\/\/acrimat.org.br\/portal\/cna-e-abiec-assinam-acordo-para-promover-acoes-em-prol-da-carne-bovina\/#primaryimage\"},\"thumbnailUrl\":\"https:\/\/acrimat.org.br\/portal\/wp-content\/uploads\/2017\/08\/abiec-cna-assinam_reproducao.jpg\",\"datePublished\":\"2017-08-03T13:22:29+00:00\",\"breadcrumb\":{\"@id\":\"https:\/\/acrimat.org.br\/portal\/cna-e-abiec-assinam-acordo-para-promover-acoes-em-prol-da-carne-bovina\/#breadcrumb\"},\"inLanguage\":\"pt-BR\",\"potentialAction\":[{\"@type\":\"ReadAction\",\"target\":[\"https:\/\/acrimat.org.br\/portal\/cna-e-abiec-assinam-acordo-para-promover-acoes-em-prol-da-carne-bovina\/\"]}]},{\"@type\":\"ImageObject\",\"inLanguage\":\"pt-BR\",\"@id\":\"https:\/\/acrimat.org.br\/portal\/cna-e-abiec-assinam-acordo-para-promover-acoes-em-prol-da-carne-bovina\/#primaryimage\",\"url\":\"https:\/\/acrimat.org.br\/portal\/wp-content\/uploads\/2017\/08\/abiec-cna-assinam_reproducao.jpg\",\"contentUrl\":\"https:\/\/acrimat.org.br\/portal\/wp-content\/uploads\/2017\/08\/abiec-cna-assinam_reproducao.jpg\",\"width\":590,\"height\":393,\"caption\":\"Ministro da agricultura e presidente da FPA foram testemunhas da assinatura do termo (Foto: divulga\u00e7\u00e3o)\"},{\"@type\":\"BreadcrumbList\",\"@id\":\"https:\/\/acrimat.org.br\/portal\/cna-e-abiec-assinam-acordo-para-promover-acoes-em-prol-da-carne-bovina\/#breadcrumb\",\"itemListElement\":[{\"@type\":\"ListItem\",\"position\":1,\"name\":\"In\u00edcio\",\"item\":\"https:\/\/acrimat.org.br\/portal\/\"},{\"@type\":\"ListItem\",\"position\":2,\"name\":\"CNA e Abiec assinam acordo para promover a\u00e7\u00f5es em prol da carne bovina\"}]},{\"@type\":\"WebSite\",\"@id\":\"https:\/\/acrimat.org.br\/portal\/#website\",\"url\":\"https:\/\/acrimat.org.br\/portal\/\",\"name\":\"Acrimat\",\"description\":\"Associa\u00e7\u00e3o dos Criadores de Mato Grosso\",\"publisher\":{\"@id\":\"https:\/\/acrimat.org.br\/portal\/#organization\"},\"potentialAction\":[{\"@type\":\"SearchAction\",\"target\":{\"@type\":\"EntryPoint\",\"urlTemplate\":\"https:\/\/acrimat.org.br\/portal\/?s={search_term_string}\"},\"query-input\":{\"@type\":\"PropertyValueSpecification\",\"valueRequired\":true,\"valueName\":\"search_term_string\"}}],\"inLanguage\":\"pt-BR\"},{\"@type\":\"Organization\",\"@id\":\"https:\/\/acrimat.org.br\/portal\/#organization\",\"name\":\"Associa\u00e7\u00e3o dos Criadores de Mato Grosso\",\"url\":\"https:\/\/acrimat.org.br\/portal\/\",\"logo\":{\"@type\":\"ImageObject\",\"inLanguage\":\"pt-BR\",\"@id\":\"https:\/\/acrimat.org.br\/portal\/#\/schema\/logo\/image\/\",\"url\":\"https:\/\/acrimat.org.br\/portal\/wp-content\/uploads\/2018\/03\/logo-peq-original.png\",\"contentUrl\":\"https:\/\/acrimat.org.br\/portal\/wp-content\/uploads\/2018\/03\/logo-peq-original.png\",\"width\":174,\"height\":171,\"caption\":\"Associa\u00e7\u00e3o dos Criadores de Mato Grosso\"},\"image\":{\"@id\":\"https:\/\/acrimat.org.br\/portal\/#\/schema\/logo\/image\/\"}},{\"@type\":\"Person\",\"@id\":\"https:\/\/acrimat.org.br\/portal\/#\/schema\/person\/18df8bcf6890e924fe5d8b5afd2bec0f\",\"name\":\"P\u00e9ricles C\u00e2ndido\",\"image\":{\"@type\":\"ImageObject\",\"inLanguage\":\"pt-BR\",\"@id\":\"https:\/\/acrimat.org.br\/portal\/#\/schema\/person\/image\/\",\"url\":\"https:\/\/secure.gravatar.com\/avatar\/33e2a2b971dc363ed2df53d0d3bfbd18?s=96&d=mm&r=g\",\"contentUrl\":\"https:\/\/secure.gravatar.com\/avatar\/33e2a2b971dc363ed2df53d0d3bfbd18?s=96&d=mm&r=g\",\"caption\":\"P\u00e9ricles C\u00e2ndido\"},\"sameAs\":[\"ascom@acrimat.org.br\"],\"url\":\"https:\/\/acrimat.org.br\/portal\/author\/designergrafico\/\"}]}<\/script>\n<!-- \/ Yoast SEO plugin. -->","yoast_head_json":{"title":"CNA e Abiec assinam acordo para promover a\u00e7\u00f5es em prol da carne bovina - Acrimat","robots":{"index":"index","follow":"follow","max-snippet":"max-snippet:-1","max-image-preview":"max-image-preview:large","max-video-preview":"max-video-preview:-1"},"canonical":"https:\/\/acrimat.org.br\/portal\/cna-e-abiec-assinam-acordo-para-promover-acoes-em-prol-da-carne-bovina\/","og_locale":"pt_BR","og_type":"article","og_title":"CNA e Abiec assinam acordo para promover a\u00e7\u00f5es em prol da carne bovina - Acrimat","og_description":"Termo visa fortalecer a unidade do setor por meio de projetos","og_url":"https:\/\/acrimat.org.br\/portal\/cna-e-abiec-assinam-acordo-para-promover-acoes-em-prol-da-carne-bovina\/","og_site_name":"Acrimat","article_published_time":"2017-08-03T13:22:29+00:00","og_image":[{"width":590,"height":393,"url":"https:\/\/acrimat.org.br\/portal\/wp-content\/uploads\/2017\/08\/abiec-cna-assinam_reproducao.jpg","type":"image\/jpeg"}],"author":"P\u00e9ricles C\u00e2ndido","twitter_card":"summary_large_image","twitter_misc":{"Escrito por":"P\u00e9ricles C\u00e2ndido","Est. tempo de leitura":"3 minutos"},"schema":{"@context":"https:\/\/schema.org","@graph":[{"@type":"Article","@id":"https:\/\/acrimat.org.br\/portal\/cna-e-abiec-assinam-acordo-para-promover-acoes-em-prol-da-carne-bovina\/#article","isPartOf":{"@id":"https:\/\/acrimat.org.br\/portal\/cna-e-abiec-assinam-acordo-para-promover-acoes-em-prol-da-carne-bovina\/"},"author":{"name":"P\u00e9ricles C\u00e2ndido","@id":"https:\/\/acrimat.org.br\/portal\/#\/schema\/person\/18df8bcf6890e924fe5d8b5afd2bec0f"},"headline":"CNA e Abiec assinam acordo para promover a\u00e7\u00f5es em prol da carne bovina","datePublished":"2017-08-03T13:22:29+00:00","mainEntityOfPage":{"@id":"https:\/\/acrimat.org.br\/portal\/cna-e-abiec-assinam-acordo-para-promover-acoes-em-prol-da-carne-bovina\/"},"wordCount":588,"publisher":{"@id":"https:\/\/acrimat.org.br\/portal\/#organization"},"image":{"@id":"https:\/\/acrimat.org.br\/portal\/cna-e-abiec-assinam-acordo-para-promover-acoes-em-prol-da-carne-bovina\/#primaryimage"},"thumbnailUrl":"https:\/\/acrimat.org.br\/portal\/wp-content\/uploads\/2017\/08\/abiec-cna-assinam_reproducao.jpg","articleSection":["Destaques","Not\u00edcias"],"inLanguage":"pt-BR"},{"@type":"WebPage","@id":"https:\/\/acrimat.org.br\/portal\/cna-e-abiec-assinam-acordo-para-promover-acoes-em-prol-da-carne-bovina\/","url":"https:\/\/acrimat.org.br\/portal\/cna-e-abiec-assinam-acordo-para-promover-acoes-em-prol-da-carne-bovina\/","name":"CNA e Abiec assinam acordo para promover a\u00e7\u00f5es em prol da carne bovina - Acrimat","isPartOf":{"@id":"https:\/\/acrimat.org.br\/portal\/#website"},"primaryImageOfPage":{"@id":"https:\/\/acrimat.org.br\/portal\/cna-e-abiec-assinam-acordo-para-promover-acoes-em-prol-da-carne-bovina\/#primaryimage"},"image":{"@id":"https:\/\/acrimat.org.br\/portal\/cna-e-abiec-assinam-acordo-para-promover-acoes-em-prol-da-carne-bovina\/#primaryimage"},"thumbnailUrl":"https:\/\/acrimat.org.br\/portal\/wp-content\/uploads\/2017\/08\/abiec-cna-assinam_reproducao.jpg","datePublished":"2017-08-03T13:22:29+00:00","breadcrumb":{"@id":"https:\/\/acrimat.org.br\/portal\/cna-e-abiec-assinam-acordo-para-promover-acoes-em-prol-da-carne-bovina\/#breadcrumb"},"inLanguage":"pt-BR","potentialAction":[{"@type":"ReadAction","target":["https:\/\/acrimat.org.br\/portal\/cna-e-abiec-assinam-acordo-para-promover-acoes-em-prol-da-carne-bovina\/"]}]},{"@type":"ImageObject","inLanguage":"pt-BR","@id":"https:\/\/acrimat.org.br\/portal\/cna-e-abiec-assinam-acordo-para-promover-acoes-em-prol-da-carne-bovina\/#primaryimage","url":"https:\/\/acrimat.org.br\/portal\/wp-content\/uploads\/2017\/08\/abiec-cna-assinam_reproducao.jpg","contentUrl":"https:\/\/acrimat.org.br\/portal\/wp-content\/uploads\/2017\/08\/abiec-cna-assinam_reproducao.jpg","width":590,"height":393,"caption":"Ministro da agricultura e presidente da FPA foram testemunhas da assinatura do termo (Foto: divulga\u00e7\u00e3o)"},{"@type":"BreadcrumbList","@id":"https:\/\/acrimat.org.br\/portal\/cna-e-abiec-assinam-acordo-para-promover-acoes-em-prol-da-carne-bovina\/#breadcrumb","itemListElement":[{"@type":"ListItem","position":1,"name":"In\u00edcio","item":"https:\/\/acrimat.org.br\/portal\/"},{"@type":"ListItem","position":2,"name":"CNA e Abiec assinam acordo para promover a\u00e7\u00f5es em prol da carne bovina"}]},{"@type":"WebSite","@id":"https:\/\/acrimat.org.br\/portal\/#website","url":"https:\/\/acrimat.org.br\/portal\/","name":"Acrimat","description":"Associa\u00e7\u00e3o dos Criadores de Mato Grosso","publisher":{"@id":"https:\/\/acrimat.org.br\/portal\/#organization"},"potentialAction":[{"@type":"SearchAction","target":{"@type":"EntryPoint","urlTemplate":"https:\/\/acrimat.org.br\/portal\/?s={search_term_string}"},"query-input":{"@type":"PropertyValueSpecification","valueRequired":true,"valueName":"search_term_string"}}],"inLanguage":"pt-BR"},{"@type":"Organization","@id":"https:\/\/acrimat.org.br\/portal\/#organization","name":"Associa\u00e7\u00e3o dos Criadores de Mato Grosso","url":"https:\/\/acrimat.org.br\/portal\/","logo":{"@type":"ImageObject","inLanguage":"pt-BR","@id":"https:\/\/acrimat.org.br\/portal\/#\/schema\/logo\/image\/","url":"https:\/\/acrimat.org.br\/portal\/wp-content\/uploads\/2018\/03\/logo-peq-original.png","contentUrl":"https:\/\/acrimat.org.br\/portal\/wp-content\/uploads\/2018\/03\/logo-peq-original.png","width":174,"height":171,"caption":"Associa\u00e7\u00e3o dos Criadores de Mato Grosso"},"image":{"@id":"https:\/\/acrimat.org.br\/portal\/#\/schema\/logo\/image\/"}},{"@type":"Person","@id":"https:\/\/acrimat.org.br\/portal\/#\/schema\/person\/18df8bcf6890e924fe5d8b5afd2bec0f","name":"P\u00e9ricles C\u00e2ndido","image":{"@type":"ImageObject","inLanguage":"pt-BR","@id":"https:\/\/acrimat.org.br\/portal\/#\/schema\/person\/image\/","url":"https:\/\/secure.gravatar.com\/avatar\/33e2a2b971dc363ed2df53d0d3bfbd18?s=96&d=mm&r=g","contentUrl":"https:\/\/secure.gravatar.com\/avatar\/33e2a2b971dc363ed2df53d0d3bfbd18?s=96&d=mm&r=g","caption":"P\u00e9ricles C\u00e2ndido"},"sameAs":["ascom@acrimat.org.br"],"url":"https:\/\/acrimat.org.br\/portal\/author\/designergrafico\/"}]}},"_links":{"self":[{"href":"https:\/\/acrimat.org.br\/portal\/wp-json\/wp\/v2\/posts\/97982974","targetHints":{"allow":["GET"]}}],"collection":[{"href":"https:\/\/acrimat.org.br\/portal\/wp-json\/wp\/v2\/posts"}],"about":[{"href":"https:\/\/acrimat.org.br\/portal\/wp-json\/wp\/v2\/types\/post"}],"author":[{"embeddable":true,"href":"https:\/\/acrimat.org.br\/portal\/wp-json\/wp\/v2\/users\/11"}],"replies":[{"embeddable":true,"href":"https:\/\/acrimat.org.br\/portal\/wp-json\/wp\/v2\/comments?post=97982974"}],"version-history":[{"count":4,"href":"https:\/\/acrimat.org.br\/portal\/wp-json\/wp\/v2\/posts\/97982974\/revisions"}],"predecessor-version":[{"id":97982980,"href":"https:\/\/acrimat.org.br\/portal\/wp-json\/wp\/v2\/posts\/97982974\/revisions\/97982980"}],"wp:featuredmedia":[{"embeddable":true,"href":"https:\/\/acrimat.org.br\/portal\/wp-json\/wp\/v2\/media\/97982976"}],"wp:attachment":[{"href":"https:\/\/acrimat.org.br\/portal\/wp-json\/wp\/v2\/media?parent=97982974"}],"wp:term":[{"taxonomy":"category","embeddable":true,"href":"https:\/\/acrimat.org.br\/portal\/wp-json\/wp\/v2\/categories?post=97982974"},{"taxonomy":"post_tag","embeddable":true,"href":"https:\/\/acrimat.org.br\/portal\/wp-json\/wp\/v2\/tags?post=97982974"}],"curies":[{"name":"wp","href":"https:\/\/api.w.org\/{rel}","templated":true}]}}