{"id":97982981,"date":"2017-08-03T10:05:46","date_gmt":"2017-08-03T13:05:46","guid":{"rendered":"http:\/\/acrimat.org.br\/portal\/?p=97982981"},"modified":"2017-08-03T10:30:11","modified_gmt":"2017-08-03T13:30:11","slug":"mp-do-funrural-corrige-distorcoes-na-contribuicao-previdenciaria-no-campo-diz-fpa","status":"publish","type":"post","link":"https:\/\/acrimat.org.br\/portal\/mp-do-funrural-corrige-distorcoes-na-contribuicao-previdenciaria-no-campo-diz-fpa\/","title":{"rendered":"MP do Funrural corrige distor\u00e7\u00f5es na contribui\u00e7\u00e3o previdenci\u00e1ria no campo, diz FPA"},"content":{"rendered":"<div id=\"attachment_97976178\" style=\"width: 310px\" class=\"wp-caption alignright\"><a href=\"http:\/\/acrimat.org.br\/portal\/wp-content\/uploads\/2016\/06\/nilson-leitao-2-620x330.jpg\"><img decoding=\"async\" aria-describedby=\"caption-attachment-97976178\" class=\"wp-image-97976178 size-medium\" src=\"http:\/\/acrimat.org.br\/portal\/wp-content\/uploads\/2016\/06\/nilson-leitao-2-620x330-300x160.jpg\" alt=\"\" width=\"300\" height=\"160\" srcset=\"https:\/\/acrimat.org.br\/portal\/wp-content\/uploads\/2016\/06\/nilson-leitao-2-620x330-300x160.jpg 300w, https:\/\/acrimat.org.br\/portal\/wp-content\/uploads\/2016\/06\/nilson-leitao-2-620x330-250x133.jpg 250w, https:\/\/acrimat.org.br\/portal\/wp-content\/uploads\/2016\/06\/nilson-leitao-2-620x330-550x293.jpg 550w, https:\/\/acrimat.org.br\/portal\/wp-content\/uploads\/2016\/06\/nilson-leitao-2-620x330-338x180.jpg 338w, https:\/\/acrimat.org.br\/portal\/wp-content\/uploads\/2016\/06\/nilson-leitao-2-620x330-564x300.jpg 564w, https:\/\/acrimat.org.br\/portal\/wp-content\/uploads\/2016\/06\/nilson-leitao-2-620x330.jpg 620w\" sizes=\"(max-width: 300px) 100vw, 300px\" \/><\/a><p id=\"caption-attachment-97976178\" class=\"wp-caption-text\">Nilson Leit\u00e3o, presidente da FPA<\/p><\/div>\n<p>\u201cA Medida Provis\u00f3ria 793\/2017, publicada nesta ter\u00e7a-feira (01\/07) no Di\u00e1rio Oficial da Uni\u00e3o, vem para corrigir graves distor\u00e7\u00f5es na contribui\u00e7\u00e3o previdenci\u00e1ria no campo, feita por meio do Fundo de Assist\u00eancia ao Trabalhador Rural (Funrural).\u201d A opini\u00e3o \u00e9 do presidente da Frente Parlamentar da Agropecu\u00e1ria (FPA), deputado Nilson Leit\u00e3o (PSDB-MT), que liderou as negocia\u00e7\u00f5es com o governo, mais exatamente junto ao Minist\u00e9rio da Fazenda e \u00e0 Receita Federal. A MP 793\/2017 institui o Programa de Regulariza\u00e7\u00e3o Tribut\u00e1ria Rural (PRR) junto \u00e0 Secretaria da Receita Federal e \u00e0 Procuradoria-Geral da Fazenda Nacional.<\/p>\n<p>O assunto vinha trazendo preocupa\u00e7\u00e3o aos produtores rurais desde 30 de mar\u00e7o passado, quando o Supremo Tribunal Federal (STF), contrariando decis\u00f5es anteriores da pr\u00f3pria corte, considerou constitucional a cobran\u00e7a do Funrural.<\/p>\n<p>A MP 793\/2017 define que a al\u00edquota, para quem estava em dia com o Funrural, ser\u00e1 reduzida de 2,3% sobre o faturamento para 1,5%.<\/p>\n<p>Para quem estava devendo, a cobran\u00e7a ser\u00e1 de 1,5% mais 0,8%, sendo esse \u00faltimo percentual relativo ao pagamento da d\u00edvida. Ao aderir ao programa, o produtor se compromete ao pagamento m\u00ednimo de 4% do valor da d\u00edvida, sem redu\u00e7\u00f5es, em at\u00e9 quatro parcelas de 1% entre setembro e dezembro de 2017. Para os adquirentes, que compram produtos agropecu\u00e1rios para agregar valor, como frigor\u00edficos, por exemplo, as regras valem para aqueles com d\u00edvida at\u00e9 R$ 15 milh\u00f5es. Acima desse teto, o valor ser\u00e1 parcelado em 166 meses. Esses s\u00e3o alguns dos pontos que Nilson Leit\u00e3o pretende modificar na aprecia\u00e7\u00e3o da mat\u00e9ria no Congresso. \u201cNossa proposta ser\u00e1 de reduzir o pagamento inicial de 4% para 1% e elevar o teto dos adquirentes\u201d, adiantou o presidente da FPA.<\/p>\n<p>Segundo Nilson Leit\u00e3o, trata-se de uma alternativa importante para o produtor rural. \u201cA MP ainda poder\u00e1 ser aperfei\u00e7oada no Congresso para garantir o melhor atendimento a todos os setores envolvidos na cadeia produtiva\u201d, acrescentou o presidente da FPA.<\/p>\n<p>Diferente do trabalhador urbano, onde a contribui\u00e7\u00e3o previdenci\u00e1ria \u00e9 feita com o desconto em folha de pagamento para o Instituto Nacional do Seguro Social (INSS), a previd\u00eancia rural deveria ser cobrada com base em uma al\u00edquota de 2,3% em cima do faturamento bruto da venda da produ\u00e7\u00e3o. Para o trabalhador urbano, o desconto em folha vai de 8% a 11%, dependendo da faixa salarial, e \u00e9 complementado pelo empregador totalizando 20% sobre a folha.<\/p>\n<p>\u201cQuem analisa esses n\u00fameros de forma simplista, pode pensar que a carga \u00e9 muito mais suave no campo. Na verdade, o que ocorre \u00e9 exatamente o contr\u00e1rio. Por isso muitos produtores questionaram o Funrural na Justi\u00e7a\u201d, explica Nilson Leit\u00e3o. Um exemplo vem de uma simula\u00e7\u00e3o feita pela Confedera\u00e7\u00e3o da Agricultura e Pecu\u00e1ria do Brasil (CNA) na qual, com o emprego de uma pessoa, a cria\u00e7\u00e3o de 488 cabe\u00e7as de bovinos totaliza um faturamento de R$ 468 mil anuais. Neste caso, aplicando-se a al\u00edquota de 2,3%, o Funrural devido seria de R$ 14.457. Praticamente o triplo dos R$ 4.943 se o c\u00e1lculo fosse feito com base nos 20% do INSS sobre a folha de pagamento para o trabalhador urbano. Ainda tendo como base esse exemplo, com a redu\u00e7\u00e3o da al\u00edquota de 2,3% para 1,5%, o Funrural devido seria de R$ 9.428.<\/p>\n<p>Nilson Leit\u00e3o refor\u00e7a que s\u00e3o necess\u00e1rios ajustes durante a aprecia\u00e7\u00e3o da mat\u00e9ria no Congresso. \u201cAlguns pontos precisam ser melhor trabalhados na C\u00e2mara e no Senado, mas j\u00e1 avan\u00e7amos muito com a redu\u00e7\u00e3o da al\u00edquota de 2,3 para 1,5%\u201d, afirmou o presidente da FPA.<\/p>\n<p>Outro ponto a ser negociado, segundo Leit\u00e3o, ser\u00e1 a inclus\u00e3o do produtor pessoa jur\u00eddica e a possibilidade de escolha entre a folha de pagamento e a comercializa\u00e7\u00e3o.<\/p>\n<p><strong>Principais pontos da MP do Funrural<\/strong><\/p>\n<p>Programa de Regulariza\u00e7\u00e3o Tribut\u00e1ria Rural (PRR) \u2013 Regulariza d\u00e9bitos existentes relativos a contribui\u00e7\u00f5es com o Funrural vencidos at\u00e9 30 de abril de 2017.<\/p>\n<p><strong>Ades\u00e3o \u2013<\/strong> Ser\u00e1 feita por meio de requerimento at\u00e9 o dia 29 de setembro.<\/p>\n<p><strong>Produtor rural pessoa f\u00edsica \u2013<\/strong> Na ades\u00e3o, o produtor rural ter\u00e1 de pagar no m\u00ednimo 4% do valor total da d\u00edvida bruta (sem descontos) em at\u00e9 quatro parcelas entre setembro e dezembro de 2017. Para o saldo restante da d\u00edvida, ser\u00e3o descontados 100% dos juros e 25% das multas e encargos legais. O pagamento ser\u00e1 dividido em 176 meses (14 anos e oito meses). Se ao final do prazo de 176 meses ainda houver res\u00edduo a pagar, esse montante poder\u00e1 ser parcelado em 60 meses, sem redu\u00e7\u00f5es.<\/p>\n<p><strong>Produtor rural pessoa jur\u00eddica \u2013<\/strong> O programa n\u00e3o se aplica ao produtor pessoa jur\u00eddica. A FPA vai trabalhar no Congresso para a inclus\u00e3o de pessoas jur\u00eddicas no PRR.<\/p>\n<p><strong>Adquirentes \u2013<\/strong> S\u00e3o aqueles que compram produtos agropecu\u00e1rios para agregar-lhes valor, como os frigor\u00edficos, por exemplo. Para os que devem menos de R$ 15 milh\u00f5es, as regras s\u00e3o as mesmas do produtor pessoa f\u00edsica. Para as d\u00edvidas superiores a R$ 15 milh\u00f5es, o valor ser\u00e1 parcelado em 166 meses.<\/p>\n<p><strong>Res\u00edduos \u2013<\/strong> Caso haja res\u00edduos a pagar ap\u00f3s os 15 anos, o valor ser\u00e1 parcelado em at\u00e9 60 vezes fixas mensais.<\/p>\n<p><strong>Fonte: FPA<\/strong><\/p>\n","protected":false},"excerpt":{"rendered":"<p>A MP 793\/2017 define que a al\u00edquota, para quem estava em dia com o Funrural, ser\u00e1 reduzida de 2,3% sobre o faturamento para 1,5%<\/p>\n","protected":false},"author":11,"featured_media":97976178,"comment_status":"closed","ping_status":"closed","sticky":false,"template":"","format":"standard","meta":{"footnotes":""},"categories":[6,1],"tags":[],"class_list":["post-97982981","post","type-post","status-publish","format-standard","has-post-thumbnail","hentry","category-destaque","category-noticia"],"yoast_head":"<!-- This site is optimized with the Yoast SEO plugin v24.8.1 - https:\/\/yoast.com\/wordpress\/plugins\/seo\/ -->\n<title>MP do Funrural corrige distor\u00e7\u00f5es na contribui\u00e7\u00e3o previdenci\u00e1ria no campo, diz FPA - Acrimat<\/title>\n<meta name=\"robots\" content=\"index, follow, max-snippet:-1, max-image-preview:large, max-video-preview:-1\" \/>\n<link rel=\"canonical\" href=\"https:\/\/acrimat.org.br\/portal\/mp-do-funrural-corrige-distorcoes-na-contribuicao-previdenciaria-no-campo-diz-fpa\/\" \/>\n<meta property=\"og:locale\" content=\"pt_BR\" \/>\n<meta property=\"og:type\" content=\"article\" \/>\n<meta property=\"og:title\" content=\"MP do Funrural corrige distor\u00e7\u00f5es na contribui\u00e7\u00e3o previdenci\u00e1ria no campo, diz FPA - Acrimat\" \/>\n<meta property=\"og:description\" content=\"A MP 793\/2017 define que a al\u00edquota, para quem estava em dia com o Funrural, ser\u00e1 reduzida de 2,3% sobre o faturamento para 1,5%\" \/>\n<meta property=\"og:url\" content=\"https:\/\/acrimat.org.br\/portal\/mp-do-funrural-corrige-distorcoes-na-contribuicao-previdenciaria-no-campo-diz-fpa\/\" \/>\n<meta property=\"og:site_name\" content=\"Acrimat\" \/>\n<meta property=\"article:published_time\" content=\"2017-08-03T13:05:46+00:00\" \/>\n<meta property=\"article:modified_time\" content=\"2017-08-03T13:30:11+00:00\" \/>\n<meta property=\"og:image\" content=\"https:\/\/acrimat.org.br\/portal\/wp-content\/uploads\/2016\/06\/nilson-leitao-2-620x330.jpg\" \/>\n\t<meta property=\"og:image:width\" content=\"620\" \/>\n\t<meta property=\"og:image:height\" content=\"330\" \/>\n\t<meta property=\"og:image:type\" content=\"image\/jpeg\" \/>\n<meta name=\"author\" content=\"P\u00e9ricles C\u00e2ndido\" \/>\n<meta name=\"twitter:card\" content=\"summary_large_image\" \/>\n<meta name=\"twitter:label1\" content=\"Escrito por\" \/>\n\t<meta name=\"twitter:data1\" content=\"P\u00e9ricles C\u00e2ndido\" \/>\n\t<meta name=\"twitter:label2\" content=\"Est. tempo de leitura\" \/>\n\t<meta name=\"twitter:data2\" content=\"4 minutos\" \/>\n<script type=\"application\/ld+json\" class=\"yoast-schema-graph\">{\"@context\":\"https:\/\/schema.org\",\"@graph\":[{\"@type\":\"Article\",\"@id\":\"https:\/\/acrimat.org.br\/portal\/mp-do-funrural-corrige-distorcoes-na-contribuicao-previdenciaria-no-campo-diz-fpa\/#article\",\"isPartOf\":{\"@id\":\"https:\/\/acrimat.org.br\/portal\/mp-do-funrural-corrige-distorcoes-na-contribuicao-previdenciaria-no-campo-diz-fpa\/\"},\"author\":{\"name\":\"P\u00e9ricles C\u00e2ndido\",\"@id\":\"https:\/\/acrimat.org.br\/portal\/#\/schema\/person\/18df8bcf6890e924fe5d8b5afd2bec0f\"},\"headline\":\"MP do Funrural corrige distor\u00e7\u00f5es na contribui\u00e7\u00e3o previdenci\u00e1ria no campo, diz FPA\",\"datePublished\":\"2017-08-03T13:05:46+00:00\",\"dateModified\":\"2017-08-03T13:30:11+00:00\",\"mainEntityOfPage\":{\"@id\":\"https:\/\/acrimat.org.br\/portal\/mp-do-funrural-corrige-distorcoes-na-contribuicao-previdenciaria-no-campo-diz-fpa\/\"},\"wordCount\":886,\"publisher\":{\"@id\":\"https:\/\/acrimat.org.br\/portal\/#organization\"},\"image\":{\"@id\":\"https:\/\/acrimat.org.br\/portal\/mp-do-funrural-corrige-distorcoes-na-contribuicao-previdenciaria-no-campo-diz-fpa\/#primaryimage\"},\"thumbnailUrl\":\"https:\/\/acrimat.org.br\/portal\/wp-content\/uploads\/2016\/06\/nilson-leitao-2-620x330.jpg\",\"articleSection\":[\"Destaques\",\"Not\u00edcias\"],\"inLanguage\":\"pt-BR\"},{\"@type\":\"WebPage\",\"@id\":\"https:\/\/acrimat.org.br\/portal\/mp-do-funrural-corrige-distorcoes-na-contribuicao-previdenciaria-no-campo-diz-fpa\/\",\"url\":\"https:\/\/acrimat.org.br\/portal\/mp-do-funrural-corrige-distorcoes-na-contribuicao-previdenciaria-no-campo-diz-fpa\/\",\"name\":\"MP do Funrural corrige distor\u00e7\u00f5es na contribui\u00e7\u00e3o previdenci\u00e1ria no campo, diz FPA - Acrimat\",\"isPartOf\":{\"@id\":\"https:\/\/acrimat.org.br\/portal\/#website\"},\"primaryImageOfPage\":{\"@id\":\"https:\/\/acrimat.org.br\/portal\/mp-do-funrural-corrige-distorcoes-na-contribuicao-previdenciaria-no-campo-diz-fpa\/#primaryimage\"},\"image\":{\"@id\":\"https:\/\/acrimat.org.br\/portal\/mp-do-funrural-corrige-distorcoes-na-contribuicao-previdenciaria-no-campo-diz-fpa\/#primaryimage\"},\"thumbnailUrl\":\"https:\/\/acrimat.org.br\/portal\/wp-content\/uploads\/2016\/06\/nilson-leitao-2-620x330.jpg\",\"datePublished\":\"2017-08-03T13:05:46+00:00\",\"dateModified\":\"2017-08-03T13:30:11+00:00\",\"breadcrumb\":{\"@id\":\"https:\/\/acrimat.org.br\/portal\/mp-do-funrural-corrige-distorcoes-na-contribuicao-previdenciaria-no-campo-diz-fpa\/#breadcrumb\"},\"inLanguage\":\"pt-BR\",\"potentialAction\":[{\"@type\":\"ReadAction\",\"target\":[\"https:\/\/acrimat.org.br\/portal\/mp-do-funrural-corrige-distorcoes-na-contribuicao-previdenciaria-no-campo-diz-fpa\/\"]}]},{\"@type\":\"ImageObject\",\"inLanguage\":\"pt-BR\",\"@id\":\"https:\/\/acrimat.org.br\/portal\/mp-do-funrural-corrige-distorcoes-na-contribuicao-previdenciaria-no-campo-diz-fpa\/#primaryimage\",\"url\":\"https:\/\/acrimat.org.br\/portal\/wp-content\/uploads\/2016\/06\/nilson-leitao-2-620x330.jpg\",\"contentUrl\":\"https:\/\/acrimat.org.br\/portal\/wp-content\/uploads\/2016\/06\/nilson-leitao-2-620x330.jpg\",\"width\":620,\"height\":330},{\"@type\":\"BreadcrumbList\",\"@id\":\"https:\/\/acrimat.org.br\/portal\/mp-do-funrural-corrige-distorcoes-na-contribuicao-previdenciaria-no-campo-diz-fpa\/#breadcrumb\",\"itemListElement\":[{\"@type\":\"ListItem\",\"position\":1,\"name\":\"In\u00edcio\",\"item\":\"https:\/\/acrimat.org.br\/portal\/\"},{\"@type\":\"ListItem\",\"position\":2,\"name\":\"MP do Funrural corrige distor\u00e7\u00f5es na contribui\u00e7\u00e3o previdenci\u00e1ria no campo, diz FPA\"}]},{\"@type\":\"WebSite\",\"@id\":\"https:\/\/acrimat.org.br\/portal\/#website\",\"url\":\"https:\/\/acrimat.org.br\/portal\/\",\"name\":\"Acrimat\",\"description\":\"Associa\u00e7\u00e3o dos Criadores de Mato Grosso\",\"publisher\":{\"@id\":\"https:\/\/acrimat.org.br\/portal\/#organization\"},\"potentialAction\":[{\"@type\":\"SearchAction\",\"target\":{\"@type\":\"EntryPoint\",\"urlTemplate\":\"https:\/\/acrimat.org.br\/portal\/?s={search_term_string}\"},\"query-input\":{\"@type\":\"PropertyValueSpecification\",\"valueRequired\":true,\"valueName\":\"search_term_string\"}}],\"inLanguage\":\"pt-BR\"},{\"@type\":\"Organization\",\"@id\":\"https:\/\/acrimat.org.br\/portal\/#organization\",\"name\":\"Associa\u00e7\u00e3o dos Criadores de Mato Grosso\",\"url\":\"https:\/\/acrimat.org.br\/portal\/\",\"logo\":{\"@type\":\"ImageObject\",\"inLanguage\":\"pt-BR\",\"@id\":\"https:\/\/acrimat.org.br\/portal\/#\/schema\/logo\/image\/\",\"url\":\"https:\/\/acrimat.org.br\/portal\/wp-content\/uploads\/2018\/03\/logo-peq-original.png\",\"contentUrl\":\"https:\/\/acrimat.org.br\/portal\/wp-content\/uploads\/2018\/03\/logo-peq-original.png\",\"width\":174,\"height\":171,\"caption\":\"Associa\u00e7\u00e3o dos Criadores de Mato Grosso\"},\"image\":{\"@id\":\"https:\/\/acrimat.org.br\/portal\/#\/schema\/logo\/image\/\"}},{\"@type\":\"Person\",\"@id\":\"https:\/\/acrimat.org.br\/portal\/#\/schema\/person\/18df8bcf6890e924fe5d8b5afd2bec0f\",\"name\":\"P\u00e9ricles C\u00e2ndido\",\"image\":{\"@type\":\"ImageObject\",\"inLanguage\":\"pt-BR\",\"@id\":\"https:\/\/acrimat.org.br\/portal\/#\/schema\/person\/image\/\",\"url\":\"https:\/\/secure.gravatar.com\/avatar\/33e2a2b971dc363ed2df53d0d3bfbd18?s=96&d=mm&r=g\",\"contentUrl\":\"https:\/\/secure.gravatar.com\/avatar\/33e2a2b971dc363ed2df53d0d3bfbd18?s=96&d=mm&r=g\",\"caption\":\"P\u00e9ricles C\u00e2ndido\"},\"sameAs\":[\"ascom@acrimat.org.br\"],\"url\":\"https:\/\/acrimat.org.br\/portal\/author\/designergrafico\/\"}]}<\/script>\n<!-- \/ Yoast SEO plugin. -->","yoast_head_json":{"title":"MP do Funrural corrige distor\u00e7\u00f5es na contribui\u00e7\u00e3o previdenci\u00e1ria no campo, diz FPA - Acrimat","robots":{"index":"index","follow":"follow","max-snippet":"max-snippet:-1","max-image-preview":"max-image-preview:large","max-video-preview":"max-video-preview:-1"},"canonical":"https:\/\/acrimat.org.br\/portal\/mp-do-funrural-corrige-distorcoes-na-contribuicao-previdenciaria-no-campo-diz-fpa\/","og_locale":"pt_BR","og_type":"article","og_title":"MP do Funrural corrige distor\u00e7\u00f5es na contribui\u00e7\u00e3o previdenci\u00e1ria no campo, diz FPA - Acrimat","og_description":"A MP 793\/2017 define que a al\u00edquota, para quem estava em dia com o Funrural, ser\u00e1 reduzida de 2,3% sobre o faturamento para 1,5%","og_url":"https:\/\/acrimat.org.br\/portal\/mp-do-funrural-corrige-distorcoes-na-contribuicao-previdenciaria-no-campo-diz-fpa\/","og_site_name":"Acrimat","article_published_time":"2017-08-03T13:05:46+00:00","article_modified_time":"2017-08-03T13:30:11+00:00","og_image":[{"width":620,"height":330,"url":"https:\/\/acrimat.org.br\/portal\/wp-content\/uploads\/2016\/06\/nilson-leitao-2-620x330.jpg","type":"image\/jpeg"}],"author":"P\u00e9ricles C\u00e2ndido","twitter_card":"summary_large_image","twitter_misc":{"Escrito por":"P\u00e9ricles C\u00e2ndido","Est. tempo de leitura":"4 minutos"},"schema":{"@context":"https:\/\/schema.org","@graph":[{"@type":"Article","@id":"https:\/\/acrimat.org.br\/portal\/mp-do-funrural-corrige-distorcoes-na-contribuicao-previdenciaria-no-campo-diz-fpa\/#article","isPartOf":{"@id":"https:\/\/acrimat.org.br\/portal\/mp-do-funrural-corrige-distorcoes-na-contribuicao-previdenciaria-no-campo-diz-fpa\/"},"author":{"name":"P\u00e9ricles C\u00e2ndido","@id":"https:\/\/acrimat.org.br\/portal\/#\/schema\/person\/18df8bcf6890e924fe5d8b5afd2bec0f"},"headline":"MP do Funrural corrige distor\u00e7\u00f5es na contribui\u00e7\u00e3o previdenci\u00e1ria no campo, diz FPA","datePublished":"2017-08-03T13:05:46+00:00","dateModified":"2017-08-03T13:30:11+00:00","mainEntityOfPage":{"@id":"https:\/\/acrimat.org.br\/portal\/mp-do-funrural-corrige-distorcoes-na-contribuicao-previdenciaria-no-campo-diz-fpa\/"},"wordCount":886,"publisher":{"@id":"https:\/\/acrimat.org.br\/portal\/#organization"},"image":{"@id":"https:\/\/acrimat.org.br\/portal\/mp-do-funrural-corrige-distorcoes-na-contribuicao-previdenciaria-no-campo-diz-fpa\/#primaryimage"},"thumbnailUrl":"https:\/\/acrimat.org.br\/portal\/wp-content\/uploads\/2016\/06\/nilson-leitao-2-620x330.jpg","articleSection":["Destaques","Not\u00edcias"],"inLanguage":"pt-BR"},{"@type":"WebPage","@id":"https:\/\/acrimat.org.br\/portal\/mp-do-funrural-corrige-distorcoes-na-contribuicao-previdenciaria-no-campo-diz-fpa\/","url":"https:\/\/acrimat.org.br\/portal\/mp-do-funrural-corrige-distorcoes-na-contribuicao-previdenciaria-no-campo-diz-fpa\/","name":"MP do Funrural corrige distor\u00e7\u00f5es na contribui\u00e7\u00e3o previdenci\u00e1ria no campo, diz FPA - Acrimat","isPartOf":{"@id":"https:\/\/acrimat.org.br\/portal\/#website"},"primaryImageOfPage":{"@id":"https:\/\/acrimat.org.br\/portal\/mp-do-funrural-corrige-distorcoes-na-contribuicao-previdenciaria-no-campo-diz-fpa\/#primaryimage"},"image":{"@id":"https:\/\/acrimat.org.br\/portal\/mp-do-funrural-corrige-distorcoes-na-contribuicao-previdenciaria-no-campo-diz-fpa\/#primaryimage"},"thumbnailUrl":"https:\/\/acrimat.org.br\/portal\/wp-content\/uploads\/2016\/06\/nilson-leitao-2-620x330.jpg","datePublished":"2017-08-03T13:05:46+00:00","dateModified":"2017-08-03T13:30:11+00:00","breadcrumb":{"@id":"https:\/\/acrimat.org.br\/portal\/mp-do-funrural-corrige-distorcoes-na-contribuicao-previdenciaria-no-campo-diz-fpa\/#breadcrumb"},"inLanguage":"pt-BR","potentialAction":[{"@type":"ReadAction","target":["https:\/\/acrimat.org.br\/portal\/mp-do-funrural-corrige-distorcoes-na-contribuicao-previdenciaria-no-campo-diz-fpa\/"]}]},{"@type":"ImageObject","inLanguage":"pt-BR","@id":"https:\/\/acrimat.org.br\/portal\/mp-do-funrural-corrige-distorcoes-na-contribuicao-previdenciaria-no-campo-diz-fpa\/#primaryimage","url":"https:\/\/acrimat.org.br\/portal\/wp-content\/uploads\/2016\/06\/nilson-leitao-2-620x330.jpg","contentUrl":"https:\/\/acrimat.org.br\/portal\/wp-content\/uploads\/2016\/06\/nilson-leitao-2-620x330.jpg","width":620,"height":330},{"@type":"BreadcrumbList","@id":"https:\/\/acrimat.org.br\/portal\/mp-do-funrural-corrige-distorcoes-na-contribuicao-previdenciaria-no-campo-diz-fpa\/#breadcrumb","itemListElement":[{"@type":"ListItem","position":1,"name":"In\u00edcio","item":"https:\/\/acrimat.org.br\/portal\/"},{"@type":"ListItem","position":2,"name":"MP do Funrural corrige distor\u00e7\u00f5es na contribui\u00e7\u00e3o previdenci\u00e1ria no campo, diz FPA"}]},{"@type":"WebSite","@id":"https:\/\/acrimat.org.br\/portal\/#website","url":"https:\/\/acrimat.org.br\/portal\/","name":"Acrimat","description":"Associa\u00e7\u00e3o dos Criadores de Mato Grosso","publisher":{"@id":"https:\/\/acrimat.org.br\/portal\/#organization"},"potentialAction":[{"@type":"SearchAction","target":{"@type":"EntryPoint","urlTemplate":"https:\/\/acrimat.org.br\/portal\/?s={search_term_string}"},"query-input":{"@type":"PropertyValueSpecification","valueRequired":true,"valueName":"search_term_string"}}],"inLanguage":"pt-BR"},{"@type":"Organization","@id":"https:\/\/acrimat.org.br\/portal\/#organization","name":"Associa\u00e7\u00e3o dos Criadores de Mato Grosso","url":"https:\/\/acrimat.org.br\/portal\/","logo":{"@type":"ImageObject","inLanguage":"pt-BR","@id":"https:\/\/acrimat.org.br\/portal\/#\/schema\/logo\/image\/","url":"https:\/\/acrimat.org.br\/portal\/wp-content\/uploads\/2018\/03\/logo-peq-original.png","contentUrl":"https:\/\/acrimat.org.br\/portal\/wp-content\/uploads\/2018\/03\/logo-peq-original.png","width":174,"height":171,"caption":"Associa\u00e7\u00e3o dos Criadores de Mato Grosso"},"image":{"@id":"https:\/\/acrimat.org.br\/portal\/#\/schema\/logo\/image\/"}},{"@type":"Person","@id":"https:\/\/acrimat.org.br\/portal\/#\/schema\/person\/18df8bcf6890e924fe5d8b5afd2bec0f","name":"P\u00e9ricles C\u00e2ndido","image":{"@type":"ImageObject","inLanguage":"pt-BR","@id":"https:\/\/acrimat.org.br\/portal\/#\/schema\/person\/image\/","url":"https:\/\/secure.gravatar.com\/avatar\/33e2a2b971dc363ed2df53d0d3bfbd18?s=96&d=mm&r=g","contentUrl":"https:\/\/secure.gravatar.com\/avatar\/33e2a2b971dc363ed2df53d0d3bfbd18?s=96&d=mm&r=g","caption":"P\u00e9ricles C\u00e2ndido"},"sameAs":["ascom@acrimat.org.br"],"url":"https:\/\/acrimat.org.br\/portal\/author\/designergrafico\/"}]}},"_links":{"self":[{"href":"https:\/\/acrimat.org.br\/portal\/wp-json\/wp\/v2\/posts\/97982981","targetHints":{"allow":["GET"]}}],"collection":[{"href":"https:\/\/acrimat.org.br\/portal\/wp-json\/wp\/v2\/posts"}],"about":[{"href":"https:\/\/acrimat.org.br\/portal\/wp-json\/wp\/v2\/types\/post"}],"author":[{"embeddable":true,"href":"https:\/\/acrimat.org.br\/portal\/wp-json\/wp\/v2\/users\/11"}],"replies":[{"embeddable":true,"href":"https:\/\/acrimat.org.br\/portal\/wp-json\/wp\/v2\/comments?post=97982981"}],"version-history":[{"count":2,"href":"https:\/\/acrimat.org.br\/portal\/wp-json\/wp\/v2\/posts\/97982981\/revisions"}],"predecessor-version":[{"id":97982983,"href":"https:\/\/acrimat.org.br\/portal\/wp-json\/wp\/v2\/posts\/97982981\/revisions\/97982983"}],"wp:featuredmedia":[{"embeddable":true,"href":"https:\/\/acrimat.org.br\/portal\/wp-json\/wp\/v2\/media\/97976178"}],"wp:attachment":[{"href":"https:\/\/acrimat.org.br\/portal\/wp-json\/wp\/v2\/media?parent=97982981"}],"wp:term":[{"taxonomy":"category","embeddable":true,"href":"https:\/\/acrimat.org.br\/portal\/wp-json\/wp\/v2\/categories?post=97982981"},{"taxonomy":"post_tag","embeddable":true,"href":"https:\/\/acrimat.org.br\/portal\/wp-json\/wp\/v2\/tags?post=97982981"}],"curies":[{"name":"wp","href":"https:\/\/api.w.org\/{rel}","templated":true}]}}