{"id":97982991,"date":"2017-08-04T11:40:07","date_gmt":"2017-08-04T14:40:07","guid":{"rendered":"http:\/\/acrimat.org.br\/portal\/?p=97982991"},"modified":"2017-08-04T11:40:07","modified_gmt":"2017-08-04T14:40:07","slug":"venda-de-carne-bovina-ao-exterior-sobe-31-e-tem-maior-alta-do-ano","status":"publish","type":"post","link":"https:\/\/acrimat.org.br\/portal\/venda-de-carne-bovina-ao-exterior-sobe-31-e-tem-maior-alta-do-ano\/","title":{"rendered":"Venda de carne bovina ao exterior sobe 31% e tem maior alta do ano"},"content":{"rendered":"<p><a href=\"http:\/\/acrimat.org.br\/portal\/wp-content\/uploads\/2017\/01\/exporta\u00e7\u00f5es4.jpg\"><img fetchpriority=\"high\" decoding=\"async\" class=\"alignright size-medium wp-image-97979659\" src=\"http:\/\/acrimat.org.br\/portal\/wp-content\/uploads\/2017\/01\/exporta\u00e7\u00f5es4-300x188.jpg\" alt=\"\" width=\"300\" height=\"188\" srcset=\"https:\/\/acrimat.org.br\/portal\/wp-content\/uploads\/2017\/01\/exporta\u00e7\u00f5es4-300x188.jpg 300w, https:\/\/acrimat.org.br\/portal\/wp-content\/uploads\/2017\/01\/exporta\u00e7\u00f5es4-250x156.jpg 250w, https:\/\/acrimat.org.br\/portal\/wp-content\/uploads\/2017\/01\/exporta\u00e7\u00f5es4-550x344.jpg 550w, https:\/\/acrimat.org.br\/portal\/wp-content\/uploads\/2017\/01\/exporta\u00e7\u00f5es4-288x180.jpg 288w, https:\/\/acrimat.org.br\/portal\/wp-content\/uploads\/2017\/01\/exporta\u00e7\u00f5es4-480x300.jpg 480w, https:\/\/acrimat.org.br\/portal\/wp-content\/uploads\/2017\/01\/exporta\u00e7\u00f5es4.jpg 640w\" sizes=\"(max-width: 300px) 100vw, 300px\" \/><\/a>Alvo de questionamento no exterior nos \u00faltimos meses, a carne bovina brasileira teve em julho o seu melhor desempenho no ano nas exporta\u00e7\u00f5es.<\/p>\n<p>Lideradas por Hong Kong, China e Egito, as vendas de carne bovina para o mercado externo somaram US$ 540 milh\u00f5es no m\u00eas passado, 31% mais que no mesmo per\u00edodo do ano passado.<\/p>\n<p>Em volume, as exporta\u00e7\u00f5es atingiram 129 mil toneladas, 23% mais que do um ano antes, segundo a Abiec, associa\u00e7\u00e3o que representa as ind\u00fastrias exportadoras.<\/p>\n<p>Os embarques do Brasil, maior exportador global, mostraram for\u00e7a e v\u00eam crescendo desde abril, apesar de os Estados Unidos terem anunciado em junho embargo ao produto &#8220;in natura&#8221; do pa\u00eds, com a justificativa de problemas sanit\u00e1rios.<\/p>\n<p>Os norte-americanos n\u00e3o s\u00e3o um grande importador de carne &#8220;in natura&#8221; brasileira, mas seus padr\u00f5es de qualidade s\u00e3o considerados por outros pa\u00edses, que aumentaram as inspe\u00e7\u00f5es ap\u00f3s a suspens\u00e3o norte-americana, como foi o caso da China.<\/p>\n<p>O produto brasileiro passou a sofrer maiores questionamento desde de mar\u00e7o, ap\u00f3s Opera\u00e7\u00e3o Carne Fraca, da PF, que investiga esquema de corrup\u00e7\u00e3o em frigor\u00edficos. \u00c0 \u00e9poca, v\u00e1rios pa\u00edses chegaram a suspender a compra de carne brasileira.<\/p>\n","protected":false},"excerpt":{"rendered":"<p>Lideradas por Hong Kong, China e Egito, as vendas de carne bovina para o mercado externo somaram US$ 540 milh\u00f5es no m\u00eas passado, 31% mais que no mesmo per\u00edodo do ano passado<\/p>\n","protected":false},"author":11,"featured_media":97979404,"comment_status":"closed","ping_status":"closed","sticky":false,"template":"","format":"standard","meta":{"footnotes":""},"categories":[6,1],"tags":[],"class_list":["post-97982991","post","type-post","status-publish","format-standard","has-post-thumbnail","hentry","category-destaque","category-noticia"],"yoast_head":"<!-- This site is optimized with the Yoast SEO plugin v24.8.1 - https:\/\/yoast.com\/wordpress\/plugins\/seo\/ -->\n<title>Venda de carne bovina ao exterior sobe 31% e tem maior alta do ano - Acrimat<\/title>\n<meta name=\"robots\" content=\"index, follow, max-snippet:-1, max-image-preview:large, max-video-preview:-1\" \/>\n<link rel=\"canonical\" href=\"https:\/\/acrimat.org.br\/portal\/venda-de-carne-bovina-ao-exterior-sobe-31-e-tem-maior-alta-do-ano\/\" \/>\n<meta property=\"og:locale\" content=\"pt_BR\" \/>\n<meta property=\"og:type\" content=\"article\" \/>\n<meta property=\"og:title\" content=\"Venda de carne bovina ao exterior sobe 31% e tem maior alta do ano - Acrimat\" \/>\n<meta property=\"og:description\" content=\"Lideradas por Hong Kong, China e Egito, as vendas de carne bovina para o mercado externo somaram US$ 540 milh\u00f5es no m\u00eas passado, 31% mais que no mesmo per\u00edodo do ano passado\" \/>\n<meta property=\"og:url\" content=\"https:\/\/acrimat.org.br\/portal\/venda-de-carne-bovina-ao-exterior-sobe-31-e-tem-maior-alta-do-ano\/\" \/>\n<meta property=\"og:site_name\" content=\"Acrimat\" \/>\n<meta property=\"article:published_time\" content=\"2017-08-04T14:40:07+00:00\" \/>\n<meta property=\"og:image\" content=\"https:\/\/acrimat.org.br\/portal\/wp-content\/uploads\/2017\/01\/exporta\u00e7\u00e3o-carne-bovina-salgada.jpg\" \/>\n\t<meta property=\"og:image:width\" content=\"730\" \/>\n\t<meta property=\"og:image:height\" content=\"502\" \/>\n\t<meta property=\"og:image:type\" content=\"image\/jpeg\" \/>\n<meta name=\"author\" content=\"P\u00e9ricles C\u00e2ndido\" \/>\n<meta name=\"twitter:card\" content=\"summary_large_image\" \/>\n<meta name=\"twitter:label1\" content=\"Escrito por\" \/>\n\t<meta name=\"twitter:data1\" content=\"P\u00e9ricles C\u00e2ndido\" \/>\n\t<meta name=\"twitter:label2\" content=\"Est. tempo de leitura\" \/>\n\t<meta name=\"twitter:data2\" content=\"1 minuto\" \/>\n<script type=\"application\/ld+json\" class=\"yoast-schema-graph\">{\"@context\":\"https:\/\/schema.org\",\"@graph\":[{\"@type\":\"Article\",\"@id\":\"https:\/\/acrimat.org.br\/portal\/venda-de-carne-bovina-ao-exterior-sobe-31-e-tem-maior-alta-do-ano\/#article\",\"isPartOf\":{\"@id\":\"https:\/\/acrimat.org.br\/portal\/venda-de-carne-bovina-ao-exterior-sobe-31-e-tem-maior-alta-do-ano\/\"},\"author\":{\"name\":\"P\u00e9ricles C\u00e2ndido\",\"@id\":\"https:\/\/acrimat.org.br\/portal\/#\/schema\/person\/18df8bcf6890e924fe5d8b5afd2bec0f\"},\"headline\":\"Venda de carne bovina ao exterior sobe 31% e tem maior alta do ano\",\"datePublished\":\"2017-08-04T14:40:07+00:00\",\"mainEntityOfPage\":{\"@id\":\"https:\/\/acrimat.org.br\/portal\/venda-de-carne-bovina-ao-exterior-sobe-31-e-tem-maior-alta-do-ano\/\"},\"wordCount\":221,\"publisher\":{\"@id\":\"https:\/\/acrimat.org.br\/portal\/#organization\"},\"image\":{\"@id\":\"https:\/\/acrimat.org.br\/portal\/venda-de-carne-bovina-ao-exterior-sobe-31-e-tem-maior-alta-do-ano\/#primaryimage\"},\"thumbnailUrl\":\"https:\/\/acrimat.org.br\/portal\/wp-content\/uploads\/2017\/01\/exporta\u00e7\u00e3o-carne-bovina-salgada.jpg\",\"articleSection\":[\"Destaques\",\"Not\u00edcias\"],\"inLanguage\":\"pt-BR\"},{\"@type\":\"WebPage\",\"@id\":\"https:\/\/acrimat.org.br\/portal\/venda-de-carne-bovina-ao-exterior-sobe-31-e-tem-maior-alta-do-ano\/\",\"url\":\"https:\/\/acrimat.org.br\/portal\/venda-de-carne-bovina-ao-exterior-sobe-31-e-tem-maior-alta-do-ano\/\",\"name\":\"Venda de carne bovina ao exterior sobe 31% e tem maior alta do ano - Acrimat\",\"isPartOf\":{\"@id\":\"https:\/\/acrimat.org.br\/portal\/#website\"},\"primaryImageOfPage\":{\"@id\":\"https:\/\/acrimat.org.br\/portal\/venda-de-carne-bovina-ao-exterior-sobe-31-e-tem-maior-alta-do-ano\/#primaryimage\"},\"image\":{\"@id\":\"https:\/\/acrimat.org.br\/portal\/venda-de-carne-bovina-ao-exterior-sobe-31-e-tem-maior-alta-do-ano\/#primaryimage\"},\"thumbnailUrl\":\"https:\/\/acrimat.org.br\/portal\/wp-content\/uploads\/2017\/01\/exporta\u00e7\u00e3o-carne-bovina-salgada.jpg\",\"datePublished\":\"2017-08-04T14:40:07+00:00\",\"breadcrumb\":{\"@id\":\"https:\/\/acrimat.org.br\/portal\/venda-de-carne-bovina-ao-exterior-sobe-31-e-tem-maior-alta-do-ano\/#breadcrumb\"},\"inLanguage\":\"pt-BR\",\"potentialAction\":[{\"@type\":\"ReadAction\",\"target\":[\"https:\/\/acrimat.org.br\/portal\/venda-de-carne-bovina-ao-exterior-sobe-31-e-tem-maior-alta-do-ano\/\"]}]},{\"@type\":\"ImageObject\",\"inLanguage\":\"pt-BR\",\"@id\":\"https:\/\/acrimat.org.br\/portal\/venda-de-carne-bovina-ao-exterior-sobe-31-e-tem-maior-alta-do-ano\/#primaryimage\",\"url\":\"https:\/\/acrimat.org.br\/portal\/wp-content\/uploads\/2017\/01\/exporta\u00e7\u00e3o-carne-bovina-salgada.jpg\",\"contentUrl\":\"https:\/\/acrimat.org.br\/portal\/wp-content\/uploads\/2017\/01\/exporta\u00e7\u00e3o-carne-bovina-salgada.jpg\",\"width\":730,\"height\":502,\"caption\":\"Divulga\u00e7\u00e3o\"},{\"@type\":\"BreadcrumbList\",\"@id\":\"https:\/\/acrimat.org.br\/portal\/venda-de-carne-bovina-ao-exterior-sobe-31-e-tem-maior-alta-do-ano\/#breadcrumb\",\"itemListElement\":[{\"@type\":\"ListItem\",\"position\":1,\"name\":\"In\u00edcio\",\"item\":\"https:\/\/acrimat.org.br\/portal\/\"},{\"@type\":\"ListItem\",\"position\":2,\"name\":\"Venda de carne bovina ao exterior sobe 31% e tem maior alta do ano\"}]},{\"@type\":\"WebSite\",\"@id\":\"https:\/\/acrimat.org.br\/portal\/#website\",\"url\":\"https:\/\/acrimat.org.br\/portal\/\",\"name\":\"Acrimat\",\"description\":\"Associa\u00e7\u00e3o dos Criadores de Mato Grosso\",\"publisher\":{\"@id\":\"https:\/\/acrimat.org.br\/portal\/#organization\"},\"potentialAction\":[{\"@type\":\"SearchAction\",\"target\":{\"@type\":\"EntryPoint\",\"urlTemplate\":\"https:\/\/acrimat.org.br\/portal\/?s={search_term_string}\"},\"query-input\":{\"@type\":\"PropertyValueSpecification\",\"valueRequired\":true,\"valueName\":\"search_term_string\"}}],\"inLanguage\":\"pt-BR\"},{\"@type\":\"Organization\",\"@id\":\"https:\/\/acrimat.org.br\/portal\/#organization\",\"name\":\"Associa\u00e7\u00e3o dos Criadores de Mato Grosso\",\"url\":\"https:\/\/acrimat.org.br\/portal\/\",\"logo\":{\"@type\":\"ImageObject\",\"inLanguage\":\"pt-BR\",\"@id\":\"https:\/\/acrimat.org.br\/portal\/#\/schema\/logo\/image\/\",\"url\":\"https:\/\/acrimat.org.br\/portal\/wp-content\/uploads\/2018\/03\/logo-peq-original.png\",\"contentUrl\":\"https:\/\/acrimat.org.br\/portal\/wp-content\/uploads\/2018\/03\/logo-peq-original.png\",\"width\":174,\"height\":171,\"caption\":\"Associa\u00e7\u00e3o dos Criadores de Mato Grosso\"},\"image\":{\"@id\":\"https:\/\/acrimat.org.br\/portal\/#\/schema\/logo\/image\/\"}},{\"@type\":\"Person\",\"@id\":\"https:\/\/acrimat.org.br\/portal\/#\/schema\/person\/18df8bcf6890e924fe5d8b5afd2bec0f\",\"name\":\"P\u00e9ricles C\u00e2ndido\",\"image\":{\"@type\":\"ImageObject\",\"inLanguage\":\"pt-BR\",\"@id\":\"https:\/\/acrimat.org.br\/portal\/#\/schema\/person\/image\/\",\"url\":\"https:\/\/secure.gravatar.com\/avatar\/33e2a2b971dc363ed2df53d0d3bfbd18?s=96&d=mm&r=g\",\"contentUrl\":\"https:\/\/secure.gravatar.com\/avatar\/33e2a2b971dc363ed2df53d0d3bfbd18?s=96&d=mm&r=g\",\"caption\":\"P\u00e9ricles C\u00e2ndido\"},\"sameAs\":[\"ascom@acrimat.org.br\"],\"url\":\"https:\/\/acrimat.org.br\/portal\/author\/designergrafico\/\"}]}<\/script>\n<!-- \/ Yoast SEO plugin. -->","yoast_head_json":{"title":"Venda de carne bovina ao exterior sobe 31% e tem maior alta do ano - Acrimat","robots":{"index":"index","follow":"follow","max-snippet":"max-snippet:-1","max-image-preview":"max-image-preview:large","max-video-preview":"max-video-preview:-1"},"canonical":"https:\/\/acrimat.org.br\/portal\/venda-de-carne-bovina-ao-exterior-sobe-31-e-tem-maior-alta-do-ano\/","og_locale":"pt_BR","og_type":"article","og_title":"Venda de carne bovina ao exterior sobe 31% e tem maior alta do ano - Acrimat","og_description":"Lideradas por Hong Kong, China e Egito, as vendas de carne bovina para o mercado externo somaram US$ 540 milh\u00f5es no m\u00eas passado, 31% mais que no mesmo per\u00edodo do ano passado","og_url":"https:\/\/acrimat.org.br\/portal\/venda-de-carne-bovina-ao-exterior-sobe-31-e-tem-maior-alta-do-ano\/","og_site_name":"Acrimat","article_published_time":"2017-08-04T14:40:07+00:00","og_image":[{"width":730,"height":502,"url":"https:\/\/acrimat.org.br\/portal\/wp-content\/uploads\/2017\/01\/exporta\u00e7\u00e3o-carne-bovina-salgada.jpg","type":"image\/jpeg"}],"author":"P\u00e9ricles C\u00e2ndido","twitter_card":"summary_large_image","twitter_misc":{"Escrito por":"P\u00e9ricles C\u00e2ndido","Est. tempo de leitura":"1 minuto"},"schema":{"@context":"https:\/\/schema.org","@graph":[{"@type":"Article","@id":"https:\/\/acrimat.org.br\/portal\/venda-de-carne-bovina-ao-exterior-sobe-31-e-tem-maior-alta-do-ano\/#article","isPartOf":{"@id":"https:\/\/acrimat.org.br\/portal\/venda-de-carne-bovina-ao-exterior-sobe-31-e-tem-maior-alta-do-ano\/"},"author":{"name":"P\u00e9ricles C\u00e2ndido","@id":"https:\/\/acrimat.org.br\/portal\/#\/schema\/person\/18df8bcf6890e924fe5d8b5afd2bec0f"},"headline":"Venda de carne bovina ao exterior sobe 31% e tem maior alta do ano","datePublished":"2017-08-04T14:40:07+00:00","mainEntityOfPage":{"@id":"https:\/\/acrimat.org.br\/portal\/venda-de-carne-bovina-ao-exterior-sobe-31-e-tem-maior-alta-do-ano\/"},"wordCount":221,"publisher":{"@id":"https:\/\/acrimat.org.br\/portal\/#organization"},"image":{"@id":"https:\/\/acrimat.org.br\/portal\/venda-de-carne-bovina-ao-exterior-sobe-31-e-tem-maior-alta-do-ano\/#primaryimage"},"thumbnailUrl":"https:\/\/acrimat.org.br\/portal\/wp-content\/uploads\/2017\/01\/exporta\u00e7\u00e3o-carne-bovina-salgada.jpg","articleSection":["Destaques","Not\u00edcias"],"inLanguage":"pt-BR"},{"@type":"WebPage","@id":"https:\/\/acrimat.org.br\/portal\/venda-de-carne-bovina-ao-exterior-sobe-31-e-tem-maior-alta-do-ano\/","url":"https:\/\/acrimat.org.br\/portal\/venda-de-carne-bovina-ao-exterior-sobe-31-e-tem-maior-alta-do-ano\/","name":"Venda de carne bovina ao exterior sobe 31% e tem maior alta do ano - Acrimat","isPartOf":{"@id":"https:\/\/acrimat.org.br\/portal\/#website"},"primaryImageOfPage":{"@id":"https:\/\/acrimat.org.br\/portal\/venda-de-carne-bovina-ao-exterior-sobe-31-e-tem-maior-alta-do-ano\/#primaryimage"},"image":{"@id":"https:\/\/acrimat.org.br\/portal\/venda-de-carne-bovina-ao-exterior-sobe-31-e-tem-maior-alta-do-ano\/#primaryimage"},"thumbnailUrl":"https:\/\/acrimat.org.br\/portal\/wp-content\/uploads\/2017\/01\/exporta\u00e7\u00e3o-carne-bovina-salgada.jpg","datePublished":"2017-08-04T14:40:07+00:00","breadcrumb":{"@id":"https:\/\/acrimat.org.br\/portal\/venda-de-carne-bovina-ao-exterior-sobe-31-e-tem-maior-alta-do-ano\/#breadcrumb"},"inLanguage":"pt-BR","potentialAction":[{"@type":"ReadAction","target":["https:\/\/acrimat.org.br\/portal\/venda-de-carne-bovina-ao-exterior-sobe-31-e-tem-maior-alta-do-ano\/"]}]},{"@type":"ImageObject","inLanguage":"pt-BR","@id":"https:\/\/acrimat.org.br\/portal\/venda-de-carne-bovina-ao-exterior-sobe-31-e-tem-maior-alta-do-ano\/#primaryimage","url":"https:\/\/acrimat.org.br\/portal\/wp-content\/uploads\/2017\/01\/exporta\u00e7\u00e3o-carne-bovina-salgada.jpg","contentUrl":"https:\/\/acrimat.org.br\/portal\/wp-content\/uploads\/2017\/01\/exporta\u00e7\u00e3o-carne-bovina-salgada.jpg","width":730,"height":502,"caption":"Divulga\u00e7\u00e3o"},{"@type":"BreadcrumbList","@id":"https:\/\/acrimat.org.br\/portal\/venda-de-carne-bovina-ao-exterior-sobe-31-e-tem-maior-alta-do-ano\/#breadcrumb","itemListElement":[{"@type":"ListItem","position":1,"name":"In\u00edcio","item":"https:\/\/acrimat.org.br\/portal\/"},{"@type":"ListItem","position":2,"name":"Venda de carne bovina ao exterior sobe 31% e tem maior alta do ano"}]},{"@type":"WebSite","@id":"https:\/\/acrimat.org.br\/portal\/#website","url":"https:\/\/acrimat.org.br\/portal\/","name":"Acrimat","description":"Associa\u00e7\u00e3o dos Criadores de Mato Grosso","publisher":{"@id":"https:\/\/acrimat.org.br\/portal\/#organization"},"potentialAction":[{"@type":"SearchAction","target":{"@type":"EntryPoint","urlTemplate":"https:\/\/acrimat.org.br\/portal\/?s={search_term_string}"},"query-input":{"@type":"PropertyValueSpecification","valueRequired":true,"valueName":"search_term_string"}}],"inLanguage":"pt-BR"},{"@type":"Organization","@id":"https:\/\/acrimat.org.br\/portal\/#organization","name":"Associa\u00e7\u00e3o dos Criadores de Mato Grosso","url":"https:\/\/acrimat.org.br\/portal\/","logo":{"@type":"ImageObject","inLanguage":"pt-BR","@id":"https:\/\/acrimat.org.br\/portal\/#\/schema\/logo\/image\/","url":"https:\/\/acrimat.org.br\/portal\/wp-content\/uploads\/2018\/03\/logo-peq-original.png","contentUrl":"https:\/\/acrimat.org.br\/portal\/wp-content\/uploads\/2018\/03\/logo-peq-original.png","width":174,"height":171,"caption":"Associa\u00e7\u00e3o dos Criadores de Mato Grosso"},"image":{"@id":"https:\/\/acrimat.org.br\/portal\/#\/schema\/logo\/image\/"}},{"@type":"Person","@id":"https:\/\/acrimat.org.br\/portal\/#\/schema\/person\/18df8bcf6890e924fe5d8b5afd2bec0f","name":"P\u00e9ricles C\u00e2ndido","image":{"@type":"ImageObject","inLanguage":"pt-BR","@id":"https:\/\/acrimat.org.br\/portal\/#\/schema\/person\/image\/","url":"https:\/\/secure.gravatar.com\/avatar\/33e2a2b971dc363ed2df53d0d3bfbd18?s=96&d=mm&r=g","contentUrl":"https:\/\/secure.gravatar.com\/avatar\/33e2a2b971dc363ed2df53d0d3bfbd18?s=96&d=mm&r=g","caption":"P\u00e9ricles C\u00e2ndido"},"sameAs":["ascom@acrimat.org.br"],"url":"https:\/\/acrimat.org.br\/portal\/author\/designergrafico\/"}]}},"_links":{"self":[{"href":"https:\/\/acrimat.org.br\/portal\/wp-json\/wp\/v2\/posts\/97982991","targetHints":{"allow":["GET"]}}],"collection":[{"href":"https:\/\/acrimat.org.br\/portal\/wp-json\/wp\/v2\/posts"}],"about":[{"href":"https:\/\/acrimat.org.br\/portal\/wp-json\/wp\/v2\/types\/post"}],"author":[{"embeddable":true,"href":"https:\/\/acrimat.org.br\/portal\/wp-json\/wp\/v2\/users\/11"}],"replies":[{"embeddable":true,"href":"https:\/\/acrimat.org.br\/portal\/wp-json\/wp\/v2\/comments?post=97982991"}],"version-history":[{"count":2,"href":"https:\/\/acrimat.org.br\/portal\/wp-json\/wp\/v2\/posts\/97982991\/revisions"}],"predecessor-version":[{"id":97982993,"href":"https:\/\/acrimat.org.br\/portal\/wp-json\/wp\/v2\/posts\/97982991\/revisions\/97982993"}],"wp:featuredmedia":[{"embeddable":true,"href":"https:\/\/acrimat.org.br\/portal\/wp-json\/wp\/v2\/media\/97979404"}],"wp:attachment":[{"href":"https:\/\/acrimat.org.br\/portal\/wp-json\/wp\/v2\/media?parent=97982991"}],"wp:term":[{"taxonomy":"category","embeddable":true,"href":"https:\/\/acrimat.org.br\/portal\/wp-json\/wp\/v2\/categories?post=97982991"},{"taxonomy":"post_tag","embeddable":true,"href":"https:\/\/acrimat.org.br\/portal\/wp-json\/wp\/v2\/tags?post=97982991"}],"curies":[{"name":"wp","href":"https:\/\/api.w.org\/{rel}","templated":true}]}}