{"id":97983018,"date":"2017-08-07T13:32:44","date_gmt":"2017-08-07T16:32:44","guid":{"rendered":"http:\/\/acrimat.org.br\/portal\/?p=97983018"},"modified":"2017-08-07T13:32:44","modified_gmt":"2017-08-07T16:32:44","slug":"novacki-diz-que-novas-regras-do-mapa-vao-fomentar-exportacao-de-carne-bovina","status":"publish","type":"post","link":"https:\/\/acrimat.org.br\/portal\/novacki-diz-que-novas-regras-do-mapa-vao-fomentar-exportacao-de-carne-bovina\/","title":{"rendered":"Novacki diz que novas regras do Mapa v\u00e3o fomentar exporta\u00e7\u00e3o de carne bovina"},"content":{"rendered":"<div id=\"attachment_97983019\" style=\"width: 310px\" class=\"wp-caption alignright\"><a href=\"http:\/\/acrimat.org.br\/portal\/wp-content\/uploads\/2017\/08\/6ebfa207fad42a012e5ef48bb632ddfc.jpg\"><img fetchpriority=\"high\" decoding=\"async\" aria-describedby=\"caption-attachment-97983019\" class=\"size-medium wp-image-97983019\" src=\"http:\/\/acrimat.org.br\/portal\/wp-content\/uploads\/2017\/08\/6ebfa207fad42a012e5ef48bb632ddfc-300x200.jpg\" alt=\"\" width=\"300\" height=\"200\" srcset=\"https:\/\/acrimat.org.br\/portal\/wp-content\/uploads\/2017\/08\/6ebfa207fad42a012e5ef48bb632ddfc-300x200.jpg 300w, https:\/\/acrimat.org.br\/portal\/wp-content\/uploads\/2017\/08\/6ebfa207fad42a012e5ef48bb632ddfc-250x167.jpg 250w, https:\/\/acrimat.org.br\/portal\/wp-content\/uploads\/2017\/08\/6ebfa207fad42a012e5ef48bb632ddfc-550x367.jpg 550w, https:\/\/acrimat.org.br\/portal\/wp-content\/uploads\/2017\/08\/6ebfa207fad42a012e5ef48bb632ddfc-270x180.jpg 270w, https:\/\/acrimat.org.br\/portal\/wp-content\/uploads\/2017\/08\/6ebfa207fad42a012e5ef48bb632ddfc-450x300.jpg 450w, https:\/\/acrimat.org.br\/portal\/wp-content\/uploads\/2017\/08\/6ebfa207fad42a012e5ef48bb632ddfc-272x182.jpg 272w, https:\/\/acrimat.org.br\/portal\/wp-content\/uploads\/2017\/08\/6ebfa207fad42a012e5ef48bb632ddfc.jpg 658w\" sizes=\"(max-width: 300px) 100vw, 300px\" \/><\/a><p id=\"caption-attachment-97983019\" class=\"wp-caption-text\">Rep\u00f3rterMT\/Reprodu\u00e7\u00e3o<\/p><\/div>\n<p>A expectativa do Minist\u00e9rio da Agricultura, Pecu\u00e1ria e Abastecimento (Mapa) \u00e9 que as novas medidas, determinando que a carne bovina siga para exporta\u00e7\u00e3o apenas na forma de cortes, cubos ou tiras e que a dose atual de vacina contra a febre aftosa seja reduzida de 5 ml para 2 ml devam fomentar as vendas da produ\u00e7\u00e3o de Mato Grosso.<\/p>\n<p>\u201cOs Estados Unidos, China e a comunidade europeia j\u00e1 intensificaram 100% de inspe\u00e7\u00e3o nos produtos. Essa \u00e9 uma tend\u00eancia mundial e n\u00e3o tem como mudar\u201d, completou Novacki.<\/p>\n<p>Em entrevista ao Rep\u00f3rterMT, o secret\u00e1rio-executivo do Mapa, Eumar Novacki, destacou que as regras foram a solu\u00e7\u00e3o encontrada para evitar novos embargos da carne brasileira no exterior, como j\u00e1 ocorreu nos Estados Unidos, depois do impacto negativo da \u201cOpera\u00e7\u00e3o Carne Fraca\u201d, e aumentar a confian\u00e7a dos mercados internacionais no produto brasileiro.<\/p>\n<p>\u201cOs Estados Unidos, China e a comunidade europeia j\u00e1 intensificaram 100% de inspe\u00e7\u00e3o nos produtos. Essa \u00e9 uma tend\u00eancia mundial e n\u00e3o tem como mudar\u201d, completou Novacki.<\/p>\n<p>O secret\u00e1rio afirma que o novo modelo \u00e9 parecido com o do Chile, que s\u00f3 exporta e\/ou aceita carnes em peda\u00e7os, evitando assim problemas nas inspe\u00e7\u00f5es.<\/p>\n<p>\u201cA primeira medida [depois da opera\u00e7\u00e3o] \u00e9 n\u00e3o exportar mais a pe\u00e7a inteira como acontecia porque se tornava mais dif\u00edcil detectar esses abscessos ou inflama\u00e7\u00e3o decorrentes da vacina\u00e7\u00e3o\u201d, lembrou.<\/p>\n<p>Outra quest\u00e3o bastante refor\u00e7ada por Eumar Novacki \u00e9 o fato de mudan\u00e7as terem sido implantadas ap\u00f3s falhas serem expostas pela Opera\u00e7\u00e3o Carne Fraca, deflagrada em mar\u00e7o deste ano, com o objetivo de investigar empresas que corrompia agentes p\u00fablicos para evitar puni\u00e7\u00f5es e multas por causa de irregularidades no processo de exporta\u00e7\u00e3o da carne.<\/p>\n<p>\u201cCom a Opera\u00e7\u00e3o Carne Fraca percebemos uma s\u00e9rie de defici\u00eancias e estamos corrigindo. A primeira delas foi atualiza\u00e7\u00e3o do RIISPOA [Regulamento da Inspe\u00e7\u00e3o Industrial e Sanit\u00e1ria de Produtos de Origem Animal] que tinha 65 anos com uma s\u00e9ria de coisas que constavam no regulamento que n\u00e3o se usa mais, por\u00e9m, se o fiscal quisesse causar algum embara\u00e7o para empresa estava na legisla\u00e7\u00e3o. Deixamos claro como devem agir e como as empresas devem proceder. Ent\u00e3o a gente diminui essa margem de criar dificuldade para vender com facilidade\u201d.<\/p>\n<p>Para o futuro, Novacki acredita que com as novas regras e mudan\u00e7a de comportamento do pr\u00f3prio Mapa, ser\u00e1 poss\u00edvel ter um aumento significativo na exporta\u00e7\u00e3o de carnes, talvez, ainda, no segundo semestre deste ano.<\/p>\n<p><strong>Embargo americano<\/strong><\/p>\n<p>O embargo dos Estados Unidos \u00e0 carne brasileira ocorreu porque 11% da carne exportada pelo Brasil desde mar\u00e7o deste ano n\u00e3o passou em testes de qualidade americanos.<\/p>\n<p>\u00c0 \u00e9poca, o Mapa informou que uma poss\u00edvel rea\u00e7\u00e3o \u00e0 vacina pode ter provocado abscessos na carne bovina, mas nada que alterasse a qualidade do produto.<\/p>\n<p>Mas, como os Estados Unidos t\u00eam normas rigorosas de controle que detectam esses processos e, preocupados com as not\u00edcias que surgiam da opera\u00e7\u00e3o da Pol\u00edcia Federal anunciaram o embargo \u00e0 importa\u00e7\u00e3o.<\/p>\n<p><strong>Impacto na exporta\u00e7\u00e3o<\/strong><\/p>\n<p>No in\u00edcio de 2017, o Governo Federal trabalhava com o objetivo de ter um incremento significativo nas exporta\u00e7\u00f5es de carnes bovina, su\u00edna e aves.<\/p>\n<p>\u201cMas com a opera\u00e7\u00e3o e a desconfian\u00e7a que houve em rela\u00e7\u00e3o ao produto brasileiro, n\u00f3s tivemos uma redu\u00e7\u00e3o na exporta\u00e7\u00e3o de carne bovina. Em contrapartida, conseguimos manter o aumento da carne su\u00edna e aves\u201d, observou o secret\u00e1rio.<\/p>\n<p>Atualmente, segundo Eumar Novacki, os produtores de Mato Grosso ainda sentem o impacto negativo do setor. \u201cPorque todos esperavam um aumento de vendas e, claro, lucratividade e, na verdade, teve uma desacelera\u00e7\u00e3o\u201d.<\/p>\n<p>O secret\u00e1rio cita como \u201cproblema\u201d o fato do Grupo da JBS, envolvido em esquema de corrup\u00e7\u00e3o investigado pela Opera\u00e7\u00e3o Lava Jato, ter fechado v\u00e1rias plantas frigorificas nos Estado, por\u00e9m, ao mesmo tempo informa que o mesmo grupo empresarial decidiu reabrir quatro plantas localizadas no Noroeste, Norte e Sul de Mato Grosso.<\/p>\n<p>\u201cParalelamente ao problema da JBS, temos algumas not\u00edcias como a reativa\u00e7\u00e3o de algumas plantas no Estado. E n\u00f3s vamos estimular para que frigor\u00edficos regionais comecem abater e que matadores municipais tenha capacidade de se adequar as regras do Minist\u00e9rio Agricultura para manter a cadeia novamente\u201d, destacou.<\/p>\n","protected":false},"excerpt":{"rendered":"<p>Para evitar novos embargos \u00e0 carne brasileira, o Mapa determina que carnes in natura sigam novas formas de cortes e a vacina contra febre aftosa seja reduzida de 5 ml para 2 ml<\/p>\n","protected":false},"author":11,"featured_media":97983019,"comment_status":"closed","ping_status":"closed","sticky":false,"template":"","format":"standard","meta":{"footnotes":""},"categories":[6,1],"tags":[],"class_list":["post-97983018","post","type-post","status-publish","format-standard","has-post-thumbnail","hentry","category-destaque","category-noticia"],"yoast_head":"<!-- This site is optimized with the Yoast SEO plugin v24.8.1 - https:\/\/yoast.com\/wordpress\/plugins\/seo\/ -->\n<title>Novacki diz que novas regras do Mapa v\u00e3o fomentar exporta\u00e7\u00e3o de carne bovina - Acrimat<\/title>\n<meta name=\"robots\" content=\"index, follow, max-snippet:-1, max-image-preview:large, max-video-preview:-1\" \/>\n<link rel=\"canonical\" href=\"https:\/\/acrimat.org.br\/portal\/novacki-diz-que-novas-regras-do-mapa-vao-fomentar-exportacao-de-carne-bovina\/\" \/>\n<meta property=\"og:locale\" content=\"pt_BR\" \/>\n<meta property=\"og:type\" content=\"article\" \/>\n<meta property=\"og:title\" content=\"Novacki diz que novas regras do Mapa v\u00e3o fomentar exporta\u00e7\u00e3o de carne bovina - Acrimat\" \/>\n<meta property=\"og:description\" content=\"Para evitar novos embargos \u00e0 carne brasileira, o Mapa determina que carnes in natura sigam novas formas de cortes e a vacina contra febre aftosa seja reduzida de 5 ml para 2 ml\" \/>\n<meta property=\"og:url\" content=\"https:\/\/acrimat.org.br\/portal\/novacki-diz-que-novas-regras-do-mapa-vao-fomentar-exportacao-de-carne-bovina\/\" \/>\n<meta property=\"og:site_name\" content=\"Acrimat\" \/>\n<meta property=\"article:published_time\" content=\"2017-08-07T16:32:44+00:00\" \/>\n<meta property=\"og:image\" content=\"https:\/\/acrimat.org.br\/portal\/wp-content\/uploads\/2017\/08\/6ebfa207fad42a012e5ef48bb632ddfc.jpg\" \/>\n\t<meta property=\"og:image:width\" content=\"658\" \/>\n\t<meta property=\"og:image:height\" content=\"439\" \/>\n\t<meta property=\"og:image:type\" content=\"image\/jpeg\" \/>\n<meta name=\"author\" content=\"P\u00e9ricles C\u00e2ndido\" \/>\n<meta name=\"twitter:card\" content=\"summary_large_image\" \/>\n<meta name=\"twitter:label1\" content=\"Escrito por\" \/>\n\t<meta name=\"twitter:data1\" content=\"P\u00e9ricles C\u00e2ndido\" \/>\n\t<meta name=\"twitter:label2\" content=\"Est. tempo de leitura\" \/>\n\t<meta name=\"twitter:data2\" content=\"4 minutos\" \/>\n<script type=\"application\/ld+json\" class=\"yoast-schema-graph\">{\"@context\":\"https:\/\/schema.org\",\"@graph\":[{\"@type\":\"Article\",\"@id\":\"https:\/\/acrimat.org.br\/portal\/novacki-diz-que-novas-regras-do-mapa-vao-fomentar-exportacao-de-carne-bovina\/#article\",\"isPartOf\":{\"@id\":\"https:\/\/acrimat.org.br\/portal\/novacki-diz-que-novas-regras-do-mapa-vao-fomentar-exportacao-de-carne-bovina\/\"},\"author\":{\"name\":\"P\u00e9ricles C\u00e2ndido\",\"@id\":\"https:\/\/acrimat.org.br\/portal\/#\/schema\/person\/18df8bcf6890e924fe5d8b5afd2bec0f\"},\"headline\":\"Novacki diz que novas regras do Mapa v\u00e3o fomentar exporta\u00e7\u00e3o de carne bovina\",\"datePublished\":\"2017-08-07T16:32:44+00:00\",\"mainEntityOfPage\":{\"@id\":\"https:\/\/acrimat.org.br\/portal\/novacki-diz-que-novas-regras-do-mapa-vao-fomentar-exportacao-de-carne-bovina\/\"},\"wordCount\":762,\"publisher\":{\"@id\":\"https:\/\/acrimat.org.br\/portal\/#organization\"},\"image\":{\"@id\":\"https:\/\/acrimat.org.br\/portal\/novacki-diz-que-novas-regras-do-mapa-vao-fomentar-exportacao-de-carne-bovina\/#primaryimage\"},\"thumbnailUrl\":\"https:\/\/acrimat.org.br\/portal\/wp-content\/uploads\/2017\/08\/6ebfa207fad42a012e5ef48bb632ddfc.jpg\",\"articleSection\":[\"Destaques\",\"Not\u00edcias\"],\"inLanguage\":\"pt-BR\"},{\"@type\":\"WebPage\",\"@id\":\"https:\/\/acrimat.org.br\/portal\/novacki-diz-que-novas-regras-do-mapa-vao-fomentar-exportacao-de-carne-bovina\/\",\"url\":\"https:\/\/acrimat.org.br\/portal\/novacki-diz-que-novas-regras-do-mapa-vao-fomentar-exportacao-de-carne-bovina\/\",\"name\":\"Novacki diz que novas regras do Mapa v\u00e3o fomentar exporta\u00e7\u00e3o de carne bovina - Acrimat\",\"isPartOf\":{\"@id\":\"https:\/\/acrimat.org.br\/portal\/#website\"},\"primaryImageOfPage\":{\"@id\":\"https:\/\/acrimat.org.br\/portal\/novacki-diz-que-novas-regras-do-mapa-vao-fomentar-exportacao-de-carne-bovina\/#primaryimage\"},\"image\":{\"@id\":\"https:\/\/acrimat.org.br\/portal\/novacki-diz-que-novas-regras-do-mapa-vao-fomentar-exportacao-de-carne-bovina\/#primaryimage\"},\"thumbnailUrl\":\"https:\/\/acrimat.org.br\/portal\/wp-content\/uploads\/2017\/08\/6ebfa207fad42a012e5ef48bb632ddfc.jpg\",\"datePublished\":\"2017-08-07T16:32:44+00:00\",\"breadcrumb\":{\"@id\":\"https:\/\/acrimat.org.br\/portal\/novacki-diz-que-novas-regras-do-mapa-vao-fomentar-exportacao-de-carne-bovina\/#breadcrumb\"},\"inLanguage\":\"pt-BR\",\"potentialAction\":[{\"@type\":\"ReadAction\",\"target\":[\"https:\/\/acrimat.org.br\/portal\/novacki-diz-que-novas-regras-do-mapa-vao-fomentar-exportacao-de-carne-bovina\/\"]}]},{\"@type\":\"ImageObject\",\"inLanguage\":\"pt-BR\",\"@id\":\"https:\/\/acrimat.org.br\/portal\/novacki-diz-que-novas-regras-do-mapa-vao-fomentar-exportacao-de-carne-bovina\/#primaryimage\",\"url\":\"https:\/\/acrimat.org.br\/portal\/wp-content\/uploads\/2017\/08\/6ebfa207fad42a012e5ef48bb632ddfc.jpg\",\"contentUrl\":\"https:\/\/acrimat.org.br\/portal\/wp-content\/uploads\/2017\/08\/6ebfa207fad42a012e5ef48bb632ddfc.jpg\",\"width\":658,\"height\":439,\"caption\":\"Rep\u00f3rterMT\/Reprodu\u00e7\u00e3o\"},{\"@type\":\"BreadcrumbList\",\"@id\":\"https:\/\/acrimat.org.br\/portal\/novacki-diz-que-novas-regras-do-mapa-vao-fomentar-exportacao-de-carne-bovina\/#breadcrumb\",\"itemListElement\":[{\"@type\":\"ListItem\",\"position\":1,\"name\":\"In\u00edcio\",\"item\":\"https:\/\/acrimat.org.br\/portal\/\"},{\"@type\":\"ListItem\",\"position\":2,\"name\":\"Novacki diz que novas regras do Mapa v\u00e3o fomentar exporta\u00e7\u00e3o de carne bovina\"}]},{\"@type\":\"WebSite\",\"@id\":\"https:\/\/acrimat.org.br\/portal\/#website\",\"url\":\"https:\/\/acrimat.org.br\/portal\/\",\"name\":\"Acrimat\",\"description\":\"Associa\u00e7\u00e3o dos Criadores de Mato Grosso\",\"publisher\":{\"@id\":\"https:\/\/acrimat.org.br\/portal\/#organization\"},\"potentialAction\":[{\"@type\":\"SearchAction\",\"target\":{\"@type\":\"EntryPoint\",\"urlTemplate\":\"https:\/\/acrimat.org.br\/portal\/?s={search_term_string}\"},\"query-input\":{\"@type\":\"PropertyValueSpecification\",\"valueRequired\":true,\"valueName\":\"search_term_string\"}}],\"inLanguage\":\"pt-BR\"},{\"@type\":\"Organization\",\"@id\":\"https:\/\/acrimat.org.br\/portal\/#organization\",\"name\":\"Associa\u00e7\u00e3o dos Criadores de Mato Grosso\",\"url\":\"https:\/\/acrimat.org.br\/portal\/\",\"logo\":{\"@type\":\"ImageObject\",\"inLanguage\":\"pt-BR\",\"@id\":\"https:\/\/acrimat.org.br\/portal\/#\/schema\/logo\/image\/\",\"url\":\"https:\/\/acrimat.org.br\/portal\/wp-content\/uploads\/2018\/03\/logo-peq-original.png\",\"contentUrl\":\"https:\/\/acrimat.org.br\/portal\/wp-content\/uploads\/2018\/03\/logo-peq-original.png\",\"width\":174,\"height\":171,\"caption\":\"Associa\u00e7\u00e3o dos Criadores de Mato Grosso\"},\"image\":{\"@id\":\"https:\/\/acrimat.org.br\/portal\/#\/schema\/logo\/image\/\"}},{\"@type\":\"Person\",\"@id\":\"https:\/\/acrimat.org.br\/portal\/#\/schema\/person\/18df8bcf6890e924fe5d8b5afd2bec0f\",\"name\":\"P\u00e9ricles C\u00e2ndido\",\"image\":{\"@type\":\"ImageObject\",\"inLanguage\":\"pt-BR\",\"@id\":\"https:\/\/acrimat.org.br\/portal\/#\/schema\/person\/image\/\",\"url\":\"https:\/\/secure.gravatar.com\/avatar\/33e2a2b971dc363ed2df53d0d3bfbd18?s=96&d=mm&r=g\",\"contentUrl\":\"https:\/\/secure.gravatar.com\/avatar\/33e2a2b971dc363ed2df53d0d3bfbd18?s=96&d=mm&r=g\",\"caption\":\"P\u00e9ricles C\u00e2ndido\"},\"sameAs\":[\"ascom@acrimat.org.br\"],\"url\":\"https:\/\/acrimat.org.br\/portal\/author\/designergrafico\/\"}]}<\/script>\n<!-- \/ Yoast SEO plugin. -->","yoast_head_json":{"title":"Novacki diz que novas regras do Mapa v\u00e3o fomentar exporta\u00e7\u00e3o de carne bovina - Acrimat","robots":{"index":"index","follow":"follow","max-snippet":"max-snippet:-1","max-image-preview":"max-image-preview:large","max-video-preview":"max-video-preview:-1"},"canonical":"https:\/\/acrimat.org.br\/portal\/novacki-diz-que-novas-regras-do-mapa-vao-fomentar-exportacao-de-carne-bovina\/","og_locale":"pt_BR","og_type":"article","og_title":"Novacki diz que novas regras do Mapa v\u00e3o fomentar exporta\u00e7\u00e3o de carne bovina - Acrimat","og_description":"Para evitar novos embargos \u00e0 carne brasileira, o Mapa determina que carnes in natura sigam novas formas de cortes e a vacina contra febre aftosa seja reduzida de 5 ml para 2 ml","og_url":"https:\/\/acrimat.org.br\/portal\/novacki-diz-que-novas-regras-do-mapa-vao-fomentar-exportacao-de-carne-bovina\/","og_site_name":"Acrimat","article_published_time":"2017-08-07T16:32:44+00:00","og_image":[{"width":658,"height":439,"url":"https:\/\/acrimat.org.br\/portal\/wp-content\/uploads\/2017\/08\/6ebfa207fad42a012e5ef48bb632ddfc.jpg","type":"image\/jpeg"}],"author":"P\u00e9ricles C\u00e2ndido","twitter_card":"summary_large_image","twitter_misc":{"Escrito por":"P\u00e9ricles C\u00e2ndido","Est. tempo de leitura":"4 minutos"},"schema":{"@context":"https:\/\/schema.org","@graph":[{"@type":"Article","@id":"https:\/\/acrimat.org.br\/portal\/novacki-diz-que-novas-regras-do-mapa-vao-fomentar-exportacao-de-carne-bovina\/#article","isPartOf":{"@id":"https:\/\/acrimat.org.br\/portal\/novacki-diz-que-novas-regras-do-mapa-vao-fomentar-exportacao-de-carne-bovina\/"},"author":{"name":"P\u00e9ricles C\u00e2ndido","@id":"https:\/\/acrimat.org.br\/portal\/#\/schema\/person\/18df8bcf6890e924fe5d8b5afd2bec0f"},"headline":"Novacki diz que novas regras do Mapa v\u00e3o fomentar exporta\u00e7\u00e3o de carne bovina","datePublished":"2017-08-07T16:32:44+00:00","mainEntityOfPage":{"@id":"https:\/\/acrimat.org.br\/portal\/novacki-diz-que-novas-regras-do-mapa-vao-fomentar-exportacao-de-carne-bovina\/"},"wordCount":762,"publisher":{"@id":"https:\/\/acrimat.org.br\/portal\/#organization"},"image":{"@id":"https:\/\/acrimat.org.br\/portal\/novacki-diz-que-novas-regras-do-mapa-vao-fomentar-exportacao-de-carne-bovina\/#primaryimage"},"thumbnailUrl":"https:\/\/acrimat.org.br\/portal\/wp-content\/uploads\/2017\/08\/6ebfa207fad42a012e5ef48bb632ddfc.jpg","articleSection":["Destaques","Not\u00edcias"],"inLanguage":"pt-BR"},{"@type":"WebPage","@id":"https:\/\/acrimat.org.br\/portal\/novacki-diz-que-novas-regras-do-mapa-vao-fomentar-exportacao-de-carne-bovina\/","url":"https:\/\/acrimat.org.br\/portal\/novacki-diz-que-novas-regras-do-mapa-vao-fomentar-exportacao-de-carne-bovina\/","name":"Novacki diz que novas regras do Mapa v\u00e3o fomentar exporta\u00e7\u00e3o de carne bovina - Acrimat","isPartOf":{"@id":"https:\/\/acrimat.org.br\/portal\/#website"},"primaryImageOfPage":{"@id":"https:\/\/acrimat.org.br\/portal\/novacki-diz-que-novas-regras-do-mapa-vao-fomentar-exportacao-de-carne-bovina\/#primaryimage"},"image":{"@id":"https:\/\/acrimat.org.br\/portal\/novacki-diz-que-novas-regras-do-mapa-vao-fomentar-exportacao-de-carne-bovina\/#primaryimage"},"thumbnailUrl":"https:\/\/acrimat.org.br\/portal\/wp-content\/uploads\/2017\/08\/6ebfa207fad42a012e5ef48bb632ddfc.jpg","datePublished":"2017-08-07T16:32:44+00:00","breadcrumb":{"@id":"https:\/\/acrimat.org.br\/portal\/novacki-diz-que-novas-regras-do-mapa-vao-fomentar-exportacao-de-carne-bovina\/#breadcrumb"},"inLanguage":"pt-BR","potentialAction":[{"@type":"ReadAction","target":["https:\/\/acrimat.org.br\/portal\/novacki-diz-que-novas-regras-do-mapa-vao-fomentar-exportacao-de-carne-bovina\/"]}]},{"@type":"ImageObject","inLanguage":"pt-BR","@id":"https:\/\/acrimat.org.br\/portal\/novacki-diz-que-novas-regras-do-mapa-vao-fomentar-exportacao-de-carne-bovina\/#primaryimage","url":"https:\/\/acrimat.org.br\/portal\/wp-content\/uploads\/2017\/08\/6ebfa207fad42a012e5ef48bb632ddfc.jpg","contentUrl":"https:\/\/acrimat.org.br\/portal\/wp-content\/uploads\/2017\/08\/6ebfa207fad42a012e5ef48bb632ddfc.jpg","width":658,"height":439,"caption":"Rep\u00f3rterMT\/Reprodu\u00e7\u00e3o"},{"@type":"BreadcrumbList","@id":"https:\/\/acrimat.org.br\/portal\/novacki-diz-que-novas-regras-do-mapa-vao-fomentar-exportacao-de-carne-bovina\/#breadcrumb","itemListElement":[{"@type":"ListItem","position":1,"name":"In\u00edcio","item":"https:\/\/acrimat.org.br\/portal\/"},{"@type":"ListItem","position":2,"name":"Novacki diz que novas regras do Mapa v\u00e3o fomentar exporta\u00e7\u00e3o de carne bovina"}]},{"@type":"WebSite","@id":"https:\/\/acrimat.org.br\/portal\/#website","url":"https:\/\/acrimat.org.br\/portal\/","name":"Acrimat","description":"Associa\u00e7\u00e3o dos Criadores de Mato Grosso","publisher":{"@id":"https:\/\/acrimat.org.br\/portal\/#organization"},"potentialAction":[{"@type":"SearchAction","target":{"@type":"EntryPoint","urlTemplate":"https:\/\/acrimat.org.br\/portal\/?s={search_term_string}"},"query-input":{"@type":"PropertyValueSpecification","valueRequired":true,"valueName":"search_term_string"}}],"inLanguage":"pt-BR"},{"@type":"Organization","@id":"https:\/\/acrimat.org.br\/portal\/#organization","name":"Associa\u00e7\u00e3o dos Criadores de Mato Grosso","url":"https:\/\/acrimat.org.br\/portal\/","logo":{"@type":"ImageObject","inLanguage":"pt-BR","@id":"https:\/\/acrimat.org.br\/portal\/#\/schema\/logo\/image\/","url":"https:\/\/acrimat.org.br\/portal\/wp-content\/uploads\/2018\/03\/logo-peq-original.png","contentUrl":"https:\/\/acrimat.org.br\/portal\/wp-content\/uploads\/2018\/03\/logo-peq-original.png","width":174,"height":171,"caption":"Associa\u00e7\u00e3o dos Criadores de Mato Grosso"},"image":{"@id":"https:\/\/acrimat.org.br\/portal\/#\/schema\/logo\/image\/"}},{"@type":"Person","@id":"https:\/\/acrimat.org.br\/portal\/#\/schema\/person\/18df8bcf6890e924fe5d8b5afd2bec0f","name":"P\u00e9ricles C\u00e2ndido","image":{"@type":"ImageObject","inLanguage":"pt-BR","@id":"https:\/\/acrimat.org.br\/portal\/#\/schema\/person\/image\/","url":"https:\/\/secure.gravatar.com\/avatar\/33e2a2b971dc363ed2df53d0d3bfbd18?s=96&d=mm&r=g","contentUrl":"https:\/\/secure.gravatar.com\/avatar\/33e2a2b971dc363ed2df53d0d3bfbd18?s=96&d=mm&r=g","caption":"P\u00e9ricles C\u00e2ndido"},"sameAs":["ascom@acrimat.org.br"],"url":"https:\/\/acrimat.org.br\/portal\/author\/designergrafico\/"}]}},"_links":{"self":[{"href":"https:\/\/acrimat.org.br\/portal\/wp-json\/wp\/v2\/posts\/97983018","targetHints":{"allow":["GET"]}}],"collection":[{"href":"https:\/\/acrimat.org.br\/portal\/wp-json\/wp\/v2\/posts"}],"about":[{"href":"https:\/\/acrimat.org.br\/portal\/wp-json\/wp\/v2\/types\/post"}],"author":[{"embeddable":true,"href":"https:\/\/acrimat.org.br\/portal\/wp-json\/wp\/v2\/users\/11"}],"replies":[{"embeddable":true,"href":"https:\/\/acrimat.org.br\/portal\/wp-json\/wp\/v2\/comments?post=97983018"}],"version-history":[{"count":1,"href":"https:\/\/acrimat.org.br\/portal\/wp-json\/wp\/v2\/posts\/97983018\/revisions"}],"predecessor-version":[{"id":97983020,"href":"https:\/\/acrimat.org.br\/portal\/wp-json\/wp\/v2\/posts\/97983018\/revisions\/97983020"}],"wp:featuredmedia":[{"embeddable":true,"href":"https:\/\/acrimat.org.br\/portal\/wp-json\/wp\/v2\/media\/97983019"}],"wp:attachment":[{"href":"https:\/\/acrimat.org.br\/portal\/wp-json\/wp\/v2\/media?parent=97983018"}],"wp:term":[{"taxonomy":"category","embeddable":true,"href":"https:\/\/acrimat.org.br\/portal\/wp-json\/wp\/v2\/categories?post=97983018"},{"taxonomy":"post_tag","embeddable":true,"href":"https:\/\/acrimat.org.br\/portal\/wp-json\/wp\/v2\/tags?post=97983018"}],"curies":[{"name":"wp","href":"https:\/\/api.w.org\/{rel}","templated":true}]}}