{"id":97983030,"date":"2017-08-08T10:21:04","date_gmt":"2017-08-08T13:21:04","guid":{"rendered":"http:\/\/acrimat.org.br\/portal\/?p=97983030"},"modified":"2017-08-08T10:21:04","modified_gmt":"2017-08-08T13:21:04","slug":"apesar-de-percalcos-exportacoes-de-carnes-devem-se-recuperar-no-ano","status":"publish","type":"post","link":"https:\/\/acrimat.org.br\/portal\/apesar-de-percalcos-exportacoes-de-carnes-devem-se-recuperar-no-ano\/","title":{"rendered":"Apesar de percal\u00e7os, exporta\u00e7\u00f5es de carnes devem se recuperar no ano"},"content":{"rendered":"<p><a href=\"http:\/\/acrimat.org.br\/portal\/wp-content\/uploads\/2017\/01\/exporta\u00e7\u00e3o-carne-bovina-salgada.jpg\"><img fetchpriority=\"high\" decoding=\"async\" class=\"alignright size-medium wp-image-97979404\" src=\"http:\/\/acrimat.org.br\/portal\/wp-content\/uploads\/2017\/01\/exporta\u00e7\u00e3o-carne-bovina-salgada-300x206.jpg\" alt=\"\" width=\"300\" height=\"206\" srcset=\"https:\/\/acrimat.org.br\/portal\/wp-content\/uploads\/2017\/01\/exporta\u00e7\u00e3o-carne-bovina-salgada-300x206.jpg 300w, https:\/\/acrimat.org.br\/portal\/wp-content\/uploads\/2017\/01\/exporta\u00e7\u00e3o-carne-bovina-salgada-250x172.jpg 250w, https:\/\/acrimat.org.br\/portal\/wp-content\/uploads\/2017\/01\/exporta\u00e7\u00e3o-carne-bovina-salgada-550x378.jpg 550w, https:\/\/acrimat.org.br\/portal\/wp-content\/uploads\/2017\/01\/exporta\u00e7\u00e3o-carne-bovina-salgada-262x180.jpg 262w, https:\/\/acrimat.org.br\/portal\/wp-content\/uploads\/2017\/01\/exporta\u00e7\u00e3o-carne-bovina-salgada-436x300.jpg 436w, https:\/\/acrimat.org.br\/portal\/wp-content\/uploads\/2017\/01\/exporta\u00e7\u00e3o-carne-bovina-salgada-727x500.jpg 727w, https:\/\/acrimat.org.br\/portal\/wp-content\/uploads\/2017\/01\/exporta\u00e7\u00e3o-carne-bovina-salgada.jpg 730w\" sizes=\"(max-width: 300px) 100vw, 300px\" \/><\/a>Ap\u00f3s um semestre dif\u00edcil de esquecer em raz\u00e3o do ac\u00famulo de not\u00edcias negativas no setor, os exportadores brasileiros de carnes come\u00e7aram a segunda metade do ano mais otimistas. Tudo indica que os efeitos delet\u00e9rios da Opera\u00e7\u00e3o Carne Fraca &#8211; deflagrada em mar\u00e7o pela Pol\u00edcia Federal &#8211; se dissiparam, o que j\u00e1 impulsionou os embarques de carnes de frango e bovina no m\u00eas passado.<\/p>\n<p>Embora o espectro das investiga\u00e7\u00f5es policiais ainda gere apreens\u00e3o, sobretudo ap\u00f3s as revela\u00e7\u00f5es da dela\u00e7\u00e3o dos executivos da JBS, analistas e executivos do setor acreditam que as exporta\u00e7\u00f5es deste semestre podem compensar a queda no primeiro. &#8220;O m\u00eas de julho foi excepcional&#8221;, disse o analista C\u00e9sar Castro Alves, da consultoria MB Agro.<\/p>\n<p>Em julho, os embarques de carne bovina in natura somaram 106,3 mil toneladas, crescimento de 29%. No caso da carne de frango, o aumento foi de 6,2%, para 385 mil toneladas, de acordo com dados da Secretaria de Com\u00e9rcio Exterior (Secex\/Mdic). Em termos de rentabilidade, os exportadores de carne bovina est\u00e3o no melhor momento desde janeiro de 2006, segundo a MB Agro.<\/p>\n<p>Impulsionado pela queda do pre\u00e7o do boi para abate, o &#8220;spread&#8221; na exporta\u00e7\u00e3o &#8211; indicador de margem bruta que apura a diferen\u00e7a entre o pre\u00e7o da carne exportada e o do boi &#8211; est\u00e1 em 25%, ante uma m\u00e9dia hist\u00f3ria de 5%, disse Alves. Al\u00e9m disso, a demanda externa, que vinha patinando nos primeiros meses do ano. Importadores relevantes como o Egito, que reduziu drasticamente as compras desde o \u00faltimo ano devido \u00e0 escassez de d\u00f3lares, retomaram as compras da carne brasileira. Em julho, os eg\u00edpcios importaram 17,3 mil toneladas de carne in natura, ficando s\u00f3 atr\u00e1s de Hong Kong entre os importadores.<\/p>\n<p>Conforme uma fonte do setor, as compras do Egito aumentaram porque os importadores do pa\u00eds africano passaram a pagar antecipadamente pelos novos pedidos de carne bovina. Com isso, o Egito j\u00e1 mais do que compensou o efeito negativo do embargo dos Estados Unidos \u00e0 carne bovina in natura do Brasil, acrescentou o presidente da Associa\u00e7\u00e3o Brasileira das Ind\u00fastrias Exportadores de Carnes (Abiec), Ant\u00f4nio Camardelli.<\/p>\n<p>Ao longo dos pr\u00f3ximos meses, prosseguiu Camardelli, as vendas ao Egito devem continuar aquecidas. Al\u00e9m disso, a Abiec tamb\u00e9m trabalha com a perspectiva de retomar as vendas aos americanos ainda neste ano. &#8220;A despeito de todos os acontecimentos, a expectativa \u00e9 fechar 2017 igual ao ano passado&#8221;, afirmou Camardelli, sinalizando que os embarques dos pr\u00f3ximos meses seguir\u00e3o em alta, anulando o efeito da queda de 5% nas exporta\u00e7\u00f5es de carne bovina do acumulado entre janeiro e julho.<\/p>\n<p>Segundo dados da Secex compilados pela Abiec, o Brasil exportou 781,3 mil toneladas de carne bovina entre janeiro e julho, ante 818,2 mil toneladas vendidas um ano antes. Em carne de frango, o momento tamb\u00e9m \u00e9 de recupera\u00e7\u00e3o. De acordo com Alves, da MB Agro, os embarques do produto brasileiro estavam &#8220;engasgados&#8221;, mas o cen\u00e1rio melhorou em julho.<\/p>\n<p>Aparentemente, afirmou o analista, a queda dos pre\u00e7os do milho fez os frigor\u00edficos de carne de frango ganharem tanta margem que eles decidiram dar descontos nas exporta\u00e7\u00f5es para aumentar o volume embarcado em julho. De fato, julho foi o melhor m\u00eas para os exportadores de carne de frango desde a deflagra\u00e7\u00e3o da Opera\u00e7\u00e3o Carne Fraca, ressaltou ao Valor o presidente-executivo da Associa\u00e7\u00e3o Brasileira de Prote\u00edna Animal (ABPA), o ex-ministro da Agricultura Francisco Turra.<\/p>\n<p>Para a ABPA, o segundo semestre deve ser positivo para o setor. Conforme Turra, os pa\u00edses que seguraram as compras do produto brasileiro ap\u00f3s a Opera\u00e7\u00e3o Carne Fraca compraram pouco volume dos principais concorrentes do Brasil no mercado internacional &#8211; Estados Unidos e Tail\u00e2ndia. A maior parte deles, como o Jap\u00e3o, aproveitou o momento para consumir o estoque que estava elevado. Agora, com os estoques menores, os importadores retomaram as compras. Em julho, o Jap\u00e3o j\u00e1 se destacou, ressaltou Turra. No m\u00eas passado, o pa\u00eds asi\u00e1tico comprou 36,2 mil toneladas de carne de frango do Brasil, incremento de 55% na compara\u00e7\u00e3o com julho de 2016.<\/p>\n","protected":false},"excerpt":{"rendered":"<p>Ap\u00f3s um semestre dif\u00edcil de esquecer em raz\u00e3o do ac\u00famulo de not\u00edcias negativas no setor, os exportadores brasileiros de carnes come\u00e7aram a segunda metade do ano mais otimistas<\/p>\n","protected":false},"author":11,"featured_media":97979404,"comment_status":"closed","ping_status":"closed","sticky":false,"template":"","format":"standard","meta":{"footnotes":""},"categories":[6,1],"tags":[],"class_list":["post-97983030","post","type-post","status-publish","format-standard","has-post-thumbnail","hentry","category-destaque","category-noticia"],"yoast_head":"<!-- This site is optimized with the Yoast SEO plugin v24.8.1 - https:\/\/yoast.com\/wordpress\/plugins\/seo\/ -->\n<title>Apesar de percal\u00e7os, exporta\u00e7\u00f5es de carnes devem se recuperar no ano - Acrimat<\/title>\n<meta name=\"robots\" content=\"index, follow, max-snippet:-1, max-image-preview:large, max-video-preview:-1\" \/>\n<link rel=\"canonical\" href=\"https:\/\/acrimat.org.br\/portal\/apesar-de-percalcos-exportacoes-de-carnes-devem-se-recuperar-no-ano\/\" \/>\n<meta property=\"og:locale\" content=\"pt_BR\" \/>\n<meta property=\"og:type\" content=\"article\" \/>\n<meta property=\"og:title\" content=\"Apesar de percal\u00e7os, exporta\u00e7\u00f5es de carnes devem se recuperar no ano - Acrimat\" \/>\n<meta property=\"og:description\" content=\"Ap\u00f3s um semestre dif\u00edcil de esquecer em raz\u00e3o do ac\u00famulo de not\u00edcias negativas no setor, os exportadores brasileiros de carnes come\u00e7aram a segunda metade do ano mais otimistas\" \/>\n<meta property=\"og:url\" content=\"https:\/\/acrimat.org.br\/portal\/apesar-de-percalcos-exportacoes-de-carnes-devem-se-recuperar-no-ano\/\" \/>\n<meta property=\"og:site_name\" content=\"Acrimat\" \/>\n<meta property=\"article:published_time\" content=\"2017-08-08T13:21:04+00:00\" \/>\n<meta property=\"og:image\" content=\"https:\/\/acrimat.org.br\/portal\/wp-content\/uploads\/2017\/01\/exporta\u00e7\u00e3o-carne-bovina-salgada.jpg\" \/>\n\t<meta property=\"og:image:width\" content=\"730\" \/>\n\t<meta property=\"og:image:height\" content=\"502\" \/>\n\t<meta property=\"og:image:type\" content=\"image\/jpeg\" \/>\n<meta name=\"author\" content=\"P\u00e9ricles C\u00e2ndido\" \/>\n<meta name=\"twitter:card\" content=\"summary_large_image\" \/>\n<meta name=\"twitter:label1\" content=\"Escrito por\" \/>\n\t<meta name=\"twitter:data1\" content=\"P\u00e9ricles C\u00e2ndido\" \/>\n\t<meta name=\"twitter:label2\" content=\"Est. tempo de leitura\" \/>\n\t<meta name=\"twitter:data2\" content=\"4 minutos\" \/>\n<script type=\"application\/ld+json\" class=\"yoast-schema-graph\">{\"@context\":\"https:\/\/schema.org\",\"@graph\":[{\"@type\":\"Article\",\"@id\":\"https:\/\/acrimat.org.br\/portal\/apesar-de-percalcos-exportacoes-de-carnes-devem-se-recuperar-no-ano\/#article\",\"isPartOf\":{\"@id\":\"https:\/\/acrimat.org.br\/portal\/apesar-de-percalcos-exportacoes-de-carnes-devem-se-recuperar-no-ano\/\"},\"author\":{\"name\":\"P\u00e9ricles C\u00e2ndido\",\"@id\":\"https:\/\/acrimat.org.br\/portal\/#\/schema\/person\/18df8bcf6890e924fe5d8b5afd2bec0f\"},\"headline\":\"Apesar de percal\u00e7os, exporta\u00e7\u00f5es de carnes devem se recuperar no ano\",\"datePublished\":\"2017-08-08T13:21:04+00:00\",\"mainEntityOfPage\":{\"@id\":\"https:\/\/acrimat.org.br\/portal\/apesar-de-percalcos-exportacoes-de-carnes-devem-se-recuperar-no-ano\/\"},\"wordCount\":714,\"publisher\":{\"@id\":\"https:\/\/acrimat.org.br\/portal\/#organization\"},\"image\":{\"@id\":\"https:\/\/acrimat.org.br\/portal\/apesar-de-percalcos-exportacoes-de-carnes-devem-se-recuperar-no-ano\/#primaryimage\"},\"thumbnailUrl\":\"https:\/\/acrimat.org.br\/portal\/wp-content\/uploads\/2017\/01\/exporta\u00e7\u00e3o-carne-bovina-salgada.jpg\",\"articleSection\":[\"Destaques\",\"Not\u00edcias\"],\"inLanguage\":\"pt-BR\"},{\"@type\":\"WebPage\",\"@id\":\"https:\/\/acrimat.org.br\/portal\/apesar-de-percalcos-exportacoes-de-carnes-devem-se-recuperar-no-ano\/\",\"url\":\"https:\/\/acrimat.org.br\/portal\/apesar-de-percalcos-exportacoes-de-carnes-devem-se-recuperar-no-ano\/\",\"name\":\"Apesar de percal\u00e7os, exporta\u00e7\u00f5es de carnes devem se recuperar no ano - Acrimat\",\"isPartOf\":{\"@id\":\"https:\/\/acrimat.org.br\/portal\/#website\"},\"primaryImageOfPage\":{\"@id\":\"https:\/\/acrimat.org.br\/portal\/apesar-de-percalcos-exportacoes-de-carnes-devem-se-recuperar-no-ano\/#primaryimage\"},\"image\":{\"@id\":\"https:\/\/acrimat.org.br\/portal\/apesar-de-percalcos-exportacoes-de-carnes-devem-se-recuperar-no-ano\/#primaryimage\"},\"thumbnailUrl\":\"https:\/\/acrimat.org.br\/portal\/wp-content\/uploads\/2017\/01\/exporta\u00e7\u00e3o-carne-bovina-salgada.jpg\",\"datePublished\":\"2017-08-08T13:21:04+00:00\",\"breadcrumb\":{\"@id\":\"https:\/\/acrimat.org.br\/portal\/apesar-de-percalcos-exportacoes-de-carnes-devem-se-recuperar-no-ano\/#breadcrumb\"},\"inLanguage\":\"pt-BR\",\"potentialAction\":[{\"@type\":\"ReadAction\",\"target\":[\"https:\/\/acrimat.org.br\/portal\/apesar-de-percalcos-exportacoes-de-carnes-devem-se-recuperar-no-ano\/\"]}]},{\"@type\":\"ImageObject\",\"inLanguage\":\"pt-BR\",\"@id\":\"https:\/\/acrimat.org.br\/portal\/apesar-de-percalcos-exportacoes-de-carnes-devem-se-recuperar-no-ano\/#primaryimage\",\"url\":\"https:\/\/acrimat.org.br\/portal\/wp-content\/uploads\/2017\/01\/exporta\u00e7\u00e3o-carne-bovina-salgada.jpg\",\"contentUrl\":\"https:\/\/acrimat.org.br\/portal\/wp-content\/uploads\/2017\/01\/exporta\u00e7\u00e3o-carne-bovina-salgada.jpg\",\"width\":730,\"height\":502,\"caption\":\"Divulga\u00e7\u00e3o\"},{\"@type\":\"BreadcrumbList\",\"@id\":\"https:\/\/acrimat.org.br\/portal\/apesar-de-percalcos-exportacoes-de-carnes-devem-se-recuperar-no-ano\/#breadcrumb\",\"itemListElement\":[{\"@type\":\"ListItem\",\"position\":1,\"name\":\"In\u00edcio\",\"item\":\"https:\/\/acrimat.org.br\/portal\/\"},{\"@type\":\"ListItem\",\"position\":2,\"name\":\"Apesar de percal\u00e7os, exporta\u00e7\u00f5es de carnes devem se recuperar no ano\"}]},{\"@type\":\"WebSite\",\"@id\":\"https:\/\/acrimat.org.br\/portal\/#website\",\"url\":\"https:\/\/acrimat.org.br\/portal\/\",\"name\":\"Acrimat\",\"description\":\"Associa\u00e7\u00e3o dos Criadores de Mato Grosso\",\"publisher\":{\"@id\":\"https:\/\/acrimat.org.br\/portal\/#organization\"},\"potentialAction\":[{\"@type\":\"SearchAction\",\"target\":{\"@type\":\"EntryPoint\",\"urlTemplate\":\"https:\/\/acrimat.org.br\/portal\/?s={search_term_string}\"},\"query-input\":{\"@type\":\"PropertyValueSpecification\",\"valueRequired\":true,\"valueName\":\"search_term_string\"}}],\"inLanguage\":\"pt-BR\"},{\"@type\":\"Organization\",\"@id\":\"https:\/\/acrimat.org.br\/portal\/#organization\",\"name\":\"Associa\u00e7\u00e3o dos Criadores de Mato Grosso\",\"url\":\"https:\/\/acrimat.org.br\/portal\/\",\"logo\":{\"@type\":\"ImageObject\",\"inLanguage\":\"pt-BR\",\"@id\":\"https:\/\/acrimat.org.br\/portal\/#\/schema\/logo\/image\/\",\"url\":\"https:\/\/acrimat.org.br\/portal\/wp-content\/uploads\/2018\/03\/logo-peq-original.png\",\"contentUrl\":\"https:\/\/acrimat.org.br\/portal\/wp-content\/uploads\/2018\/03\/logo-peq-original.png\",\"width\":174,\"height\":171,\"caption\":\"Associa\u00e7\u00e3o dos Criadores de Mato Grosso\"},\"image\":{\"@id\":\"https:\/\/acrimat.org.br\/portal\/#\/schema\/logo\/image\/\"}},{\"@type\":\"Person\",\"@id\":\"https:\/\/acrimat.org.br\/portal\/#\/schema\/person\/18df8bcf6890e924fe5d8b5afd2bec0f\",\"name\":\"P\u00e9ricles C\u00e2ndido\",\"image\":{\"@type\":\"ImageObject\",\"inLanguage\":\"pt-BR\",\"@id\":\"https:\/\/acrimat.org.br\/portal\/#\/schema\/person\/image\/\",\"url\":\"https:\/\/secure.gravatar.com\/avatar\/33e2a2b971dc363ed2df53d0d3bfbd18?s=96&d=mm&r=g\",\"contentUrl\":\"https:\/\/secure.gravatar.com\/avatar\/33e2a2b971dc363ed2df53d0d3bfbd18?s=96&d=mm&r=g\",\"caption\":\"P\u00e9ricles C\u00e2ndido\"},\"sameAs\":[\"ascom@acrimat.org.br\"],\"url\":\"https:\/\/acrimat.org.br\/portal\/author\/designergrafico\/\"}]}<\/script>\n<!-- \/ Yoast SEO plugin. -->","yoast_head_json":{"title":"Apesar de percal\u00e7os, exporta\u00e7\u00f5es de carnes devem se recuperar no ano - Acrimat","robots":{"index":"index","follow":"follow","max-snippet":"max-snippet:-1","max-image-preview":"max-image-preview:large","max-video-preview":"max-video-preview:-1"},"canonical":"https:\/\/acrimat.org.br\/portal\/apesar-de-percalcos-exportacoes-de-carnes-devem-se-recuperar-no-ano\/","og_locale":"pt_BR","og_type":"article","og_title":"Apesar de percal\u00e7os, exporta\u00e7\u00f5es de carnes devem se recuperar no ano - Acrimat","og_description":"Ap\u00f3s um semestre dif\u00edcil de esquecer em raz\u00e3o do ac\u00famulo de not\u00edcias negativas no setor, os exportadores brasileiros de carnes come\u00e7aram a segunda metade do ano mais otimistas","og_url":"https:\/\/acrimat.org.br\/portal\/apesar-de-percalcos-exportacoes-de-carnes-devem-se-recuperar-no-ano\/","og_site_name":"Acrimat","article_published_time":"2017-08-08T13:21:04+00:00","og_image":[{"width":730,"height":502,"url":"https:\/\/acrimat.org.br\/portal\/wp-content\/uploads\/2017\/01\/exporta\u00e7\u00e3o-carne-bovina-salgada.jpg","type":"image\/jpeg"}],"author":"P\u00e9ricles C\u00e2ndido","twitter_card":"summary_large_image","twitter_misc":{"Escrito por":"P\u00e9ricles C\u00e2ndido","Est. tempo de leitura":"4 minutos"},"schema":{"@context":"https:\/\/schema.org","@graph":[{"@type":"Article","@id":"https:\/\/acrimat.org.br\/portal\/apesar-de-percalcos-exportacoes-de-carnes-devem-se-recuperar-no-ano\/#article","isPartOf":{"@id":"https:\/\/acrimat.org.br\/portal\/apesar-de-percalcos-exportacoes-de-carnes-devem-se-recuperar-no-ano\/"},"author":{"name":"P\u00e9ricles C\u00e2ndido","@id":"https:\/\/acrimat.org.br\/portal\/#\/schema\/person\/18df8bcf6890e924fe5d8b5afd2bec0f"},"headline":"Apesar de percal\u00e7os, exporta\u00e7\u00f5es de carnes devem se recuperar no ano","datePublished":"2017-08-08T13:21:04+00:00","mainEntityOfPage":{"@id":"https:\/\/acrimat.org.br\/portal\/apesar-de-percalcos-exportacoes-de-carnes-devem-se-recuperar-no-ano\/"},"wordCount":714,"publisher":{"@id":"https:\/\/acrimat.org.br\/portal\/#organization"},"image":{"@id":"https:\/\/acrimat.org.br\/portal\/apesar-de-percalcos-exportacoes-de-carnes-devem-se-recuperar-no-ano\/#primaryimage"},"thumbnailUrl":"https:\/\/acrimat.org.br\/portal\/wp-content\/uploads\/2017\/01\/exporta\u00e7\u00e3o-carne-bovina-salgada.jpg","articleSection":["Destaques","Not\u00edcias"],"inLanguage":"pt-BR"},{"@type":"WebPage","@id":"https:\/\/acrimat.org.br\/portal\/apesar-de-percalcos-exportacoes-de-carnes-devem-se-recuperar-no-ano\/","url":"https:\/\/acrimat.org.br\/portal\/apesar-de-percalcos-exportacoes-de-carnes-devem-se-recuperar-no-ano\/","name":"Apesar de percal\u00e7os, exporta\u00e7\u00f5es de carnes devem se recuperar no ano - Acrimat","isPartOf":{"@id":"https:\/\/acrimat.org.br\/portal\/#website"},"primaryImageOfPage":{"@id":"https:\/\/acrimat.org.br\/portal\/apesar-de-percalcos-exportacoes-de-carnes-devem-se-recuperar-no-ano\/#primaryimage"},"image":{"@id":"https:\/\/acrimat.org.br\/portal\/apesar-de-percalcos-exportacoes-de-carnes-devem-se-recuperar-no-ano\/#primaryimage"},"thumbnailUrl":"https:\/\/acrimat.org.br\/portal\/wp-content\/uploads\/2017\/01\/exporta\u00e7\u00e3o-carne-bovina-salgada.jpg","datePublished":"2017-08-08T13:21:04+00:00","breadcrumb":{"@id":"https:\/\/acrimat.org.br\/portal\/apesar-de-percalcos-exportacoes-de-carnes-devem-se-recuperar-no-ano\/#breadcrumb"},"inLanguage":"pt-BR","potentialAction":[{"@type":"ReadAction","target":["https:\/\/acrimat.org.br\/portal\/apesar-de-percalcos-exportacoes-de-carnes-devem-se-recuperar-no-ano\/"]}]},{"@type":"ImageObject","inLanguage":"pt-BR","@id":"https:\/\/acrimat.org.br\/portal\/apesar-de-percalcos-exportacoes-de-carnes-devem-se-recuperar-no-ano\/#primaryimage","url":"https:\/\/acrimat.org.br\/portal\/wp-content\/uploads\/2017\/01\/exporta\u00e7\u00e3o-carne-bovina-salgada.jpg","contentUrl":"https:\/\/acrimat.org.br\/portal\/wp-content\/uploads\/2017\/01\/exporta\u00e7\u00e3o-carne-bovina-salgada.jpg","width":730,"height":502,"caption":"Divulga\u00e7\u00e3o"},{"@type":"BreadcrumbList","@id":"https:\/\/acrimat.org.br\/portal\/apesar-de-percalcos-exportacoes-de-carnes-devem-se-recuperar-no-ano\/#breadcrumb","itemListElement":[{"@type":"ListItem","position":1,"name":"In\u00edcio","item":"https:\/\/acrimat.org.br\/portal\/"},{"@type":"ListItem","position":2,"name":"Apesar de percal\u00e7os, exporta\u00e7\u00f5es de carnes devem se recuperar no ano"}]},{"@type":"WebSite","@id":"https:\/\/acrimat.org.br\/portal\/#website","url":"https:\/\/acrimat.org.br\/portal\/","name":"Acrimat","description":"Associa\u00e7\u00e3o dos Criadores de Mato Grosso","publisher":{"@id":"https:\/\/acrimat.org.br\/portal\/#organization"},"potentialAction":[{"@type":"SearchAction","target":{"@type":"EntryPoint","urlTemplate":"https:\/\/acrimat.org.br\/portal\/?s={search_term_string}"},"query-input":{"@type":"PropertyValueSpecification","valueRequired":true,"valueName":"search_term_string"}}],"inLanguage":"pt-BR"},{"@type":"Organization","@id":"https:\/\/acrimat.org.br\/portal\/#organization","name":"Associa\u00e7\u00e3o dos Criadores de Mato Grosso","url":"https:\/\/acrimat.org.br\/portal\/","logo":{"@type":"ImageObject","inLanguage":"pt-BR","@id":"https:\/\/acrimat.org.br\/portal\/#\/schema\/logo\/image\/","url":"https:\/\/acrimat.org.br\/portal\/wp-content\/uploads\/2018\/03\/logo-peq-original.png","contentUrl":"https:\/\/acrimat.org.br\/portal\/wp-content\/uploads\/2018\/03\/logo-peq-original.png","width":174,"height":171,"caption":"Associa\u00e7\u00e3o dos Criadores de Mato Grosso"},"image":{"@id":"https:\/\/acrimat.org.br\/portal\/#\/schema\/logo\/image\/"}},{"@type":"Person","@id":"https:\/\/acrimat.org.br\/portal\/#\/schema\/person\/18df8bcf6890e924fe5d8b5afd2bec0f","name":"P\u00e9ricles C\u00e2ndido","image":{"@type":"ImageObject","inLanguage":"pt-BR","@id":"https:\/\/acrimat.org.br\/portal\/#\/schema\/person\/image\/","url":"https:\/\/secure.gravatar.com\/avatar\/33e2a2b971dc363ed2df53d0d3bfbd18?s=96&d=mm&r=g","contentUrl":"https:\/\/secure.gravatar.com\/avatar\/33e2a2b971dc363ed2df53d0d3bfbd18?s=96&d=mm&r=g","caption":"P\u00e9ricles C\u00e2ndido"},"sameAs":["ascom@acrimat.org.br"],"url":"https:\/\/acrimat.org.br\/portal\/author\/designergrafico\/"}]}},"_links":{"self":[{"href":"https:\/\/acrimat.org.br\/portal\/wp-json\/wp\/v2\/posts\/97983030","targetHints":{"allow":["GET"]}}],"collection":[{"href":"https:\/\/acrimat.org.br\/portal\/wp-json\/wp\/v2\/posts"}],"about":[{"href":"https:\/\/acrimat.org.br\/portal\/wp-json\/wp\/v2\/types\/post"}],"author":[{"embeddable":true,"href":"https:\/\/acrimat.org.br\/portal\/wp-json\/wp\/v2\/users\/11"}],"replies":[{"embeddable":true,"href":"https:\/\/acrimat.org.br\/portal\/wp-json\/wp\/v2\/comments?post=97983030"}],"version-history":[{"count":1,"href":"https:\/\/acrimat.org.br\/portal\/wp-json\/wp\/v2\/posts\/97983030\/revisions"}],"predecessor-version":[{"id":97983031,"href":"https:\/\/acrimat.org.br\/portal\/wp-json\/wp\/v2\/posts\/97983030\/revisions\/97983031"}],"wp:featuredmedia":[{"embeddable":true,"href":"https:\/\/acrimat.org.br\/portal\/wp-json\/wp\/v2\/media\/97979404"}],"wp:attachment":[{"href":"https:\/\/acrimat.org.br\/portal\/wp-json\/wp\/v2\/media?parent=97983030"}],"wp:term":[{"taxonomy":"category","embeddable":true,"href":"https:\/\/acrimat.org.br\/portal\/wp-json\/wp\/v2\/categories?post=97983030"},{"taxonomy":"post_tag","embeddable":true,"href":"https:\/\/acrimat.org.br\/portal\/wp-json\/wp\/v2\/tags?post=97983030"}],"curies":[{"name":"wp","href":"https:\/\/api.w.org\/{rel}","templated":true}]}}