{"id":97983032,"date":"2017-08-08T10:24:39","date_gmt":"2017-08-08T13:24:39","guid":{"rendered":"http:\/\/acrimat.org.br\/portal\/?p=97983032"},"modified":"2017-08-08T10:25:22","modified_gmt":"2017-08-08T13:25:22","slug":"maggi-assina-adesao-de-mt-ao-sistema-brasileiro-de-inspecao-de-produtos-de-origem-animal","status":"publish","type":"post","link":"https:\/\/acrimat.org.br\/portal\/maggi-assina-adesao-de-mt-ao-sistema-brasileiro-de-inspecao-de-produtos-de-origem-animal\/","title":{"rendered":"Maggi assina ades\u00e3o de MT ao Sistema Brasileiro de Inspe\u00e7\u00e3o de Produtos de Origem Animal"},"content":{"rendered":"<p><a href=\"http:\/\/acrimat.org.br\/portal\/wp-content\/uploads\/2017\/08\/56e12303-6412-4605-bba7-361f24aa6c3d.jpeg\"><img fetchpriority=\"high\" decoding=\"async\" class=\"alignright size-medium wp-image-97983033\" src=\"http:\/\/acrimat.org.br\/portal\/wp-content\/uploads\/2017\/08\/56e12303-6412-4605-bba7-361f24aa6c3d-300x169.jpeg\" alt=\"\" width=\"300\" height=\"169\" srcset=\"https:\/\/acrimat.org.br\/portal\/wp-content\/uploads\/2017\/08\/56e12303-6412-4605-bba7-361f24aa6c3d-300x169.jpeg 300w, https:\/\/acrimat.org.br\/portal\/wp-content\/uploads\/2017\/08\/56e12303-6412-4605-bba7-361f24aa6c3d.jpeg 768w, https:\/\/acrimat.org.br\/portal\/wp-content\/uploads\/2017\/08\/56e12303-6412-4605-bba7-361f24aa6c3d-250x141.jpeg 250w, https:\/\/acrimat.org.br\/portal\/wp-content\/uploads\/2017\/08\/56e12303-6412-4605-bba7-361f24aa6c3d-550x309.jpeg 550w, https:\/\/acrimat.org.br\/portal\/wp-content\/uploads\/2017\/08\/56e12303-6412-4605-bba7-361f24aa6c3d-320x180.jpeg 320w, https:\/\/acrimat.org.br\/portal\/wp-content\/uploads\/2017\/08\/56e12303-6412-4605-bba7-361f24aa6c3d-533x300.jpeg 533w\" sizes=\"(max-width: 300px) 100vw, 300px\" \/><\/a>O ministro Blairo Maggi (Agricultura, Pecu\u00e1ria e Abastecimento) assinou nesta segunda-feira (7) a portaria de ades\u00e3o do estado de Mato Grosso ao Sistema Brasileiro de Inspe\u00e7\u00e3o de Produto de Origem Animal (Sisbi-Poa), do Sistema Unificado de Aten\u00e7\u00e3o \u00e0 Sanidade Agropecu\u00e1ria (Suasa). A solenidade ocorreu durante \u00a0a abertura da 45\u00ba Exposul (Exposi\u00e7\u00e3o Agropecu\u00e1ria, Industrial e Comercial do Sul de Mato Grosso), em Rondon\u00f3polis, e contou com a presen\u00e7a do governador Pedro Taques.<\/p>\n<p>O Sisbi-Poa padroniza e harmoniza os procedimentos de inspe\u00e7\u00e3o de produtos de origem animal para garantir a inocuidade e seguran\u00e7a alimentar.<\/p>\n<p>Com a assinatura da portaria, o Minist\u00e9rio da Agricultura, Pecu\u00e1ria e Abastecimento (Mapa) reconhece a equival\u00eancia do Servi\u00e7o de Inspe\u00e7\u00e3o Sanit\u00e1ria e Industrial de Produtos de Origem Animal ao do Instituto de Defesa Agropecu\u00e1ria de Mato Grosso (Indea\/MT).<\/p>\n<p>Segundo o secret\u00e1rio de Defesa Agropecu\u00e1ria do Mapa, Luis Rangel, a ades\u00e3o \u00e9 um passo importante porque faz a conex\u00e3o do sistema de inspe\u00e7\u00e3o de Mato Grosso com o Suasa. \u201cIsso \u00e9 muito importante para a ind\u00fastria frigor\u00edfica, porque ela vai poder comercializar os produtos que s\u00e3o inspecionados em Mato Grosso fora do estado, o que permitir\u00e1 que circulem nacionalmente.\u201d<\/p>\n<p>Hoje, j\u00e1 fazem parte do Sisbi-Poa Rio Grande do Sul, Santa Catarina, Paran\u00e1, Minas Gerais, Bahia e o Distrito Federal.<\/p>\n<p>O presidente do\u00a0Instituto de Defesa Agropecu\u00e1ria do Estado de Mato Grosso (Indea\/MT), Guilherme Linares Nolasco, tamb\u00e9m participou da cerim\u00f4nia de assinatura da portaria.<\/p>\n<p>Depois da solenidade, Maggi percorreu as instala\u00e7\u00f5es da\u00a0\u00a0Exposul, que vai at\u00e9 s\u00e1bado (12). A exposi\u00e7\u00e3o \u00e9 uma das mais tradicionais do calend\u00e1rio de agroeventos de Mato Grosso.<\/p>\n","protected":false},"excerpt":{"rendered":"<p>Solenidade ocorreu durante abertura da 45\u00ba Exposul , no munic\u00edpio de Rondon\u00f3polis<\/p>\n","protected":false},"author":11,"featured_media":97983035,"comment_status":"closed","ping_status":"closed","sticky":false,"template":"","format":"standard","meta":{"footnotes":""},"categories":[6,1],"tags":[],"class_list":["post-97983032","post","type-post","status-publish","format-standard","has-post-thumbnail","hentry","category-destaque","category-noticia"],"yoast_head":"<!-- This site is optimized with the Yoast SEO plugin v24.8.1 - https:\/\/yoast.com\/wordpress\/plugins\/seo\/ -->\n<title>Maggi assina ades\u00e3o de MT ao Sistema Brasileiro de Inspe\u00e7\u00e3o de Produtos de Origem Animal - Acrimat<\/title>\n<meta name=\"robots\" content=\"index, follow, max-snippet:-1, max-image-preview:large, max-video-preview:-1\" \/>\n<link rel=\"canonical\" href=\"https:\/\/acrimat.org.br\/portal\/maggi-assina-adesao-de-mt-ao-sistema-brasileiro-de-inspecao-de-produtos-de-origem-animal\/\" \/>\n<meta property=\"og:locale\" content=\"pt_BR\" \/>\n<meta property=\"og:type\" content=\"article\" \/>\n<meta property=\"og:title\" content=\"Maggi assina ades\u00e3o de MT ao Sistema Brasileiro de Inspe\u00e7\u00e3o de Produtos de Origem Animal - Acrimat\" \/>\n<meta property=\"og:description\" content=\"Solenidade ocorreu durante abertura da 45\u00ba Exposul , no munic\u00edpio de Rondon\u00f3polis\" \/>\n<meta property=\"og:url\" content=\"https:\/\/acrimat.org.br\/portal\/maggi-assina-adesao-de-mt-ao-sistema-brasileiro-de-inspecao-de-produtos-de-origem-animal\/\" \/>\n<meta property=\"og:site_name\" content=\"Acrimat\" \/>\n<meta property=\"article:published_time\" content=\"2017-08-08T13:24:39+00:00\" \/>\n<meta property=\"article:modified_time\" content=\"2017-08-08T13:25:22+00:00\" \/>\n<meta property=\"og:image\" content=\"https:\/\/acrimat.org.br\/portal\/wp-content\/uploads\/2017\/08\/0479f37d-c02d-4663-99b4-a425928b1660.jpeg\" \/>\n\t<meta property=\"og:image:width\" content=\"768\" \/>\n\t<meta property=\"og:image:height\" content=\"432\" \/>\n\t<meta property=\"og:image:type\" content=\"image\/jpeg\" \/>\n<meta name=\"author\" content=\"P\u00e9ricles C\u00e2ndido\" \/>\n<meta name=\"twitter:card\" content=\"summary_large_image\" \/>\n<meta name=\"twitter:label1\" content=\"Escrito por\" \/>\n\t<meta name=\"twitter:data1\" content=\"P\u00e9ricles C\u00e2ndido\" \/>\n\t<meta name=\"twitter:label2\" content=\"Est. tempo de leitura\" \/>\n\t<meta name=\"twitter:data2\" content=\"1 minuto\" \/>\n<script type=\"application\/ld+json\" class=\"yoast-schema-graph\">{\"@context\":\"https:\/\/schema.org\",\"@graph\":[{\"@type\":\"Article\",\"@id\":\"https:\/\/acrimat.org.br\/portal\/maggi-assina-adesao-de-mt-ao-sistema-brasileiro-de-inspecao-de-produtos-de-origem-animal\/#article\",\"isPartOf\":{\"@id\":\"https:\/\/acrimat.org.br\/portal\/maggi-assina-adesao-de-mt-ao-sistema-brasileiro-de-inspecao-de-produtos-de-origem-animal\/\"},\"author\":{\"name\":\"P\u00e9ricles C\u00e2ndido\",\"@id\":\"https:\/\/acrimat.org.br\/portal\/#\/schema\/person\/18df8bcf6890e924fe5d8b5afd2bec0f\"},\"headline\":\"Maggi assina ades\u00e3o de MT ao Sistema Brasileiro de Inspe\u00e7\u00e3o de Produtos de Origem Animal\",\"datePublished\":\"2017-08-08T13:24:39+00:00\",\"dateModified\":\"2017-08-08T13:25:22+00:00\",\"mainEntityOfPage\":{\"@id\":\"https:\/\/acrimat.org.br\/portal\/maggi-assina-adesao-de-mt-ao-sistema-brasileiro-de-inspecao-de-produtos-de-origem-animal\/\"},\"wordCount\":307,\"publisher\":{\"@id\":\"https:\/\/acrimat.org.br\/portal\/#organization\"},\"image\":{\"@id\":\"https:\/\/acrimat.org.br\/portal\/maggi-assina-adesao-de-mt-ao-sistema-brasileiro-de-inspecao-de-produtos-de-origem-animal\/#primaryimage\"},\"thumbnailUrl\":\"https:\/\/acrimat.org.br\/portal\/wp-content\/uploads\/2017\/08\/0479f37d-c02d-4663-99b4-a425928b1660.jpeg\",\"articleSection\":[\"Destaques\",\"Not\u00edcias\"],\"inLanguage\":\"pt-BR\"},{\"@type\":\"WebPage\",\"@id\":\"https:\/\/acrimat.org.br\/portal\/maggi-assina-adesao-de-mt-ao-sistema-brasileiro-de-inspecao-de-produtos-de-origem-animal\/\",\"url\":\"https:\/\/acrimat.org.br\/portal\/maggi-assina-adesao-de-mt-ao-sistema-brasileiro-de-inspecao-de-produtos-de-origem-animal\/\",\"name\":\"Maggi assina ades\u00e3o de MT ao Sistema Brasileiro de Inspe\u00e7\u00e3o de Produtos de Origem Animal - Acrimat\",\"isPartOf\":{\"@id\":\"https:\/\/acrimat.org.br\/portal\/#website\"},\"primaryImageOfPage\":{\"@id\":\"https:\/\/acrimat.org.br\/portal\/maggi-assina-adesao-de-mt-ao-sistema-brasileiro-de-inspecao-de-produtos-de-origem-animal\/#primaryimage\"},\"image\":{\"@id\":\"https:\/\/acrimat.org.br\/portal\/maggi-assina-adesao-de-mt-ao-sistema-brasileiro-de-inspecao-de-produtos-de-origem-animal\/#primaryimage\"},\"thumbnailUrl\":\"https:\/\/acrimat.org.br\/portal\/wp-content\/uploads\/2017\/08\/0479f37d-c02d-4663-99b4-a425928b1660.jpeg\",\"datePublished\":\"2017-08-08T13:24:39+00:00\",\"dateModified\":\"2017-08-08T13:25:22+00:00\",\"breadcrumb\":{\"@id\":\"https:\/\/acrimat.org.br\/portal\/maggi-assina-adesao-de-mt-ao-sistema-brasileiro-de-inspecao-de-produtos-de-origem-animal\/#breadcrumb\"},\"inLanguage\":\"pt-BR\",\"potentialAction\":[{\"@type\":\"ReadAction\",\"target\":[\"https:\/\/acrimat.org.br\/portal\/maggi-assina-adesao-de-mt-ao-sistema-brasileiro-de-inspecao-de-produtos-de-origem-animal\/\"]}]},{\"@type\":\"ImageObject\",\"inLanguage\":\"pt-BR\",\"@id\":\"https:\/\/acrimat.org.br\/portal\/maggi-assina-adesao-de-mt-ao-sistema-brasileiro-de-inspecao-de-produtos-de-origem-animal\/#primaryimage\",\"url\":\"https:\/\/acrimat.org.br\/portal\/wp-content\/uploads\/2017\/08\/0479f37d-c02d-4663-99b4-a425928b1660.jpeg\",\"contentUrl\":\"https:\/\/acrimat.org.br\/portal\/wp-content\/uploads\/2017\/08\/0479f37d-c02d-4663-99b4-a425928b1660.jpeg\",\"width\":768,\"height\":432},{\"@type\":\"BreadcrumbList\",\"@id\":\"https:\/\/acrimat.org.br\/portal\/maggi-assina-adesao-de-mt-ao-sistema-brasileiro-de-inspecao-de-produtos-de-origem-animal\/#breadcrumb\",\"itemListElement\":[{\"@type\":\"ListItem\",\"position\":1,\"name\":\"In\u00edcio\",\"item\":\"https:\/\/acrimat.org.br\/portal\/\"},{\"@type\":\"ListItem\",\"position\":2,\"name\":\"Maggi assina ades\u00e3o de MT ao Sistema Brasileiro de Inspe\u00e7\u00e3o de Produtos de Origem Animal\"}]},{\"@type\":\"WebSite\",\"@id\":\"https:\/\/acrimat.org.br\/portal\/#website\",\"url\":\"https:\/\/acrimat.org.br\/portal\/\",\"name\":\"Acrimat\",\"description\":\"Associa\u00e7\u00e3o dos Criadores de Mato Grosso\",\"publisher\":{\"@id\":\"https:\/\/acrimat.org.br\/portal\/#organization\"},\"potentialAction\":[{\"@type\":\"SearchAction\",\"target\":{\"@type\":\"EntryPoint\",\"urlTemplate\":\"https:\/\/acrimat.org.br\/portal\/?s={search_term_string}\"},\"query-input\":{\"@type\":\"PropertyValueSpecification\",\"valueRequired\":true,\"valueName\":\"search_term_string\"}}],\"inLanguage\":\"pt-BR\"},{\"@type\":\"Organization\",\"@id\":\"https:\/\/acrimat.org.br\/portal\/#organization\",\"name\":\"Associa\u00e7\u00e3o dos Criadores de Mato Grosso\",\"url\":\"https:\/\/acrimat.org.br\/portal\/\",\"logo\":{\"@type\":\"ImageObject\",\"inLanguage\":\"pt-BR\",\"@id\":\"https:\/\/acrimat.org.br\/portal\/#\/schema\/logo\/image\/\",\"url\":\"https:\/\/acrimat.org.br\/portal\/wp-content\/uploads\/2018\/03\/logo-peq-original.png\",\"contentUrl\":\"https:\/\/acrimat.org.br\/portal\/wp-content\/uploads\/2018\/03\/logo-peq-original.png\",\"width\":174,\"height\":171,\"caption\":\"Associa\u00e7\u00e3o dos Criadores de Mato Grosso\"},\"image\":{\"@id\":\"https:\/\/acrimat.org.br\/portal\/#\/schema\/logo\/image\/\"}},{\"@type\":\"Person\",\"@id\":\"https:\/\/acrimat.org.br\/portal\/#\/schema\/person\/18df8bcf6890e924fe5d8b5afd2bec0f\",\"name\":\"P\u00e9ricles C\u00e2ndido\",\"image\":{\"@type\":\"ImageObject\",\"inLanguage\":\"pt-BR\",\"@id\":\"https:\/\/acrimat.org.br\/portal\/#\/schema\/person\/image\/\",\"url\":\"https:\/\/secure.gravatar.com\/avatar\/33e2a2b971dc363ed2df53d0d3bfbd18?s=96&d=mm&r=g\",\"contentUrl\":\"https:\/\/secure.gravatar.com\/avatar\/33e2a2b971dc363ed2df53d0d3bfbd18?s=96&d=mm&r=g\",\"caption\":\"P\u00e9ricles C\u00e2ndido\"},\"sameAs\":[\"ascom@acrimat.org.br\"],\"url\":\"https:\/\/acrimat.org.br\/portal\/author\/designergrafico\/\"}]}<\/script>\n<!-- \/ Yoast SEO plugin. -->","yoast_head_json":{"title":"Maggi assina ades\u00e3o de MT ao Sistema Brasileiro de Inspe\u00e7\u00e3o de Produtos de Origem Animal - Acrimat","robots":{"index":"index","follow":"follow","max-snippet":"max-snippet:-1","max-image-preview":"max-image-preview:large","max-video-preview":"max-video-preview:-1"},"canonical":"https:\/\/acrimat.org.br\/portal\/maggi-assina-adesao-de-mt-ao-sistema-brasileiro-de-inspecao-de-produtos-de-origem-animal\/","og_locale":"pt_BR","og_type":"article","og_title":"Maggi assina ades\u00e3o de MT ao Sistema Brasileiro de Inspe\u00e7\u00e3o de Produtos de Origem Animal - Acrimat","og_description":"Solenidade ocorreu durante abertura da 45\u00ba Exposul , no munic\u00edpio de Rondon\u00f3polis","og_url":"https:\/\/acrimat.org.br\/portal\/maggi-assina-adesao-de-mt-ao-sistema-brasileiro-de-inspecao-de-produtos-de-origem-animal\/","og_site_name":"Acrimat","article_published_time":"2017-08-08T13:24:39+00:00","article_modified_time":"2017-08-08T13:25:22+00:00","og_image":[{"width":768,"height":432,"url":"https:\/\/acrimat.org.br\/portal\/wp-content\/uploads\/2017\/08\/0479f37d-c02d-4663-99b4-a425928b1660.jpeg","type":"image\/jpeg"}],"author":"P\u00e9ricles C\u00e2ndido","twitter_card":"summary_large_image","twitter_misc":{"Escrito por":"P\u00e9ricles C\u00e2ndido","Est. tempo de leitura":"1 minuto"},"schema":{"@context":"https:\/\/schema.org","@graph":[{"@type":"Article","@id":"https:\/\/acrimat.org.br\/portal\/maggi-assina-adesao-de-mt-ao-sistema-brasileiro-de-inspecao-de-produtos-de-origem-animal\/#article","isPartOf":{"@id":"https:\/\/acrimat.org.br\/portal\/maggi-assina-adesao-de-mt-ao-sistema-brasileiro-de-inspecao-de-produtos-de-origem-animal\/"},"author":{"name":"P\u00e9ricles C\u00e2ndido","@id":"https:\/\/acrimat.org.br\/portal\/#\/schema\/person\/18df8bcf6890e924fe5d8b5afd2bec0f"},"headline":"Maggi assina ades\u00e3o de MT ao Sistema Brasileiro de Inspe\u00e7\u00e3o de Produtos de Origem Animal","datePublished":"2017-08-08T13:24:39+00:00","dateModified":"2017-08-08T13:25:22+00:00","mainEntityOfPage":{"@id":"https:\/\/acrimat.org.br\/portal\/maggi-assina-adesao-de-mt-ao-sistema-brasileiro-de-inspecao-de-produtos-de-origem-animal\/"},"wordCount":307,"publisher":{"@id":"https:\/\/acrimat.org.br\/portal\/#organization"},"image":{"@id":"https:\/\/acrimat.org.br\/portal\/maggi-assina-adesao-de-mt-ao-sistema-brasileiro-de-inspecao-de-produtos-de-origem-animal\/#primaryimage"},"thumbnailUrl":"https:\/\/acrimat.org.br\/portal\/wp-content\/uploads\/2017\/08\/0479f37d-c02d-4663-99b4-a425928b1660.jpeg","articleSection":["Destaques","Not\u00edcias"],"inLanguage":"pt-BR"},{"@type":"WebPage","@id":"https:\/\/acrimat.org.br\/portal\/maggi-assina-adesao-de-mt-ao-sistema-brasileiro-de-inspecao-de-produtos-de-origem-animal\/","url":"https:\/\/acrimat.org.br\/portal\/maggi-assina-adesao-de-mt-ao-sistema-brasileiro-de-inspecao-de-produtos-de-origem-animal\/","name":"Maggi assina ades\u00e3o de MT ao Sistema Brasileiro de Inspe\u00e7\u00e3o de Produtos de Origem Animal - Acrimat","isPartOf":{"@id":"https:\/\/acrimat.org.br\/portal\/#website"},"primaryImageOfPage":{"@id":"https:\/\/acrimat.org.br\/portal\/maggi-assina-adesao-de-mt-ao-sistema-brasileiro-de-inspecao-de-produtos-de-origem-animal\/#primaryimage"},"image":{"@id":"https:\/\/acrimat.org.br\/portal\/maggi-assina-adesao-de-mt-ao-sistema-brasileiro-de-inspecao-de-produtos-de-origem-animal\/#primaryimage"},"thumbnailUrl":"https:\/\/acrimat.org.br\/portal\/wp-content\/uploads\/2017\/08\/0479f37d-c02d-4663-99b4-a425928b1660.jpeg","datePublished":"2017-08-08T13:24:39+00:00","dateModified":"2017-08-08T13:25:22+00:00","breadcrumb":{"@id":"https:\/\/acrimat.org.br\/portal\/maggi-assina-adesao-de-mt-ao-sistema-brasileiro-de-inspecao-de-produtos-de-origem-animal\/#breadcrumb"},"inLanguage":"pt-BR","potentialAction":[{"@type":"ReadAction","target":["https:\/\/acrimat.org.br\/portal\/maggi-assina-adesao-de-mt-ao-sistema-brasileiro-de-inspecao-de-produtos-de-origem-animal\/"]}]},{"@type":"ImageObject","inLanguage":"pt-BR","@id":"https:\/\/acrimat.org.br\/portal\/maggi-assina-adesao-de-mt-ao-sistema-brasileiro-de-inspecao-de-produtos-de-origem-animal\/#primaryimage","url":"https:\/\/acrimat.org.br\/portal\/wp-content\/uploads\/2017\/08\/0479f37d-c02d-4663-99b4-a425928b1660.jpeg","contentUrl":"https:\/\/acrimat.org.br\/portal\/wp-content\/uploads\/2017\/08\/0479f37d-c02d-4663-99b4-a425928b1660.jpeg","width":768,"height":432},{"@type":"BreadcrumbList","@id":"https:\/\/acrimat.org.br\/portal\/maggi-assina-adesao-de-mt-ao-sistema-brasileiro-de-inspecao-de-produtos-de-origem-animal\/#breadcrumb","itemListElement":[{"@type":"ListItem","position":1,"name":"In\u00edcio","item":"https:\/\/acrimat.org.br\/portal\/"},{"@type":"ListItem","position":2,"name":"Maggi assina ades\u00e3o de MT ao Sistema Brasileiro de Inspe\u00e7\u00e3o de Produtos de Origem Animal"}]},{"@type":"WebSite","@id":"https:\/\/acrimat.org.br\/portal\/#website","url":"https:\/\/acrimat.org.br\/portal\/","name":"Acrimat","description":"Associa\u00e7\u00e3o dos Criadores de Mato Grosso","publisher":{"@id":"https:\/\/acrimat.org.br\/portal\/#organization"},"potentialAction":[{"@type":"SearchAction","target":{"@type":"EntryPoint","urlTemplate":"https:\/\/acrimat.org.br\/portal\/?s={search_term_string}"},"query-input":{"@type":"PropertyValueSpecification","valueRequired":true,"valueName":"search_term_string"}}],"inLanguage":"pt-BR"},{"@type":"Organization","@id":"https:\/\/acrimat.org.br\/portal\/#organization","name":"Associa\u00e7\u00e3o dos Criadores de Mato Grosso","url":"https:\/\/acrimat.org.br\/portal\/","logo":{"@type":"ImageObject","inLanguage":"pt-BR","@id":"https:\/\/acrimat.org.br\/portal\/#\/schema\/logo\/image\/","url":"https:\/\/acrimat.org.br\/portal\/wp-content\/uploads\/2018\/03\/logo-peq-original.png","contentUrl":"https:\/\/acrimat.org.br\/portal\/wp-content\/uploads\/2018\/03\/logo-peq-original.png","width":174,"height":171,"caption":"Associa\u00e7\u00e3o dos Criadores de Mato Grosso"},"image":{"@id":"https:\/\/acrimat.org.br\/portal\/#\/schema\/logo\/image\/"}},{"@type":"Person","@id":"https:\/\/acrimat.org.br\/portal\/#\/schema\/person\/18df8bcf6890e924fe5d8b5afd2bec0f","name":"P\u00e9ricles C\u00e2ndido","image":{"@type":"ImageObject","inLanguage":"pt-BR","@id":"https:\/\/acrimat.org.br\/portal\/#\/schema\/person\/image\/","url":"https:\/\/secure.gravatar.com\/avatar\/33e2a2b971dc363ed2df53d0d3bfbd18?s=96&d=mm&r=g","contentUrl":"https:\/\/secure.gravatar.com\/avatar\/33e2a2b971dc363ed2df53d0d3bfbd18?s=96&d=mm&r=g","caption":"P\u00e9ricles C\u00e2ndido"},"sameAs":["ascom@acrimat.org.br"],"url":"https:\/\/acrimat.org.br\/portal\/author\/designergrafico\/"}]}},"_links":{"self":[{"href":"https:\/\/acrimat.org.br\/portal\/wp-json\/wp\/v2\/posts\/97983032","targetHints":{"allow":["GET"]}}],"collection":[{"href":"https:\/\/acrimat.org.br\/portal\/wp-json\/wp\/v2\/posts"}],"about":[{"href":"https:\/\/acrimat.org.br\/portal\/wp-json\/wp\/v2\/types\/post"}],"author":[{"embeddable":true,"href":"https:\/\/acrimat.org.br\/portal\/wp-json\/wp\/v2\/users\/11"}],"replies":[{"embeddable":true,"href":"https:\/\/acrimat.org.br\/portal\/wp-json\/wp\/v2\/comments?post=97983032"}],"version-history":[{"count":1,"href":"https:\/\/acrimat.org.br\/portal\/wp-json\/wp\/v2\/posts\/97983032\/revisions"}],"predecessor-version":[{"id":97983034,"href":"https:\/\/acrimat.org.br\/portal\/wp-json\/wp\/v2\/posts\/97983032\/revisions\/97983034"}],"wp:featuredmedia":[{"embeddable":true,"href":"https:\/\/acrimat.org.br\/portal\/wp-json\/wp\/v2\/media\/97983035"}],"wp:attachment":[{"href":"https:\/\/acrimat.org.br\/portal\/wp-json\/wp\/v2\/media?parent=97983032"}],"wp:term":[{"taxonomy":"category","embeddable":true,"href":"https:\/\/acrimat.org.br\/portal\/wp-json\/wp\/v2\/categories?post=97983032"},{"taxonomy":"post_tag","embeddable":true,"href":"https:\/\/acrimat.org.br\/portal\/wp-json\/wp\/v2\/tags?post=97983032"}],"curies":[{"name":"wp","href":"https:\/\/api.w.org\/{rel}","templated":true}]}}