{"id":97983048,"date":"2017-08-09T12:42:23","date_gmt":"2017-08-09T15:42:23","guid":{"rendered":"http:\/\/acrimat.org.br\/portal\/?p=97983048"},"modified":"2017-08-09T12:42:23","modified_gmt":"2017-08-09T15:42:23","slug":"mp-do-funrural-recebe-745-emendas-no-congresso","status":"publish","type":"post","link":"https:\/\/acrimat.org.br\/portal\/mp-do-funrural-recebe-745-emendas-no-congresso\/","title":{"rendered":"MP do Funrural recebe 745 emendas no Congresso"},"content":{"rendered":"<p><a href=\"http:\/\/acrimat.org.br\/portal\/wp-content\/uploads\/2016\/06\/nilson-leitao-2-620x330-1.jpg\"><img decoding=\"async\" class=\"alignright size-medium wp-image-97976179\" src=\"http:\/\/acrimat.org.br\/portal\/wp-content\/uploads\/2016\/06\/nilson-leitao-2-620x330-1-300x160.jpg\" alt=\"\" width=\"300\" height=\"160\" srcset=\"https:\/\/acrimat.org.br\/portal\/wp-content\/uploads\/2016\/06\/nilson-leitao-2-620x330-1-300x160.jpg 300w, https:\/\/acrimat.org.br\/portal\/wp-content\/uploads\/2016\/06\/nilson-leitao-2-620x330-1-250x133.jpg 250w, https:\/\/acrimat.org.br\/portal\/wp-content\/uploads\/2016\/06\/nilson-leitao-2-620x330-1-550x293.jpg 550w, https:\/\/acrimat.org.br\/portal\/wp-content\/uploads\/2016\/06\/nilson-leitao-2-620x330-1-338x180.jpg 338w, https:\/\/acrimat.org.br\/portal\/wp-content\/uploads\/2016\/06\/nilson-leitao-2-620x330-1-564x300.jpg 564w, https:\/\/acrimat.org.br\/portal\/wp-content\/uploads\/2016\/06\/nilson-leitao-2-620x330-1.jpg 620w\" sizes=\"(max-width: 300px) 100vw, 300px\" \/><\/a>O presidente da Frente Parlamentar da Agropecu\u00e1ria (FPA), deputado Nilson Leit\u00e3o (PSDB-MT), avaliou, nesta ter\u00e7a-feira (08), que o n\u00famero de emendas apresentadas \u00e0 Medida Provis\u00f3ria do Programa de Regulariza\u00e7\u00e3o Tribut\u00e1ria do Funrural demonstra que o texto publicado est\u00e1 longe de atender \u00e0s demandas do setor produtivo.<\/p>\n<p>\u201cDe qualquer forma, o governo tem todo o direito de editar uma medida provis\u00f3ria que seria a melhor solu\u00e7\u00e3o sob o seu ponto de vista. N\u00f3s queremos que seja a melhor para todos. Justa para o produtor e eficiente para a Receita Federal\u201d, acrescentou o parlamentar logo ap\u00f3s a reuni\u00e3o-almo\u00e7o da entidade.<\/p>\n<p>Ele garantiu que o setor n\u00e3o quer nenhum benef\u00edcio especial, mas adverte que o Funrural \u00e9 um assunto diferenciado. \u201cN\u00e3o \u00e9 uma contribui\u00e7\u00e3o que estava na rotina do produtor e da agroind\u00fastria. Estava sob liminares h\u00e1 10 anos. Por isso essa quantidade de emendas que, obviamente, v\u00e3o transformar esse texto\u201d, explicou.<\/p>\n<p>Nilson Leit\u00e3o tamb\u00e9m descartou poss\u00edveis semelhan\u00e7as entre a MP do Funrural e o Refis, que est\u00e1 sendo criticado &#8211; inclusive pelo governo &#8211; por ter sofrido muitas modifica\u00e7\u00f5es a fim de beneficiar algumas empresas. \u201cAcredito que nos 120 dias que temos para refazer o texto do Funrural, obviamente que ele vai sair muito melhor do que entrou. Tudo dentro do equil\u00edbrio, do respeito \u00e0 legisla\u00e7\u00e3o como um todo e \u00e0 Lei de Responsabilidade Fiscal\u201d, afirmou.<\/p>\n<p>O deputado Marcos Montes (PSD-MG), ex-presidente da FPA, explicou que as emendas t\u00eam o objetivo \u00e9 aperfei\u00e7oar o texto e garantir uma maior efic\u00e1cia \u00e0 medida. Segundo Marcos Montes, outro aspecto que dever\u00e1 ser objeto de aten\u00e7\u00e3o especial \u00e9 a situa\u00e7\u00e3o dos frigor\u00edficos, que vivem um momento dif\u00edcil tamb\u00e9m por causa das den\u00fancias de diretores da JBS no \u00e2mbito da Opera\u00e7\u00e3o Lava Jato.<\/p>\n<p><strong>Relatoria &#8211;<\/strong> A deputada Tereza Cristina (PSB-MS), vice-presidente da FPA, dever\u00e1 ser a relatora da mat\u00e9ria na Comiss\u00e3o Mista. \u201cEm se concretizando, ser\u00e1 um belo desafio encontrar um ponto de converg\u00eancia entre as demandas do setor e a proposta apresentada ao governo\u201d, disse.<\/p>\n<p>Entre as principais mudan\u00e7as que est\u00e3o sendo propostas por meio de emendas \u00e0 MP est\u00e3o a redu\u00e7\u00e3o do valor do pagamento da entrada de 4% para 1% e a extens\u00e3o do prazo para a ades\u00e3o ao programa de 29 de setembro para 29 de dezembro.<\/p>\n","protected":false},"excerpt":{"rendered":"<p>Setor n\u00e3o quer nenhum benef\u00edcio especial<\/p>\n","protected":false},"author":11,"featured_media":97976178,"comment_status":"closed","ping_status":"closed","sticky":false,"template":"","format":"standard","meta":{"footnotes":""},"categories":[6,1],"tags":[],"class_list":["post-97983048","post","type-post","status-publish","format-standard","has-post-thumbnail","hentry","category-destaque","category-noticia"],"yoast_head":"<!-- This site is optimized with the Yoast SEO plugin v24.8.1 - https:\/\/yoast.com\/wordpress\/plugins\/seo\/ -->\n<title>MP do Funrural recebe 745 emendas no Congresso - Acrimat<\/title>\n<meta name=\"robots\" content=\"index, follow, max-snippet:-1, max-image-preview:large, max-video-preview:-1\" \/>\n<link rel=\"canonical\" href=\"https:\/\/acrimat.org.br\/portal\/mp-do-funrural-recebe-745-emendas-no-congresso\/\" \/>\n<meta property=\"og:locale\" content=\"pt_BR\" \/>\n<meta property=\"og:type\" content=\"article\" \/>\n<meta property=\"og:title\" content=\"MP do Funrural recebe 745 emendas no Congresso - Acrimat\" \/>\n<meta property=\"og:description\" content=\"Setor n\u00e3o quer nenhum benef\u00edcio especial\" \/>\n<meta property=\"og:url\" content=\"https:\/\/acrimat.org.br\/portal\/mp-do-funrural-recebe-745-emendas-no-congresso\/\" \/>\n<meta property=\"og:site_name\" content=\"Acrimat\" \/>\n<meta property=\"article:published_time\" content=\"2017-08-09T15:42:23+00:00\" \/>\n<meta property=\"og:image\" content=\"https:\/\/acrimat.org.br\/portal\/wp-content\/uploads\/2016\/06\/nilson-leitao-2-620x330.jpg\" \/>\n\t<meta property=\"og:image:width\" content=\"620\" \/>\n\t<meta property=\"og:image:height\" content=\"330\" \/>\n\t<meta property=\"og:image:type\" content=\"image\/jpeg\" \/>\n<meta name=\"author\" content=\"P\u00e9ricles C\u00e2ndido\" \/>\n<meta name=\"twitter:card\" content=\"summary_large_image\" \/>\n<meta name=\"twitter:label1\" content=\"Escrito por\" \/>\n\t<meta name=\"twitter:data1\" content=\"P\u00e9ricles C\u00e2ndido\" \/>\n\t<meta name=\"twitter:label2\" content=\"Est. tempo de leitura\" \/>\n\t<meta name=\"twitter:data2\" content=\"2 minutos\" \/>\n<script type=\"application\/ld+json\" class=\"yoast-schema-graph\">{\"@context\":\"https:\/\/schema.org\",\"@graph\":[{\"@type\":\"Article\",\"@id\":\"https:\/\/acrimat.org.br\/portal\/mp-do-funrural-recebe-745-emendas-no-congresso\/#article\",\"isPartOf\":{\"@id\":\"https:\/\/acrimat.org.br\/portal\/mp-do-funrural-recebe-745-emendas-no-congresso\/\"},\"author\":{\"name\":\"P\u00e9ricles C\u00e2ndido\",\"@id\":\"https:\/\/acrimat.org.br\/portal\/#\/schema\/person\/18df8bcf6890e924fe5d8b5afd2bec0f\"},\"headline\":\"MP do Funrural recebe 745 emendas no Congresso\",\"datePublished\":\"2017-08-09T15:42:23+00:00\",\"mainEntityOfPage\":{\"@id\":\"https:\/\/acrimat.org.br\/portal\/mp-do-funrural-recebe-745-emendas-no-congresso\/\"},\"wordCount\":411,\"publisher\":{\"@id\":\"https:\/\/acrimat.org.br\/portal\/#organization\"},\"image\":{\"@id\":\"https:\/\/acrimat.org.br\/portal\/mp-do-funrural-recebe-745-emendas-no-congresso\/#primaryimage\"},\"thumbnailUrl\":\"https:\/\/acrimat.org.br\/portal\/wp-content\/uploads\/2016\/06\/nilson-leitao-2-620x330.jpg\",\"articleSection\":[\"Destaques\",\"Not\u00edcias\"],\"inLanguage\":\"pt-BR\"},{\"@type\":\"WebPage\",\"@id\":\"https:\/\/acrimat.org.br\/portal\/mp-do-funrural-recebe-745-emendas-no-congresso\/\",\"url\":\"https:\/\/acrimat.org.br\/portal\/mp-do-funrural-recebe-745-emendas-no-congresso\/\",\"name\":\"MP do Funrural recebe 745 emendas no Congresso - Acrimat\",\"isPartOf\":{\"@id\":\"https:\/\/acrimat.org.br\/portal\/#website\"},\"primaryImageOfPage\":{\"@id\":\"https:\/\/acrimat.org.br\/portal\/mp-do-funrural-recebe-745-emendas-no-congresso\/#primaryimage\"},\"image\":{\"@id\":\"https:\/\/acrimat.org.br\/portal\/mp-do-funrural-recebe-745-emendas-no-congresso\/#primaryimage\"},\"thumbnailUrl\":\"https:\/\/acrimat.org.br\/portal\/wp-content\/uploads\/2016\/06\/nilson-leitao-2-620x330.jpg\",\"datePublished\":\"2017-08-09T15:42:23+00:00\",\"breadcrumb\":{\"@id\":\"https:\/\/acrimat.org.br\/portal\/mp-do-funrural-recebe-745-emendas-no-congresso\/#breadcrumb\"},\"inLanguage\":\"pt-BR\",\"potentialAction\":[{\"@type\":\"ReadAction\",\"target\":[\"https:\/\/acrimat.org.br\/portal\/mp-do-funrural-recebe-745-emendas-no-congresso\/\"]}]},{\"@type\":\"ImageObject\",\"inLanguage\":\"pt-BR\",\"@id\":\"https:\/\/acrimat.org.br\/portal\/mp-do-funrural-recebe-745-emendas-no-congresso\/#primaryimage\",\"url\":\"https:\/\/acrimat.org.br\/portal\/wp-content\/uploads\/2016\/06\/nilson-leitao-2-620x330.jpg\",\"contentUrl\":\"https:\/\/acrimat.org.br\/portal\/wp-content\/uploads\/2016\/06\/nilson-leitao-2-620x330.jpg\",\"width\":620,\"height\":330},{\"@type\":\"BreadcrumbList\",\"@id\":\"https:\/\/acrimat.org.br\/portal\/mp-do-funrural-recebe-745-emendas-no-congresso\/#breadcrumb\",\"itemListElement\":[{\"@type\":\"ListItem\",\"position\":1,\"name\":\"In\u00edcio\",\"item\":\"https:\/\/acrimat.org.br\/portal\/\"},{\"@type\":\"ListItem\",\"position\":2,\"name\":\"MP do Funrural recebe 745 emendas no Congresso\"}]},{\"@type\":\"WebSite\",\"@id\":\"https:\/\/acrimat.org.br\/portal\/#website\",\"url\":\"https:\/\/acrimat.org.br\/portal\/\",\"name\":\"Acrimat\",\"description\":\"Associa\u00e7\u00e3o dos Criadores de Mato Grosso\",\"publisher\":{\"@id\":\"https:\/\/acrimat.org.br\/portal\/#organization\"},\"potentialAction\":[{\"@type\":\"SearchAction\",\"target\":{\"@type\":\"EntryPoint\",\"urlTemplate\":\"https:\/\/acrimat.org.br\/portal\/?s={search_term_string}\"},\"query-input\":{\"@type\":\"PropertyValueSpecification\",\"valueRequired\":true,\"valueName\":\"search_term_string\"}}],\"inLanguage\":\"pt-BR\"},{\"@type\":\"Organization\",\"@id\":\"https:\/\/acrimat.org.br\/portal\/#organization\",\"name\":\"Associa\u00e7\u00e3o dos Criadores de Mato Grosso\",\"url\":\"https:\/\/acrimat.org.br\/portal\/\",\"logo\":{\"@type\":\"ImageObject\",\"inLanguage\":\"pt-BR\",\"@id\":\"https:\/\/acrimat.org.br\/portal\/#\/schema\/logo\/image\/\",\"url\":\"https:\/\/acrimat.org.br\/portal\/wp-content\/uploads\/2018\/03\/logo-peq-original.png\",\"contentUrl\":\"https:\/\/acrimat.org.br\/portal\/wp-content\/uploads\/2018\/03\/logo-peq-original.png\",\"width\":174,\"height\":171,\"caption\":\"Associa\u00e7\u00e3o dos Criadores de Mato Grosso\"},\"image\":{\"@id\":\"https:\/\/acrimat.org.br\/portal\/#\/schema\/logo\/image\/\"}},{\"@type\":\"Person\",\"@id\":\"https:\/\/acrimat.org.br\/portal\/#\/schema\/person\/18df8bcf6890e924fe5d8b5afd2bec0f\",\"name\":\"P\u00e9ricles C\u00e2ndido\",\"image\":{\"@type\":\"ImageObject\",\"inLanguage\":\"pt-BR\",\"@id\":\"https:\/\/acrimat.org.br\/portal\/#\/schema\/person\/image\/\",\"url\":\"https:\/\/secure.gravatar.com\/avatar\/33e2a2b971dc363ed2df53d0d3bfbd18?s=96&d=mm&r=g\",\"contentUrl\":\"https:\/\/secure.gravatar.com\/avatar\/33e2a2b971dc363ed2df53d0d3bfbd18?s=96&d=mm&r=g\",\"caption\":\"P\u00e9ricles C\u00e2ndido\"},\"sameAs\":[\"ascom@acrimat.org.br\"],\"url\":\"https:\/\/acrimat.org.br\/portal\/author\/designergrafico\/\"}]}<\/script>\n<!-- \/ Yoast SEO plugin. -->","yoast_head_json":{"title":"MP do Funrural recebe 745 emendas no Congresso - Acrimat","robots":{"index":"index","follow":"follow","max-snippet":"max-snippet:-1","max-image-preview":"max-image-preview:large","max-video-preview":"max-video-preview:-1"},"canonical":"https:\/\/acrimat.org.br\/portal\/mp-do-funrural-recebe-745-emendas-no-congresso\/","og_locale":"pt_BR","og_type":"article","og_title":"MP do Funrural recebe 745 emendas no Congresso - Acrimat","og_description":"Setor n\u00e3o quer nenhum benef\u00edcio especial","og_url":"https:\/\/acrimat.org.br\/portal\/mp-do-funrural-recebe-745-emendas-no-congresso\/","og_site_name":"Acrimat","article_published_time":"2017-08-09T15:42:23+00:00","og_image":[{"width":620,"height":330,"url":"https:\/\/acrimat.org.br\/portal\/wp-content\/uploads\/2016\/06\/nilson-leitao-2-620x330.jpg","type":"image\/jpeg"}],"author":"P\u00e9ricles C\u00e2ndido","twitter_card":"summary_large_image","twitter_misc":{"Escrito por":"P\u00e9ricles C\u00e2ndido","Est. tempo de leitura":"2 minutos"},"schema":{"@context":"https:\/\/schema.org","@graph":[{"@type":"Article","@id":"https:\/\/acrimat.org.br\/portal\/mp-do-funrural-recebe-745-emendas-no-congresso\/#article","isPartOf":{"@id":"https:\/\/acrimat.org.br\/portal\/mp-do-funrural-recebe-745-emendas-no-congresso\/"},"author":{"name":"P\u00e9ricles C\u00e2ndido","@id":"https:\/\/acrimat.org.br\/portal\/#\/schema\/person\/18df8bcf6890e924fe5d8b5afd2bec0f"},"headline":"MP do Funrural recebe 745 emendas no Congresso","datePublished":"2017-08-09T15:42:23+00:00","mainEntityOfPage":{"@id":"https:\/\/acrimat.org.br\/portal\/mp-do-funrural-recebe-745-emendas-no-congresso\/"},"wordCount":411,"publisher":{"@id":"https:\/\/acrimat.org.br\/portal\/#organization"},"image":{"@id":"https:\/\/acrimat.org.br\/portal\/mp-do-funrural-recebe-745-emendas-no-congresso\/#primaryimage"},"thumbnailUrl":"https:\/\/acrimat.org.br\/portal\/wp-content\/uploads\/2016\/06\/nilson-leitao-2-620x330.jpg","articleSection":["Destaques","Not\u00edcias"],"inLanguage":"pt-BR"},{"@type":"WebPage","@id":"https:\/\/acrimat.org.br\/portal\/mp-do-funrural-recebe-745-emendas-no-congresso\/","url":"https:\/\/acrimat.org.br\/portal\/mp-do-funrural-recebe-745-emendas-no-congresso\/","name":"MP do Funrural recebe 745 emendas no Congresso - Acrimat","isPartOf":{"@id":"https:\/\/acrimat.org.br\/portal\/#website"},"primaryImageOfPage":{"@id":"https:\/\/acrimat.org.br\/portal\/mp-do-funrural-recebe-745-emendas-no-congresso\/#primaryimage"},"image":{"@id":"https:\/\/acrimat.org.br\/portal\/mp-do-funrural-recebe-745-emendas-no-congresso\/#primaryimage"},"thumbnailUrl":"https:\/\/acrimat.org.br\/portal\/wp-content\/uploads\/2016\/06\/nilson-leitao-2-620x330.jpg","datePublished":"2017-08-09T15:42:23+00:00","breadcrumb":{"@id":"https:\/\/acrimat.org.br\/portal\/mp-do-funrural-recebe-745-emendas-no-congresso\/#breadcrumb"},"inLanguage":"pt-BR","potentialAction":[{"@type":"ReadAction","target":["https:\/\/acrimat.org.br\/portal\/mp-do-funrural-recebe-745-emendas-no-congresso\/"]}]},{"@type":"ImageObject","inLanguage":"pt-BR","@id":"https:\/\/acrimat.org.br\/portal\/mp-do-funrural-recebe-745-emendas-no-congresso\/#primaryimage","url":"https:\/\/acrimat.org.br\/portal\/wp-content\/uploads\/2016\/06\/nilson-leitao-2-620x330.jpg","contentUrl":"https:\/\/acrimat.org.br\/portal\/wp-content\/uploads\/2016\/06\/nilson-leitao-2-620x330.jpg","width":620,"height":330},{"@type":"BreadcrumbList","@id":"https:\/\/acrimat.org.br\/portal\/mp-do-funrural-recebe-745-emendas-no-congresso\/#breadcrumb","itemListElement":[{"@type":"ListItem","position":1,"name":"In\u00edcio","item":"https:\/\/acrimat.org.br\/portal\/"},{"@type":"ListItem","position":2,"name":"MP do Funrural recebe 745 emendas no Congresso"}]},{"@type":"WebSite","@id":"https:\/\/acrimat.org.br\/portal\/#website","url":"https:\/\/acrimat.org.br\/portal\/","name":"Acrimat","description":"Associa\u00e7\u00e3o dos Criadores de Mato Grosso","publisher":{"@id":"https:\/\/acrimat.org.br\/portal\/#organization"},"potentialAction":[{"@type":"SearchAction","target":{"@type":"EntryPoint","urlTemplate":"https:\/\/acrimat.org.br\/portal\/?s={search_term_string}"},"query-input":{"@type":"PropertyValueSpecification","valueRequired":true,"valueName":"search_term_string"}}],"inLanguage":"pt-BR"},{"@type":"Organization","@id":"https:\/\/acrimat.org.br\/portal\/#organization","name":"Associa\u00e7\u00e3o dos Criadores de Mato Grosso","url":"https:\/\/acrimat.org.br\/portal\/","logo":{"@type":"ImageObject","inLanguage":"pt-BR","@id":"https:\/\/acrimat.org.br\/portal\/#\/schema\/logo\/image\/","url":"https:\/\/acrimat.org.br\/portal\/wp-content\/uploads\/2018\/03\/logo-peq-original.png","contentUrl":"https:\/\/acrimat.org.br\/portal\/wp-content\/uploads\/2018\/03\/logo-peq-original.png","width":174,"height":171,"caption":"Associa\u00e7\u00e3o dos Criadores de Mato Grosso"},"image":{"@id":"https:\/\/acrimat.org.br\/portal\/#\/schema\/logo\/image\/"}},{"@type":"Person","@id":"https:\/\/acrimat.org.br\/portal\/#\/schema\/person\/18df8bcf6890e924fe5d8b5afd2bec0f","name":"P\u00e9ricles C\u00e2ndido","image":{"@type":"ImageObject","inLanguage":"pt-BR","@id":"https:\/\/acrimat.org.br\/portal\/#\/schema\/person\/image\/","url":"https:\/\/secure.gravatar.com\/avatar\/33e2a2b971dc363ed2df53d0d3bfbd18?s=96&d=mm&r=g","contentUrl":"https:\/\/secure.gravatar.com\/avatar\/33e2a2b971dc363ed2df53d0d3bfbd18?s=96&d=mm&r=g","caption":"P\u00e9ricles C\u00e2ndido"},"sameAs":["ascom@acrimat.org.br"],"url":"https:\/\/acrimat.org.br\/portal\/author\/designergrafico\/"}]}},"_links":{"self":[{"href":"https:\/\/acrimat.org.br\/portal\/wp-json\/wp\/v2\/posts\/97983048","targetHints":{"allow":["GET"]}}],"collection":[{"href":"https:\/\/acrimat.org.br\/portal\/wp-json\/wp\/v2\/posts"}],"about":[{"href":"https:\/\/acrimat.org.br\/portal\/wp-json\/wp\/v2\/types\/post"}],"author":[{"embeddable":true,"href":"https:\/\/acrimat.org.br\/portal\/wp-json\/wp\/v2\/users\/11"}],"replies":[{"embeddable":true,"href":"https:\/\/acrimat.org.br\/portal\/wp-json\/wp\/v2\/comments?post=97983048"}],"version-history":[{"count":3,"href":"https:\/\/acrimat.org.br\/portal\/wp-json\/wp\/v2\/posts\/97983048\/revisions"}],"predecessor-version":[{"id":97983051,"href":"https:\/\/acrimat.org.br\/portal\/wp-json\/wp\/v2\/posts\/97983048\/revisions\/97983051"}],"wp:featuredmedia":[{"embeddable":true,"href":"https:\/\/acrimat.org.br\/portal\/wp-json\/wp\/v2\/media\/97976178"}],"wp:attachment":[{"href":"https:\/\/acrimat.org.br\/portal\/wp-json\/wp\/v2\/media?parent=97983048"}],"wp:term":[{"taxonomy":"category","embeddable":true,"href":"https:\/\/acrimat.org.br\/portal\/wp-json\/wp\/v2\/categories?post=97983048"},{"taxonomy":"post_tag","embeddable":true,"href":"https:\/\/acrimat.org.br\/portal\/wp-json\/wp\/v2\/tags?post=97983048"}],"curies":[{"name":"wp","href":"https:\/\/api.w.org\/{rel}","templated":true}]}}