{"id":97983052,"date":"2017-08-09T12:45:21","date_gmt":"2017-08-09T15:45:21","guid":{"rendered":"http:\/\/acrimat.org.br\/portal\/?p=97983052"},"modified":"2017-08-09T12:51:23","modified_gmt":"2017-08-09T15:51:23","slug":"recursos-dos-fase-mt-garantem-reforma-de-sedes-do-indea-em-mato-grosso","status":"publish","type":"post","link":"https:\/\/acrimat.org.br\/portal\/recursos-dos-fase-mt-garantem-reforma-de-sedes-do-indea-em-mato-grosso\/","title":{"rendered":"Recursos do Fesa MT garantem reforma de sedes do Indea em Mato Grosso"},"content":{"rendered":"<p><a href=\"http:\/\/acrimat.org.br\/portal\/wp-content\/uploads\/2017\/08\/thumbnail_presidente-gutemberg-silveira.jpg\"><img fetchpriority=\"high\" decoding=\"async\" class=\"alignright size-medium wp-image-97983055\" src=\"http:\/\/acrimat.org.br\/portal\/wp-content\/uploads\/2017\/08\/thumbnail_presidente-gutemberg-silveira-300x200.jpg\" alt=\"\" width=\"300\" height=\"200\" srcset=\"https:\/\/acrimat.org.br\/portal\/wp-content\/uploads\/2017\/08\/thumbnail_presidente-gutemberg-silveira-300x200.jpg 300w, https:\/\/acrimat.org.br\/portal\/wp-content\/uploads\/2017\/08\/thumbnail_presidente-gutemberg-silveira-768x511.jpg 768w, https:\/\/acrimat.org.br\/portal\/wp-content\/uploads\/2017\/08\/thumbnail_presidente-gutemberg-silveira-250x166.jpg 250w, https:\/\/acrimat.org.br\/portal\/wp-content\/uploads\/2017\/08\/thumbnail_presidente-gutemberg-silveira-550x366.jpg 550w, https:\/\/acrimat.org.br\/portal\/wp-content\/uploads\/2017\/08\/thumbnail_presidente-gutemberg-silveira.jpg 800w, https:\/\/acrimat.org.br\/portal\/wp-content\/uploads\/2017\/08\/thumbnail_presidente-gutemberg-silveira-271x180.jpg 271w, https:\/\/acrimat.org.br\/portal\/wp-content\/uploads\/2017\/08\/thumbnail_presidente-gutemberg-silveira-451x300.jpg 451w, https:\/\/acrimat.org.br\/portal\/wp-content\/uploads\/2017\/08\/thumbnail_presidente-gutemberg-silveira-752x500.jpg 752w, https:\/\/acrimat.org.br\/portal\/wp-content\/uploads\/2017\/08\/thumbnail_presidente-gutemberg-silveira-272x182.jpg 272w\" sizes=\"(max-width: 300px) 100vw, 300px\" \/><\/a>Na noite desta segunda-feira (07\/08) durante a abertura oficial da 45\u00aa Exposul em Rondon\u00f3polis, representantes do Fundo Mato-grossense de Apoio \u00e0 Cultura da Semente (Fase MT), Fundo de Emerg\u00eancia de Sa\u00fade Animal do Estado de Mato Grosso (Fesa MT), Instituto de Defesa Agropecu\u00e1ria do Estado de Mato (Indea MT) e o governador Pedro Taques assinaram um termo de coopera\u00e7\u00e3o t\u00e9cnica.<\/p>\n<p>Por meio da assinatura, os respectivos Fundos se comprometem a destinar o valor de R$ 9.500.000,00 para custear a reforma de 75 unidades do Indea em Mato Grosso. O projeto tamb\u00e9m inclui, constru\u00e7\u00e3o e estrutura\u00e7\u00e3o com aquisi\u00e7\u00e3o de mobili\u00e1rio, adequa\u00e7\u00e3o de rede l\u00f3gica e el\u00e9trica das unidades regionais de supervis\u00e3o, unidades locais de execu\u00e7\u00e3o e postos fiscais pertencentes ao Indea MT.<\/p>\n<p>Do valor total, a import\u00e2ncia de R$ 4.500.000 ser\u00e1 repassada pelo FASE MT, fundo administrado pela Associa\u00e7\u00e3o dos Produtores de Sementes de Mato Grosso (Aprosmat).\u00a0 De acordo com o presidente da associa\u00e7\u00e3o, Gutemberg Silveira, o Indea tem uma participa\u00e7\u00e3o nos valores adquiridos pelo fundo. \u201cPor Lei, o Instituto tem direito a uma parte dos valores arrecadados pelo Fase e agora estamos repassando esse valor para que o \u00f3rg\u00e3o possa realizar um trabalho de reforma em suas unidades. Com isso esperamos que o cidad\u00e3o que necessite dos servi\u00e7os do instituto seja bem atendido\u201d, frisou o presidente.<\/p>\n<p>O governador Pedro Taques agradeceu aos presidentes dos fundos pelo compromisso firmado junto ao Indea, e destacou import\u00e2ncia do conv\u00eanio para fortalecer o trabalho do instituto no estado. \u201cCom esse ato estaremos fortalecendo o Indea, pois sabemos que o Instituto \u00e9 importante n\u00e3o s\u00f3 para o Mato Grosso, mas tamb\u00e9m para todo o Pa\u00eds.\u00a0 Com esse valor sedes ser\u00e3o reformadas e equipamentos novos adquiridos para contribuir com o trabalho dos profissionais. Nosso objetivo \u00e9 desenvolver um bom trabalho e obter novas conquistas de mercado\u201d, pontuou o governador.<\/p>\n<p>Segundo o presidente do Indea, Guilherme Nolasco h\u00e1 mais de 12 anos as unidades do instituto n\u00e3o recebem investimento na estrutura f\u00edsica e a reforma vai trazer agilidade e mais efici\u00eancia no trabalho oferecido pelo \u00f3rg\u00e3o. \u201cO Indea \u00e9 um local muito procurado pelo produtor e essa transforma\u00e7\u00e3o nas unidades \u00e9 algo que esper\u00e1vamos h\u00e1 alguns anos. Agora gra\u00e7as a aplica\u00e7\u00e3o dos fundos vamos realizar essa reforma e melhorar o trabalho de nossos servidores\u201d, ressaltou.<\/p>\n<p>O ato tamb\u00e9m foi presenciado pelo ministro da Agricultura, Blairo Maggi, senadores Cidinho Santos e Jos\u00e9 Medeiros, deputados federais F\u00e1bio Garcia e Adilton Sachetti, deputado estadual Nininho, vice-governador Carlos F\u00e1varo, prefeitos da regi\u00e3o, presidente da Acrimat, Marco T\u00falio Duarte Soares e secret\u00e1rio de Educa\u00e7\u00e3o, Esporte e Lazer de Mato Grosso, Marco Marrafon.<\/p>\n","protected":false},"excerpt":{"rendered":"<p>Por meio da assinatura, os respectivos Fundos se comprometem a destinar o valor de R$ 9.500.000,00 para custear a reforma de 75 unidades do Indea em Mato Grosso<\/p>\n","protected":false},"author":11,"featured_media":97983053,"comment_status":"closed","ping_status":"closed","sticky":false,"template":"","format":"standard","meta":{"footnotes":""},"categories":[6,1],"tags":[],"class_list":["post-97983052","post","type-post","status-publish","format-standard","has-post-thumbnail","hentry","category-destaque","category-noticia"],"yoast_head":"<!-- This site is optimized with the Yoast SEO plugin v24.8.1 - https:\/\/yoast.com\/wordpress\/plugins\/seo\/ -->\n<title>Recursos do Fesa MT garantem reforma de sedes do Indea em Mato Grosso - Acrimat<\/title>\n<meta name=\"robots\" content=\"index, follow, max-snippet:-1, max-image-preview:large, max-video-preview:-1\" \/>\n<link rel=\"canonical\" href=\"https:\/\/acrimat.org.br\/portal\/recursos-dos-fase-mt-garantem-reforma-de-sedes-do-indea-em-mato-grosso\/\" \/>\n<meta property=\"og:locale\" content=\"pt_BR\" \/>\n<meta property=\"og:type\" content=\"article\" \/>\n<meta property=\"og:title\" content=\"Recursos do Fesa MT garantem reforma de sedes do Indea em Mato Grosso - Acrimat\" \/>\n<meta property=\"og:description\" content=\"Por meio da assinatura, os respectivos Fundos se comprometem a destinar o valor de R$ 9.500.000,00 para custear a reforma de 75 unidades do Indea em Mato Grosso\" \/>\n<meta property=\"og:url\" content=\"https:\/\/acrimat.org.br\/portal\/recursos-dos-fase-mt-garantem-reforma-de-sedes-do-indea-em-mato-grosso\/\" \/>\n<meta property=\"og:site_name\" content=\"Acrimat\" \/>\n<meta property=\"article:published_time\" content=\"2017-08-09T15:45:21+00:00\" \/>\n<meta property=\"article:modified_time\" content=\"2017-08-09T15:51:23+00:00\" \/>\n<meta property=\"og:image\" content=\"https:\/\/acrimat.org.br\/portal\/wp-content\/uploads\/2017\/08\/assinaturas-indea.jpg\" \/>\n\t<meta property=\"og:image:width\" content=\"800\" \/>\n\t<meta property=\"og:image:height\" content=\"532\" \/>\n\t<meta property=\"og:image:type\" content=\"image\/jpeg\" \/>\n<meta name=\"author\" content=\"P\u00e9ricles C\u00e2ndido\" \/>\n<meta name=\"twitter:card\" content=\"summary_large_image\" \/>\n<meta name=\"twitter:label1\" content=\"Escrito por\" \/>\n\t<meta name=\"twitter:data1\" content=\"P\u00e9ricles C\u00e2ndido\" \/>\n\t<meta name=\"twitter:label2\" content=\"Est. tempo de leitura\" \/>\n\t<meta name=\"twitter:data2\" content=\"2 minutos\" \/>\n<script type=\"application\/ld+json\" class=\"yoast-schema-graph\">{\"@context\":\"https:\/\/schema.org\",\"@graph\":[{\"@type\":\"Article\",\"@id\":\"https:\/\/acrimat.org.br\/portal\/recursos-dos-fase-mt-garantem-reforma-de-sedes-do-indea-em-mato-grosso\/#article\",\"isPartOf\":{\"@id\":\"https:\/\/acrimat.org.br\/portal\/recursos-dos-fase-mt-garantem-reforma-de-sedes-do-indea-em-mato-grosso\/\"},\"author\":{\"name\":\"P\u00e9ricles C\u00e2ndido\",\"@id\":\"https:\/\/acrimat.org.br\/portal\/#\/schema\/person\/18df8bcf6890e924fe5d8b5afd2bec0f\"},\"headline\":\"Recursos do Fesa MT garantem reforma de sedes do Indea em Mato Grosso\",\"datePublished\":\"2017-08-09T15:45:21+00:00\",\"dateModified\":\"2017-08-09T15:51:23+00:00\",\"mainEntityOfPage\":{\"@id\":\"https:\/\/acrimat.org.br\/portal\/recursos-dos-fase-mt-garantem-reforma-de-sedes-do-indea-em-mato-grosso\/\"},\"wordCount\":476,\"publisher\":{\"@id\":\"https:\/\/acrimat.org.br\/portal\/#organization\"},\"image\":{\"@id\":\"https:\/\/acrimat.org.br\/portal\/recursos-dos-fase-mt-garantem-reforma-de-sedes-do-indea-em-mato-grosso\/#primaryimage\"},\"thumbnailUrl\":\"https:\/\/acrimat.org.br\/portal\/wp-content\/uploads\/2017\/08\/assinaturas-indea.jpg\",\"articleSection\":[\"Destaques\",\"Not\u00edcias\"],\"inLanguage\":\"pt-BR\"},{\"@type\":\"WebPage\",\"@id\":\"https:\/\/acrimat.org.br\/portal\/recursos-dos-fase-mt-garantem-reforma-de-sedes-do-indea-em-mato-grosso\/\",\"url\":\"https:\/\/acrimat.org.br\/portal\/recursos-dos-fase-mt-garantem-reforma-de-sedes-do-indea-em-mato-grosso\/\",\"name\":\"Recursos do Fesa MT garantem reforma de sedes do Indea em Mato Grosso - Acrimat\",\"isPartOf\":{\"@id\":\"https:\/\/acrimat.org.br\/portal\/#website\"},\"primaryImageOfPage\":{\"@id\":\"https:\/\/acrimat.org.br\/portal\/recursos-dos-fase-mt-garantem-reforma-de-sedes-do-indea-em-mato-grosso\/#primaryimage\"},\"image\":{\"@id\":\"https:\/\/acrimat.org.br\/portal\/recursos-dos-fase-mt-garantem-reforma-de-sedes-do-indea-em-mato-grosso\/#primaryimage\"},\"thumbnailUrl\":\"https:\/\/acrimat.org.br\/portal\/wp-content\/uploads\/2017\/08\/assinaturas-indea.jpg\",\"datePublished\":\"2017-08-09T15:45:21+00:00\",\"dateModified\":\"2017-08-09T15:51:23+00:00\",\"breadcrumb\":{\"@id\":\"https:\/\/acrimat.org.br\/portal\/recursos-dos-fase-mt-garantem-reforma-de-sedes-do-indea-em-mato-grosso\/#breadcrumb\"},\"inLanguage\":\"pt-BR\",\"potentialAction\":[{\"@type\":\"ReadAction\",\"target\":[\"https:\/\/acrimat.org.br\/portal\/recursos-dos-fase-mt-garantem-reforma-de-sedes-do-indea-em-mato-grosso\/\"]}]},{\"@type\":\"ImageObject\",\"inLanguage\":\"pt-BR\",\"@id\":\"https:\/\/acrimat.org.br\/portal\/recursos-dos-fase-mt-garantem-reforma-de-sedes-do-indea-em-mato-grosso\/#primaryimage\",\"url\":\"https:\/\/acrimat.org.br\/portal\/wp-content\/uploads\/2017\/08\/assinaturas-indea.jpg\",\"contentUrl\":\"https:\/\/acrimat.org.br\/portal\/wp-content\/uploads\/2017\/08\/assinaturas-indea.jpg\",\"width\":800,\"height\":532},{\"@type\":\"BreadcrumbList\",\"@id\":\"https:\/\/acrimat.org.br\/portal\/recursos-dos-fase-mt-garantem-reforma-de-sedes-do-indea-em-mato-grosso\/#breadcrumb\",\"itemListElement\":[{\"@type\":\"ListItem\",\"position\":1,\"name\":\"In\u00edcio\",\"item\":\"https:\/\/acrimat.org.br\/portal\/\"},{\"@type\":\"ListItem\",\"position\":2,\"name\":\"Recursos do Fesa MT garantem reforma de sedes do Indea em Mato Grosso\"}]},{\"@type\":\"WebSite\",\"@id\":\"https:\/\/acrimat.org.br\/portal\/#website\",\"url\":\"https:\/\/acrimat.org.br\/portal\/\",\"name\":\"Acrimat\",\"description\":\"Associa\u00e7\u00e3o dos Criadores de Mato Grosso\",\"publisher\":{\"@id\":\"https:\/\/acrimat.org.br\/portal\/#organization\"},\"potentialAction\":[{\"@type\":\"SearchAction\",\"target\":{\"@type\":\"EntryPoint\",\"urlTemplate\":\"https:\/\/acrimat.org.br\/portal\/?s={search_term_string}\"},\"query-input\":{\"@type\":\"PropertyValueSpecification\",\"valueRequired\":true,\"valueName\":\"search_term_string\"}}],\"inLanguage\":\"pt-BR\"},{\"@type\":\"Organization\",\"@id\":\"https:\/\/acrimat.org.br\/portal\/#organization\",\"name\":\"Associa\u00e7\u00e3o dos Criadores de Mato Grosso\",\"url\":\"https:\/\/acrimat.org.br\/portal\/\",\"logo\":{\"@type\":\"ImageObject\",\"inLanguage\":\"pt-BR\",\"@id\":\"https:\/\/acrimat.org.br\/portal\/#\/schema\/logo\/image\/\",\"url\":\"https:\/\/acrimat.org.br\/portal\/wp-content\/uploads\/2018\/03\/logo-peq-original.png\",\"contentUrl\":\"https:\/\/acrimat.org.br\/portal\/wp-content\/uploads\/2018\/03\/logo-peq-original.png\",\"width\":174,\"height\":171,\"caption\":\"Associa\u00e7\u00e3o dos Criadores de Mato Grosso\"},\"image\":{\"@id\":\"https:\/\/acrimat.org.br\/portal\/#\/schema\/logo\/image\/\"}},{\"@type\":\"Person\",\"@id\":\"https:\/\/acrimat.org.br\/portal\/#\/schema\/person\/18df8bcf6890e924fe5d8b5afd2bec0f\",\"name\":\"P\u00e9ricles C\u00e2ndido\",\"image\":{\"@type\":\"ImageObject\",\"inLanguage\":\"pt-BR\",\"@id\":\"https:\/\/acrimat.org.br\/portal\/#\/schema\/person\/image\/\",\"url\":\"https:\/\/secure.gravatar.com\/avatar\/33e2a2b971dc363ed2df53d0d3bfbd18?s=96&d=mm&r=g\",\"contentUrl\":\"https:\/\/secure.gravatar.com\/avatar\/33e2a2b971dc363ed2df53d0d3bfbd18?s=96&d=mm&r=g\",\"caption\":\"P\u00e9ricles C\u00e2ndido\"},\"sameAs\":[\"ascom@acrimat.org.br\"],\"url\":\"https:\/\/acrimat.org.br\/portal\/author\/designergrafico\/\"}]}<\/script>\n<!-- \/ Yoast SEO plugin. -->","yoast_head_json":{"title":"Recursos do Fesa MT garantem reforma de sedes do Indea em Mato Grosso - Acrimat","robots":{"index":"index","follow":"follow","max-snippet":"max-snippet:-1","max-image-preview":"max-image-preview:large","max-video-preview":"max-video-preview:-1"},"canonical":"https:\/\/acrimat.org.br\/portal\/recursos-dos-fase-mt-garantem-reforma-de-sedes-do-indea-em-mato-grosso\/","og_locale":"pt_BR","og_type":"article","og_title":"Recursos do Fesa MT garantem reforma de sedes do Indea em Mato Grosso - Acrimat","og_description":"Por meio da assinatura, os respectivos Fundos se comprometem a destinar o valor de R$ 9.500.000,00 para custear a reforma de 75 unidades do Indea em Mato Grosso","og_url":"https:\/\/acrimat.org.br\/portal\/recursos-dos-fase-mt-garantem-reforma-de-sedes-do-indea-em-mato-grosso\/","og_site_name":"Acrimat","article_published_time":"2017-08-09T15:45:21+00:00","article_modified_time":"2017-08-09T15:51:23+00:00","og_image":[{"width":800,"height":532,"url":"https:\/\/acrimat.org.br\/portal\/wp-content\/uploads\/2017\/08\/assinaturas-indea.jpg","type":"image\/jpeg"}],"author":"P\u00e9ricles C\u00e2ndido","twitter_card":"summary_large_image","twitter_misc":{"Escrito por":"P\u00e9ricles C\u00e2ndido","Est. tempo de leitura":"2 minutos"},"schema":{"@context":"https:\/\/schema.org","@graph":[{"@type":"Article","@id":"https:\/\/acrimat.org.br\/portal\/recursos-dos-fase-mt-garantem-reforma-de-sedes-do-indea-em-mato-grosso\/#article","isPartOf":{"@id":"https:\/\/acrimat.org.br\/portal\/recursos-dos-fase-mt-garantem-reforma-de-sedes-do-indea-em-mato-grosso\/"},"author":{"name":"P\u00e9ricles C\u00e2ndido","@id":"https:\/\/acrimat.org.br\/portal\/#\/schema\/person\/18df8bcf6890e924fe5d8b5afd2bec0f"},"headline":"Recursos do Fesa MT garantem reforma de sedes do Indea em Mato Grosso","datePublished":"2017-08-09T15:45:21+00:00","dateModified":"2017-08-09T15:51:23+00:00","mainEntityOfPage":{"@id":"https:\/\/acrimat.org.br\/portal\/recursos-dos-fase-mt-garantem-reforma-de-sedes-do-indea-em-mato-grosso\/"},"wordCount":476,"publisher":{"@id":"https:\/\/acrimat.org.br\/portal\/#organization"},"image":{"@id":"https:\/\/acrimat.org.br\/portal\/recursos-dos-fase-mt-garantem-reforma-de-sedes-do-indea-em-mato-grosso\/#primaryimage"},"thumbnailUrl":"https:\/\/acrimat.org.br\/portal\/wp-content\/uploads\/2017\/08\/assinaturas-indea.jpg","articleSection":["Destaques","Not\u00edcias"],"inLanguage":"pt-BR"},{"@type":"WebPage","@id":"https:\/\/acrimat.org.br\/portal\/recursos-dos-fase-mt-garantem-reforma-de-sedes-do-indea-em-mato-grosso\/","url":"https:\/\/acrimat.org.br\/portal\/recursos-dos-fase-mt-garantem-reforma-de-sedes-do-indea-em-mato-grosso\/","name":"Recursos do Fesa MT garantem reforma de sedes do Indea em Mato Grosso - Acrimat","isPartOf":{"@id":"https:\/\/acrimat.org.br\/portal\/#website"},"primaryImageOfPage":{"@id":"https:\/\/acrimat.org.br\/portal\/recursos-dos-fase-mt-garantem-reforma-de-sedes-do-indea-em-mato-grosso\/#primaryimage"},"image":{"@id":"https:\/\/acrimat.org.br\/portal\/recursos-dos-fase-mt-garantem-reforma-de-sedes-do-indea-em-mato-grosso\/#primaryimage"},"thumbnailUrl":"https:\/\/acrimat.org.br\/portal\/wp-content\/uploads\/2017\/08\/assinaturas-indea.jpg","datePublished":"2017-08-09T15:45:21+00:00","dateModified":"2017-08-09T15:51:23+00:00","breadcrumb":{"@id":"https:\/\/acrimat.org.br\/portal\/recursos-dos-fase-mt-garantem-reforma-de-sedes-do-indea-em-mato-grosso\/#breadcrumb"},"inLanguage":"pt-BR","potentialAction":[{"@type":"ReadAction","target":["https:\/\/acrimat.org.br\/portal\/recursos-dos-fase-mt-garantem-reforma-de-sedes-do-indea-em-mato-grosso\/"]}]},{"@type":"ImageObject","inLanguage":"pt-BR","@id":"https:\/\/acrimat.org.br\/portal\/recursos-dos-fase-mt-garantem-reforma-de-sedes-do-indea-em-mato-grosso\/#primaryimage","url":"https:\/\/acrimat.org.br\/portal\/wp-content\/uploads\/2017\/08\/assinaturas-indea.jpg","contentUrl":"https:\/\/acrimat.org.br\/portal\/wp-content\/uploads\/2017\/08\/assinaturas-indea.jpg","width":800,"height":532},{"@type":"BreadcrumbList","@id":"https:\/\/acrimat.org.br\/portal\/recursos-dos-fase-mt-garantem-reforma-de-sedes-do-indea-em-mato-grosso\/#breadcrumb","itemListElement":[{"@type":"ListItem","position":1,"name":"In\u00edcio","item":"https:\/\/acrimat.org.br\/portal\/"},{"@type":"ListItem","position":2,"name":"Recursos do Fesa MT garantem reforma de sedes do Indea em Mato Grosso"}]},{"@type":"WebSite","@id":"https:\/\/acrimat.org.br\/portal\/#website","url":"https:\/\/acrimat.org.br\/portal\/","name":"Acrimat","description":"Associa\u00e7\u00e3o dos Criadores de Mato Grosso","publisher":{"@id":"https:\/\/acrimat.org.br\/portal\/#organization"},"potentialAction":[{"@type":"SearchAction","target":{"@type":"EntryPoint","urlTemplate":"https:\/\/acrimat.org.br\/portal\/?s={search_term_string}"},"query-input":{"@type":"PropertyValueSpecification","valueRequired":true,"valueName":"search_term_string"}}],"inLanguage":"pt-BR"},{"@type":"Organization","@id":"https:\/\/acrimat.org.br\/portal\/#organization","name":"Associa\u00e7\u00e3o dos Criadores de Mato Grosso","url":"https:\/\/acrimat.org.br\/portal\/","logo":{"@type":"ImageObject","inLanguage":"pt-BR","@id":"https:\/\/acrimat.org.br\/portal\/#\/schema\/logo\/image\/","url":"https:\/\/acrimat.org.br\/portal\/wp-content\/uploads\/2018\/03\/logo-peq-original.png","contentUrl":"https:\/\/acrimat.org.br\/portal\/wp-content\/uploads\/2018\/03\/logo-peq-original.png","width":174,"height":171,"caption":"Associa\u00e7\u00e3o dos Criadores de Mato Grosso"},"image":{"@id":"https:\/\/acrimat.org.br\/portal\/#\/schema\/logo\/image\/"}},{"@type":"Person","@id":"https:\/\/acrimat.org.br\/portal\/#\/schema\/person\/18df8bcf6890e924fe5d8b5afd2bec0f","name":"P\u00e9ricles C\u00e2ndido","image":{"@type":"ImageObject","inLanguage":"pt-BR","@id":"https:\/\/acrimat.org.br\/portal\/#\/schema\/person\/image\/","url":"https:\/\/secure.gravatar.com\/avatar\/33e2a2b971dc363ed2df53d0d3bfbd18?s=96&d=mm&r=g","contentUrl":"https:\/\/secure.gravatar.com\/avatar\/33e2a2b971dc363ed2df53d0d3bfbd18?s=96&d=mm&r=g","caption":"P\u00e9ricles C\u00e2ndido"},"sameAs":["ascom@acrimat.org.br"],"url":"https:\/\/acrimat.org.br\/portal\/author\/designergrafico\/"}]}},"_links":{"self":[{"href":"https:\/\/acrimat.org.br\/portal\/wp-json\/wp\/v2\/posts\/97983052","targetHints":{"allow":["GET"]}}],"collection":[{"href":"https:\/\/acrimat.org.br\/portal\/wp-json\/wp\/v2\/posts"}],"about":[{"href":"https:\/\/acrimat.org.br\/portal\/wp-json\/wp\/v2\/types\/post"}],"author":[{"embeddable":true,"href":"https:\/\/acrimat.org.br\/portal\/wp-json\/wp\/v2\/users\/11"}],"replies":[{"embeddable":true,"href":"https:\/\/acrimat.org.br\/portal\/wp-json\/wp\/v2\/comments?post=97983052"}],"version-history":[{"count":3,"href":"https:\/\/acrimat.org.br\/portal\/wp-json\/wp\/v2\/posts\/97983052\/revisions"}],"predecessor-version":[{"id":97983057,"href":"https:\/\/acrimat.org.br\/portal\/wp-json\/wp\/v2\/posts\/97983052\/revisions\/97983057"}],"wp:featuredmedia":[{"embeddable":true,"href":"https:\/\/acrimat.org.br\/portal\/wp-json\/wp\/v2\/media\/97983053"}],"wp:attachment":[{"href":"https:\/\/acrimat.org.br\/portal\/wp-json\/wp\/v2\/media?parent=97983052"}],"wp:term":[{"taxonomy":"category","embeddable":true,"href":"https:\/\/acrimat.org.br\/portal\/wp-json\/wp\/v2\/categories?post=97983052"},{"taxonomy":"post_tag","embeddable":true,"href":"https:\/\/acrimat.org.br\/portal\/wp-json\/wp\/v2\/tags?post=97983052"}],"curies":[{"name":"wp","href":"https:\/\/api.w.org\/{rel}","templated":true}]}}