{"id":97983066,"date":"2017-08-10T09:59:54","date_gmt":"2017-08-10T12:59:54","guid":{"rendered":"http:\/\/acrimat.org.br\/portal\/?p=97983066"},"modified":"2017-08-10T09:59:54","modified_gmt":"2017-08-10T12:59:54","slug":"medida-provisoria-que-amplia-multa-a-frigorificos-nao-sera-mais-votada","status":"publish","type":"post","link":"https:\/\/acrimat.org.br\/portal\/medida-provisoria-que-amplia-multa-a-frigorificos-nao-sera-mais-votada\/","title":{"rendered":"Medida Provis\u00f3ria que amplia multa a frigor\u00edficos n\u00e3o ser\u00e1 mais votada"},"content":{"rendered":"<p><a href=\"http:\/\/acrimat.org.br\/portal\/wp-content\/uploads\/2016\/08\/FRIGORIFICO-.jpg\"><img fetchpriority=\"high\" decoding=\"async\" class=\"alignright size-medium wp-image-97977116\" src=\"http:\/\/acrimat.org.br\/portal\/wp-content\/uploads\/2016\/08\/FRIGORIFICO--300x225.jpg\" alt=\"\" width=\"300\" height=\"225\" \/><\/a>Uma semana depois de ter aprovado o texto-base da Medida Provis\u00f3ria 772\/17, que aumenta de R$ 15 mil para R$ 500 mil o valor m\u00e1ximo de multa para frigor\u00edficos que infringirem a legisla\u00e7\u00e3o sanit\u00e1ria, a C\u00e2mara dos Deputados decidiu n\u00e3o submeter a MP a vota\u00e7\u00e3o.<\/p>\n<p>A justificativa, segundo o portal de not\u00edcias da C\u00e2mara dos Deputados, \u00e9 que n\u00e3o haveria tempo h\u00e1bil para os parlamentares votarem essa MP na C\u00e2mara e no Senado e que, al\u00e9m disso, ela estava \u201ctrancando\u201d a pauta, juntamente com a MP 774\/17, que acaba com a desonera\u00e7\u00e3o da folha de pagamentos, e a MP 773\/17, que trata de gastos com educa\u00e7\u00e3o.<\/p>\n<p>\u201cT\u00ednhamos prazo muito pequeno para aprova\u00e7\u00e3o e, por exemplo, uma MP que reonera setores da economia em um pa\u00eds que tem alta carga tribut\u00e1ria (caso da MP 774) exige grande debate\u201d, disse o deputado Beto Mansur (PRB-SP).<\/p>\n<p>O presidente do Senado, Eun\u00edcio Oliveira, confirmou tamb\u00e9m que os senadores n\u00e3o teriam tempo para votar as medidas antes de seu vencimento. \u201cEu conversei com o presidente da C\u00e2mara dos Deputados (Rodrigo Maia) e pedi que n\u00e3o fizesse um esfor\u00e7o para votar essas mat\u00e9rias, porque n\u00e3o haveria tempo suficiente para que eu pautasse aqui, no Senado\u201d, explicou Eun\u00edcio.<\/p>\n<p>O Portal da C\u00e2mara adiciona que, de acordo com a Constitui\u00e7\u00e3o Federal, os parlamentares ter\u00e3o que editar um decreto legislativo para disciplinar os efeitos jur\u00eddicos gerados durante a vig\u00eancia das medidas provis\u00f3rias que n\u00e3o forem convertidas em lei. Na aus\u00eancia do decreto, permanecem os efeitos da MP no per\u00edodo em que ela vigorou.<\/p>\n<p>O texto-base da MP 772\/17 havia sido aprovado no dia 1\u00ba de agosto pelo plen\u00e1rio da C\u00e2mara. A MP foi editada duas semanas ap\u00f3s a Pol\u00edcia Federal ter deflagrado a Opera\u00e7\u00e3o Carne Fraca, para desarticular uma suposta organiza\u00e7\u00e3o criminosa liderada por fiscais do Minist\u00e9rio da Agricultura que recebiam propina para emitir certificados sanit\u00e1rios sem fiscaliza\u00e7\u00e3o, levando para o mercado produtos adulterados.<\/p>\n<p>A MP altera a Lei 7.889\/89, que trata da inspe\u00e7\u00e3o sanit\u00e1ria e industrial de produtos de origem animal. A lei j\u00e1 prev\u00ea outros tipos de penas, como advert\u00eancia, apreens\u00e3o de mercadorias e interdi\u00e7\u00e3o do estabelecimento.<\/p>\n","protected":false},"excerpt":{"rendered":"<p>A justificativa, segundo o portal de not\u00edcias da C\u00e2mara dos Deputados, \u00e9 que n\u00e3o haveria tempo h\u00e1bil para os parlamentares votarem essa MP na C\u00e2mara e no Senado<\/p>\n","protected":false},"author":11,"featured_media":0,"comment_status":"closed","ping_status":"closed","sticky":false,"template":"","format":"standard","meta":{"footnotes":""},"categories":[6,1],"tags":[],"class_list":["post-97983066","post","type-post","status-publish","format-standard","hentry","category-destaque","category-noticia"],"yoast_head":"<!-- This site is optimized with the Yoast SEO plugin v24.8.1 - https:\/\/yoast.com\/wordpress\/plugins\/seo\/ -->\n<title>Medida Provis\u00f3ria que amplia multa a frigor\u00edficos n\u00e3o ser\u00e1 mais votada - Acrimat<\/title>\n<meta name=\"robots\" content=\"index, follow, max-snippet:-1, max-image-preview:large, max-video-preview:-1\" \/>\n<link rel=\"canonical\" href=\"https:\/\/acrimat.org.br\/portal\/medida-provisoria-que-amplia-multa-a-frigorificos-nao-sera-mais-votada\/\" \/>\n<meta property=\"og:locale\" content=\"pt_BR\" \/>\n<meta property=\"og:type\" content=\"article\" \/>\n<meta property=\"og:title\" content=\"Medida Provis\u00f3ria que amplia multa a frigor\u00edficos n\u00e3o ser\u00e1 mais votada - Acrimat\" \/>\n<meta property=\"og:description\" content=\"A justificativa, segundo o portal de not\u00edcias da C\u00e2mara dos Deputados, \u00e9 que n\u00e3o haveria tempo h\u00e1bil para os parlamentares votarem essa MP na C\u00e2mara e no Senado\" \/>\n<meta property=\"og:url\" content=\"https:\/\/acrimat.org.br\/portal\/medida-provisoria-que-amplia-multa-a-frigorificos-nao-sera-mais-votada\/\" \/>\n<meta property=\"og:site_name\" content=\"Acrimat\" \/>\n<meta property=\"article:published_time\" content=\"2017-08-10T12:59:54+00:00\" \/>\n<meta property=\"og:image\" content=\"http:\/\/acrimat.org.br\/portal\/wp-content\/uploads\/2016\/08\/FRIGORIFICO--300x225.jpg\" \/>\n<meta name=\"author\" content=\"P\u00e9ricles C\u00e2ndido\" \/>\n<meta name=\"twitter:card\" content=\"summary_large_image\" \/>\n<meta name=\"twitter:label1\" content=\"Escrito por\" \/>\n\t<meta name=\"twitter:data1\" content=\"P\u00e9ricles C\u00e2ndido\" \/>\n\t<meta name=\"twitter:label2\" content=\"Est. tempo de leitura\" \/>\n\t<meta name=\"twitter:data2\" content=\"2 minutos\" \/>\n<script type=\"application\/ld+json\" class=\"yoast-schema-graph\">{\"@context\":\"https:\/\/schema.org\",\"@graph\":[{\"@type\":\"Article\",\"@id\":\"https:\/\/acrimat.org.br\/portal\/medida-provisoria-que-amplia-multa-a-frigorificos-nao-sera-mais-votada\/#article\",\"isPartOf\":{\"@id\":\"https:\/\/acrimat.org.br\/portal\/medida-provisoria-que-amplia-multa-a-frigorificos-nao-sera-mais-votada\/\"},\"author\":{\"name\":\"P\u00e9ricles C\u00e2ndido\",\"@id\":\"https:\/\/acrimat.org.br\/portal\/#\/schema\/person\/18df8bcf6890e924fe5d8b5afd2bec0f\"},\"headline\":\"Medida Provis\u00f3ria que amplia multa a frigor\u00edficos n\u00e3o ser\u00e1 mais votada\",\"datePublished\":\"2017-08-10T12:59:54+00:00\",\"mainEntityOfPage\":{\"@id\":\"https:\/\/acrimat.org.br\/portal\/medida-provisoria-que-amplia-multa-a-frigorificos-nao-sera-mais-votada\/\"},\"wordCount\":406,\"publisher\":{\"@id\":\"https:\/\/acrimat.org.br\/portal\/#organization\"},\"image\":{\"@id\":\"https:\/\/acrimat.org.br\/portal\/medida-provisoria-que-amplia-multa-a-frigorificos-nao-sera-mais-votada\/#primaryimage\"},\"thumbnailUrl\":\"http:\/\/acrimat.org.br\/portal\/wp-content\/uploads\/2016\/08\/FRIGORIFICO--300x225.jpg\",\"articleSection\":[\"Destaques\",\"Not\u00edcias\"],\"inLanguage\":\"pt-BR\"},{\"@type\":\"WebPage\",\"@id\":\"https:\/\/acrimat.org.br\/portal\/medida-provisoria-que-amplia-multa-a-frigorificos-nao-sera-mais-votada\/\",\"url\":\"https:\/\/acrimat.org.br\/portal\/medida-provisoria-que-amplia-multa-a-frigorificos-nao-sera-mais-votada\/\",\"name\":\"Medida Provis\u00f3ria que amplia multa a frigor\u00edficos n\u00e3o ser\u00e1 mais votada - Acrimat\",\"isPartOf\":{\"@id\":\"https:\/\/acrimat.org.br\/portal\/#website\"},\"primaryImageOfPage\":{\"@id\":\"https:\/\/acrimat.org.br\/portal\/medida-provisoria-que-amplia-multa-a-frigorificos-nao-sera-mais-votada\/#primaryimage\"},\"image\":{\"@id\":\"https:\/\/acrimat.org.br\/portal\/medida-provisoria-que-amplia-multa-a-frigorificos-nao-sera-mais-votada\/#primaryimage\"},\"thumbnailUrl\":\"http:\/\/acrimat.org.br\/portal\/wp-content\/uploads\/2016\/08\/FRIGORIFICO--300x225.jpg\",\"datePublished\":\"2017-08-10T12:59:54+00:00\",\"breadcrumb\":{\"@id\":\"https:\/\/acrimat.org.br\/portal\/medida-provisoria-que-amplia-multa-a-frigorificos-nao-sera-mais-votada\/#breadcrumb\"},\"inLanguage\":\"pt-BR\",\"potentialAction\":[{\"@type\":\"ReadAction\",\"target\":[\"https:\/\/acrimat.org.br\/portal\/medida-provisoria-que-amplia-multa-a-frigorificos-nao-sera-mais-votada\/\"]}]},{\"@type\":\"ImageObject\",\"inLanguage\":\"pt-BR\",\"@id\":\"https:\/\/acrimat.org.br\/portal\/medida-provisoria-que-amplia-multa-a-frigorificos-nao-sera-mais-votada\/#primaryimage\",\"url\":\"http:\/\/acrimat.org.br\/portal\/wp-content\/uploads\/2016\/08\/FRIGORIFICO--300x225.jpg\",\"contentUrl\":\"http:\/\/acrimat.org.br\/portal\/wp-content\/uploads\/2016\/08\/FRIGORIFICO--300x225.jpg\"},{\"@type\":\"BreadcrumbList\",\"@id\":\"https:\/\/acrimat.org.br\/portal\/medida-provisoria-que-amplia-multa-a-frigorificos-nao-sera-mais-votada\/#breadcrumb\",\"itemListElement\":[{\"@type\":\"ListItem\",\"position\":1,\"name\":\"In\u00edcio\",\"item\":\"https:\/\/acrimat.org.br\/portal\/\"},{\"@type\":\"ListItem\",\"position\":2,\"name\":\"Medida Provis\u00f3ria que amplia multa a frigor\u00edficos n\u00e3o ser\u00e1 mais votada\"}]},{\"@type\":\"WebSite\",\"@id\":\"https:\/\/acrimat.org.br\/portal\/#website\",\"url\":\"https:\/\/acrimat.org.br\/portal\/\",\"name\":\"Acrimat\",\"description\":\"Associa\u00e7\u00e3o dos Criadores de Mato Grosso\",\"publisher\":{\"@id\":\"https:\/\/acrimat.org.br\/portal\/#organization\"},\"potentialAction\":[{\"@type\":\"SearchAction\",\"target\":{\"@type\":\"EntryPoint\",\"urlTemplate\":\"https:\/\/acrimat.org.br\/portal\/?s={search_term_string}\"},\"query-input\":{\"@type\":\"PropertyValueSpecification\",\"valueRequired\":true,\"valueName\":\"search_term_string\"}}],\"inLanguage\":\"pt-BR\"},{\"@type\":\"Organization\",\"@id\":\"https:\/\/acrimat.org.br\/portal\/#organization\",\"name\":\"Associa\u00e7\u00e3o dos Criadores de Mato Grosso\",\"url\":\"https:\/\/acrimat.org.br\/portal\/\",\"logo\":{\"@type\":\"ImageObject\",\"inLanguage\":\"pt-BR\",\"@id\":\"https:\/\/acrimat.org.br\/portal\/#\/schema\/logo\/image\/\",\"url\":\"https:\/\/acrimat.org.br\/portal\/wp-content\/uploads\/2018\/03\/logo-peq-original.png\",\"contentUrl\":\"https:\/\/acrimat.org.br\/portal\/wp-content\/uploads\/2018\/03\/logo-peq-original.png\",\"width\":174,\"height\":171,\"caption\":\"Associa\u00e7\u00e3o dos Criadores de Mato Grosso\"},\"image\":{\"@id\":\"https:\/\/acrimat.org.br\/portal\/#\/schema\/logo\/image\/\"}},{\"@type\":\"Person\",\"@id\":\"https:\/\/acrimat.org.br\/portal\/#\/schema\/person\/18df8bcf6890e924fe5d8b5afd2bec0f\",\"name\":\"P\u00e9ricles C\u00e2ndido\",\"image\":{\"@type\":\"ImageObject\",\"inLanguage\":\"pt-BR\",\"@id\":\"https:\/\/acrimat.org.br\/portal\/#\/schema\/person\/image\/\",\"url\":\"https:\/\/secure.gravatar.com\/avatar\/33e2a2b971dc363ed2df53d0d3bfbd18?s=96&d=mm&r=g\",\"contentUrl\":\"https:\/\/secure.gravatar.com\/avatar\/33e2a2b971dc363ed2df53d0d3bfbd18?s=96&d=mm&r=g\",\"caption\":\"P\u00e9ricles C\u00e2ndido\"},\"sameAs\":[\"ascom@acrimat.org.br\"],\"url\":\"https:\/\/acrimat.org.br\/portal\/author\/designergrafico\/\"}]}<\/script>\n<!-- \/ Yoast SEO plugin. -->","yoast_head_json":{"title":"Medida Provis\u00f3ria que amplia multa a frigor\u00edficos n\u00e3o ser\u00e1 mais votada - Acrimat","robots":{"index":"index","follow":"follow","max-snippet":"max-snippet:-1","max-image-preview":"max-image-preview:large","max-video-preview":"max-video-preview:-1"},"canonical":"https:\/\/acrimat.org.br\/portal\/medida-provisoria-que-amplia-multa-a-frigorificos-nao-sera-mais-votada\/","og_locale":"pt_BR","og_type":"article","og_title":"Medida Provis\u00f3ria que amplia multa a frigor\u00edficos n\u00e3o ser\u00e1 mais votada - Acrimat","og_description":"A justificativa, segundo o portal de not\u00edcias da C\u00e2mara dos Deputados, \u00e9 que n\u00e3o haveria tempo h\u00e1bil para os parlamentares votarem essa MP na C\u00e2mara e no Senado","og_url":"https:\/\/acrimat.org.br\/portal\/medida-provisoria-que-amplia-multa-a-frigorificos-nao-sera-mais-votada\/","og_site_name":"Acrimat","article_published_time":"2017-08-10T12:59:54+00:00","og_image":[{"url":"http:\/\/acrimat.org.br\/portal\/wp-content\/uploads\/2016\/08\/FRIGORIFICO--300x225.jpg","type":"","width":"","height":""}],"author":"P\u00e9ricles C\u00e2ndido","twitter_card":"summary_large_image","twitter_misc":{"Escrito por":"P\u00e9ricles C\u00e2ndido","Est. tempo de leitura":"2 minutos"},"schema":{"@context":"https:\/\/schema.org","@graph":[{"@type":"Article","@id":"https:\/\/acrimat.org.br\/portal\/medida-provisoria-que-amplia-multa-a-frigorificos-nao-sera-mais-votada\/#article","isPartOf":{"@id":"https:\/\/acrimat.org.br\/portal\/medida-provisoria-que-amplia-multa-a-frigorificos-nao-sera-mais-votada\/"},"author":{"name":"P\u00e9ricles C\u00e2ndido","@id":"https:\/\/acrimat.org.br\/portal\/#\/schema\/person\/18df8bcf6890e924fe5d8b5afd2bec0f"},"headline":"Medida Provis\u00f3ria que amplia multa a frigor\u00edficos n\u00e3o ser\u00e1 mais votada","datePublished":"2017-08-10T12:59:54+00:00","mainEntityOfPage":{"@id":"https:\/\/acrimat.org.br\/portal\/medida-provisoria-que-amplia-multa-a-frigorificos-nao-sera-mais-votada\/"},"wordCount":406,"publisher":{"@id":"https:\/\/acrimat.org.br\/portal\/#organization"},"image":{"@id":"https:\/\/acrimat.org.br\/portal\/medida-provisoria-que-amplia-multa-a-frigorificos-nao-sera-mais-votada\/#primaryimage"},"thumbnailUrl":"http:\/\/acrimat.org.br\/portal\/wp-content\/uploads\/2016\/08\/FRIGORIFICO--300x225.jpg","articleSection":["Destaques","Not\u00edcias"],"inLanguage":"pt-BR"},{"@type":"WebPage","@id":"https:\/\/acrimat.org.br\/portal\/medida-provisoria-que-amplia-multa-a-frigorificos-nao-sera-mais-votada\/","url":"https:\/\/acrimat.org.br\/portal\/medida-provisoria-que-amplia-multa-a-frigorificos-nao-sera-mais-votada\/","name":"Medida Provis\u00f3ria que amplia multa a frigor\u00edficos n\u00e3o ser\u00e1 mais votada - Acrimat","isPartOf":{"@id":"https:\/\/acrimat.org.br\/portal\/#website"},"primaryImageOfPage":{"@id":"https:\/\/acrimat.org.br\/portal\/medida-provisoria-que-amplia-multa-a-frigorificos-nao-sera-mais-votada\/#primaryimage"},"image":{"@id":"https:\/\/acrimat.org.br\/portal\/medida-provisoria-que-amplia-multa-a-frigorificos-nao-sera-mais-votada\/#primaryimage"},"thumbnailUrl":"http:\/\/acrimat.org.br\/portal\/wp-content\/uploads\/2016\/08\/FRIGORIFICO--300x225.jpg","datePublished":"2017-08-10T12:59:54+00:00","breadcrumb":{"@id":"https:\/\/acrimat.org.br\/portal\/medida-provisoria-que-amplia-multa-a-frigorificos-nao-sera-mais-votada\/#breadcrumb"},"inLanguage":"pt-BR","potentialAction":[{"@type":"ReadAction","target":["https:\/\/acrimat.org.br\/portal\/medida-provisoria-que-amplia-multa-a-frigorificos-nao-sera-mais-votada\/"]}]},{"@type":"ImageObject","inLanguage":"pt-BR","@id":"https:\/\/acrimat.org.br\/portal\/medida-provisoria-que-amplia-multa-a-frigorificos-nao-sera-mais-votada\/#primaryimage","url":"http:\/\/acrimat.org.br\/portal\/wp-content\/uploads\/2016\/08\/FRIGORIFICO--300x225.jpg","contentUrl":"http:\/\/acrimat.org.br\/portal\/wp-content\/uploads\/2016\/08\/FRIGORIFICO--300x225.jpg"},{"@type":"BreadcrumbList","@id":"https:\/\/acrimat.org.br\/portal\/medida-provisoria-que-amplia-multa-a-frigorificos-nao-sera-mais-votada\/#breadcrumb","itemListElement":[{"@type":"ListItem","position":1,"name":"In\u00edcio","item":"https:\/\/acrimat.org.br\/portal\/"},{"@type":"ListItem","position":2,"name":"Medida Provis\u00f3ria que amplia multa a frigor\u00edficos n\u00e3o ser\u00e1 mais votada"}]},{"@type":"WebSite","@id":"https:\/\/acrimat.org.br\/portal\/#website","url":"https:\/\/acrimat.org.br\/portal\/","name":"Acrimat","description":"Associa\u00e7\u00e3o dos Criadores de Mato Grosso","publisher":{"@id":"https:\/\/acrimat.org.br\/portal\/#organization"},"potentialAction":[{"@type":"SearchAction","target":{"@type":"EntryPoint","urlTemplate":"https:\/\/acrimat.org.br\/portal\/?s={search_term_string}"},"query-input":{"@type":"PropertyValueSpecification","valueRequired":true,"valueName":"search_term_string"}}],"inLanguage":"pt-BR"},{"@type":"Organization","@id":"https:\/\/acrimat.org.br\/portal\/#organization","name":"Associa\u00e7\u00e3o dos Criadores de Mato Grosso","url":"https:\/\/acrimat.org.br\/portal\/","logo":{"@type":"ImageObject","inLanguage":"pt-BR","@id":"https:\/\/acrimat.org.br\/portal\/#\/schema\/logo\/image\/","url":"https:\/\/acrimat.org.br\/portal\/wp-content\/uploads\/2018\/03\/logo-peq-original.png","contentUrl":"https:\/\/acrimat.org.br\/portal\/wp-content\/uploads\/2018\/03\/logo-peq-original.png","width":174,"height":171,"caption":"Associa\u00e7\u00e3o dos Criadores de Mato Grosso"},"image":{"@id":"https:\/\/acrimat.org.br\/portal\/#\/schema\/logo\/image\/"}},{"@type":"Person","@id":"https:\/\/acrimat.org.br\/portal\/#\/schema\/person\/18df8bcf6890e924fe5d8b5afd2bec0f","name":"P\u00e9ricles C\u00e2ndido","image":{"@type":"ImageObject","inLanguage":"pt-BR","@id":"https:\/\/acrimat.org.br\/portal\/#\/schema\/person\/image\/","url":"https:\/\/secure.gravatar.com\/avatar\/33e2a2b971dc363ed2df53d0d3bfbd18?s=96&d=mm&r=g","contentUrl":"https:\/\/secure.gravatar.com\/avatar\/33e2a2b971dc363ed2df53d0d3bfbd18?s=96&d=mm&r=g","caption":"P\u00e9ricles C\u00e2ndido"},"sameAs":["ascom@acrimat.org.br"],"url":"https:\/\/acrimat.org.br\/portal\/author\/designergrafico\/"}]}},"_links":{"self":[{"href":"https:\/\/acrimat.org.br\/portal\/wp-json\/wp\/v2\/posts\/97983066","targetHints":{"allow":["GET"]}}],"collection":[{"href":"https:\/\/acrimat.org.br\/portal\/wp-json\/wp\/v2\/posts"}],"about":[{"href":"https:\/\/acrimat.org.br\/portal\/wp-json\/wp\/v2\/types\/post"}],"author":[{"embeddable":true,"href":"https:\/\/acrimat.org.br\/portal\/wp-json\/wp\/v2\/users\/11"}],"replies":[{"embeddable":true,"href":"https:\/\/acrimat.org.br\/portal\/wp-json\/wp\/v2\/comments?post=97983066"}],"version-history":[{"count":2,"href":"https:\/\/acrimat.org.br\/portal\/wp-json\/wp\/v2\/posts\/97983066\/revisions"}],"predecessor-version":[{"id":97983068,"href":"https:\/\/acrimat.org.br\/portal\/wp-json\/wp\/v2\/posts\/97983066\/revisions\/97983068"}],"wp:attachment":[{"href":"https:\/\/acrimat.org.br\/portal\/wp-json\/wp\/v2\/media?parent=97983066"}],"wp:term":[{"taxonomy":"category","embeddable":true,"href":"https:\/\/acrimat.org.br\/portal\/wp-json\/wp\/v2\/categories?post=97983066"},{"taxonomy":"post_tag","embeddable":true,"href":"https:\/\/acrimat.org.br\/portal\/wp-json\/wp\/v2\/tags?post=97983066"}],"curies":[{"name":"wp","href":"https:\/\/api.w.org\/{rel}","templated":true}]}}