{"id":97983070,"date":"2017-08-10T10:05:40","date_gmt":"2017-08-10T13:05:40","guid":{"rendered":"http:\/\/acrimat.org.br\/portal\/?p=97983070"},"modified":"2017-08-10T10:10:41","modified_gmt":"2017-08-10T13:10:41","slug":"produtores-defendem-que-agronegocio-preserva-meio-ambiente-e-comemoram-reforma-trabalhista","status":"publish","type":"post","link":"https:\/\/acrimat.org.br\/portal\/produtores-defendem-que-agronegocio-preserva-meio-ambiente-e-comemoram-reforma-trabalhista\/","title":{"rendered":"Produtores defendem que agroneg\u00f3cio preserva meio ambiente e comemoram reforma trabalhista"},"content":{"rendered":"<div id=\"attachment_97983071\" style=\"width: 310px\" class=\"wp-caption alignright\"><a href=\"http:\/\/acrimat.org.br\/portal\/wp-content\/uploads\/2017\/08\/jun2005-grandes-extensoes-de-floresta-convertidas-para-a-agricultura-em-nova-ubirata-1338999224553_956x5001.jpg\"><img decoding=\"async\" aria-describedby=\"caption-attachment-97983071\" class=\"size-medium wp-image-97983071\" src=\"http:\/\/acrimat.org.br\/portal\/wp-content\/uploads\/2017\/08\/jun2005-grandes-extensoes-de-floresta-convertidas-para-a-agricultura-em-nova-ubirata-1338999224553_956x5001-300x157.jpg\" alt=\"\" width=\"300\" height=\"157\" srcset=\"https:\/\/acrimat.org.br\/portal\/wp-content\/uploads\/2017\/08\/jun2005-grandes-extensoes-de-floresta-convertidas-para-a-agricultura-em-nova-ubirata-1338999224553_956x5001-300x157.jpg 300w, https:\/\/acrimat.org.br\/portal\/wp-content\/uploads\/2017\/08\/jun2005-grandes-extensoes-de-floresta-convertidas-para-a-agricultura-em-nova-ubirata-1338999224553_956x5001-250x131.jpg 250w, https:\/\/acrimat.org.br\/portal\/wp-content\/uploads\/2017\/08\/jun2005-grandes-extensoes-de-floresta-convertidas-para-a-agricultura-em-nova-ubirata-1338999224553_956x5001-550x287.jpg 550w, https:\/\/acrimat.org.br\/portal\/wp-content\/uploads\/2017\/08\/jun2005-grandes-extensoes-de-floresta-convertidas-para-a-agricultura-em-nova-ubirata-1338999224553_956x5001-344x180.jpg 344w, https:\/\/acrimat.org.br\/portal\/wp-content\/uploads\/2017\/08\/jun2005-grandes-extensoes-de-floresta-convertidas-para-a-agricultura-em-nova-ubirata-1338999224553_956x5001-574x300.jpg 574w, https:\/\/acrimat.org.br\/portal\/wp-content\/uploads\/2017\/08\/jun2005-grandes-extensoes-de-floresta-convertidas-para-a-agricultura-em-nova-ubirata-1338999224553_956x5001.jpg 620w\" sizes=\"(max-width: 300px) 100vw, 300px\" \/><\/a><p id=\"caption-attachment-97983071\" class=\"wp-caption-text\">Foto: Ilustra\u00e7\u00e3o<\/p><\/div>\n<p>Um dos t\u00f3picos discutido durante o 16\u00ba Congresso Brasileiro do Agroneg\u00f3cio foi a preserva\u00e7\u00e3o ambiental. O presidente da Associa\u00e7\u00e3o Brasileira do Agroneg\u00f3cio, Luiz Carlos Corr\u00eaa Carvalho, afirmou que com o programa de Integra\u00e7\u00e3o Lavoura-Pecu\u00e1ria-Floresta (ILPF), aproximadamente 11 milh\u00f5es e meio de hectares de terra j\u00e1 foram recuperadas ou adaptadas no pa\u00eds. O deputado federal Nilson Leit\u00e3o (PSDB), afirmou que o produtor rural brasileiro \u00e9 quem mais preserva o meio ambiente.<\/p>\n<p>De acordo com Carvalho, com o efeito sustentabilidade do ILPF, 50% do bioma cerrado foi liberado para a produ\u00e7\u00e3o de gr\u00e3os. A ILPF tem como grande objetivo a mudan\u00e7a do sistema de uso da terra, e se apresenta como uma estrat\u00e9gia para maximizar efeitos desej\u00e1veis no ambiente, aliando o aumento da produtividade com a conserva\u00e7\u00e3o de recursos naturais no processo de intensifica\u00e7\u00e3o de uso das \u00e1reas j\u00e1 desmatadas no Brasil. O presidente da Abag tamb\u00e9m disse que gra\u00e7as ao &#8220;Poupa-terra&#8221;, que consiste na conserva\u00e7\u00e3o de recursos naturais, muitas \u00e1reas foram adaptadas para a pr\u00e1tica de cultivo sustent\u00e1vel.<\/p>\n<p>Durante o 16\u00ba Congresso Brasileiro do Agroneg\u00f3cio, o deputado Nilson Leit\u00e3o afirmou que o Brasil \u00e9 o pa\u00eds que mais consegue preservar o ambiente, e apesar disso \u00e9 o mais perseguido. Ele afirmou que em Mato Grosso, apenas 10% da \u00e1rea \u00e9 ocupada com produ\u00e7\u00e3o.<\/p>\n<p>&#8220;O Brasil \u00e9 o pa\u00eds que mais consegue preservar e \u00e9 o pa\u00eds mais perseguido por aqueles que n\u00e3o querem o brasil desenvolvido. N\u00e3o tem ningu\u00e9m que preserve mais o meio ambiente do Brasil do que o produtor rural ningu\u00e9m produz mais do que o produtor rural e ningu\u00e9m preserva mais do que o produtor rural, quem menos se preocupa com isso s\u00e3o aqueles que gastam bilh\u00f5es de d\u00f3lares pra impedir o desenvolvimento do setor produtivo no Brasil. 65% de toda a nossa \u00e1rea est\u00e1 preservada, no Mato Grosso, o maior produtor de quase, s\u00f3 ocupa 10% em produ\u00e7\u00e3o, segundo estudo da Embrapa [Empresa Brasileira de Pesquisa Agropecu\u00e1ria]&#8221;, disse Leit\u00e3o.<\/p>\n<p>Mesmo com as medidas de preserva\u00e7\u00e3o ambiental, os l\u00edderes de institui\u00e7\u00f5es rurais perceberam um crescimento no setor. No entanto, para o presidente da Abag, o crescimento da economia deve ser lento. Ele acredita que mais reformas s\u00e3o necess\u00e1rias para melhorar o cen\u00e1rio.<\/p>\n<p>&#8220;Por mais que se crie expectativa, a recupera\u00e7\u00e3o da crise ser\u00e1 lenta, o agroneg\u00f3cio n\u00e3o est\u00e1 absolutamente fora da crise. Mas estamos olhando tamb\u00e9m a quest\u00e3o trabalhista, e \u00e9 uma grande vit\u00f3ria o que n\u00f3s estamos fazendo e conseguindo fazer. O Brasil ainda precisa de mais reformar, porque o &#8220;custo brasil&#8221; (a maneira burocr\u00e1tica como \u00e9 feita a log\u00edstica) rouba a nossa produtividade desde a log\u00edstica at\u00e9 os grandes problemas. E estas reformas est\u00e3o sendo discutidas no congresso, a trabalhista e a tribut\u00e1ria&#8221;, disse Luis Carlos Carvalho.<\/p>\n","protected":false},"excerpt":{"rendered":"<p>Aproximadamente 11 milh\u00f5es e meio de hectares de terra j\u00e1 foram recuperadas ou adaptadas no pa\u00eds<\/p>\n","protected":false},"author":11,"featured_media":97983071,"comment_status":"closed","ping_status":"closed","sticky":false,"template":"","format":"standard","meta":{"footnotes":""},"categories":[6,1],"tags":[],"class_list":["post-97983070","post","type-post","status-publish","format-standard","has-post-thumbnail","hentry","category-destaque","category-noticia"],"yoast_head":"<!-- This site is optimized with the Yoast SEO plugin v24.8.1 - https:\/\/yoast.com\/wordpress\/plugins\/seo\/ -->\n<title>Produtores defendem que agroneg\u00f3cio preserva meio ambiente e comemoram reforma trabalhista - Acrimat<\/title>\n<meta name=\"robots\" content=\"index, follow, max-snippet:-1, max-image-preview:large, max-video-preview:-1\" \/>\n<link rel=\"canonical\" href=\"https:\/\/acrimat.org.br\/portal\/produtores-defendem-que-agronegocio-preserva-meio-ambiente-e-comemoram-reforma-trabalhista\/\" \/>\n<meta property=\"og:locale\" content=\"pt_BR\" \/>\n<meta property=\"og:type\" content=\"article\" \/>\n<meta property=\"og:title\" content=\"Produtores defendem que agroneg\u00f3cio preserva meio ambiente e comemoram reforma trabalhista - Acrimat\" \/>\n<meta property=\"og:description\" content=\"Aproximadamente 11 milh\u00f5es e meio de hectares de terra j\u00e1 foram recuperadas ou adaptadas no pa\u00eds\" \/>\n<meta property=\"og:url\" content=\"https:\/\/acrimat.org.br\/portal\/produtores-defendem-que-agronegocio-preserva-meio-ambiente-e-comemoram-reforma-trabalhista\/\" \/>\n<meta property=\"og:site_name\" content=\"Acrimat\" \/>\n<meta property=\"article:published_time\" content=\"2017-08-10T13:05:40+00:00\" \/>\n<meta property=\"article:modified_time\" content=\"2017-08-10T13:10:41+00:00\" \/>\n<meta property=\"og:image\" content=\"https:\/\/acrimat.org.br\/portal\/wp-content\/uploads\/2017\/08\/jun2005-grandes-extensoes-de-floresta-convertidas-para-a-agricultura-em-nova-ubirata-1338999224553_956x5001.jpg\" \/>\n\t<meta property=\"og:image:width\" content=\"620\" \/>\n\t<meta property=\"og:image:height\" content=\"324\" \/>\n\t<meta property=\"og:image:type\" content=\"image\/jpeg\" \/>\n<meta name=\"author\" content=\"P\u00e9ricles C\u00e2ndido\" \/>\n<meta name=\"twitter:card\" content=\"summary_large_image\" \/>\n<meta name=\"twitter:label1\" content=\"Escrito por\" \/>\n\t<meta name=\"twitter:data1\" content=\"P\u00e9ricles C\u00e2ndido\" \/>\n\t<meta name=\"twitter:label2\" content=\"Est. tempo de leitura\" \/>\n\t<meta name=\"twitter:data2\" content=\"3 minutos\" \/>\n<script type=\"application\/ld+json\" class=\"yoast-schema-graph\">{\"@context\":\"https:\/\/schema.org\",\"@graph\":[{\"@type\":\"Article\",\"@id\":\"https:\/\/acrimat.org.br\/portal\/produtores-defendem-que-agronegocio-preserva-meio-ambiente-e-comemoram-reforma-trabalhista\/#article\",\"isPartOf\":{\"@id\":\"https:\/\/acrimat.org.br\/portal\/produtores-defendem-que-agronegocio-preserva-meio-ambiente-e-comemoram-reforma-trabalhista\/\"},\"author\":{\"name\":\"P\u00e9ricles C\u00e2ndido\",\"@id\":\"https:\/\/acrimat.org.br\/portal\/#\/schema\/person\/18df8bcf6890e924fe5d8b5afd2bec0f\"},\"headline\":\"Produtores defendem que agroneg\u00f3cio preserva meio ambiente e comemoram reforma trabalhista\",\"datePublished\":\"2017-08-10T13:05:40+00:00\",\"dateModified\":\"2017-08-10T13:10:41+00:00\",\"mainEntityOfPage\":{\"@id\":\"https:\/\/acrimat.org.br\/portal\/produtores-defendem-que-agronegocio-preserva-meio-ambiente-e-comemoram-reforma-trabalhista\/\"},\"wordCount\":516,\"publisher\":{\"@id\":\"https:\/\/acrimat.org.br\/portal\/#organization\"},\"image\":{\"@id\":\"https:\/\/acrimat.org.br\/portal\/produtores-defendem-que-agronegocio-preserva-meio-ambiente-e-comemoram-reforma-trabalhista\/#primaryimage\"},\"thumbnailUrl\":\"https:\/\/acrimat.org.br\/portal\/wp-content\/uploads\/2017\/08\/jun2005-grandes-extensoes-de-floresta-convertidas-para-a-agricultura-em-nova-ubirata-1338999224553_956x5001.jpg\",\"articleSection\":[\"Destaques\",\"Not\u00edcias\"],\"inLanguage\":\"pt-BR\"},{\"@type\":\"WebPage\",\"@id\":\"https:\/\/acrimat.org.br\/portal\/produtores-defendem-que-agronegocio-preserva-meio-ambiente-e-comemoram-reforma-trabalhista\/\",\"url\":\"https:\/\/acrimat.org.br\/portal\/produtores-defendem-que-agronegocio-preserva-meio-ambiente-e-comemoram-reforma-trabalhista\/\",\"name\":\"Produtores defendem que agroneg\u00f3cio preserva meio ambiente e comemoram reforma trabalhista - Acrimat\",\"isPartOf\":{\"@id\":\"https:\/\/acrimat.org.br\/portal\/#website\"},\"primaryImageOfPage\":{\"@id\":\"https:\/\/acrimat.org.br\/portal\/produtores-defendem-que-agronegocio-preserva-meio-ambiente-e-comemoram-reforma-trabalhista\/#primaryimage\"},\"image\":{\"@id\":\"https:\/\/acrimat.org.br\/portal\/produtores-defendem-que-agronegocio-preserva-meio-ambiente-e-comemoram-reforma-trabalhista\/#primaryimage\"},\"thumbnailUrl\":\"https:\/\/acrimat.org.br\/portal\/wp-content\/uploads\/2017\/08\/jun2005-grandes-extensoes-de-floresta-convertidas-para-a-agricultura-em-nova-ubirata-1338999224553_956x5001.jpg\",\"datePublished\":\"2017-08-10T13:05:40+00:00\",\"dateModified\":\"2017-08-10T13:10:41+00:00\",\"breadcrumb\":{\"@id\":\"https:\/\/acrimat.org.br\/portal\/produtores-defendem-que-agronegocio-preserva-meio-ambiente-e-comemoram-reforma-trabalhista\/#breadcrumb\"},\"inLanguage\":\"pt-BR\",\"potentialAction\":[{\"@type\":\"ReadAction\",\"target\":[\"https:\/\/acrimat.org.br\/portal\/produtores-defendem-que-agronegocio-preserva-meio-ambiente-e-comemoram-reforma-trabalhista\/\"]}]},{\"@type\":\"ImageObject\",\"inLanguage\":\"pt-BR\",\"@id\":\"https:\/\/acrimat.org.br\/portal\/produtores-defendem-que-agronegocio-preserva-meio-ambiente-e-comemoram-reforma-trabalhista\/#primaryimage\",\"url\":\"https:\/\/acrimat.org.br\/portal\/wp-content\/uploads\/2017\/08\/jun2005-grandes-extensoes-de-floresta-convertidas-para-a-agricultura-em-nova-ubirata-1338999224553_956x5001.jpg\",\"contentUrl\":\"https:\/\/acrimat.org.br\/portal\/wp-content\/uploads\/2017\/08\/jun2005-grandes-extensoes-de-floresta-convertidas-para-a-agricultura-em-nova-ubirata-1338999224553_956x5001.jpg\",\"width\":620,\"height\":324,\"caption\":\"Foto: Ilustra\u00e7\u00e3o\"},{\"@type\":\"BreadcrumbList\",\"@id\":\"https:\/\/acrimat.org.br\/portal\/produtores-defendem-que-agronegocio-preserva-meio-ambiente-e-comemoram-reforma-trabalhista\/#breadcrumb\",\"itemListElement\":[{\"@type\":\"ListItem\",\"position\":1,\"name\":\"In\u00edcio\",\"item\":\"https:\/\/acrimat.org.br\/portal\/\"},{\"@type\":\"ListItem\",\"position\":2,\"name\":\"Produtores defendem que agroneg\u00f3cio preserva meio ambiente e comemoram reforma trabalhista\"}]},{\"@type\":\"WebSite\",\"@id\":\"https:\/\/acrimat.org.br\/portal\/#website\",\"url\":\"https:\/\/acrimat.org.br\/portal\/\",\"name\":\"Acrimat\",\"description\":\"Associa\u00e7\u00e3o dos Criadores de Mato Grosso\",\"publisher\":{\"@id\":\"https:\/\/acrimat.org.br\/portal\/#organization\"},\"potentialAction\":[{\"@type\":\"SearchAction\",\"target\":{\"@type\":\"EntryPoint\",\"urlTemplate\":\"https:\/\/acrimat.org.br\/portal\/?s={search_term_string}\"},\"query-input\":{\"@type\":\"PropertyValueSpecification\",\"valueRequired\":true,\"valueName\":\"search_term_string\"}}],\"inLanguage\":\"pt-BR\"},{\"@type\":\"Organization\",\"@id\":\"https:\/\/acrimat.org.br\/portal\/#organization\",\"name\":\"Associa\u00e7\u00e3o dos Criadores de Mato Grosso\",\"url\":\"https:\/\/acrimat.org.br\/portal\/\",\"logo\":{\"@type\":\"ImageObject\",\"inLanguage\":\"pt-BR\",\"@id\":\"https:\/\/acrimat.org.br\/portal\/#\/schema\/logo\/image\/\",\"url\":\"https:\/\/acrimat.org.br\/portal\/wp-content\/uploads\/2018\/03\/logo-peq-original.png\",\"contentUrl\":\"https:\/\/acrimat.org.br\/portal\/wp-content\/uploads\/2018\/03\/logo-peq-original.png\",\"width\":174,\"height\":171,\"caption\":\"Associa\u00e7\u00e3o dos Criadores de Mato Grosso\"},\"image\":{\"@id\":\"https:\/\/acrimat.org.br\/portal\/#\/schema\/logo\/image\/\"}},{\"@type\":\"Person\",\"@id\":\"https:\/\/acrimat.org.br\/portal\/#\/schema\/person\/18df8bcf6890e924fe5d8b5afd2bec0f\",\"name\":\"P\u00e9ricles C\u00e2ndido\",\"image\":{\"@type\":\"ImageObject\",\"inLanguage\":\"pt-BR\",\"@id\":\"https:\/\/acrimat.org.br\/portal\/#\/schema\/person\/image\/\",\"url\":\"https:\/\/secure.gravatar.com\/avatar\/33e2a2b971dc363ed2df53d0d3bfbd18?s=96&d=mm&r=g\",\"contentUrl\":\"https:\/\/secure.gravatar.com\/avatar\/33e2a2b971dc363ed2df53d0d3bfbd18?s=96&d=mm&r=g\",\"caption\":\"P\u00e9ricles C\u00e2ndido\"},\"sameAs\":[\"ascom@acrimat.org.br\"],\"url\":\"https:\/\/acrimat.org.br\/portal\/author\/designergrafico\/\"}]}<\/script>\n<!-- \/ Yoast SEO plugin. -->","yoast_head_json":{"title":"Produtores defendem que agroneg\u00f3cio preserva meio ambiente e comemoram reforma trabalhista - Acrimat","robots":{"index":"index","follow":"follow","max-snippet":"max-snippet:-1","max-image-preview":"max-image-preview:large","max-video-preview":"max-video-preview:-1"},"canonical":"https:\/\/acrimat.org.br\/portal\/produtores-defendem-que-agronegocio-preserva-meio-ambiente-e-comemoram-reforma-trabalhista\/","og_locale":"pt_BR","og_type":"article","og_title":"Produtores defendem que agroneg\u00f3cio preserva meio ambiente e comemoram reforma trabalhista - Acrimat","og_description":"Aproximadamente 11 milh\u00f5es e meio de hectares de terra j\u00e1 foram recuperadas ou adaptadas no pa\u00eds","og_url":"https:\/\/acrimat.org.br\/portal\/produtores-defendem-que-agronegocio-preserva-meio-ambiente-e-comemoram-reforma-trabalhista\/","og_site_name":"Acrimat","article_published_time":"2017-08-10T13:05:40+00:00","article_modified_time":"2017-08-10T13:10:41+00:00","og_image":[{"width":620,"height":324,"url":"https:\/\/acrimat.org.br\/portal\/wp-content\/uploads\/2017\/08\/jun2005-grandes-extensoes-de-floresta-convertidas-para-a-agricultura-em-nova-ubirata-1338999224553_956x5001.jpg","type":"image\/jpeg"}],"author":"P\u00e9ricles C\u00e2ndido","twitter_card":"summary_large_image","twitter_misc":{"Escrito por":"P\u00e9ricles C\u00e2ndido","Est. tempo de leitura":"3 minutos"},"schema":{"@context":"https:\/\/schema.org","@graph":[{"@type":"Article","@id":"https:\/\/acrimat.org.br\/portal\/produtores-defendem-que-agronegocio-preserva-meio-ambiente-e-comemoram-reforma-trabalhista\/#article","isPartOf":{"@id":"https:\/\/acrimat.org.br\/portal\/produtores-defendem-que-agronegocio-preserva-meio-ambiente-e-comemoram-reforma-trabalhista\/"},"author":{"name":"P\u00e9ricles C\u00e2ndido","@id":"https:\/\/acrimat.org.br\/portal\/#\/schema\/person\/18df8bcf6890e924fe5d8b5afd2bec0f"},"headline":"Produtores defendem que agroneg\u00f3cio preserva meio ambiente e comemoram reforma trabalhista","datePublished":"2017-08-10T13:05:40+00:00","dateModified":"2017-08-10T13:10:41+00:00","mainEntityOfPage":{"@id":"https:\/\/acrimat.org.br\/portal\/produtores-defendem-que-agronegocio-preserva-meio-ambiente-e-comemoram-reforma-trabalhista\/"},"wordCount":516,"publisher":{"@id":"https:\/\/acrimat.org.br\/portal\/#organization"},"image":{"@id":"https:\/\/acrimat.org.br\/portal\/produtores-defendem-que-agronegocio-preserva-meio-ambiente-e-comemoram-reforma-trabalhista\/#primaryimage"},"thumbnailUrl":"https:\/\/acrimat.org.br\/portal\/wp-content\/uploads\/2017\/08\/jun2005-grandes-extensoes-de-floresta-convertidas-para-a-agricultura-em-nova-ubirata-1338999224553_956x5001.jpg","articleSection":["Destaques","Not\u00edcias"],"inLanguage":"pt-BR"},{"@type":"WebPage","@id":"https:\/\/acrimat.org.br\/portal\/produtores-defendem-que-agronegocio-preserva-meio-ambiente-e-comemoram-reforma-trabalhista\/","url":"https:\/\/acrimat.org.br\/portal\/produtores-defendem-que-agronegocio-preserva-meio-ambiente-e-comemoram-reforma-trabalhista\/","name":"Produtores defendem que agroneg\u00f3cio preserva meio ambiente e comemoram reforma trabalhista - Acrimat","isPartOf":{"@id":"https:\/\/acrimat.org.br\/portal\/#website"},"primaryImageOfPage":{"@id":"https:\/\/acrimat.org.br\/portal\/produtores-defendem-que-agronegocio-preserva-meio-ambiente-e-comemoram-reforma-trabalhista\/#primaryimage"},"image":{"@id":"https:\/\/acrimat.org.br\/portal\/produtores-defendem-que-agronegocio-preserva-meio-ambiente-e-comemoram-reforma-trabalhista\/#primaryimage"},"thumbnailUrl":"https:\/\/acrimat.org.br\/portal\/wp-content\/uploads\/2017\/08\/jun2005-grandes-extensoes-de-floresta-convertidas-para-a-agricultura-em-nova-ubirata-1338999224553_956x5001.jpg","datePublished":"2017-08-10T13:05:40+00:00","dateModified":"2017-08-10T13:10:41+00:00","breadcrumb":{"@id":"https:\/\/acrimat.org.br\/portal\/produtores-defendem-que-agronegocio-preserva-meio-ambiente-e-comemoram-reforma-trabalhista\/#breadcrumb"},"inLanguage":"pt-BR","potentialAction":[{"@type":"ReadAction","target":["https:\/\/acrimat.org.br\/portal\/produtores-defendem-que-agronegocio-preserva-meio-ambiente-e-comemoram-reforma-trabalhista\/"]}]},{"@type":"ImageObject","inLanguage":"pt-BR","@id":"https:\/\/acrimat.org.br\/portal\/produtores-defendem-que-agronegocio-preserva-meio-ambiente-e-comemoram-reforma-trabalhista\/#primaryimage","url":"https:\/\/acrimat.org.br\/portal\/wp-content\/uploads\/2017\/08\/jun2005-grandes-extensoes-de-floresta-convertidas-para-a-agricultura-em-nova-ubirata-1338999224553_956x5001.jpg","contentUrl":"https:\/\/acrimat.org.br\/portal\/wp-content\/uploads\/2017\/08\/jun2005-grandes-extensoes-de-floresta-convertidas-para-a-agricultura-em-nova-ubirata-1338999224553_956x5001.jpg","width":620,"height":324,"caption":"Foto: Ilustra\u00e7\u00e3o"},{"@type":"BreadcrumbList","@id":"https:\/\/acrimat.org.br\/portal\/produtores-defendem-que-agronegocio-preserva-meio-ambiente-e-comemoram-reforma-trabalhista\/#breadcrumb","itemListElement":[{"@type":"ListItem","position":1,"name":"In\u00edcio","item":"https:\/\/acrimat.org.br\/portal\/"},{"@type":"ListItem","position":2,"name":"Produtores defendem que agroneg\u00f3cio preserva meio ambiente e comemoram reforma trabalhista"}]},{"@type":"WebSite","@id":"https:\/\/acrimat.org.br\/portal\/#website","url":"https:\/\/acrimat.org.br\/portal\/","name":"Acrimat","description":"Associa\u00e7\u00e3o dos Criadores de Mato Grosso","publisher":{"@id":"https:\/\/acrimat.org.br\/portal\/#organization"},"potentialAction":[{"@type":"SearchAction","target":{"@type":"EntryPoint","urlTemplate":"https:\/\/acrimat.org.br\/portal\/?s={search_term_string}"},"query-input":{"@type":"PropertyValueSpecification","valueRequired":true,"valueName":"search_term_string"}}],"inLanguage":"pt-BR"},{"@type":"Organization","@id":"https:\/\/acrimat.org.br\/portal\/#organization","name":"Associa\u00e7\u00e3o dos Criadores de Mato Grosso","url":"https:\/\/acrimat.org.br\/portal\/","logo":{"@type":"ImageObject","inLanguage":"pt-BR","@id":"https:\/\/acrimat.org.br\/portal\/#\/schema\/logo\/image\/","url":"https:\/\/acrimat.org.br\/portal\/wp-content\/uploads\/2018\/03\/logo-peq-original.png","contentUrl":"https:\/\/acrimat.org.br\/portal\/wp-content\/uploads\/2018\/03\/logo-peq-original.png","width":174,"height":171,"caption":"Associa\u00e7\u00e3o dos Criadores de Mato Grosso"},"image":{"@id":"https:\/\/acrimat.org.br\/portal\/#\/schema\/logo\/image\/"}},{"@type":"Person","@id":"https:\/\/acrimat.org.br\/portal\/#\/schema\/person\/18df8bcf6890e924fe5d8b5afd2bec0f","name":"P\u00e9ricles C\u00e2ndido","image":{"@type":"ImageObject","inLanguage":"pt-BR","@id":"https:\/\/acrimat.org.br\/portal\/#\/schema\/person\/image\/","url":"https:\/\/secure.gravatar.com\/avatar\/33e2a2b971dc363ed2df53d0d3bfbd18?s=96&d=mm&r=g","contentUrl":"https:\/\/secure.gravatar.com\/avatar\/33e2a2b971dc363ed2df53d0d3bfbd18?s=96&d=mm&r=g","caption":"P\u00e9ricles C\u00e2ndido"},"sameAs":["ascom@acrimat.org.br"],"url":"https:\/\/acrimat.org.br\/portal\/author\/designergrafico\/"}]}},"_links":{"self":[{"href":"https:\/\/acrimat.org.br\/portal\/wp-json\/wp\/v2\/posts\/97983070","targetHints":{"allow":["GET"]}}],"collection":[{"href":"https:\/\/acrimat.org.br\/portal\/wp-json\/wp\/v2\/posts"}],"about":[{"href":"https:\/\/acrimat.org.br\/portal\/wp-json\/wp\/v2\/types\/post"}],"author":[{"embeddable":true,"href":"https:\/\/acrimat.org.br\/portal\/wp-json\/wp\/v2\/users\/11"}],"replies":[{"embeddable":true,"href":"https:\/\/acrimat.org.br\/portal\/wp-json\/wp\/v2\/comments?post=97983070"}],"version-history":[{"count":2,"href":"https:\/\/acrimat.org.br\/portal\/wp-json\/wp\/v2\/posts\/97983070\/revisions"}],"predecessor-version":[{"id":97983075,"href":"https:\/\/acrimat.org.br\/portal\/wp-json\/wp\/v2\/posts\/97983070\/revisions\/97983075"}],"wp:featuredmedia":[{"embeddable":true,"href":"https:\/\/acrimat.org.br\/portal\/wp-json\/wp\/v2\/media\/97983071"}],"wp:attachment":[{"href":"https:\/\/acrimat.org.br\/portal\/wp-json\/wp\/v2\/media?parent=97983070"}],"wp:term":[{"taxonomy":"category","embeddable":true,"href":"https:\/\/acrimat.org.br\/portal\/wp-json\/wp\/v2\/categories?post=97983070"},{"taxonomy":"post_tag","embeddable":true,"href":"https:\/\/acrimat.org.br\/portal\/wp-json\/wp\/v2\/tags?post=97983070"}],"curies":[{"name":"wp","href":"https:\/\/api.w.org\/{rel}","templated":true}]}}