{"id":97983110,"date":"2017-08-14T10:06:35","date_gmt":"2017-08-14T13:06:35","guid":{"rendered":"http:\/\/acrimat.org.br\/portal\/?p=97983110"},"modified":"2017-08-14T10:06:35","modified_gmt":"2017-08-14T13:06:35","slug":"maggi-confirma-retirada-da-saponina-da-vacina-contra-aftosa","status":"publish","type":"post","link":"https:\/\/acrimat.org.br\/portal\/maggi-confirma-retirada-da-saponina-da-vacina-contra-aftosa\/","title":{"rendered":"Maggi confirma retirada da saponina da vacina contra aftosa"},"content":{"rendered":"<p>A saponina dever\u00e1 deixar de ser um dos componentes da vacina contra a febre aftosa, informou o ministro Blairo Maggi (Agricultura, Pecu\u00e1ria e Abastecimento), nesta sexta-feira (11), em Lucas do Rio Verde (MT). Essa \u00e9 uma das medidas a serem adotadas para evitar a forma\u00e7\u00e3o de abcessos ap\u00f3s vacina\u00e7\u00e3o dos animais. Segundo ele, as doses tamb\u00e9m ser\u00e3o reduzidas de 5ml para 2,5ml. Maggi visitou o munic\u00edpio mato-grossense acompanhando o presidente Michel Temer na inaugura\u00e7\u00e3o da primeira usina de etanol de milho do pa\u00eds e na abertura da colheita do algod\u00e3o.<\/p>\n<p>A discuss\u00e3o sobre a retirada da saponina se intensificou ap\u00f3s o fechamento do mercado norte-americano \u00e0 importa\u00e7\u00e3o de carne de gado in natura, em raz\u00e3o da exist\u00eancia de abcessos, al\u00e9m de peda\u00e7os de osso encontrados na parte dianteira dos animais.<\/p>\n<p>\u201cN\u00e3o \u00e9 uma quest\u00e3o de sa\u00fade humana, mas de apresenta\u00e7\u00e3o. O Brasil \u00e9 livre de aftosa com vacina\u00e7\u00e3o, o que significa que n\u00e3o podemos exportar para um pa\u00eds livre sem vacina\u00e7\u00e3o qualquer tipo de carne com osso\u201d. Trata-se de medida preventiva, j\u00e1 que na hip\u00f3tese de ocorr\u00eancia da doen\u00e7a, o v\u00edrus poderia resistir nos ossos por meses.<\/p>\n<p>Maggi disse que est\u00e1 \u201ctudo sendo arrumado para voltar em breve ao mercado dos Estados Unidos\u201d e que houve convite para uma inspe\u00e7\u00e3o veterin\u00e1ria de t\u00e9cnicos norte-americanos ao pa\u00eds, o que dever\u00e1 acontecer at\u00e9 o fim deste m\u00eas.<\/p>\n","protected":false},"excerpt":{"rendered":"<p>Essa \u00e9 uma das medidas a serem adotadas para evitar a forma\u00e7\u00e3o de abcessos ap\u00f3s vacina\u00e7\u00e3o dos animais<\/p>\n","protected":false},"author":11,"featured_media":97980971,"comment_status":"closed","ping_status":"closed","sticky":false,"template":"","format":"standard","meta":{"footnotes":""},"categories":[6,1],"tags":[],"class_list":["post-97983110","post","type-post","status-publish","format-standard","has-post-thumbnail","hentry","category-destaque","category-noticia"],"yoast_head":"<!-- This site is optimized with the Yoast SEO plugin v24.8.1 - https:\/\/yoast.com\/wordpress\/plugins\/seo\/ -->\n<title>Maggi confirma retirada da saponina da vacina contra aftosa - Acrimat<\/title>\n<meta name=\"robots\" content=\"index, follow, max-snippet:-1, max-image-preview:large, max-video-preview:-1\" \/>\n<link rel=\"canonical\" href=\"https:\/\/acrimat.org.br\/portal\/maggi-confirma-retirada-da-saponina-da-vacina-contra-aftosa\/\" \/>\n<meta property=\"og:locale\" content=\"pt_BR\" \/>\n<meta property=\"og:type\" content=\"article\" \/>\n<meta property=\"og:title\" content=\"Maggi confirma retirada da saponina da vacina contra aftosa - Acrimat\" \/>\n<meta property=\"og:description\" content=\"Essa \u00e9 uma das medidas a serem adotadas para evitar a forma\u00e7\u00e3o de abcessos ap\u00f3s vacina\u00e7\u00e3o dos animais\" \/>\n<meta property=\"og:url\" content=\"https:\/\/acrimat.org.br\/portal\/maggi-confirma-retirada-da-saponina-da-vacina-contra-aftosa\/\" \/>\n<meta property=\"og:site_name\" content=\"Acrimat\" \/>\n<meta property=\"article:published_time\" content=\"2017-08-14T13:06:35+00:00\" \/>\n<meta property=\"og:image\" content=\"https:\/\/acrimat.org.br\/portal\/wp-content\/uploads\/2017\/03\/maggi10096.jpg\" \/>\n\t<meta property=\"og:image:width\" content=\"300\" \/>\n\t<meta property=\"og:image:height\" content=\"257\" \/>\n\t<meta property=\"og:image:type\" content=\"image\/jpeg\" \/>\n<meta name=\"author\" content=\"P\u00e9ricles C\u00e2ndido\" \/>\n<meta name=\"twitter:card\" content=\"summary_large_image\" \/>\n<meta name=\"twitter:label1\" content=\"Escrito por\" \/>\n\t<meta name=\"twitter:data1\" content=\"P\u00e9ricles C\u00e2ndido\" \/>\n\t<meta name=\"twitter:label2\" content=\"Est. tempo de leitura\" \/>\n\t<meta name=\"twitter:data2\" content=\"1 minuto\" \/>\n<script type=\"application\/ld+json\" class=\"yoast-schema-graph\">{\"@context\":\"https:\/\/schema.org\",\"@graph\":[{\"@type\":\"Article\",\"@id\":\"https:\/\/acrimat.org.br\/portal\/maggi-confirma-retirada-da-saponina-da-vacina-contra-aftosa\/#article\",\"isPartOf\":{\"@id\":\"https:\/\/acrimat.org.br\/portal\/maggi-confirma-retirada-da-saponina-da-vacina-contra-aftosa\/\"},\"author\":{\"name\":\"P\u00e9ricles C\u00e2ndido\",\"@id\":\"https:\/\/acrimat.org.br\/portal\/#\/schema\/person\/18df8bcf6890e924fe5d8b5afd2bec0f\"},\"headline\":\"Maggi confirma retirada da saponina da vacina contra aftosa\",\"datePublished\":\"2017-08-14T13:06:35+00:00\",\"mainEntityOfPage\":{\"@id\":\"https:\/\/acrimat.org.br\/portal\/maggi-confirma-retirada-da-saponina-da-vacina-contra-aftosa\/\"},\"wordCount\":263,\"publisher\":{\"@id\":\"https:\/\/acrimat.org.br\/portal\/#organization\"},\"image\":{\"@id\":\"https:\/\/acrimat.org.br\/portal\/maggi-confirma-retirada-da-saponina-da-vacina-contra-aftosa\/#primaryimage\"},\"thumbnailUrl\":\"https:\/\/acrimat.org.br\/portal\/wp-content\/uploads\/2017\/03\/maggi10096.jpg\",\"articleSection\":[\"Destaques\",\"Not\u00edcias\"],\"inLanguage\":\"pt-BR\"},{\"@type\":\"WebPage\",\"@id\":\"https:\/\/acrimat.org.br\/portal\/maggi-confirma-retirada-da-saponina-da-vacina-contra-aftosa\/\",\"url\":\"https:\/\/acrimat.org.br\/portal\/maggi-confirma-retirada-da-saponina-da-vacina-contra-aftosa\/\",\"name\":\"Maggi confirma retirada da saponina da vacina contra aftosa - Acrimat\",\"isPartOf\":{\"@id\":\"https:\/\/acrimat.org.br\/portal\/#website\"},\"primaryImageOfPage\":{\"@id\":\"https:\/\/acrimat.org.br\/portal\/maggi-confirma-retirada-da-saponina-da-vacina-contra-aftosa\/#primaryimage\"},\"image\":{\"@id\":\"https:\/\/acrimat.org.br\/portal\/maggi-confirma-retirada-da-saponina-da-vacina-contra-aftosa\/#primaryimage\"},\"thumbnailUrl\":\"https:\/\/acrimat.org.br\/portal\/wp-content\/uploads\/2017\/03\/maggi10096.jpg\",\"datePublished\":\"2017-08-14T13:06:35+00:00\",\"breadcrumb\":{\"@id\":\"https:\/\/acrimat.org.br\/portal\/maggi-confirma-retirada-da-saponina-da-vacina-contra-aftosa\/#breadcrumb\"},\"inLanguage\":\"pt-BR\",\"potentialAction\":[{\"@type\":\"ReadAction\",\"target\":[\"https:\/\/acrimat.org.br\/portal\/maggi-confirma-retirada-da-saponina-da-vacina-contra-aftosa\/\"]}]},{\"@type\":\"ImageObject\",\"inLanguage\":\"pt-BR\",\"@id\":\"https:\/\/acrimat.org.br\/portal\/maggi-confirma-retirada-da-saponina-da-vacina-contra-aftosa\/#primaryimage\",\"url\":\"https:\/\/acrimat.org.br\/portal\/wp-content\/uploads\/2017\/03\/maggi10096.jpg\",\"contentUrl\":\"https:\/\/acrimat.org.br\/portal\/wp-content\/uploads\/2017\/03\/maggi10096.jpg\",\"width\":300,\"height\":257},{\"@type\":\"BreadcrumbList\",\"@id\":\"https:\/\/acrimat.org.br\/portal\/maggi-confirma-retirada-da-saponina-da-vacina-contra-aftosa\/#breadcrumb\",\"itemListElement\":[{\"@type\":\"ListItem\",\"position\":1,\"name\":\"In\u00edcio\",\"item\":\"https:\/\/acrimat.org.br\/portal\/\"},{\"@type\":\"ListItem\",\"position\":2,\"name\":\"Maggi confirma retirada da saponina da vacina contra aftosa\"}]},{\"@type\":\"WebSite\",\"@id\":\"https:\/\/acrimat.org.br\/portal\/#website\",\"url\":\"https:\/\/acrimat.org.br\/portal\/\",\"name\":\"Acrimat\",\"description\":\"Associa\u00e7\u00e3o dos Criadores de Mato Grosso\",\"publisher\":{\"@id\":\"https:\/\/acrimat.org.br\/portal\/#organization\"},\"potentialAction\":[{\"@type\":\"SearchAction\",\"target\":{\"@type\":\"EntryPoint\",\"urlTemplate\":\"https:\/\/acrimat.org.br\/portal\/?s={search_term_string}\"},\"query-input\":{\"@type\":\"PropertyValueSpecification\",\"valueRequired\":true,\"valueName\":\"search_term_string\"}}],\"inLanguage\":\"pt-BR\"},{\"@type\":\"Organization\",\"@id\":\"https:\/\/acrimat.org.br\/portal\/#organization\",\"name\":\"Associa\u00e7\u00e3o dos Criadores de Mato Grosso\",\"url\":\"https:\/\/acrimat.org.br\/portal\/\",\"logo\":{\"@type\":\"ImageObject\",\"inLanguage\":\"pt-BR\",\"@id\":\"https:\/\/acrimat.org.br\/portal\/#\/schema\/logo\/image\/\",\"url\":\"https:\/\/acrimat.org.br\/portal\/wp-content\/uploads\/2018\/03\/logo-peq-original.png\",\"contentUrl\":\"https:\/\/acrimat.org.br\/portal\/wp-content\/uploads\/2018\/03\/logo-peq-original.png\",\"width\":174,\"height\":171,\"caption\":\"Associa\u00e7\u00e3o dos Criadores de Mato Grosso\"},\"image\":{\"@id\":\"https:\/\/acrimat.org.br\/portal\/#\/schema\/logo\/image\/\"}},{\"@type\":\"Person\",\"@id\":\"https:\/\/acrimat.org.br\/portal\/#\/schema\/person\/18df8bcf6890e924fe5d8b5afd2bec0f\",\"name\":\"P\u00e9ricles C\u00e2ndido\",\"image\":{\"@type\":\"ImageObject\",\"inLanguage\":\"pt-BR\",\"@id\":\"https:\/\/acrimat.org.br\/portal\/#\/schema\/person\/image\/\",\"url\":\"https:\/\/secure.gravatar.com\/avatar\/33e2a2b971dc363ed2df53d0d3bfbd18?s=96&d=mm&r=g\",\"contentUrl\":\"https:\/\/secure.gravatar.com\/avatar\/33e2a2b971dc363ed2df53d0d3bfbd18?s=96&d=mm&r=g\",\"caption\":\"P\u00e9ricles C\u00e2ndido\"},\"sameAs\":[\"ascom@acrimat.org.br\"],\"url\":\"https:\/\/acrimat.org.br\/portal\/author\/designergrafico\/\"}]}<\/script>\n<!-- \/ Yoast SEO plugin. -->","yoast_head_json":{"title":"Maggi confirma retirada da saponina da vacina contra aftosa - Acrimat","robots":{"index":"index","follow":"follow","max-snippet":"max-snippet:-1","max-image-preview":"max-image-preview:large","max-video-preview":"max-video-preview:-1"},"canonical":"https:\/\/acrimat.org.br\/portal\/maggi-confirma-retirada-da-saponina-da-vacina-contra-aftosa\/","og_locale":"pt_BR","og_type":"article","og_title":"Maggi confirma retirada da saponina da vacina contra aftosa - Acrimat","og_description":"Essa \u00e9 uma das medidas a serem adotadas para evitar a forma\u00e7\u00e3o de abcessos ap\u00f3s vacina\u00e7\u00e3o dos animais","og_url":"https:\/\/acrimat.org.br\/portal\/maggi-confirma-retirada-da-saponina-da-vacina-contra-aftosa\/","og_site_name":"Acrimat","article_published_time":"2017-08-14T13:06:35+00:00","og_image":[{"width":300,"height":257,"url":"https:\/\/acrimat.org.br\/portal\/wp-content\/uploads\/2017\/03\/maggi10096.jpg","type":"image\/jpeg"}],"author":"P\u00e9ricles C\u00e2ndido","twitter_card":"summary_large_image","twitter_misc":{"Escrito por":"P\u00e9ricles C\u00e2ndido","Est. tempo de leitura":"1 minuto"},"schema":{"@context":"https:\/\/schema.org","@graph":[{"@type":"Article","@id":"https:\/\/acrimat.org.br\/portal\/maggi-confirma-retirada-da-saponina-da-vacina-contra-aftosa\/#article","isPartOf":{"@id":"https:\/\/acrimat.org.br\/portal\/maggi-confirma-retirada-da-saponina-da-vacina-contra-aftosa\/"},"author":{"name":"P\u00e9ricles C\u00e2ndido","@id":"https:\/\/acrimat.org.br\/portal\/#\/schema\/person\/18df8bcf6890e924fe5d8b5afd2bec0f"},"headline":"Maggi confirma retirada da saponina da vacina contra aftosa","datePublished":"2017-08-14T13:06:35+00:00","mainEntityOfPage":{"@id":"https:\/\/acrimat.org.br\/portal\/maggi-confirma-retirada-da-saponina-da-vacina-contra-aftosa\/"},"wordCount":263,"publisher":{"@id":"https:\/\/acrimat.org.br\/portal\/#organization"},"image":{"@id":"https:\/\/acrimat.org.br\/portal\/maggi-confirma-retirada-da-saponina-da-vacina-contra-aftosa\/#primaryimage"},"thumbnailUrl":"https:\/\/acrimat.org.br\/portal\/wp-content\/uploads\/2017\/03\/maggi10096.jpg","articleSection":["Destaques","Not\u00edcias"],"inLanguage":"pt-BR"},{"@type":"WebPage","@id":"https:\/\/acrimat.org.br\/portal\/maggi-confirma-retirada-da-saponina-da-vacina-contra-aftosa\/","url":"https:\/\/acrimat.org.br\/portal\/maggi-confirma-retirada-da-saponina-da-vacina-contra-aftosa\/","name":"Maggi confirma retirada da saponina da vacina contra aftosa - Acrimat","isPartOf":{"@id":"https:\/\/acrimat.org.br\/portal\/#website"},"primaryImageOfPage":{"@id":"https:\/\/acrimat.org.br\/portal\/maggi-confirma-retirada-da-saponina-da-vacina-contra-aftosa\/#primaryimage"},"image":{"@id":"https:\/\/acrimat.org.br\/portal\/maggi-confirma-retirada-da-saponina-da-vacina-contra-aftosa\/#primaryimage"},"thumbnailUrl":"https:\/\/acrimat.org.br\/portal\/wp-content\/uploads\/2017\/03\/maggi10096.jpg","datePublished":"2017-08-14T13:06:35+00:00","breadcrumb":{"@id":"https:\/\/acrimat.org.br\/portal\/maggi-confirma-retirada-da-saponina-da-vacina-contra-aftosa\/#breadcrumb"},"inLanguage":"pt-BR","potentialAction":[{"@type":"ReadAction","target":["https:\/\/acrimat.org.br\/portal\/maggi-confirma-retirada-da-saponina-da-vacina-contra-aftosa\/"]}]},{"@type":"ImageObject","inLanguage":"pt-BR","@id":"https:\/\/acrimat.org.br\/portal\/maggi-confirma-retirada-da-saponina-da-vacina-contra-aftosa\/#primaryimage","url":"https:\/\/acrimat.org.br\/portal\/wp-content\/uploads\/2017\/03\/maggi10096.jpg","contentUrl":"https:\/\/acrimat.org.br\/portal\/wp-content\/uploads\/2017\/03\/maggi10096.jpg","width":300,"height":257},{"@type":"BreadcrumbList","@id":"https:\/\/acrimat.org.br\/portal\/maggi-confirma-retirada-da-saponina-da-vacina-contra-aftosa\/#breadcrumb","itemListElement":[{"@type":"ListItem","position":1,"name":"In\u00edcio","item":"https:\/\/acrimat.org.br\/portal\/"},{"@type":"ListItem","position":2,"name":"Maggi confirma retirada da saponina da vacina contra aftosa"}]},{"@type":"WebSite","@id":"https:\/\/acrimat.org.br\/portal\/#website","url":"https:\/\/acrimat.org.br\/portal\/","name":"Acrimat","description":"Associa\u00e7\u00e3o dos Criadores de Mato Grosso","publisher":{"@id":"https:\/\/acrimat.org.br\/portal\/#organization"},"potentialAction":[{"@type":"SearchAction","target":{"@type":"EntryPoint","urlTemplate":"https:\/\/acrimat.org.br\/portal\/?s={search_term_string}"},"query-input":{"@type":"PropertyValueSpecification","valueRequired":true,"valueName":"search_term_string"}}],"inLanguage":"pt-BR"},{"@type":"Organization","@id":"https:\/\/acrimat.org.br\/portal\/#organization","name":"Associa\u00e7\u00e3o dos Criadores de Mato Grosso","url":"https:\/\/acrimat.org.br\/portal\/","logo":{"@type":"ImageObject","inLanguage":"pt-BR","@id":"https:\/\/acrimat.org.br\/portal\/#\/schema\/logo\/image\/","url":"https:\/\/acrimat.org.br\/portal\/wp-content\/uploads\/2018\/03\/logo-peq-original.png","contentUrl":"https:\/\/acrimat.org.br\/portal\/wp-content\/uploads\/2018\/03\/logo-peq-original.png","width":174,"height":171,"caption":"Associa\u00e7\u00e3o dos Criadores de Mato Grosso"},"image":{"@id":"https:\/\/acrimat.org.br\/portal\/#\/schema\/logo\/image\/"}},{"@type":"Person","@id":"https:\/\/acrimat.org.br\/portal\/#\/schema\/person\/18df8bcf6890e924fe5d8b5afd2bec0f","name":"P\u00e9ricles C\u00e2ndido","image":{"@type":"ImageObject","inLanguage":"pt-BR","@id":"https:\/\/acrimat.org.br\/portal\/#\/schema\/person\/image\/","url":"https:\/\/secure.gravatar.com\/avatar\/33e2a2b971dc363ed2df53d0d3bfbd18?s=96&d=mm&r=g","contentUrl":"https:\/\/secure.gravatar.com\/avatar\/33e2a2b971dc363ed2df53d0d3bfbd18?s=96&d=mm&r=g","caption":"P\u00e9ricles C\u00e2ndido"},"sameAs":["ascom@acrimat.org.br"],"url":"https:\/\/acrimat.org.br\/portal\/author\/designergrafico\/"}]}},"_links":{"self":[{"href":"https:\/\/acrimat.org.br\/portal\/wp-json\/wp\/v2\/posts\/97983110","targetHints":{"allow":["GET"]}}],"collection":[{"href":"https:\/\/acrimat.org.br\/portal\/wp-json\/wp\/v2\/posts"}],"about":[{"href":"https:\/\/acrimat.org.br\/portal\/wp-json\/wp\/v2\/types\/post"}],"author":[{"embeddable":true,"href":"https:\/\/acrimat.org.br\/portal\/wp-json\/wp\/v2\/users\/11"}],"replies":[{"embeddable":true,"href":"https:\/\/acrimat.org.br\/portal\/wp-json\/wp\/v2\/comments?post=97983110"}],"version-history":[{"count":1,"href":"https:\/\/acrimat.org.br\/portal\/wp-json\/wp\/v2\/posts\/97983110\/revisions"}],"predecessor-version":[{"id":97983111,"href":"https:\/\/acrimat.org.br\/portal\/wp-json\/wp\/v2\/posts\/97983110\/revisions\/97983111"}],"wp:featuredmedia":[{"embeddable":true,"href":"https:\/\/acrimat.org.br\/portal\/wp-json\/wp\/v2\/media\/97980971"}],"wp:attachment":[{"href":"https:\/\/acrimat.org.br\/portal\/wp-json\/wp\/v2\/media?parent=97983110"}],"wp:term":[{"taxonomy":"category","embeddable":true,"href":"https:\/\/acrimat.org.br\/portal\/wp-json\/wp\/v2\/categories?post=97983110"},{"taxonomy":"post_tag","embeddable":true,"href":"https:\/\/acrimat.org.br\/portal\/wp-json\/wp\/v2\/tags?post=97983110"}],"curies":[{"name":"wp","href":"https:\/\/api.w.org\/{rel}","templated":true}]}}