{"id":97983125,"date":"2017-08-15T11:15:45","date_gmt":"2017-08-15T14:15:45","guid":{"rendered":"http:\/\/acrimat.org.br\/portal\/?p=97983125"},"modified":"2017-08-15T11:15:45","modified_gmt":"2017-08-15T14:15:45","slug":"parceria-entre-assocon-e-srb-tem-como-foco-o-fortalecimento-da-pecuaria","status":"publish","type":"post","link":"https:\/\/acrimat.org.br\/portal\/parceria-entre-assocon-e-srb-tem-como-foco-o-fortalecimento-da-pecuaria\/","title":{"rendered":"Parceria entre Assocon e SRB tem como foco o fortalecimento da pecu\u00e1ria"},"content":{"rendered":"<p>A partir deste m\u00eas, a Associa\u00e7\u00e3o Nacional da Pecu\u00e1ria Intensiva (Assocon) passa a ocupar espa\u00e7o na sede da Sociedade Rural Brasileira (SRB), em S\u00e3o Paulo (SP), situada na Rua Formosa, 267, na regi\u00e3o central da cidade.<\/p>\n<p>A parceria fortalece o trabalho das entidades de classe, incluindo o alinhamento de agendas e a uni\u00e3o para atingir interesses comuns em prol da pecu\u00e1ria brasileira.<\/p>\n<p>O presidente do Conselho de Administra\u00e7\u00e3o da Assocon, Alberto Pessina, destaca que a parceria fortalece o trabalho conjunto, com sinergias na efetiva defesa dos produtores, tanto em termos de intensifica\u00e7\u00e3o da pecu\u00e1ria como na gera\u00e7\u00e3o de melhorias do mercado. \u201cA SRB tem atua\u00e7\u00e3o consolidada e hist\u00f3rica no agroneg\u00f3cio, atuando em diferentes frentes. Essa aproxima\u00e7\u00e3o entre as entidades certamente contribuir\u00e1 para a conquista de benef\u00edcios para todos os elos da cadeia da carne bovina\u201d, fala.<\/p>\n<p>J\u00e1 o presidente da SRB, Marcelo Weyland, destaca que a uni\u00e3o \u00e9 muito positiva especificamente no fomento \u00e0 intensifica\u00e7\u00e3o da produ\u00e7\u00e3o: \u201cEstamos muito entusiasmados com essa aproxima\u00e7\u00e3o com a Assocon. Vamos somar esfor\u00e7os e alinhar a\u00e7\u00f5es importantes para o avan\u00e7o da atividade no Pa\u00eds\u201d.<\/p>\n<p>\u201cA soma de esfor\u00e7os representa a defesa ainda mais forte dos interesses em comum\u201d, complementa a diretora Executiva da Sociedade Rural Brasileira, Teresa Vendramini.<\/p>\n<p>O gerente t\u00e9cnico da Assocon, Bruno Andrade, comandar\u00e1 a nova sede e ter\u00e1 ao seu lado t\u00e9cnicos para o acompanhamento dos projetos em andamento e das novas iniciativas de fomento e defesa da pecu\u00e1ria intensiva. \u201c\u00c9 nosso papel incentivar o aumento cont\u00ednuo da qualidade e da efici\u00eancia de produ\u00e7\u00e3o, alinhado \u00e0s demandas de mercado e antecipando oportunidades aos pecuaristas. Esse trabalho fica ainda mais fortalecido com a parceria com a SRB\u201d, finaliza.<\/p>\n","protected":false},"excerpt":{"rendered":"<p>Haver\u00e1 alinhamento de agendas e uni\u00e3o para atingir interesses em comum<\/p>\n","protected":false},"author":11,"featured_media":97978811,"comment_status":"closed","ping_status":"closed","sticky":false,"template":"","format":"standard","meta":{"footnotes":""},"categories":[6,1],"tags":[],"class_list":["post-97983125","post","type-post","status-publish","format-standard","has-post-thumbnail","hentry","category-destaque","category-noticia"],"yoast_head":"<!-- This site is optimized with the Yoast SEO plugin v24.8.1 - https:\/\/yoast.com\/wordpress\/plugins\/seo\/ -->\n<title>Parceria entre Assocon e SRB tem como foco o fortalecimento da pecu\u00e1ria - Acrimat<\/title>\n<meta name=\"robots\" content=\"index, follow, max-snippet:-1, max-image-preview:large, max-video-preview:-1\" \/>\n<link rel=\"canonical\" href=\"https:\/\/acrimat.org.br\/portal\/parceria-entre-assocon-e-srb-tem-como-foco-o-fortalecimento-da-pecuaria\/\" \/>\n<meta property=\"og:locale\" content=\"pt_BR\" \/>\n<meta property=\"og:type\" content=\"article\" \/>\n<meta property=\"og:title\" content=\"Parceria entre Assocon e SRB tem como foco o fortalecimento da pecu\u00e1ria - Acrimat\" \/>\n<meta property=\"og:description\" content=\"Haver\u00e1 alinhamento de agendas e uni\u00e3o para atingir interesses em comum\" \/>\n<meta property=\"og:url\" content=\"https:\/\/acrimat.org.br\/portal\/parceria-entre-assocon-e-srb-tem-como-foco-o-fortalecimento-da-pecuaria\/\" \/>\n<meta property=\"og:site_name\" content=\"Acrimat\" \/>\n<meta property=\"article:published_time\" content=\"2017-08-15T14:15:45+00:00\" \/>\n<meta property=\"og:image\" content=\"https:\/\/acrimat.org.br\/portal\/wp-content\/uploads\/2016\/11\/gado24.jpg\" \/>\n\t<meta property=\"og:image:width\" content=\"640\" \/>\n\t<meta property=\"og:image:height\" content=\"480\" \/>\n\t<meta property=\"og:image:type\" content=\"image\/jpeg\" \/>\n<meta name=\"author\" content=\"P\u00e9ricles C\u00e2ndido\" \/>\n<meta name=\"twitter:card\" content=\"summary_large_image\" \/>\n<meta name=\"twitter:label1\" content=\"Escrito por\" \/>\n\t<meta name=\"twitter:data1\" content=\"P\u00e9ricles C\u00e2ndido\" \/>\n\t<meta name=\"twitter:label2\" content=\"Est. tempo de leitura\" \/>\n\t<meta name=\"twitter:data2\" content=\"2 minutos\" \/>\n<script type=\"application\/ld+json\" class=\"yoast-schema-graph\">{\"@context\":\"https:\/\/schema.org\",\"@graph\":[{\"@type\":\"Article\",\"@id\":\"https:\/\/acrimat.org.br\/portal\/parceria-entre-assocon-e-srb-tem-como-foco-o-fortalecimento-da-pecuaria\/#article\",\"isPartOf\":{\"@id\":\"https:\/\/acrimat.org.br\/portal\/parceria-entre-assocon-e-srb-tem-como-foco-o-fortalecimento-da-pecuaria\/\"},\"author\":{\"name\":\"P\u00e9ricles C\u00e2ndido\",\"@id\":\"https:\/\/acrimat.org.br\/portal\/#\/schema\/person\/18df8bcf6890e924fe5d8b5afd2bec0f\"},\"headline\":\"Parceria entre Assocon e SRB tem como foco o fortalecimento da pecu\u00e1ria\",\"datePublished\":\"2017-08-15T14:15:45+00:00\",\"mainEntityOfPage\":{\"@id\":\"https:\/\/acrimat.org.br\/portal\/parceria-entre-assocon-e-srb-tem-como-foco-o-fortalecimento-da-pecuaria\/\"},\"wordCount\":317,\"publisher\":{\"@id\":\"https:\/\/acrimat.org.br\/portal\/#organization\"},\"image\":{\"@id\":\"https:\/\/acrimat.org.br\/portal\/parceria-entre-assocon-e-srb-tem-como-foco-o-fortalecimento-da-pecuaria\/#primaryimage\"},\"thumbnailUrl\":\"https:\/\/acrimat.org.br\/portal\/wp-content\/uploads\/2016\/11\/gado24.jpg\",\"articleSection\":[\"Destaques\",\"Not\u00edcias\"],\"inLanguage\":\"pt-BR\"},{\"@type\":\"WebPage\",\"@id\":\"https:\/\/acrimat.org.br\/portal\/parceria-entre-assocon-e-srb-tem-como-foco-o-fortalecimento-da-pecuaria\/\",\"url\":\"https:\/\/acrimat.org.br\/portal\/parceria-entre-assocon-e-srb-tem-como-foco-o-fortalecimento-da-pecuaria\/\",\"name\":\"Parceria entre Assocon e SRB tem como foco o fortalecimento da pecu\u00e1ria - Acrimat\",\"isPartOf\":{\"@id\":\"https:\/\/acrimat.org.br\/portal\/#website\"},\"primaryImageOfPage\":{\"@id\":\"https:\/\/acrimat.org.br\/portal\/parceria-entre-assocon-e-srb-tem-como-foco-o-fortalecimento-da-pecuaria\/#primaryimage\"},\"image\":{\"@id\":\"https:\/\/acrimat.org.br\/portal\/parceria-entre-assocon-e-srb-tem-como-foco-o-fortalecimento-da-pecuaria\/#primaryimage\"},\"thumbnailUrl\":\"https:\/\/acrimat.org.br\/portal\/wp-content\/uploads\/2016\/11\/gado24.jpg\",\"datePublished\":\"2017-08-15T14:15:45+00:00\",\"breadcrumb\":{\"@id\":\"https:\/\/acrimat.org.br\/portal\/parceria-entre-assocon-e-srb-tem-como-foco-o-fortalecimento-da-pecuaria\/#breadcrumb\"},\"inLanguage\":\"pt-BR\",\"potentialAction\":[{\"@type\":\"ReadAction\",\"target\":[\"https:\/\/acrimat.org.br\/portal\/parceria-entre-assocon-e-srb-tem-como-foco-o-fortalecimento-da-pecuaria\/\"]}]},{\"@type\":\"ImageObject\",\"inLanguage\":\"pt-BR\",\"@id\":\"https:\/\/acrimat.org.br\/portal\/parceria-entre-assocon-e-srb-tem-como-foco-o-fortalecimento-da-pecuaria\/#primaryimage\",\"url\":\"https:\/\/acrimat.org.br\/portal\/wp-content\/uploads\/2016\/11\/gado24.jpg\",\"contentUrl\":\"https:\/\/acrimat.org.br\/portal\/wp-content\/uploads\/2016\/11\/gado24.jpg\",\"width\":640,\"height\":480},{\"@type\":\"BreadcrumbList\",\"@id\":\"https:\/\/acrimat.org.br\/portal\/parceria-entre-assocon-e-srb-tem-como-foco-o-fortalecimento-da-pecuaria\/#breadcrumb\",\"itemListElement\":[{\"@type\":\"ListItem\",\"position\":1,\"name\":\"In\u00edcio\",\"item\":\"https:\/\/acrimat.org.br\/portal\/\"},{\"@type\":\"ListItem\",\"position\":2,\"name\":\"Parceria entre Assocon e SRB tem como foco o fortalecimento da pecu\u00e1ria\"}]},{\"@type\":\"WebSite\",\"@id\":\"https:\/\/acrimat.org.br\/portal\/#website\",\"url\":\"https:\/\/acrimat.org.br\/portal\/\",\"name\":\"Acrimat\",\"description\":\"Associa\u00e7\u00e3o dos Criadores de Mato Grosso\",\"publisher\":{\"@id\":\"https:\/\/acrimat.org.br\/portal\/#organization\"},\"potentialAction\":[{\"@type\":\"SearchAction\",\"target\":{\"@type\":\"EntryPoint\",\"urlTemplate\":\"https:\/\/acrimat.org.br\/portal\/?s={search_term_string}\"},\"query-input\":{\"@type\":\"PropertyValueSpecification\",\"valueRequired\":true,\"valueName\":\"search_term_string\"}}],\"inLanguage\":\"pt-BR\"},{\"@type\":\"Organization\",\"@id\":\"https:\/\/acrimat.org.br\/portal\/#organization\",\"name\":\"Associa\u00e7\u00e3o dos Criadores de Mato Grosso\",\"url\":\"https:\/\/acrimat.org.br\/portal\/\",\"logo\":{\"@type\":\"ImageObject\",\"inLanguage\":\"pt-BR\",\"@id\":\"https:\/\/acrimat.org.br\/portal\/#\/schema\/logo\/image\/\",\"url\":\"https:\/\/acrimat.org.br\/portal\/wp-content\/uploads\/2018\/03\/logo-peq-original.png\",\"contentUrl\":\"https:\/\/acrimat.org.br\/portal\/wp-content\/uploads\/2018\/03\/logo-peq-original.png\",\"width\":174,\"height\":171,\"caption\":\"Associa\u00e7\u00e3o dos Criadores de Mato Grosso\"},\"image\":{\"@id\":\"https:\/\/acrimat.org.br\/portal\/#\/schema\/logo\/image\/\"}},{\"@type\":\"Person\",\"@id\":\"https:\/\/acrimat.org.br\/portal\/#\/schema\/person\/18df8bcf6890e924fe5d8b5afd2bec0f\",\"name\":\"P\u00e9ricles C\u00e2ndido\",\"image\":{\"@type\":\"ImageObject\",\"inLanguage\":\"pt-BR\",\"@id\":\"https:\/\/acrimat.org.br\/portal\/#\/schema\/person\/image\/\",\"url\":\"https:\/\/secure.gravatar.com\/avatar\/33e2a2b971dc363ed2df53d0d3bfbd18?s=96&d=mm&r=g\",\"contentUrl\":\"https:\/\/secure.gravatar.com\/avatar\/33e2a2b971dc363ed2df53d0d3bfbd18?s=96&d=mm&r=g\",\"caption\":\"P\u00e9ricles C\u00e2ndido\"},\"sameAs\":[\"ascom@acrimat.org.br\"],\"url\":\"https:\/\/acrimat.org.br\/portal\/author\/designergrafico\/\"}]}<\/script>\n<!-- \/ Yoast SEO plugin. -->","yoast_head_json":{"title":"Parceria entre Assocon e SRB tem como foco o fortalecimento da pecu\u00e1ria - Acrimat","robots":{"index":"index","follow":"follow","max-snippet":"max-snippet:-1","max-image-preview":"max-image-preview:large","max-video-preview":"max-video-preview:-1"},"canonical":"https:\/\/acrimat.org.br\/portal\/parceria-entre-assocon-e-srb-tem-como-foco-o-fortalecimento-da-pecuaria\/","og_locale":"pt_BR","og_type":"article","og_title":"Parceria entre Assocon e SRB tem como foco o fortalecimento da pecu\u00e1ria - Acrimat","og_description":"Haver\u00e1 alinhamento de agendas e uni\u00e3o para atingir interesses em comum","og_url":"https:\/\/acrimat.org.br\/portal\/parceria-entre-assocon-e-srb-tem-como-foco-o-fortalecimento-da-pecuaria\/","og_site_name":"Acrimat","article_published_time":"2017-08-15T14:15:45+00:00","og_image":[{"width":640,"height":480,"url":"https:\/\/acrimat.org.br\/portal\/wp-content\/uploads\/2016\/11\/gado24.jpg","type":"image\/jpeg"}],"author":"P\u00e9ricles C\u00e2ndido","twitter_card":"summary_large_image","twitter_misc":{"Escrito por":"P\u00e9ricles C\u00e2ndido","Est. tempo de leitura":"2 minutos"},"schema":{"@context":"https:\/\/schema.org","@graph":[{"@type":"Article","@id":"https:\/\/acrimat.org.br\/portal\/parceria-entre-assocon-e-srb-tem-como-foco-o-fortalecimento-da-pecuaria\/#article","isPartOf":{"@id":"https:\/\/acrimat.org.br\/portal\/parceria-entre-assocon-e-srb-tem-como-foco-o-fortalecimento-da-pecuaria\/"},"author":{"name":"P\u00e9ricles C\u00e2ndido","@id":"https:\/\/acrimat.org.br\/portal\/#\/schema\/person\/18df8bcf6890e924fe5d8b5afd2bec0f"},"headline":"Parceria entre Assocon e SRB tem como foco o fortalecimento da pecu\u00e1ria","datePublished":"2017-08-15T14:15:45+00:00","mainEntityOfPage":{"@id":"https:\/\/acrimat.org.br\/portal\/parceria-entre-assocon-e-srb-tem-como-foco-o-fortalecimento-da-pecuaria\/"},"wordCount":317,"publisher":{"@id":"https:\/\/acrimat.org.br\/portal\/#organization"},"image":{"@id":"https:\/\/acrimat.org.br\/portal\/parceria-entre-assocon-e-srb-tem-como-foco-o-fortalecimento-da-pecuaria\/#primaryimage"},"thumbnailUrl":"https:\/\/acrimat.org.br\/portal\/wp-content\/uploads\/2016\/11\/gado24.jpg","articleSection":["Destaques","Not\u00edcias"],"inLanguage":"pt-BR"},{"@type":"WebPage","@id":"https:\/\/acrimat.org.br\/portal\/parceria-entre-assocon-e-srb-tem-como-foco-o-fortalecimento-da-pecuaria\/","url":"https:\/\/acrimat.org.br\/portal\/parceria-entre-assocon-e-srb-tem-como-foco-o-fortalecimento-da-pecuaria\/","name":"Parceria entre Assocon e SRB tem como foco o fortalecimento da pecu\u00e1ria - Acrimat","isPartOf":{"@id":"https:\/\/acrimat.org.br\/portal\/#website"},"primaryImageOfPage":{"@id":"https:\/\/acrimat.org.br\/portal\/parceria-entre-assocon-e-srb-tem-como-foco-o-fortalecimento-da-pecuaria\/#primaryimage"},"image":{"@id":"https:\/\/acrimat.org.br\/portal\/parceria-entre-assocon-e-srb-tem-como-foco-o-fortalecimento-da-pecuaria\/#primaryimage"},"thumbnailUrl":"https:\/\/acrimat.org.br\/portal\/wp-content\/uploads\/2016\/11\/gado24.jpg","datePublished":"2017-08-15T14:15:45+00:00","breadcrumb":{"@id":"https:\/\/acrimat.org.br\/portal\/parceria-entre-assocon-e-srb-tem-como-foco-o-fortalecimento-da-pecuaria\/#breadcrumb"},"inLanguage":"pt-BR","potentialAction":[{"@type":"ReadAction","target":["https:\/\/acrimat.org.br\/portal\/parceria-entre-assocon-e-srb-tem-como-foco-o-fortalecimento-da-pecuaria\/"]}]},{"@type":"ImageObject","inLanguage":"pt-BR","@id":"https:\/\/acrimat.org.br\/portal\/parceria-entre-assocon-e-srb-tem-como-foco-o-fortalecimento-da-pecuaria\/#primaryimage","url":"https:\/\/acrimat.org.br\/portal\/wp-content\/uploads\/2016\/11\/gado24.jpg","contentUrl":"https:\/\/acrimat.org.br\/portal\/wp-content\/uploads\/2016\/11\/gado24.jpg","width":640,"height":480},{"@type":"BreadcrumbList","@id":"https:\/\/acrimat.org.br\/portal\/parceria-entre-assocon-e-srb-tem-como-foco-o-fortalecimento-da-pecuaria\/#breadcrumb","itemListElement":[{"@type":"ListItem","position":1,"name":"In\u00edcio","item":"https:\/\/acrimat.org.br\/portal\/"},{"@type":"ListItem","position":2,"name":"Parceria entre Assocon e SRB tem como foco o fortalecimento da pecu\u00e1ria"}]},{"@type":"WebSite","@id":"https:\/\/acrimat.org.br\/portal\/#website","url":"https:\/\/acrimat.org.br\/portal\/","name":"Acrimat","description":"Associa\u00e7\u00e3o dos Criadores de Mato Grosso","publisher":{"@id":"https:\/\/acrimat.org.br\/portal\/#organization"},"potentialAction":[{"@type":"SearchAction","target":{"@type":"EntryPoint","urlTemplate":"https:\/\/acrimat.org.br\/portal\/?s={search_term_string}"},"query-input":{"@type":"PropertyValueSpecification","valueRequired":true,"valueName":"search_term_string"}}],"inLanguage":"pt-BR"},{"@type":"Organization","@id":"https:\/\/acrimat.org.br\/portal\/#organization","name":"Associa\u00e7\u00e3o dos Criadores de Mato Grosso","url":"https:\/\/acrimat.org.br\/portal\/","logo":{"@type":"ImageObject","inLanguage":"pt-BR","@id":"https:\/\/acrimat.org.br\/portal\/#\/schema\/logo\/image\/","url":"https:\/\/acrimat.org.br\/portal\/wp-content\/uploads\/2018\/03\/logo-peq-original.png","contentUrl":"https:\/\/acrimat.org.br\/portal\/wp-content\/uploads\/2018\/03\/logo-peq-original.png","width":174,"height":171,"caption":"Associa\u00e7\u00e3o dos Criadores de Mato Grosso"},"image":{"@id":"https:\/\/acrimat.org.br\/portal\/#\/schema\/logo\/image\/"}},{"@type":"Person","@id":"https:\/\/acrimat.org.br\/portal\/#\/schema\/person\/18df8bcf6890e924fe5d8b5afd2bec0f","name":"P\u00e9ricles C\u00e2ndido","image":{"@type":"ImageObject","inLanguage":"pt-BR","@id":"https:\/\/acrimat.org.br\/portal\/#\/schema\/person\/image\/","url":"https:\/\/secure.gravatar.com\/avatar\/33e2a2b971dc363ed2df53d0d3bfbd18?s=96&d=mm&r=g","contentUrl":"https:\/\/secure.gravatar.com\/avatar\/33e2a2b971dc363ed2df53d0d3bfbd18?s=96&d=mm&r=g","caption":"P\u00e9ricles C\u00e2ndido"},"sameAs":["ascom@acrimat.org.br"],"url":"https:\/\/acrimat.org.br\/portal\/author\/designergrafico\/"}]}},"_links":{"self":[{"href":"https:\/\/acrimat.org.br\/portal\/wp-json\/wp\/v2\/posts\/97983125","targetHints":{"allow":["GET"]}}],"collection":[{"href":"https:\/\/acrimat.org.br\/portal\/wp-json\/wp\/v2\/posts"}],"about":[{"href":"https:\/\/acrimat.org.br\/portal\/wp-json\/wp\/v2\/types\/post"}],"author":[{"embeddable":true,"href":"https:\/\/acrimat.org.br\/portal\/wp-json\/wp\/v2\/users\/11"}],"replies":[{"embeddable":true,"href":"https:\/\/acrimat.org.br\/portal\/wp-json\/wp\/v2\/comments?post=97983125"}],"version-history":[{"count":1,"href":"https:\/\/acrimat.org.br\/portal\/wp-json\/wp\/v2\/posts\/97983125\/revisions"}],"predecessor-version":[{"id":97983126,"href":"https:\/\/acrimat.org.br\/portal\/wp-json\/wp\/v2\/posts\/97983125\/revisions\/97983126"}],"wp:featuredmedia":[{"embeddable":true,"href":"https:\/\/acrimat.org.br\/portal\/wp-json\/wp\/v2\/media\/97978811"}],"wp:attachment":[{"href":"https:\/\/acrimat.org.br\/portal\/wp-json\/wp\/v2\/media?parent=97983125"}],"wp:term":[{"taxonomy":"category","embeddable":true,"href":"https:\/\/acrimat.org.br\/portal\/wp-json\/wp\/v2\/categories?post=97983125"},{"taxonomy":"post_tag","embeddable":true,"href":"https:\/\/acrimat.org.br\/portal\/wp-json\/wp\/v2\/tags?post=97983125"}],"curies":[{"name":"wp","href":"https:\/\/api.w.org\/{rel}","templated":true}]}}