{"id":97983127,"date":"2017-08-15T10:16:01","date_gmt":"2017-08-15T13:16:01","guid":{"rendered":"http:\/\/acrimat.org.br\/portal\/?p=97983127"},"modified":"2017-08-15T11:17:51","modified_gmt":"2017-08-15T14:17:51","slug":"marfrig-reduz-prejuizo-no-2o-tri-reabre-unidades-por-melhora-de-cenario","status":"publish","type":"post","link":"https:\/\/acrimat.org.br\/portal\/marfrig-reduz-prejuizo-no-2o-tri-reabre-unidades-por-melhora-de-cenario\/","title":{"rendered":"Marfrig reduz preju\u00edzo no 2\u00ba tri; reabre unidades por melhora de cen\u00e1rio"},"content":{"rendered":"<p><a href=\"http:\/\/acrimat.org.br\/portal\/wp-content\/uploads\/2017\/03\/FRIGORIFICO5.jpg\"><img fetchpriority=\"high\" decoding=\"async\" class=\"alignright size-medium wp-image-97981017\" src=\"http:\/\/acrimat.org.br\/portal\/wp-content\/uploads\/2017\/03\/FRIGORIFICO5-300x201.jpg\" alt=\"\" width=\"300\" height=\"201\" \/><\/a>A processadora de carnes Marfrig anunciou nesta segunda-feira que teve preju\u00edzo l\u00edquido das opera\u00e7\u00f5es continuadas de 156,9 milh\u00f5es de reais, ante resultado tamb\u00e9m negativo de 200,5 milh\u00f5es de reais em igual etapa de 2016.<\/p>\n<p>O preju\u00edzo veio com um &#8220;ambiente desafiador&#8221; para o segmento de carne bovina da companhia e por valoriza\u00e7\u00e3o do real contra o d\u00f3lar, que reduz o valor das exporta\u00e7\u00f5es da companhia. Por\u00e9m, a empresa afirmou no balan\u00e7o que v\u00ea com &#8220;perspectiva positiva&#8221; o setor de bovinos brasileiro.<\/p>\n<p>O balan\u00e7o foi divulgado no mesmo dia em que a rival maior JBS anunciou queda de quase 80 por cento no lucro l\u00edquido do segundo trimestre.<\/p>\n<p>O resultado operacional da Marfrig medido pelo Ebitda (lucro antes de juros, impostos, deprecia\u00e7\u00e3o e amortiza\u00e7\u00e3o, na sigla em ingl\u00eas) ajustado no per\u00edodo foi de 391 milh\u00f5es de reais, queda de 7,7 por cento ante mesma etapa de 2016.<\/p>\n<p>A companhia informou junto com o balan\u00e7o que decidiu reabrir at\u00e9 setembro tr\u00eas frigor\u00edficos em Rond\u00f4nia (Ji-Paran\u00e1), Mato Grosso do Sul (Paranaiba) e Rio Grande do Sul (Alegrete), devido \u00e0 melhora do cen\u00e1rio para carnes no pa\u00eds. A empresa j\u00e1 havia anunciado a reabertura de outras duas unidades em julho.<\/p>\n<p>&#8220;Ap\u00f3s a implementa\u00e7\u00e3o dessas reaberturas, estima-se que a opera\u00e7\u00e3o brasileira da divis\u00e3o Beef eleve sua capacidade de abate para cerca de 300 mil cabe\u00e7as por m\u00eas&#8221;, afirmou a Marfrig.<\/p>\n<p>No balan\u00e7o, a companhia comentou que a opera\u00e7\u00e3o Carne Fraca, da Pol\u00edcia Federal, que afetou as exporta\u00e7\u00f5es do setor no segundo trimestre, criou &#8220;oportunidades&#8221; ao aumentar a oferta de gado dispon\u00edvel para abate.<\/p>\n<p>Al\u00e9m disso, a Marfrig tamb\u00e9m afirmou que &#8220;implementa\u00e7\u00e3o dessas a\u00e7\u00f5es (reabertura de unidades e incremento de atividade em outras) elevar\u00e1 o n\u00edvel de produ\u00e7\u00e3o, no Brasil, em torno de 25 por cento&#8221;, a partir do atual semestre.<\/p>\n<p>A Marfrig terminou junho com uma rela\u00e7\u00e3o de d\u00edvida l\u00edquida sobre Ebitda ajustado de 4,55 vezes ante 3,1 vezes divulgados um ano antes.<\/p>\n","protected":false},"excerpt":{"rendered":"<p>A companhia informou junto com o balan\u00e7o que decidiu reabrir at\u00e9 setembro tr\u00eas frigor\u00edficos em Rond\u00f4nia (Ji-Paran\u00e1), Mato Grosso do Sul (Paranaiba) e Rio Grande do Sul (Alegrete)<\/p>\n","protected":false},"author":11,"featured_media":0,"comment_status":"closed","ping_status":"closed","sticky":false,"template":"","format":"standard","meta":{"footnotes":""},"categories":[6,1],"tags":[],"class_list":["post-97983127","post","type-post","status-publish","format-standard","hentry","category-destaque","category-noticia"],"yoast_head":"<!-- This site is optimized with the Yoast SEO plugin v24.8.1 - https:\/\/yoast.com\/wordpress\/plugins\/seo\/ -->\n<title>Marfrig reduz preju\u00edzo no 2\u00ba tri; reabre unidades por melhora de cen\u00e1rio - Acrimat<\/title>\n<meta name=\"robots\" content=\"index, follow, max-snippet:-1, max-image-preview:large, max-video-preview:-1\" \/>\n<link rel=\"canonical\" href=\"https:\/\/acrimat.org.br\/portal\/marfrig-reduz-prejuizo-no-2o-tri-reabre-unidades-por-melhora-de-cenario\/\" \/>\n<meta property=\"og:locale\" content=\"pt_BR\" \/>\n<meta property=\"og:type\" content=\"article\" \/>\n<meta property=\"og:title\" content=\"Marfrig reduz preju\u00edzo no 2\u00ba tri; reabre unidades por melhora de cen\u00e1rio - Acrimat\" \/>\n<meta property=\"og:description\" content=\"A companhia informou junto com o balan\u00e7o que decidiu reabrir at\u00e9 setembro tr\u00eas frigor\u00edficos em Rond\u00f4nia (Ji-Paran\u00e1), Mato Grosso do Sul (Paranaiba) e Rio Grande do Sul (Alegrete)\" \/>\n<meta property=\"og:url\" content=\"https:\/\/acrimat.org.br\/portal\/marfrig-reduz-prejuizo-no-2o-tri-reabre-unidades-por-melhora-de-cenario\/\" \/>\n<meta property=\"og:site_name\" content=\"Acrimat\" \/>\n<meta property=\"article:published_time\" content=\"2017-08-15T13:16:01+00:00\" \/>\n<meta property=\"article:modified_time\" content=\"2017-08-15T14:17:51+00:00\" \/>\n<meta property=\"og:image\" content=\"http:\/\/acrimat.org.br\/portal\/wp-content\/uploads\/2017\/03\/FRIGORIFICO5-300x201.jpg\" \/>\n<meta name=\"author\" content=\"P\u00e9ricles C\u00e2ndido\" \/>\n<meta name=\"twitter:card\" content=\"summary_large_image\" \/>\n<meta name=\"twitter:label1\" content=\"Escrito por\" \/>\n\t<meta name=\"twitter:data1\" content=\"P\u00e9ricles C\u00e2ndido\" \/>\n\t<meta name=\"twitter:label2\" content=\"Est. tempo de leitura\" \/>\n\t<meta name=\"twitter:data2\" content=\"2 minutos\" \/>\n<script type=\"application\/ld+json\" class=\"yoast-schema-graph\">{\"@context\":\"https:\/\/schema.org\",\"@graph\":[{\"@type\":\"Article\",\"@id\":\"https:\/\/acrimat.org.br\/portal\/marfrig-reduz-prejuizo-no-2o-tri-reabre-unidades-por-melhora-de-cenario\/#article\",\"isPartOf\":{\"@id\":\"https:\/\/acrimat.org.br\/portal\/marfrig-reduz-prejuizo-no-2o-tri-reabre-unidades-por-melhora-de-cenario\/\"},\"author\":{\"name\":\"P\u00e9ricles C\u00e2ndido\",\"@id\":\"https:\/\/acrimat.org.br\/portal\/#\/schema\/person\/18df8bcf6890e924fe5d8b5afd2bec0f\"},\"headline\":\"Marfrig reduz preju\u00edzo no 2\u00ba tri; reabre unidades por melhora de cen\u00e1rio\",\"datePublished\":\"2017-08-15T13:16:01+00:00\",\"dateModified\":\"2017-08-15T14:17:51+00:00\",\"mainEntityOfPage\":{\"@id\":\"https:\/\/acrimat.org.br\/portal\/marfrig-reduz-prejuizo-no-2o-tri-reabre-unidades-por-melhora-de-cenario\/\"},\"wordCount\":364,\"publisher\":{\"@id\":\"https:\/\/acrimat.org.br\/portal\/#organization\"},\"image\":{\"@id\":\"https:\/\/acrimat.org.br\/portal\/marfrig-reduz-prejuizo-no-2o-tri-reabre-unidades-por-melhora-de-cenario\/#primaryimage\"},\"thumbnailUrl\":\"http:\/\/acrimat.org.br\/portal\/wp-content\/uploads\/2017\/03\/FRIGORIFICO5-300x201.jpg\",\"articleSection\":[\"Destaques\",\"Not\u00edcias\"],\"inLanguage\":\"pt-BR\"},{\"@type\":\"WebPage\",\"@id\":\"https:\/\/acrimat.org.br\/portal\/marfrig-reduz-prejuizo-no-2o-tri-reabre-unidades-por-melhora-de-cenario\/\",\"url\":\"https:\/\/acrimat.org.br\/portal\/marfrig-reduz-prejuizo-no-2o-tri-reabre-unidades-por-melhora-de-cenario\/\",\"name\":\"Marfrig reduz preju\u00edzo no 2\u00ba tri; reabre unidades por melhora de cen\u00e1rio - Acrimat\",\"isPartOf\":{\"@id\":\"https:\/\/acrimat.org.br\/portal\/#website\"},\"primaryImageOfPage\":{\"@id\":\"https:\/\/acrimat.org.br\/portal\/marfrig-reduz-prejuizo-no-2o-tri-reabre-unidades-por-melhora-de-cenario\/#primaryimage\"},\"image\":{\"@id\":\"https:\/\/acrimat.org.br\/portal\/marfrig-reduz-prejuizo-no-2o-tri-reabre-unidades-por-melhora-de-cenario\/#primaryimage\"},\"thumbnailUrl\":\"http:\/\/acrimat.org.br\/portal\/wp-content\/uploads\/2017\/03\/FRIGORIFICO5-300x201.jpg\",\"datePublished\":\"2017-08-15T13:16:01+00:00\",\"dateModified\":\"2017-08-15T14:17:51+00:00\",\"breadcrumb\":{\"@id\":\"https:\/\/acrimat.org.br\/portal\/marfrig-reduz-prejuizo-no-2o-tri-reabre-unidades-por-melhora-de-cenario\/#breadcrumb\"},\"inLanguage\":\"pt-BR\",\"potentialAction\":[{\"@type\":\"ReadAction\",\"target\":[\"https:\/\/acrimat.org.br\/portal\/marfrig-reduz-prejuizo-no-2o-tri-reabre-unidades-por-melhora-de-cenario\/\"]}]},{\"@type\":\"ImageObject\",\"inLanguage\":\"pt-BR\",\"@id\":\"https:\/\/acrimat.org.br\/portal\/marfrig-reduz-prejuizo-no-2o-tri-reabre-unidades-por-melhora-de-cenario\/#primaryimage\",\"url\":\"http:\/\/acrimat.org.br\/portal\/wp-content\/uploads\/2017\/03\/FRIGORIFICO5-300x201.jpg\",\"contentUrl\":\"http:\/\/acrimat.org.br\/portal\/wp-content\/uploads\/2017\/03\/FRIGORIFICO5-300x201.jpg\"},{\"@type\":\"BreadcrumbList\",\"@id\":\"https:\/\/acrimat.org.br\/portal\/marfrig-reduz-prejuizo-no-2o-tri-reabre-unidades-por-melhora-de-cenario\/#breadcrumb\",\"itemListElement\":[{\"@type\":\"ListItem\",\"position\":1,\"name\":\"In\u00edcio\",\"item\":\"https:\/\/acrimat.org.br\/portal\/\"},{\"@type\":\"ListItem\",\"position\":2,\"name\":\"Marfrig reduz preju\u00edzo no 2\u00ba tri; reabre unidades por melhora de cen\u00e1rio\"}]},{\"@type\":\"WebSite\",\"@id\":\"https:\/\/acrimat.org.br\/portal\/#website\",\"url\":\"https:\/\/acrimat.org.br\/portal\/\",\"name\":\"Acrimat\",\"description\":\"Associa\u00e7\u00e3o dos Criadores de Mato Grosso\",\"publisher\":{\"@id\":\"https:\/\/acrimat.org.br\/portal\/#organization\"},\"potentialAction\":[{\"@type\":\"SearchAction\",\"target\":{\"@type\":\"EntryPoint\",\"urlTemplate\":\"https:\/\/acrimat.org.br\/portal\/?s={search_term_string}\"},\"query-input\":{\"@type\":\"PropertyValueSpecification\",\"valueRequired\":true,\"valueName\":\"search_term_string\"}}],\"inLanguage\":\"pt-BR\"},{\"@type\":\"Organization\",\"@id\":\"https:\/\/acrimat.org.br\/portal\/#organization\",\"name\":\"Associa\u00e7\u00e3o dos Criadores de Mato Grosso\",\"url\":\"https:\/\/acrimat.org.br\/portal\/\",\"logo\":{\"@type\":\"ImageObject\",\"inLanguage\":\"pt-BR\",\"@id\":\"https:\/\/acrimat.org.br\/portal\/#\/schema\/logo\/image\/\",\"url\":\"https:\/\/acrimat.org.br\/portal\/wp-content\/uploads\/2018\/03\/logo-peq-original.png\",\"contentUrl\":\"https:\/\/acrimat.org.br\/portal\/wp-content\/uploads\/2018\/03\/logo-peq-original.png\",\"width\":174,\"height\":171,\"caption\":\"Associa\u00e7\u00e3o dos Criadores de Mato Grosso\"},\"image\":{\"@id\":\"https:\/\/acrimat.org.br\/portal\/#\/schema\/logo\/image\/\"}},{\"@type\":\"Person\",\"@id\":\"https:\/\/acrimat.org.br\/portal\/#\/schema\/person\/18df8bcf6890e924fe5d8b5afd2bec0f\",\"name\":\"P\u00e9ricles C\u00e2ndido\",\"image\":{\"@type\":\"ImageObject\",\"inLanguage\":\"pt-BR\",\"@id\":\"https:\/\/acrimat.org.br\/portal\/#\/schema\/person\/image\/\",\"url\":\"https:\/\/secure.gravatar.com\/avatar\/33e2a2b971dc363ed2df53d0d3bfbd18?s=96&d=mm&r=g\",\"contentUrl\":\"https:\/\/secure.gravatar.com\/avatar\/33e2a2b971dc363ed2df53d0d3bfbd18?s=96&d=mm&r=g\",\"caption\":\"P\u00e9ricles C\u00e2ndido\"},\"sameAs\":[\"ascom@acrimat.org.br\"],\"url\":\"https:\/\/acrimat.org.br\/portal\/author\/designergrafico\/\"}]}<\/script>\n<!-- \/ Yoast SEO plugin. -->","yoast_head_json":{"title":"Marfrig reduz preju\u00edzo no 2\u00ba tri; reabre unidades por melhora de cen\u00e1rio - Acrimat","robots":{"index":"index","follow":"follow","max-snippet":"max-snippet:-1","max-image-preview":"max-image-preview:large","max-video-preview":"max-video-preview:-1"},"canonical":"https:\/\/acrimat.org.br\/portal\/marfrig-reduz-prejuizo-no-2o-tri-reabre-unidades-por-melhora-de-cenario\/","og_locale":"pt_BR","og_type":"article","og_title":"Marfrig reduz preju\u00edzo no 2\u00ba tri; reabre unidades por melhora de cen\u00e1rio - Acrimat","og_description":"A companhia informou junto com o balan\u00e7o que decidiu reabrir at\u00e9 setembro tr\u00eas frigor\u00edficos em Rond\u00f4nia (Ji-Paran\u00e1), Mato Grosso do Sul (Paranaiba) e Rio Grande do Sul (Alegrete)","og_url":"https:\/\/acrimat.org.br\/portal\/marfrig-reduz-prejuizo-no-2o-tri-reabre-unidades-por-melhora-de-cenario\/","og_site_name":"Acrimat","article_published_time":"2017-08-15T13:16:01+00:00","article_modified_time":"2017-08-15T14:17:51+00:00","og_image":[{"url":"http:\/\/acrimat.org.br\/portal\/wp-content\/uploads\/2017\/03\/FRIGORIFICO5-300x201.jpg","type":"","width":"","height":""}],"author":"P\u00e9ricles C\u00e2ndido","twitter_card":"summary_large_image","twitter_misc":{"Escrito por":"P\u00e9ricles C\u00e2ndido","Est. tempo de leitura":"2 minutos"},"schema":{"@context":"https:\/\/schema.org","@graph":[{"@type":"Article","@id":"https:\/\/acrimat.org.br\/portal\/marfrig-reduz-prejuizo-no-2o-tri-reabre-unidades-por-melhora-de-cenario\/#article","isPartOf":{"@id":"https:\/\/acrimat.org.br\/portal\/marfrig-reduz-prejuizo-no-2o-tri-reabre-unidades-por-melhora-de-cenario\/"},"author":{"name":"P\u00e9ricles C\u00e2ndido","@id":"https:\/\/acrimat.org.br\/portal\/#\/schema\/person\/18df8bcf6890e924fe5d8b5afd2bec0f"},"headline":"Marfrig reduz preju\u00edzo no 2\u00ba tri; reabre unidades por melhora de cen\u00e1rio","datePublished":"2017-08-15T13:16:01+00:00","dateModified":"2017-08-15T14:17:51+00:00","mainEntityOfPage":{"@id":"https:\/\/acrimat.org.br\/portal\/marfrig-reduz-prejuizo-no-2o-tri-reabre-unidades-por-melhora-de-cenario\/"},"wordCount":364,"publisher":{"@id":"https:\/\/acrimat.org.br\/portal\/#organization"},"image":{"@id":"https:\/\/acrimat.org.br\/portal\/marfrig-reduz-prejuizo-no-2o-tri-reabre-unidades-por-melhora-de-cenario\/#primaryimage"},"thumbnailUrl":"http:\/\/acrimat.org.br\/portal\/wp-content\/uploads\/2017\/03\/FRIGORIFICO5-300x201.jpg","articleSection":["Destaques","Not\u00edcias"],"inLanguage":"pt-BR"},{"@type":"WebPage","@id":"https:\/\/acrimat.org.br\/portal\/marfrig-reduz-prejuizo-no-2o-tri-reabre-unidades-por-melhora-de-cenario\/","url":"https:\/\/acrimat.org.br\/portal\/marfrig-reduz-prejuizo-no-2o-tri-reabre-unidades-por-melhora-de-cenario\/","name":"Marfrig reduz preju\u00edzo no 2\u00ba tri; reabre unidades por melhora de cen\u00e1rio - Acrimat","isPartOf":{"@id":"https:\/\/acrimat.org.br\/portal\/#website"},"primaryImageOfPage":{"@id":"https:\/\/acrimat.org.br\/portal\/marfrig-reduz-prejuizo-no-2o-tri-reabre-unidades-por-melhora-de-cenario\/#primaryimage"},"image":{"@id":"https:\/\/acrimat.org.br\/portal\/marfrig-reduz-prejuizo-no-2o-tri-reabre-unidades-por-melhora-de-cenario\/#primaryimage"},"thumbnailUrl":"http:\/\/acrimat.org.br\/portal\/wp-content\/uploads\/2017\/03\/FRIGORIFICO5-300x201.jpg","datePublished":"2017-08-15T13:16:01+00:00","dateModified":"2017-08-15T14:17:51+00:00","breadcrumb":{"@id":"https:\/\/acrimat.org.br\/portal\/marfrig-reduz-prejuizo-no-2o-tri-reabre-unidades-por-melhora-de-cenario\/#breadcrumb"},"inLanguage":"pt-BR","potentialAction":[{"@type":"ReadAction","target":["https:\/\/acrimat.org.br\/portal\/marfrig-reduz-prejuizo-no-2o-tri-reabre-unidades-por-melhora-de-cenario\/"]}]},{"@type":"ImageObject","inLanguage":"pt-BR","@id":"https:\/\/acrimat.org.br\/portal\/marfrig-reduz-prejuizo-no-2o-tri-reabre-unidades-por-melhora-de-cenario\/#primaryimage","url":"http:\/\/acrimat.org.br\/portal\/wp-content\/uploads\/2017\/03\/FRIGORIFICO5-300x201.jpg","contentUrl":"http:\/\/acrimat.org.br\/portal\/wp-content\/uploads\/2017\/03\/FRIGORIFICO5-300x201.jpg"},{"@type":"BreadcrumbList","@id":"https:\/\/acrimat.org.br\/portal\/marfrig-reduz-prejuizo-no-2o-tri-reabre-unidades-por-melhora-de-cenario\/#breadcrumb","itemListElement":[{"@type":"ListItem","position":1,"name":"In\u00edcio","item":"https:\/\/acrimat.org.br\/portal\/"},{"@type":"ListItem","position":2,"name":"Marfrig reduz preju\u00edzo no 2\u00ba tri; reabre unidades por melhora de cen\u00e1rio"}]},{"@type":"WebSite","@id":"https:\/\/acrimat.org.br\/portal\/#website","url":"https:\/\/acrimat.org.br\/portal\/","name":"Acrimat","description":"Associa\u00e7\u00e3o dos Criadores de Mato Grosso","publisher":{"@id":"https:\/\/acrimat.org.br\/portal\/#organization"},"potentialAction":[{"@type":"SearchAction","target":{"@type":"EntryPoint","urlTemplate":"https:\/\/acrimat.org.br\/portal\/?s={search_term_string}"},"query-input":{"@type":"PropertyValueSpecification","valueRequired":true,"valueName":"search_term_string"}}],"inLanguage":"pt-BR"},{"@type":"Organization","@id":"https:\/\/acrimat.org.br\/portal\/#organization","name":"Associa\u00e7\u00e3o dos Criadores de Mato Grosso","url":"https:\/\/acrimat.org.br\/portal\/","logo":{"@type":"ImageObject","inLanguage":"pt-BR","@id":"https:\/\/acrimat.org.br\/portal\/#\/schema\/logo\/image\/","url":"https:\/\/acrimat.org.br\/portal\/wp-content\/uploads\/2018\/03\/logo-peq-original.png","contentUrl":"https:\/\/acrimat.org.br\/portal\/wp-content\/uploads\/2018\/03\/logo-peq-original.png","width":174,"height":171,"caption":"Associa\u00e7\u00e3o dos Criadores de Mato Grosso"},"image":{"@id":"https:\/\/acrimat.org.br\/portal\/#\/schema\/logo\/image\/"}},{"@type":"Person","@id":"https:\/\/acrimat.org.br\/portal\/#\/schema\/person\/18df8bcf6890e924fe5d8b5afd2bec0f","name":"P\u00e9ricles C\u00e2ndido","image":{"@type":"ImageObject","inLanguage":"pt-BR","@id":"https:\/\/acrimat.org.br\/portal\/#\/schema\/person\/image\/","url":"https:\/\/secure.gravatar.com\/avatar\/33e2a2b971dc363ed2df53d0d3bfbd18?s=96&d=mm&r=g","contentUrl":"https:\/\/secure.gravatar.com\/avatar\/33e2a2b971dc363ed2df53d0d3bfbd18?s=96&d=mm&r=g","caption":"P\u00e9ricles C\u00e2ndido"},"sameAs":["ascom@acrimat.org.br"],"url":"https:\/\/acrimat.org.br\/portal\/author\/designergrafico\/"}]}},"_links":{"self":[{"href":"https:\/\/acrimat.org.br\/portal\/wp-json\/wp\/v2\/posts\/97983127","targetHints":{"allow":["GET"]}}],"collection":[{"href":"https:\/\/acrimat.org.br\/portal\/wp-json\/wp\/v2\/posts"}],"about":[{"href":"https:\/\/acrimat.org.br\/portal\/wp-json\/wp\/v2\/types\/post"}],"author":[{"embeddable":true,"href":"https:\/\/acrimat.org.br\/portal\/wp-json\/wp\/v2\/users\/11"}],"replies":[{"embeddable":true,"href":"https:\/\/acrimat.org.br\/portal\/wp-json\/wp\/v2\/comments?post=97983127"}],"version-history":[{"count":2,"href":"https:\/\/acrimat.org.br\/portal\/wp-json\/wp\/v2\/posts\/97983127\/revisions"}],"predecessor-version":[{"id":97983129,"href":"https:\/\/acrimat.org.br\/portal\/wp-json\/wp\/v2\/posts\/97983127\/revisions\/97983129"}],"wp:attachment":[{"href":"https:\/\/acrimat.org.br\/portal\/wp-json\/wp\/v2\/media?parent=97983127"}],"wp:term":[{"taxonomy":"category","embeddable":true,"href":"https:\/\/acrimat.org.br\/portal\/wp-json\/wp\/v2\/categories?post=97983127"},{"taxonomy":"post_tag","embeddable":true,"href":"https:\/\/acrimat.org.br\/portal\/wp-json\/wp\/v2\/tags?post=97983127"}],"curies":[{"name":"wp","href":"https:\/\/api.w.org\/{rel}","templated":true}]}}