{"id":97983130,"date":"2017-08-15T11:23:23","date_gmt":"2017-08-15T14:23:23","guid":{"rendered":"http:\/\/acrimat.org.br\/portal\/?p=97983130"},"modified":"2017-08-15T11:23:23","modified_gmt":"2017-08-15T14:23:23","slug":"brasil-recebera-visita-de-tecnicos-americanos-para-inspecao-veterinaria","status":"publish","type":"post","link":"https:\/\/acrimat.org.br\/portal\/brasil-recebera-visita-de-tecnicos-americanos-para-inspecao-veterinaria\/","title":{"rendered":"Brasil receber\u00e1 visita de t\u00e9cnicos americanos para inspe\u00e7\u00e3o veterin\u00e1ria"},"content":{"rendered":"<div id=\"attachment_97982731\" style=\"width: 310px\" class=\"wp-caption alignright\"><a href=\"http:\/\/acrimat.org.br\/portal\/wp-content\/uploads\/2017\/07\/1490087002867.jpg\"><img fetchpriority=\"high\" decoding=\"async\" aria-describedby=\"caption-attachment-97982731\" class=\"size-medium wp-image-97982731\" src=\"http:\/\/acrimat.org.br\/portal\/wp-content\/uploads\/2017\/07\/1490087002867-300x200.jpg\" alt=\"\" width=\"300\" height=\"200\" \/><\/a><p id=\"caption-attachment-97982731\" class=\"wp-caption-text\">O ministro da Agricultura, Blairo Maggi, durante inspe\u00e7\u00e3o a frigor\u00edficos ap\u00f3s a Opera\u00e7\u00e3o Carne da Fraca da Pol\u00edcia Federal Foto: Carlos Silva\/Mapa<\/p><\/div>\n<p>O Brasil dever\u00e1 receber a visita de t\u00e9cnicos norte-americanos para uma inspe\u00e7\u00e3o veterin\u00e1ria at\u00e9 o fim desse m\u00eas, segundo o ministro da Agricultura, Pecu\u00e1ria e Abastecimento, Blairo Maggi. O objetivo \u00e9 avan\u00e7ar na retomada das exporta\u00e7\u00f5es de carne fresca para os Estados Unidos.<\/p>\n<p>Segundo o ministro, a pasta convidou os t\u00e9cnicos. Em visita a Lucas do Rio Verde (MT), acompanhando o presidente Michel Temer, na \u00faltima sexta-feira (11), Maggi disse que est\u00e1 \u201ctudo sendo arrumado para [o Brasil] voltar em breve ao mercado dos Estados Unidos\u201d.<\/p>\n<p>O embargo norte-americano ao produto brasileiro foi anunciado no dia 22 de junho devido a preocupa\u00e7\u00f5es recorrentes sobre a seguran\u00e7a dos produtos destinados ao mercado daquele pa\u00eds, segundo autoridades dos EUA. O fechamento do mercado norte-americano se deu em raz\u00e3o da exist\u00eancia de abscessos, al\u00e9m de peda\u00e7os de osso encontrados na parte dianteira dos animais.<\/p>\n<p>Segundo o Minist\u00e9rio, a vacina\u00e7\u00e3o contra a febre aftosa pode ser a causa das inflama\u00e7\u00f5es. Para tentar solucionar a quest\u00e3o, Maggi tamb\u00e9m disse que a saponina dever\u00e1 deixar de ser um dos componentes da vacina e que as doses da vacina ser\u00e3o reduzias de 5 mililitros (ml) para 2,5 ml.<\/p>\n<p>A retirada da saponina estava entre as altera\u00e7\u00f5es solicitadas pelo agroneg\u00f3cio em documento encaminhado ao minist\u00e9rio. As institui\u00e7\u00f5es relacionam a subst\u00e2ncia \u201c\u00e0 exacerbada irrita\u00e7\u00e3o no local da aplica\u00e7\u00e3o, que se agrava at\u00e9 casos de edema e severa rea\u00e7\u00e3o inflamat\u00f3ria, com consequente ocorr\u00eancia de abscessos [n\u00f3dulo inchado cheio de pus]\u201d.<\/p>\n<p>Em julho, o Sindicato Nacional da Ind\u00fastria de Produtos para Sa\u00fade Animal (Sindan) j\u00e1 havia antecipado que faria altera\u00e7\u00f5es na vacina. At\u00e9 ent\u00e3o, o Mapa n\u00e3o tinha confirmado as informa\u00e7\u00f5es.<\/p>\n<p>\u201cN\u00e3o \u00e9 uma quest\u00e3o de sa\u00fade humana, mas de apresenta\u00e7\u00e3o. O Brasil \u00e9 livre de aftosa com vacina\u00e7\u00e3o, o que significa que n\u00e3o podemos exportar para um pa\u00eds livre sem vacina\u00e7\u00e3o qualquer tipo de carne com osso\u201d, diz o ministro. Trata-se de medida preventiva, j\u00e1 que na hip\u00f3tese de ocorr\u00eancia da doen\u00e7a, o v\u00edrus poderia resistir nos ossos por meses.<\/p>\n<p>Foram 17 anos de negocia\u00e7\u00f5es para que o Brasil conseguisse exportar carne fresca para os Estados Unidos. As exporta\u00e7\u00f5es come\u00e7aram a ser feitas em setembro do ano passado. Ao todo, 15 plantas frigor\u00edficas exportavam carne in natura para o pa\u00eds. Essas plantas acumularam, de janeiro a maio, US$ 49 milh\u00f5es em exporta\u00e7\u00e3o.<\/p>\n<p>Maggi foi pessoalmente aos Estados Unidos onde reuniu-se com o secret\u00e1rio de Agricultura do governo norte-americano, Sonny Perdue, em Washington. O ministro mostrou otimismo e disse, na ocasi\u00e3o, acreditar que as exporta\u00e7\u00f5es ser\u00e3o retomadas em 60 dias.<\/p>\n<p>A venda de carne fresca para os Estados Unidos representa apenas 2% das exporta\u00e7\u00f5es totais brasileiras. Tradicionalmente, o pa\u00eds vende carne industrializada para o mercado norte-americano, cujas exporta\u00e7\u00f5es n\u00e3o foram afetadas.<\/p>\n","protected":false},"excerpt":{"rendered":"<p>O objetivo \u00e9 avan\u00e7ar na retomada das exporta\u00e7\u00f5es de carne fresca para os Estados Unidos<\/p>\n","protected":false},"author":11,"featured_media":0,"comment_status":"closed","ping_status":"closed","sticky":false,"template":"","format":"standard","meta":{"footnotes":""},"categories":[6,1],"tags":[],"class_list":["post-97983130","post","type-post","status-publish","format-standard","hentry","category-destaque","category-noticia"],"yoast_head":"<!-- This site is optimized with the Yoast SEO plugin v24.8.1 - https:\/\/yoast.com\/wordpress\/plugins\/seo\/ -->\n<title>Brasil receber\u00e1 visita de t\u00e9cnicos americanos para inspe\u00e7\u00e3o veterin\u00e1ria - Acrimat<\/title>\n<meta name=\"robots\" content=\"index, follow, max-snippet:-1, max-image-preview:large, max-video-preview:-1\" \/>\n<link rel=\"canonical\" href=\"https:\/\/acrimat.org.br\/portal\/brasil-recebera-visita-de-tecnicos-americanos-para-inspecao-veterinaria\/\" \/>\n<meta property=\"og:locale\" content=\"pt_BR\" \/>\n<meta property=\"og:type\" content=\"article\" \/>\n<meta property=\"og:title\" content=\"Brasil receber\u00e1 visita de t\u00e9cnicos americanos para inspe\u00e7\u00e3o veterin\u00e1ria - Acrimat\" \/>\n<meta property=\"og:description\" content=\"O objetivo \u00e9 avan\u00e7ar na retomada das exporta\u00e7\u00f5es de carne fresca para os Estados Unidos\" \/>\n<meta property=\"og:url\" content=\"https:\/\/acrimat.org.br\/portal\/brasil-recebera-visita-de-tecnicos-americanos-para-inspecao-veterinaria\/\" \/>\n<meta property=\"og:site_name\" content=\"Acrimat\" \/>\n<meta property=\"article:published_time\" content=\"2017-08-15T14:23:23+00:00\" \/>\n<meta property=\"og:image\" content=\"http:\/\/acrimat.org.br\/portal\/wp-content\/uploads\/2017\/07\/1490087002867-300x200.jpg\" \/>\n<meta name=\"author\" content=\"P\u00e9ricles C\u00e2ndido\" \/>\n<meta name=\"twitter:card\" content=\"summary_large_image\" \/>\n<meta name=\"twitter:label1\" content=\"Escrito por\" \/>\n\t<meta name=\"twitter:data1\" content=\"P\u00e9ricles C\u00e2ndido\" \/>\n\t<meta name=\"twitter:label2\" content=\"Est. tempo de leitura\" \/>\n\t<meta name=\"twitter:data2\" content=\"3 minutos\" \/>\n<script type=\"application\/ld+json\" class=\"yoast-schema-graph\">{\"@context\":\"https:\/\/schema.org\",\"@graph\":[{\"@type\":\"Article\",\"@id\":\"https:\/\/acrimat.org.br\/portal\/brasil-recebera-visita-de-tecnicos-americanos-para-inspecao-veterinaria\/#article\",\"isPartOf\":{\"@id\":\"https:\/\/acrimat.org.br\/portal\/brasil-recebera-visita-de-tecnicos-americanos-para-inspecao-veterinaria\/\"},\"author\":{\"name\":\"P\u00e9ricles C\u00e2ndido\",\"@id\":\"https:\/\/acrimat.org.br\/portal\/#\/schema\/person\/18df8bcf6890e924fe5d8b5afd2bec0f\"},\"headline\":\"Brasil receber\u00e1 visita de t\u00e9cnicos americanos para inspe\u00e7\u00e3o veterin\u00e1ria\",\"datePublished\":\"2017-08-15T14:23:23+00:00\",\"mainEntityOfPage\":{\"@id\":\"https:\/\/acrimat.org.br\/portal\/brasil-recebera-visita-de-tecnicos-americanos-para-inspecao-veterinaria\/\"},\"wordCount\":549,\"publisher\":{\"@id\":\"https:\/\/acrimat.org.br\/portal\/#organization\"},\"image\":{\"@id\":\"https:\/\/acrimat.org.br\/portal\/brasil-recebera-visita-de-tecnicos-americanos-para-inspecao-veterinaria\/#primaryimage\"},\"thumbnailUrl\":\"http:\/\/acrimat.org.br\/portal\/wp-content\/uploads\/2017\/07\/1490087002867-300x200.jpg\",\"articleSection\":[\"Destaques\",\"Not\u00edcias\"],\"inLanguage\":\"pt-BR\"},{\"@type\":\"WebPage\",\"@id\":\"https:\/\/acrimat.org.br\/portal\/brasil-recebera-visita-de-tecnicos-americanos-para-inspecao-veterinaria\/\",\"url\":\"https:\/\/acrimat.org.br\/portal\/brasil-recebera-visita-de-tecnicos-americanos-para-inspecao-veterinaria\/\",\"name\":\"Brasil receber\u00e1 visita de t\u00e9cnicos americanos para inspe\u00e7\u00e3o veterin\u00e1ria - Acrimat\",\"isPartOf\":{\"@id\":\"https:\/\/acrimat.org.br\/portal\/#website\"},\"primaryImageOfPage\":{\"@id\":\"https:\/\/acrimat.org.br\/portal\/brasil-recebera-visita-de-tecnicos-americanos-para-inspecao-veterinaria\/#primaryimage\"},\"image\":{\"@id\":\"https:\/\/acrimat.org.br\/portal\/brasil-recebera-visita-de-tecnicos-americanos-para-inspecao-veterinaria\/#primaryimage\"},\"thumbnailUrl\":\"http:\/\/acrimat.org.br\/portal\/wp-content\/uploads\/2017\/07\/1490087002867-300x200.jpg\",\"datePublished\":\"2017-08-15T14:23:23+00:00\",\"breadcrumb\":{\"@id\":\"https:\/\/acrimat.org.br\/portal\/brasil-recebera-visita-de-tecnicos-americanos-para-inspecao-veterinaria\/#breadcrumb\"},\"inLanguage\":\"pt-BR\",\"potentialAction\":[{\"@type\":\"ReadAction\",\"target\":[\"https:\/\/acrimat.org.br\/portal\/brasil-recebera-visita-de-tecnicos-americanos-para-inspecao-veterinaria\/\"]}]},{\"@type\":\"ImageObject\",\"inLanguage\":\"pt-BR\",\"@id\":\"https:\/\/acrimat.org.br\/portal\/brasil-recebera-visita-de-tecnicos-americanos-para-inspecao-veterinaria\/#primaryimage\",\"url\":\"http:\/\/acrimat.org.br\/portal\/wp-content\/uploads\/2017\/07\/1490087002867-300x200.jpg\",\"contentUrl\":\"http:\/\/acrimat.org.br\/portal\/wp-content\/uploads\/2017\/07\/1490087002867-300x200.jpg\"},{\"@type\":\"BreadcrumbList\",\"@id\":\"https:\/\/acrimat.org.br\/portal\/brasil-recebera-visita-de-tecnicos-americanos-para-inspecao-veterinaria\/#breadcrumb\",\"itemListElement\":[{\"@type\":\"ListItem\",\"position\":1,\"name\":\"In\u00edcio\",\"item\":\"https:\/\/acrimat.org.br\/portal\/\"},{\"@type\":\"ListItem\",\"position\":2,\"name\":\"Brasil receber\u00e1 visita de t\u00e9cnicos americanos para inspe\u00e7\u00e3o veterin\u00e1ria\"}]},{\"@type\":\"WebSite\",\"@id\":\"https:\/\/acrimat.org.br\/portal\/#website\",\"url\":\"https:\/\/acrimat.org.br\/portal\/\",\"name\":\"Acrimat\",\"description\":\"Associa\u00e7\u00e3o dos Criadores de Mato Grosso\",\"publisher\":{\"@id\":\"https:\/\/acrimat.org.br\/portal\/#organization\"},\"potentialAction\":[{\"@type\":\"SearchAction\",\"target\":{\"@type\":\"EntryPoint\",\"urlTemplate\":\"https:\/\/acrimat.org.br\/portal\/?s={search_term_string}\"},\"query-input\":{\"@type\":\"PropertyValueSpecification\",\"valueRequired\":true,\"valueName\":\"search_term_string\"}}],\"inLanguage\":\"pt-BR\"},{\"@type\":\"Organization\",\"@id\":\"https:\/\/acrimat.org.br\/portal\/#organization\",\"name\":\"Associa\u00e7\u00e3o dos Criadores de Mato Grosso\",\"url\":\"https:\/\/acrimat.org.br\/portal\/\",\"logo\":{\"@type\":\"ImageObject\",\"inLanguage\":\"pt-BR\",\"@id\":\"https:\/\/acrimat.org.br\/portal\/#\/schema\/logo\/image\/\",\"url\":\"https:\/\/acrimat.org.br\/portal\/wp-content\/uploads\/2018\/03\/logo-peq-original.png\",\"contentUrl\":\"https:\/\/acrimat.org.br\/portal\/wp-content\/uploads\/2018\/03\/logo-peq-original.png\",\"width\":174,\"height\":171,\"caption\":\"Associa\u00e7\u00e3o dos Criadores de Mato Grosso\"},\"image\":{\"@id\":\"https:\/\/acrimat.org.br\/portal\/#\/schema\/logo\/image\/\"}},{\"@type\":\"Person\",\"@id\":\"https:\/\/acrimat.org.br\/portal\/#\/schema\/person\/18df8bcf6890e924fe5d8b5afd2bec0f\",\"name\":\"P\u00e9ricles C\u00e2ndido\",\"image\":{\"@type\":\"ImageObject\",\"inLanguage\":\"pt-BR\",\"@id\":\"https:\/\/acrimat.org.br\/portal\/#\/schema\/person\/image\/\",\"url\":\"https:\/\/secure.gravatar.com\/avatar\/33e2a2b971dc363ed2df53d0d3bfbd18?s=96&d=mm&r=g\",\"contentUrl\":\"https:\/\/secure.gravatar.com\/avatar\/33e2a2b971dc363ed2df53d0d3bfbd18?s=96&d=mm&r=g\",\"caption\":\"P\u00e9ricles C\u00e2ndido\"},\"sameAs\":[\"ascom@acrimat.org.br\"],\"url\":\"https:\/\/acrimat.org.br\/portal\/author\/designergrafico\/\"}]}<\/script>\n<!-- \/ Yoast SEO plugin. -->","yoast_head_json":{"title":"Brasil receber\u00e1 visita de t\u00e9cnicos americanos para inspe\u00e7\u00e3o veterin\u00e1ria - Acrimat","robots":{"index":"index","follow":"follow","max-snippet":"max-snippet:-1","max-image-preview":"max-image-preview:large","max-video-preview":"max-video-preview:-1"},"canonical":"https:\/\/acrimat.org.br\/portal\/brasil-recebera-visita-de-tecnicos-americanos-para-inspecao-veterinaria\/","og_locale":"pt_BR","og_type":"article","og_title":"Brasil receber\u00e1 visita de t\u00e9cnicos americanos para inspe\u00e7\u00e3o veterin\u00e1ria - Acrimat","og_description":"O objetivo \u00e9 avan\u00e7ar na retomada das exporta\u00e7\u00f5es de carne fresca para os Estados Unidos","og_url":"https:\/\/acrimat.org.br\/portal\/brasil-recebera-visita-de-tecnicos-americanos-para-inspecao-veterinaria\/","og_site_name":"Acrimat","article_published_time":"2017-08-15T14:23:23+00:00","og_image":[{"url":"http:\/\/acrimat.org.br\/portal\/wp-content\/uploads\/2017\/07\/1490087002867-300x200.jpg","type":"","width":"","height":""}],"author":"P\u00e9ricles C\u00e2ndido","twitter_card":"summary_large_image","twitter_misc":{"Escrito por":"P\u00e9ricles C\u00e2ndido","Est. tempo de leitura":"3 minutos"},"schema":{"@context":"https:\/\/schema.org","@graph":[{"@type":"Article","@id":"https:\/\/acrimat.org.br\/portal\/brasil-recebera-visita-de-tecnicos-americanos-para-inspecao-veterinaria\/#article","isPartOf":{"@id":"https:\/\/acrimat.org.br\/portal\/brasil-recebera-visita-de-tecnicos-americanos-para-inspecao-veterinaria\/"},"author":{"name":"P\u00e9ricles C\u00e2ndido","@id":"https:\/\/acrimat.org.br\/portal\/#\/schema\/person\/18df8bcf6890e924fe5d8b5afd2bec0f"},"headline":"Brasil receber\u00e1 visita de t\u00e9cnicos americanos para inspe\u00e7\u00e3o veterin\u00e1ria","datePublished":"2017-08-15T14:23:23+00:00","mainEntityOfPage":{"@id":"https:\/\/acrimat.org.br\/portal\/brasil-recebera-visita-de-tecnicos-americanos-para-inspecao-veterinaria\/"},"wordCount":549,"publisher":{"@id":"https:\/\/acrimat.org.br\/portal\/#organization"},"image":{"@id":"https:\/\/acrimat.org.br\/portal\/brasil-recebera-visita-de-tecnicos-americanos-para-inspecao-veterinaria\/#primaryimage"},"thumbnailUrl":"http:\/\/acrimat.org.br\/portal\/wp-content\/uploads\/2017\/07\/1490087002867-300x200.jpg","articleSection":["Destaques","Not\u00edcias"],"inLanguage":"pt-BR"},{"@type":"WebPage","@id":"https:\/\/acrimat.org.br\/portal\/brasil-recebera-visita-de-tecnicos-americanos-para-inspecao-veterinaria\/","url":"https:\/\/acrimat.org.br\/portal\/brasil-recebera-visita-de-tecnicos-americanos-para-inspecao-veterinaria\/","name":"Brasil receber\u00e1 visita de t\u00e9cnicos americanos para inspe\u00e7\u00e3o veterin\u00e1ria - Acrimat","isPartOf":{"@id":"https:\/\/acrimat.org.br\/portal\/#website"},"primaryImageOfPage":{"@id":"https:\/\/acrimat.org.br\/portal\/brasil-recebera-visita-de-tecnicos-americanos-para-inspecao-veterinaria\/#primaryimage"},"image":{"@id":"https:\/\/acrimat.org.br\/portal\/brasil-recebera-visita-de-tecnicos-americanos-para-inspecao-veterinaria\/#primaryimage"},"thumbnailUrl":"http:\/\/acrimat.org.br\/portal\/wp-content\/uploads\/2017\/07\/1490087002867-300x200.jpg","datePublished":"2017-08-15T14:23:23+00:00","breadcrumb":{"@id":"https:\/\/acrimat.org.br\/portal\/brasil-recebera-visita-de-tecnicos-americanos-para-inspecao-veterinaria\/#breadcrumb"},"inLanguage":"pt-BR","potentialAction":[{"@type":"ReadAction","target":["https:\/\/acrimat.org.br\/portal\/brasil-recebera-visita-de-tecnicos-americanos-para-inspecao-veterinaria\/"]}]},{"@type":"ImageObject","inLanguage":"pt-BR","@id":"https:\/\/acrimat.org.br\/portal\/brasil-recebera-visita-de-tecnicos-americanos-para-inspecao-veterinaria\/#primaryimage","url":"http:\/\/acrimat.org.br\/portal\/wp-content\/uploads\/2017\/07\/1490087002867-300x200.jpg","contentUrl":"http:\/\/acrimat.org.br\/portal\/wp-content\/uploads\/2017\/07\/1490087002867-300x200.jpg"},{"@type":"BreadcrumbList","@id":"https:\/\/acrimat.org.br\/portal\/brasil-recebera-visita-de-tecnicos-americanos-para-inspecao-veterinaria\/#breadcrumb","itemListElement":[{"@type":"ListItem","position":1,"name":"In\u00edcio","item":"https:\/\/acrimat.org.br\/portal\/"},{"@type":"ListItem","position":2,"name":"Brasil receber\u00e1 visita de t\u00e9cnicos americanos para inspe\u00e7\u00e3o veterin\u00e1ria"}]},{"@type":"WebSite","@id":"https:\/\/acrimat.org.br\/portal\/#website","url":"https:\/\/acrimat.org.br\/portal\/","name":"Acrimat","description":"Associa\u00e7\u00e3o dos Criadores de Mato Grosso","publisher":{"@id":"https:\/\/acrimat.org.br\/portal\/#organization"},"potentialAction":[{"@type":"SearchAction","target":{"@type":"EntryPoint","urlTemplate":"https:\/\/acrimat.org.br\/portal\/?s={search_term_string}"},"query-input":{"@type":"PropertyValueSpecification","valueRequired":true,"valueName":"search_term_string"}}],"inLanguage":"pt-BR"},{"@type":"Organization","@id":"https:\/\/acrimat.org.br\/portal\/#organization","name":"Associa\u00e7\u00e3o dos Criadores de Mato Grosso","url":"https:\/\/acrimat.org.br\/portal\/","logo":{"@type":"ImageObject","inLanguage":"pt-BR","@id":"https:\/\/acrimat.org.br\/portal\/#\/schema\/logo\/image\/","url":"https:\/\/acrimat.org.br\/portal\/wp-content\/uploads\/2018\/03\/logo-peq-original.png","contentUrl":"https:\/\/acrimat.org.br\/portal\/wp-content\/uploads\/2018\/03\/logo-peq-original.png","width":174,"height":171,"caption":"Associa\u00e7\u00e3o dos Criadores de Mato Grosso"},"image":{"@id":"https:\/\/acrimat.org.br\/portal\/#\/schema\/logo\/image\/"}},{"@type":"Person","@id":"https:\/\/acrimat.org.br\/portal\/#\/schema\/person\/18df8bcf6890e924fe5d8b5afd2bec0f","name":"P\u00e9ricles C\u00e2ndido","image":{"@type":"ImageObject","inLanguage":"pt-BR","@id":"https:\/\/acrimat.org.br\/portal\/#\/schema\/person\/image\/","url":"https:\/\/secure.gravatar.com\/avatar\/33e2a2b971dc363ed2df53d0d3bfbd18?s=96&d=mm&r=g","contentUrl":"https:\/\/secure.gravatar.com\/avatar\/33e2a2b971dc363ed2df53d0d3bfbd18?s=96&d=mm&r=g","caption":"P\u00e9ricles C\u00e2ndido"},"sameAs":["ascom@acrimat.org.br"],"url":"https:\/\/acrimat.org.br\/portal\/author\/designergrafico\/"}]}},"_links":{"self":[{"href":"https:\/\/acrimat.org.br\/portal\/wp-json\/wp\/v2\/posts\/97983130","targetHints":{"allow":["GET"]}}],"collection":[{"href":"https:\/\/acrimat.org.br\/portal\/wp-json\/wp\/v2\/posts"}],"about":[{"href":"https:\/\/acrimat.org.br\/portal\/wp-json\/wp\/v2\/types\/post"}],"author":[{"embeddable":true,"href":"https:\/\/acrimat.org.br\/portal\/wp-json\/wp\/v2\/users\/11"}],"replies":[{"embeddable":true,"href":"https:\/\/acrimat.org.br\/portal\/wp-json\/wp\/v2\/comments?post=97983130"}],"version-history":[{"count":2,"href":"https:\/\/acrimat.org.br\/portal\/wp-json\/wp\/v2\/posts\/97983130\/revisions"}],"predecessor-version":[{"id":97983132,"href":"https:\/\/acrimat.org.br\/portal\/wp-json\/wp\/v2\/posts\/97983130\/revisions\/97983132"}],"wp:attachment":[{"href":"https:\/\/acrimat.org.br\/portal\/wp-json\/wp\/v2\/media?parent=97983130"}],"wp:term":[{"taxonomy":"category","embeddable":true,"href":"https:\/\/acrimat.org.br\/portal\/wp-json\/wp\/v2\/categories?post=97983130"},{"taxonomy":"post_tag","embeddable":true,"href":"https:\/\/acrimat.org.br\/portal\/wp-json\/wp\/v2\/tags?post=97983130"}],"curies":[{"name":"wp","href":"https:\/\/api.w.org\/{rel}","templated":true}]}}