{"id":97983140,"date":"2017-08-16T08:02:43","date_gmt":"2017-08-16T11:02:43","guid":{"rendered":"http:\/\/acrimat.org.br\/portal\/?p=97983140"},"modified":"2017-08-16T13:20:55","modified_gmt":"2017-08-16T16:20:55","slug":"safra-recorde-faz-valor-de-producao-crescer-no-pais","status":"publish","type":"post","link":"https:\/\/acrimat.org.br\/portal\/safra-recorde-faz-valor-de-producao-crescer-no-pais\/","title":{"rendered":"Safra recorde faz valor de produ\u00e7\u00e3o crescer no pa\u00eds"},"content":{"rendered":"<p><a href=\"http:\/\/acrimat.org.br\/portal\/wp-content\/uploads\/2016\/11\/gado24.jpg\"><img fetchpriority=\"high\" decoding=\"async\" class=\"alignright size-medium wp-image-97978811\" src=\"http:\/\/acrimat.org.br\/portal\/wp-content\/uploads\/2016\/11\/gado24-300x225.jpg\" alt=\"\" width=\"300\" height=\"225\" srcset=\"https:\/\/acrimat.org.br\/portal\/wp-content\/uploads\/2016\/11\/gado24-300x225.jpg 300w, https:\/\/acrimat.org.br\/portal\/wp-content\/uploads\/2016\/11\/gado24-250x188.jpg 250w, https:\/\/acrimat.org.br\/portal\/wp-content\/uploads\/2016\/11\/gado24-550x413.jpg 550w, https:\/\/acrimat.org.br\/portal\/wp-content\/uploads\/2016\/11\/gado24-240x180.jpg 240w, https:\/\/acrimat.org.br\/portal\/wp-content\/uploads\/2016\/11\/gado24-400x300.jpg 400w, https:\/\/acrimat.org.br\/portal\/wp-content\/uploads\/2016\/11\/gado24.jpg 640w\" sizes=\"(max-width: 300px) 100vw, 300px\" \/><\/a>A grande safra de gr\u00e3os dever\u00e1 salvar o resultado final do VBP (Valor Bruto de Produ\u00e7\u00e3o) neste ano, estimado em R$ 535 bilh\u00f5es, 4,5% mais do que em 2016.<\/p>\n<p>Os 20 produtos agr\u00edcolas pesquisados pelo Minist\u00e9rio da Agricultura v\u00e3o atingir R$ 367 bilh\u00f5es, 10% mais do que em 2016.<\/p>\n<p>O principal aumento nesse setor fica para o algod\u00e3o, cujo valor sobe para R$ 21,1 bilh\u00f5es, 76% mais do que em 2016.<\/p>\n<p>A soja, o item de maior valor de produ\u00e7\u00e3o neste ano \u2014R$ 116 bilh\u00f5es\u2014, ter\u00e1 evolu\u00e7\u00e3o de apenas 2,3%.<\/p>\n<p>Tanto algod\u00e3o como soja t\u00eam safras recordes, mas os pre\u00e7os externos do algod\u00e3o s\u00e3o mais favor\u00e1veis que os da soja.<\/p>\n<p>Um dos destaques negativos neste ano fica para o trigo, cujo valor de produ\u00e7\u00e3o recua para R$ 3,3 bilh\u00f5es, 31% menos que em 2016. Essa queda resulta de \u00e1rea menor de plantio e de problemas clim\u00e1ticos nas lavouras.<\/p>\n<p>Segundo Jos\u00e9 Gasques, coordenador-geral de Estudos e An\u00e1lises da SPA (Secretaria de Pol\u00edtica Agr\u00edcola), a situa\u00e7\u00e3o da pecu\u00e1ria (bovino, frango, su\u00edno, leite e ovos) n\u00e3o foi t\u00e3o favor\u00e1vel neste ano quanto a da lavoura.<\/p>\n<p>A queda do faturamento na produ\u00e7\u00e3o de frango e de bovinos for\u00e7ou uma redu\u00e7\u00e3o de 6% no setor neste ano.<\/p>\n<p>Afetado por v\u00e1rias crises no primeiro semestre, o faturamento total da pecu\u00e1ria dever\u00e1 cair para R$ 167,5 bilh\u00f5es.<\/p>\n<p><strong>PERDAS<\/strong><\/p>\n<p>A pecu\u00e1ria foi a grande perdedora nas duas principais regi\u00f5es de maior faturamento do agroneg\u00f3cio: Centro-Oeste e Sudeste. Enquanto as lavouras aumentaram o VBP em ambas, a pecu\u00e1ria teve queda de 9% e 6%, respectivamente.<\/p>\n<p>Gasques mostra que S\u00e3o Paulo, o maior VBP do pa\u00eds, recebeu a influ\u00eancia positiva da cana-de-a\u00e7\u00facar, cujo valor de produ\u00e7\u00e3o subir\u00e1 para R$ 31,1 bilh\u00f5es neste ano.<\/p>\n<p>J\u00e1 Mato Grosso, o segundo principal Estado em faturamento agropecu\u00e1rio, perde receitas na soja, produto que tem a lideran\u00e7a nacional na produ\u00e7\u00e3o.<\/p>\n<p>Ap\u00f3s ter atingido volume financeiro de R$ 31,1 bilh\u00f5es em 2016 no Estado, a oleaginosa dever\u00e1 render R$ 28,2 bilh\u00f5es neste ano.<\/p>\n<p>Outro baque em Mato Grosso ocorreu na pecu\u00e1ria. O valor de produ\u00e7\u00e3o do setor de bovinos recua para R$ 9,9 bilh\u00f5es, 7% menos.<\/p>\n<p>Detentor do maior rebanho do pa\u00eds, Mato Grosso perde receitas devido \u00e0 queda de pre\u00e7os dos animais, provocada pelas opera\u00e7\u00f5es da Pol\u00edcia Federal no setor de carnes.<\/p>\n","protected":false},"excerpt":{"rendered":"<p>Enquanto as lavouras aumentaram o VBP em ambas, a pecu\u00e1ria teve queda de 9% e 6%, respectivamente<\/p>\n","protected":false},"author":11,"featured_media":97979595,"comment_status":"closed","ping_status":"closed","sticky":false,"template":"","format":"standard","meta":{"footnotes":""},"categories":[6,1],"tags":[],"class_list":["post-97983140","post","type-post","status-publish","format-standard","has-post-thumbnail","hentry","category-destaque","category-noticia"],"yoast_head":"<!-- This site is optimized with the Yoast SEO plugin v24.8.1 - https:\/\/yoast.com\/wordpress\/plugins\/seo\/ -->\n<title>Safra recorde faz valor de produ\u00e7\u00e3o crescer no pa\u00eds - Acrimat<\/title>\n<meta name=\"robots\" content=\"index, follow, max-snippet:-1, max-image-preview:large, max-video-preview:-1\" \/>\n<link rel=\"canonical\" href=\"https:\/\/acrimat.org.br\/portal\/safra-recorde-faz-valor-de-producao-crescer-no-pais\/\" \/>\n<meta property=\"og:locale\" content=\"pt_BR\" \/>\n<meta property=\"og:type\" content=\"article\" \/>\n<meta property=\"og:title\" content=\"Safra recorde faz valor de produ\u00e7\u00e3o crescer no pa\u00eds - Acrimat\" \/>\n<meta property=\"og:description\" content=\"Enquanto as lavouras aumentaram o VBP em ambas, a pecu\u00e1ria teve queda de 9% e 6%, respectivamente\" \/>\n<meta property=\"og:url\" content=\"https:\/\/acrimat.org.br\/portal\/safra-recorde-faz-valor-de-producao-crescer-no-pais\/\" \/>\n<meta property=\"og:site_name\" content=\"Acrimat\" \/>\n<meta property=\"article:published_time\" content=\"2017-08-16T11:02:43+00:00\" \/>\n<meta property=\"article:modified_time\" content=\"2017-08-16T16:20:55+00:00\" \/>\n<meta property=\"og:image\" content=\"https:\/\/acrimat.org.br\/portal\/wp-content\/uploads\/2017\/01\/gado24.jpg\" \/>\n\t<meta property=\"og:image:width\" content=\"640\" \/>\n\t<meta property=\"og:image:height\" content=\"480\" \/>\n\t<meta property=\"og:image:type\" content=\"image\/jpeg\" \/>\n<meta name=\"author\" content=\"P\u00e9ricles C\u00e2ndido\" \/>\n<meta name=\"twitter:card\" content=\"summary_large_image\" \/>\n<meta name=\"twitter:label1\" content=\"Escrito por\" \/>\n\t<meta name=\"twitter:data1\" content=\"P\u00e9ricles C\u00e2ndido\" \/>\n\t<meta name=\"twitter:label2\" content=\"Est. tempo de leitura\" \/>\n\t<meta name=\"twitter:data2\" content=\"2 minutos\" \/>\n<script type=\"application\/ld+json\" class=\"yoast-schema-graph\">{\"@context\":\"https:\/\/schema.org\",\"@graph\":[{\"@type\":\"Article\",\"@id\":\"https:\/\/acrimat.org.br\/portal\/safra-recorde-faz-valor-de-producao-crescer-no-pais\/#article\",\"isPartOf\":{\"@id\":\"https:\/\/acrimat.org.br\/portal\/safra-recorde-faz-valor-de-producao-crescer-no-pais\/\"},\"author\":{\"name\":\"P\u00e9ricles C\u00e2ndido\",\"@id\":\"https:\/\/acrimat.org.br\/portal\/#\/schema\/person\/18df8bcf6890e924fe5d8b5afd2bec0f\"},\"headline\":\"Safra recorde faz valor de produ\u00e7\u00e3o crescer no pa\u00eds\",\"datePublished\":\"2017-08-16T11:02:43+00:00\",\"dateModified\":\"2017-08-16T16:20:55+00:00\",\"mainEntityOfPage\":{\"@id\":\"https:\/\/acrimat.org.br\/portal\/safra-recorde-faz-valor-de-producao-crescer-no-pais\/\"},\"wordCount\":421,\"publisher\":{\"@id\":\"https:\/\/acrimat.org.br\/portal\/#organization\"},\"image\":{\"@id\":\"https:\/\/acrimat.org.br\/portal\/safra-recorde-faz-valor-de-producao-crescer-no-pais\/#primaryimage\"},\"thumbnailUrl\":\"https:\/\/acrimat.org.br\/portal\/wp-content\/uploads\/2017\/01\/gado24.jpg\",\"articleSection\":[\"Destaques\",\"Not\u00edcias\"],\"inLanguage\":\"pt-BR\"},{\"@type\":\"WebPage\",\"@id\":\"https:\/\/acrimat.org.br\/portal\/safra-recorde-faz-valor-de-producao-crescer-no-pais\/\",\"url\":\"https:\/\/acrimat.org.br\/portal\/safra-recorde-faz-valor-de-producao-crescer-no-pais\/\",\"name\":\"Safra recorde faz valor de produ\u00e7\u00e3o crescer no pa\u00eds - Acrimat\",\"isPartOf\":{\"@id\":\"https:\/\/acrimat.org.br\/portal\/#website\"},\"primaryImageOfPage\":{\"@id\":\"https:\/\/acrimat.org.br\/portal\/safra-recorde-faz-valor-de-producao-crescer-no-pais\/#primaryimage\"},\"image\":{\"@id\":\"https:\/\/acrimat.org.br\/portal\/safra-recorde-faz-valor-de-producao-crescer-no-pais\/#primaryimage\"},\"thumbnailUrl\":\"https:\/\/acrimat.org.br\/portal\/wp-content\/uploads\/2017\/01\/gado24.jpg\",\"datePublished\":\"2017-08-16T11:02:43+00:00\",\"dateModified\":\"2017-08-16T16:20:55+00:00\",\"breadcrumb\":{\"@id\":\"https:\/\/acrimat.org.br\/portal\/safra-recorde-faz-valor-de-producao-crescer-no-pais\/#breadcrumb\"},\"inLanguage\":\"pt-BR\",\"potentialAction\":[{\"@type\":\"ReadAction\",\"target\":[\"https:\/\/acrimat.org.br\/portal\/safra-recorde-faz-valor-de-producao-crescer-no-pais\/\"]}]},{\"@type\":\"ImageObject\",\"inLanguage\":\"pt-BR\",\"@id\":\"https:\/\/acrimat.org.br\/portal\/safra-recorde-faz-valor-de-producao-crescer-no-pais\/#primaryimage\",\"url\":\"https:\/\/acrimat.org.br\/portal\/wp-content\/uploads\/2017\/01\/gado24.jpg\",\"contentUrl\":\"https:\/\/acrimat.org.br\/portal\/wp-content\/uploads\/2017\/01\/gado24.jpg\",\"width\":640,\"height\":480,\"caption\":\"Divulga\u00e7\u00e3o\"},{\"@type\":\"BreadcrumbList\",\"@id\":\"https:\/\/acrimat.org.br\/portal\/safra-recorde-faz-valor-de-producao-crescer-no-pais\/#breadcrumb\",\"itemListElement\":[{\"@type\":\"ListItem\",\"position\":1,\"name\":\"In\u00edcio\",\"item\":\"https:\/\/acrimat.org.br\/portal\/\"},{\"@type\":\"ListItem\",\"position\":2,\"name\":\"Safra recorde faz valor de produ\u00e7\u00e3o crescer no pa\u00eds\"}]},{\"@type\":\"WebSite\",\"@id\":\"https:\/\/acrimat.org.br\/portal\/#website\",\"url\":\"https:\/\/acrimat.org.br\/portal\/\",\"name\":\"Acrimat\",\"description\":\"Associa\u00e7\u00e3o dos Criadores de Mato Grosso\",\"publisher\":{\"@id\":\"https:\/\/acrimat.org.br\/portal\/#organization\"},\"potentialAction\":[{\"@type\":\"SearchAction\",\"target\":{\"@type\":\"EntryPoint\",\"urlTemplate\":\"https:\/\/acrimat.org.br\/portal\/?s={search_term_string}\"},\"query-input\":{\"@type\":\"PropertyValueSpecification\",\"valueRequired\":true,\"valueName\":\"search_term_string\"}}],\"inLanguage\":\"pt-BR\"},{\"@type\":\"Organization\",\"@id\":\"https:\/\/acrimat.org.br\/portal\/#organization\",\"name\":\"Associa\u00e7\u00e3o dos Criadores de Mato Grosso\",\"url\":\"https:\/\/acrimat.org.br\/portal\/\",\"logo\":{\"@type\":\"ImageObject\",\"inLanguage\":\"pt-BR\",\"@id\":\"https:\/\/acrimat.org.br\/portal\/#\/schema\/logo\/image\/\",\"url\":\"https:\/\/acrimat.org.br\/portal\/wp-content\/uploads\/2018\/03\/logo-peq-original.png\",\"contentUrl\":\"https:\/\/acrimat.org.br\/portal\/wp-content\/uploads\/2018\/03\/logo-peq-original.png\",\"width\":174,\"height\":171,\"caption\":\"Associa\u00e7\u00e3o dos Criadores de Mato Grosso\"},\"image\":{\"@id\":\"https:\/\/acrimat.org.br\/portal\/#\/schema\/logo\/image\/\"}},{\"@type\":\"Person\",\"@id\":\"https:\/\/acrimat.org.br\/portal\/#\/schema\/person\/18df8bcf6890e924fe5d8b5afd2bec0f\",\"name\":\"P\u00e9ricles C\u00e2ndido\",\"image\":{\"@type\":\"ImageObject\",\"inLanguage\":\"pt-BR\",\"@id\":\"https:\/\/acrimat.org.br\/portal\/#\/schema\/person\/image\/\",\"url\":\"https:\/\/secure.gravatar.com\/avatar\/33e2a2b971dc363ed2df53d0d3bfbd18?s=96&d=mm&r=g\",\"contentUrl\":\"https:\/\/secure.gravatar.com\/avatar\/33e2a2b971dc363ed2df53d0d3bfbd18?s=96&d=mm&r=g\",\"caption\":\"P\u00e9ricles C\u00e2ndido\"},\"sameAs\":[\"ascom@acrimat.org.br\"],\"url\":\"https:\/\/acrimat.org.br\/portal\/author\/designergrafico\/\"}]}<\/script>\n<!-- \/ Yoast SEO plugin. -->","yoast_head_json":{"title":"Safra recorde faz valor de produ\u00e7\u00e3o crescer no pa\u00eds - Acrimat","robots":{"index":"index","follow":"follow","max-snippet":"max-snippet:-1","max-image-preview":"max-image-preview:large","max-video-preview":"max-video-preview:-1"},"canonical":"https:\/\/acrimat.org.br\/portal\/safra-recorde-faz-valor-de-producao-crescer-no-pais\/","og_locale":"pt_BR","og_type":"article","og_title":"Safra recorde faz valor de produ\u00e7\u00e3o crescer no pa\u00eds - Acrimat","og_description":"Enquanto as lavouras aumentaram o VBP em ambas, a pecu\u00e1ria teve queda de 9% e 6%, respectivamente","og_url":"https:\/\/acrimat.org.br\/portal\/safra-recorde-faz-valor-de-producao-crescer-no-pais\/","og_site_name":"Acrimat","article_published_time":"2017-08-16T11:02:43+00:00","article_modified_time":"2017-08-16T16:20:55+00:00","og_image":[{"width":640,"height":480,"url":"https:\/\/acrimat.org.br\/portal\/wp-content\/uploads\/2017\/01\/gado24.jpg","type":"image\/jpeg"}],"author":"P\u00e9ricles C\u00e2ndido","twitter_card":"summary_large_image","twitter_misc":{"Escrito por":"P\u00e9ricles C\u00e2ndido","Est. tempo de leitura":"2 minutos"},"schema":{"@context":"https:\/\/schema.org","@graph":[{"@type":"Article","@id":"https:\/\/acrimat.org.br\/portal\/safra-recorde-faz-valor-de-producao-crescer-no-pais\/#article","isPartOf":{"@id":"https:\/\/acrimat.org.br\/portal\/safra-recorde-faz-valor-de-producao-crescer-no-pais\/"},"author":{"name":"P\u00e9ricles C\u00e2ndido","@id":"https:\/\/acrimat.org.br\/portal\/#\/schema\/person\/18df8bcf6890e924fe5d8b5afd2bec0f"},"headline":"Safra recorde faz valor de produ\u00e7\u00e3o crescer no pa\u00eds","datePublished":"2017-08-16T11:02:43+00:00","dateModified":"2017-08-16T16:20:55+00:00","mainEntityOfPage":{"@id":"https:\/\/acrimat.org.br\/portal\/safra-recorde-faz-valor-de-producao-crescer-no-pais\/"},"wordCount":421,"publisher":{"@id":"https:\/\/acrimat.org.br\/portal\/#organization"},"image":{"@id":"https:\/\/acrimat.org.br\/portal\/safra-recorde-faz-valor-de-producao-crescer-no-pais\/#primaryimage"},"thumbnailUrl":"https:\/\/acrimat.org.br\/portal\/wp-content\/uploads\/2017\/01\/gado24.jpg","articleSection":["Destaques","Not\u00edcias"],"inLanguage":"pt-BR"},{"@type":"WebPage","@id":"https:\/\/acrimat.org.br\/portal\/safra-recorde-faz-valor-de-producao-crescer-no-pais\/","url":"https:\/\/acrimat.org.br\/portal\/safra-recorde-faz-valor-de-producao-crescer-no-pais\/","name":"Safra recorde faz valor de produ\u00e7\u00e3o crescer no pa\u00eds - Acrimat","isPartOf":{"@id":"https:\/\/acrimat.org.br\/portal\/#website"},"primaryImageOfPage":{"@id":"https:\/\/acrimat.org.br\/portal\/safra-recorde-faz-valor-de-producao-crescer-no-pais\/#primaryimage"},"image":{"@id":"https:\/\/acrimat.org.br\/portal\/safra-recorde-faz-valor-de-producao-crescer-no-pais\/#primaryimage"},"thumbnailUrl":"https:\/\/acrimat.org.br\/portal\/wp-content\/uploads\/2017\/01\/gado24.jpg","datePublished":"2017-08-16T11:02:43+00:00","dateModified":"2017-08-16T16:20:55+00:00","breadcrumb":{"@id":"https:\/\/acrimat.org.br\/portal\/safra-recorde-faz-valor-de-producao-crescer-no-pais\/#breadcrumb"},"inLanguage":"pt-BR","potentialAction":[{"@type":"ReadAction","target":["https:\/\/acrimat.org.br\/portal\/safra-recorde-faz-valor-de-producao-crescer-no-pais\/"]}]},{"@type":"ImageObject","inLanguage":"pt-BR","@id":"https:\/\/acrimat.org.br\/portal\/safra-recorde-faz-valor-de-producao-crescer-no-pais\/#primaryimage","url":"https:\/\/acrimat.org.br\/portal\/wp-content\/uploads\/2017\/01\/gado24.jpg","contentUrl":"https:\/\/acrimat.org.br\/portal\/wp-content\/uploads\/2017\/01\/gado24.jpg","width":640,"height":480,"caption":"Divulga\u00e7\u00e3o"},{"@type":"BreadcrumbList","@id":"https:\/\/acrimat.org.br\/portal\/safra-recorde-faz-valor-de-producao-crescer-no-pais\/#breadcrumb","itemListElement":[{"@type":"ListItem","position":1,"name":"In\u00edcio","item":"https:\/\/acrimat.org.br\/portal\/"},{"@type":"ListItem","position":2,"name":"Safra recorde faz valor de produ\u00e7\u00e3o crescer no pa\u00eds"}]},{"@type":"WebSite","@id":"https:\/\/acrimat.org.br\/portal\/#website","url":"https:\/\/acrimat.org.br\/portal\/","name":"Acrimat","description":"Associa\u00e7\u00e3o dos Criadores de Mato Grosso","publisher":{"@id":"https:\/\/acrimat.org.br\/portal\/#organization"},"potentialAction":[{"@type":"SearchAction","target":{"@type":"EntryPoint","urlTemplate":"https:\/\/acrimat.org.br\/portal\/?s={search_term_string}"},"query-input":{"@type":"PropertyValueSpecification","valueRequired":true,"valueName":"search_term_string"}}],"inLanguage":"pt-BR"},{"@type":"Organization","@id":"https:\/\/acrimat.org.br\/portal\/#organization","name":"Associa\u00e7\u00e3o dos Criadores de Mato Grosso","url":"https:\/\/acrimat.org.br\/portal\/","logo":{"@type":"ImageObject","inLanguage":"pt-BR","@id":"https:\/\/acrimat.org.br\/portal\/#\/schema\/logo\/image\/","url":"https:\/\/acrimat.org.br\/portal\/wp-content\/uploads\/2018\/03\/logo-peq-original.png","contentUrl":"https:\/\/acrimat.org.br\/portal\/wp-content\/uploads\/2018\/03\/logo-peq-original.png","width":174,"height":171,"caption":"Associa\u00e7\u00e3o dos Criadores de Mato Grosso"},"image":{"@id":"https:\/\/acrimat.org.br\/portal\/#\/schema\/logo\/image\/"}},{"@type":"Person","@id":"https:\/\/acrimat.org.br\/portal\/#\/schema\/person\/18df8bcf6890e924fe5d8b5afd2bec0f","name":"P\u00e9ricles C\u00e2ndido","image":{"@type":"ImageObject","inLanguage":"pt-BR","@id":"https:\/\/acrimat.org.br\/portal\/#\/schema\/person\/image\/","url":"https:\/\/secure.gravatar.com\/avatar\/33e2a2b971dc363ed2df53d0d3bfbd18?s=96&d=mm&r=g","contentUrl":"https:\/\/secure.gravatar.com\/avatar\/33e2a2b971dc363ed2df53d0d3bfbd18?s=96&d=mm&r=g","caption":"P\u00e9ricles C\u00e2ndido"},"sameAs":["ascom@acrimat.org.br"],"url":"https:\/\/acrimat.org.br\/portal\/author\/designergrafico\/"}]}},"_links":{"self":[{"href":"https:\/\/acrimat.org.br\/portal\/wp-json\/wp\/v2\/posts\/97983140","targetHints":{"allow":["GET"]}}],"collection":[{"href":"https:\/\/acrimat.org.br\/portal\/wp-json\/wp\/v2\/posts"}],"about":[{"href":"https:\/\/acrimat.org.br\/portal\/wp-json\/wp\/v2\/types\/post"}],"author":[{"embeddable":true,"href":"https:\/\/acrimat.org.br\/portal\/wp-json\/wp\/v2\/users\/11"}],"replies":[{"embeddable":true,"href":"https:\/\/acrimat.org.br\/portal\/wp-json\/wp\/v2\/comments?post=97983140"}],"version-history":[{"count":3,"href":"https:\/\/acrimat.org.br\/portal\/wp-json\/wp\/v2\/posts\/97983140\/revisions"}],"predecessor-version":[{"id":97983143,"href":"https:\/\/acrimat.org.br\/portal\/wp-json\/wp\/v2\/posts\/97983140\/revisions\/97983143"}],"wp:featuredmedia":[{"embeddable":true,"href":"https:\/\/acrimat.org.br\/portal\/wp-json\/wp\/v2\/media\/97979595"}],"wp:attachment":[{"href":"https:\/\/acrimat.org.br\/portal\/wp-json\/wp\/v2\/media?parent=97983140"}],"wp:term":[{"taxonomy":"category","embeddable":true,"href":"https:\/\/acrimat.org.br\/portal\/wp-json\/wp\/v2\/categories?post=97983140"},{"taxonomy":"post_tag","embeddable":true,"href":"https:\/\/acrimat.org.br\/portal\/wp-json\/wp\/v2\/tags?post=97983140"}],"curies":[{"name":"wp","href":"https:\/\/api.w.org\/{rel}","templated":true}]}}