{"id":97983155,"date":"2017-08-17T10:07:36","date_gmt":"2017-08-17T13:07:36","guid":{"rendered":"http:\/\/acrimat.org.br\/portal\/?p=97983155"},"modified":"2017-08-17T10:07:36","modified_gmt":"2017-08-17T13:07:36","slug":"associativismo-deve-ser-analisado-com-cautela-no-atual-cenario-brasileiro","status":"publish","type":"post","link":"https:\/\/acrimat.org.br\/portal\/associativismo-deve-ser-analisado-com-cautela-no-atual-cenario-brasileiro\/","title":{"rendered":"Associativismo deve ser analisado com cautela no atual cen\u00e1rio brasileiro"},"content":{"rendered":"<div id=\"attachment_97983156\" style=\"width: 310px\" class=\"wp-caption alignright\"><a href=\"http:\/\/acrimat.org.br\/portal\/wp-content\/uploads\/2017\/08\/mauricio-veloso-2.jpg\"><img fetchpriority=\"high\" decoding=\"async\" aria-describedby=\"caption-attachment-97983156\" class=\"size-medium wp-image-97983156\" src=\"http:\/\/acrimat.org.br\/portal\/wp-content\/uploads\/2017\/08\/mauricio-veloso-2-300x200.jpg\" alt=\"\" width=\"300\" height=\"200\" srcset=\"https:\/\/acrimat.org.br\/portal\/wp-content\/uploads\/2017\/08\/mauricio-veloso-2-300x200.jpg 300w, https:\/\/acrimat.org.br\/portal\/wp-content\/uploads\/2017\/08\/mauricio-veloso-2-768x512.jpg 768w, https:\/\/acrimat.org.br\/portal\/wp-content\/uploads\/2017\/08\/mauricio-veloso-2-250x167.jpg 250w, https:\/\/acrimat.org.br\/portal\/wp-content\/uploads\/2017\/08\/mauricio-veloso-2-550x366.jpg 550w, https:\/\/acrimat.org.br\/portal\/wp-content\/uploads\/2017\/08\/mauricio-veloso-2.jpg 800w, https:\/\/acrimat.org.br\/portal\/wp-content\/uploads\/2017\/08\/mauricio-veloso-2-270x180.jpg 270w, https:\/\/acrimat.org.br\/portal\/wp-content\/uploads\/2017\/08\/mauricio-veloso-2-450x300.jpg 450w, https:\/\/acrimat.org.br\/portal\/wp-content\/uploads\/2017\/08\/mauricio-veloso-2-750x500.jpg 750w, https:\/\/acrimat.org.br\/portal\/wp-content\/uploads\/2017\/08\/mauricio-veloso-2-272x182.jpg 272w\" sizes=\"(max-width: 300px) 100vw, 300px\" \/><\/a><p id=\"caption-attachment-97983156\" class=\"wp-caption-text\">Veloso acredita que cen\u00e1rio deve melhorar daqui para a frente (Foto: feed&amp;food)<\/p><\/div>\n<p>O mercado pecu\u00e1rio brasileiro atravessa um per\u00edodo de turbul\u00eancias econ\u00f4micas. N\u00e3o \u00e9 novidade que a descren\u00e7a pol\u00edtica, o alto desemprego e a baixa no pre\u00e7o da arroba desmotivaram e preocuparam pecuaristas em todo o territ\u00f3rio nacional. Somado a este cen\u00e1rio, a Opera\u00e7\u00e3o Carne Fraca e as seguintes dela\u00e7\u00f5es tamb\u00e9m influenciaram no clima de tens\u00e3o entre os produtores de prote\u00edna animal.<\/p>\n<p>O presidente da Comiss\u00e3o de Pecu\u00e1ria de Corte da Federa\u00e7\u00e3o da Agricultura e Pecu\u00e1ria de Goi\u00e1s (FAEG, Goi\u00e2nia\/GO), membro da Comiss\u00e3o Nacional de Pecu\u00e1ria de Corte e participante da C\u00e2mara Setorial da Carne do Minist\u00e9rio da Agricultura, Pecu\u00e1ria e Abastecimento (MAPA, Bras\u00edlia\/DF), Mauricio Veloso, \u00e9 categ\u00f3rico: a inseguran\u00e7a acabou.<\/p>\n<p>Em sua opini\u00e3o, o pecuarista tem hoje a oportunidade de valorizar o seu animal terminado o que, ao mesmo tempo, n\u00e3o significa uma \u201cqueda de bra\u00e7o com os frigor\u00edficos\u201d, mas apenas a obedi\u00eancia a uma lei implac\u00e1vel, a da oferta e procura.<\/p>\n<p>\u201c\u00c9 um \u00f3timo momento para a cadeia como um todo, \u00e9 preciso buscar o equil\u00edbrio e um melhor senso de justi\u00e7a pela qualidade, pelos animais terminados, pela ind\u00fastria frigor\u00edfica. Ambos se necessitam, e precisam de uma interlocu\u00e7\u00e3o mais inteligente e objetiva, buscando o bem comum\u201d, salienta Veloso.<\/p>\n<p>Nesse cen\u00e1rio turbulento os pecuaristas buscaram se organizar para assumir frigor\u00edficos e tomar as r\u00e9deas do mercado. Para o presidente da FAEG, o perigo est\u00e1 nas decis\u00f5es impensadas, em forma de urg\u00eancia. \u201cO sistema cooperativo, em tese, \u00e9 perfeito. Mas para dar certo \u00e9 preciso que a cultura cooperativista exista dentro das pessoas que a comp\u00f5e, e isso n\u00e3o se consegue da noite para o dia\u201d, comenta.<\/p>\n<p>Para ele, as associa\u00e7\u00f5es de compra e venda s\u00e3o um excelente exerc\u00edcio para que se chegue ao cooperativismo. \u201cA oportunidade de ganhar na compra \u00e9 maior do que na venda, ent\u00e3o todo processo organizacional \u00e9 muito bem-vindo na pecu\u00e1ria, n\u00e3o s\u00f3 na porteira adentro, mas tamb\u00e9m afora\u201d, conclui Mauricio Veloso.<\/p>\n<p>J\u00e1 na opini\u00e3o do analista do departamento de Pesquisa e An\u00e1lise Setorial do Rabobank Brasil, Adolfo Fontes, o modelo de coordena\u00e7\u00e3o da cadeia de valores funciona na teoria, mas na pr\u00e1tica a hist\u00f3ria pode ser outra. \u201cNeste ano, por exemplo, os elos da cadeia se desconectaram completamente. \u00c9 preciso que cada elo fa\u00e7a o seu trabalho, assim havendo maior comunica\u00e7\u00e3o entre eles\u201d, diz e finaliza: \u201cAs cadeias produtivas tendem a se ajustar de tempos em tempos, mas, o ideal \u00e9 que ela seja coordenada\u201d.<\/p>\n","protected":false},"excerpt":{"rendered":"<p>Produtores precisam ponderar quais s\u00e3o as melhores alternativas<\/p>\n","protected":false},"author":11,"featured_media":97983156,"comment_status":"closed","ping_status":"closed","sticky":false,"template":"","format":"standard","meta":{"footnotes":""},"categories":[6,1],"tags":[],"class_list":["post-97983155","post","type-post","status-publish","format-standard","has-post-thumbnail","hentry","category-destaque","category-noticia"],"yoast_head":"<!-- This site is optimized with the Yoast SEO plugin v24.8.1 - https:\/\/yoast.com\/wordpress\/plugins\/seo\/ -->\n<title>Associativismo deve ser analisado com cautela no atual cen\u00e1rio brasileiro - Acrimat<\/title>\n<meta name=\"robots\" content=\"index, follow, max-snippet:-1, max-image-preview:large, max-video-preview:-1\" \/>\n<link rel=\"canonical\" href=\"https:\/\/acrimat.org.br\/portal\/associativismo-deve-ser-analisado-com-cautela-no-atual-cenario-brasileiro\/\" \/>\n<meta property=\"og:locale\" content=\"pt_BR\" \/>\n<meta property=\"og:type\" content=\"article\" \/>\n<meta property=\"og:title\" content=\"Associativismo deve ser analisado com cautela no atual cen\u00e1rio brasileiro - Acrimat\" \/>\n<meta property=\"og:description\" content=\"Produtores precisam ponderar quais s\u00e3o as melhores alternativas\" \/>\n<meta property=\"og:url\" content=\"https:\/\/acrimat.org.br\/portal\/associativismo-deve-ser-analisado-com-cautela-no-atual-cenario-brasileiro\/\" \/>\n<meta property=\"og:site_name\" content=\"Acrimat\" \/>\n<meta property=\"article:published_time\" content=\"2017-08-17T13:07:36+00:00\" \/>\n<meta property=\"og:image\" content=\"https:\/\/acrimat.org.br\/portal\/wp-content\/uploads\/2017\/08\/mauricio-veloso-2.jpg\" \/>\n\t<meta property=\"og:image:width\" content=\"800\" \/>\n\t<meta property=\"og:image:height\" content=\"533\" \/>\n\t<meta property=\"og:image:type\" content=\"image\/jpeg\" \/>\n<meta name=\"author\" content=\"P\u00e9ricles C\u00e2ndido\" \/>\n<meta name=\"twitter:card\" content=\"summary_large_image\" \/>\n<meta name=\"twitter:label1\" content=\"Escrito por\" \/>\n\t<meta name=\"twitter:data1\" content=\"P\u00e9ricles C\u00e2ndido\" \/>\n\t<meta name=\"twitter:label2\" content=\"Est. tempo de leitura\" \/>\n\t<meta name=\"twitter:data2\" content=\"2 minutos\" \/>\n<script type=\"application\/ld+json\" class=\"yoast-schema-graph\">{\"@context\":\"https:\/\/schema.org\",\"@graph\":[{\"@type\":\"Article\",\"@id\":\"https:\/\/acrimat.org.br\/portal\/associativismo-deve-ser-analisado-com-cautela-no-atual-cenario-brasileiro\/#article\",\"isPartOf\":{\"@id\":\"https:\/\/acrimat.org.br\/portal\/associativismo-deve-ser-analisado-com-cautela-no-atual-cenario-brasileiro\/\"},\"author\":{\"name\":\"P\u00e9ricles C\u00e2ndido\",\"@id\":\"https:\/\/acrimat.org.br\/portal\/#\/schema\/person\/18df8bcf6890e924fe5d8b5afd2bec0f\"},\"headline\":\"Associativismo deve ser analisado com cautela no atual cen\u00e1rio brasileiro\",\"datePublished\":\"2017-08-17T13:07:36+00:00\",\"mainEntityOfPage\":{\"@id\":\"https:\/\/acrimat.org.br\/portal\/associativismo-deve-ser-analisado-com-cautela-no-atual-cenario-brasileiro\/\"},\"wordCount\":485,\"publisher\":{\"@id\":\"https:\/\/acrimat.org.br\/portal\/#organization\"},\"image\":{\"@id\":\"https:\/\/acrimat.org.br\/portal\/associativismo-deve-ser-analisado-com-cautela-no-atual-cenario-brasileiro\/#primaryimage\"},\"thumbnailUrl\":\"https:\/\/acrimat.org.br\/portal\/wp-content\/uploads\/2017\/08\/mauricio-veloso-2.jpg\",\"articleSection\":[\"Destaques\",\"Not\u00edcias\"],\"inLanguage\":\"pt-BR\"},{\"@type\":\"WebPage\",\"@id\":\"https:\/\/acrimat.org.br\/portal\/associativismo-deve-ser-analisado-com-cautela-no-atual-cenario-brasileiro\/\",\"url\":\"https:\/\/acrimat.org.br\/portal\/associativismo-deve-ser-analisado-com-cautela-no-atual-cenario-brasileiro\/\",\"name\":\"Associativismo deve ser analisado com cautela no atual cen\u00e1rio brasileiro - Acrimat\",\"isPartOf\":{\"@id\":\"https:\/\/acrimat.org.br\/portal\/#website\"},\"primaryImageOfPage\":{\"@id\":\"https:\/\/acrimat.org.br\/portal\/associativismo-deve-ser-analisado-com-cautela-no-atual-cenario-brasileiro\/#primaryimage\"},\"image\":{\"@id\":\"https:\/\/acrimat.org.br\/portal\/associativismo-deve-ser-analisado-com-cautela-no-atual-cenario-brasileiro\/#primaryimage\"},\"thumbnailUrl\":\"https:\/\/acrimat.org.br\/portal\/wp-content\/uploads\/2017\/08\/mauricio-veloso-2.jpg\",\"datePublished\":\"2017-08-17T13:07:36+00:00\",\"breadcrumb\":{\"@id\":\"https:\/\/acrimat.org.br\/portal\/associativismo-deve-ser-analisado-com-cautela-no-atual-cenario-brasileiro\/#breadcrumb\"},\"inLanguage\":\"pt-BR\",\"potentialAction\":[{\"@type\":\"ReadAction\",\"target\":[\"https:\/\/acrimat.org.br\/portal\/associativismo-deve-ser-analisado-com-cautela-no-atual-cenario-brasileiro\/\"]}]},{\"@type\":\"ImageObject\",\"inLanguage\":\"pt-BR\",\"@id\":\"https:\/\/acrimat.org.br\/portal\/associativismo-deve-ser-analisado-com-cautela-no-atual-cenario-brasileiro\/#primaryimage\",\"url\":\"https:\/\/acrimat.org.br\/portal\/wp-content\/uploads\/2017\/08\/mauricio-veloso-2.jpg\",\"contentUrl\":\"https:\/\/acrimat.org.br\/portal\/wp-content\/uploads\/2017\/08\/mauricio-veloso-2.jpg\",\"width\":800,\"height\":533,\"caption\":\"Veloso acredita que cen\u00e1rio deve melhorar daqui para a frente (Foto: feed&food)\"},{\"@type\":\"BreadcrumbList\",\"@id\":\"https:\/\/acrimat.org.br\/portal\/associativismo-deve-ser-analisado-com-cautela-no-atual-cenario-brasileiro\/#breadcrumb\",\"itemListElement\":[{\"@type\":\"ListItem\",\"position\":1,\"name\":\"In\u00edcio\",\"item\":\"https:\/\/acrimat.org.br\/portal\/\"},{\"@type\":\"ListItem\",\"position\":2,\"name\":\"Associativismo deve ser analisado com cautela no atual cen\u00e1rio brasileiro\"}]},{\"@type\":\"WebSite\",\"@id\":\"https:\/\/acrimat.org.br\/portal\/#website\",\"url\":\"https:\/\/acrimat.org.br\/portal\/\",\"name\":\"Acrimat\",\"description\":\"Associa\u00e7\u00e3o dos Criadores de Mato Grosso\",\"publisher\":{\"@id\":\"https:\/\/acrimat.org.br\/portal\/#organization\"},\"potentialAction\":[{\"@type\":\"SearchAction\",\"target\":{\"@type\":\"EntryPoint\",\"urlTemplate\":\"https:\/\/acrimat.org.br\/portal\/?s={search_term_string}\"},\"query-input\":{\"@type\":\"PropertyValueSpecification\",\"valueRequired\":true,\"valueName\":\"search_term_string\"}}],\"inLanguage\":\"pt-BR\"},{\"@type\":\"Organization\",\"@id\":\"https:\/\/acrimat.org.br\/portal\/#organization\",\"name\":\"Associa\u00e7\u00e3o dos Criadores de Mato Grosso\",\"url\":\"https:\/\/acrimat.org.br\/portal\/\",\"logo\":{\"@type\":\"ImageObject\",\"inLanguage\":\"pt-BR\",\"@id\":\"https:\/\/acrimat.org.br\/portal\/#\/schema\/logo\/image\/\",\"url\":\"https:\/\/acrimat.org.br\/portal\/wp-content\/uploads\/2018\/03\/logo-peq-original.png\",\"contentUrl\":\"https:\/\/acrimat.org.br\/portal\/wp-content\/uploads\/2018\/03\/logo-peq-original.png\",\"width\":174,\"height\":171,\"caption\":\"Associa\u00e7\u00e3o dos Criadores de Mato Grosso\"},\"image\":{\"@id\":\"https:\/\/acrimat.org.br\/portal\/#\/schema\/logo\/image\/\"}},{\"@type\":\"Person\",\"@id\":\"https:\/\/acrimat.org.br\/portal\/#\/schema\/person\/18df8bcf6890e924fe5d8b5afd2bec0f\",\"name\":\"P\u00e9ricles C\u00e2ndido\",\"image\":{\"@type\":\"ImageObject\",\"inLanguage\":\"pt-BR\",\"@id\":\"https:\/\/acrimat.org.br\/portal\/#\/schema\/person\/image\/\",\"url\":\"https:\/\/secure.gravatar.com\/avatar\/33e2a2b971dc363ed2df53d0d3bfbd18?s=96&d=mm&r=g\",\"contentUrl\":\"https:\/\/secure.gravatar.com\/avatar\/33e2a2b971dc363ed2df53d0d3bfbd18?s=96&d=mm&r=g\",\"caption\":\"P\u00e9ricles C\u00e2ndido\"},\"sameAs\":[\"ascom@acrimat.org.br\"],\"url\":\"https:\/\/acrimat.org.br\/portal\/author\/designergrafico\/\"}]}<\/script>\n<!-- \/ Yoast SEO plugin. -->","yoast_head_json":{"title":"Associativismo deve ser analisado com cautela no atual cen\u00e1rio brasileiro - Acrimat","robots":{"index":"index","follow":"follow","max-snippet":"max-snippet:-1","max-image-preview":"max-image-preview:large","max-video-preview":"max-video-preview:-1"},"canonical":"https:\/\/acrimat.org.br\/portal\/associativismo-deve-ser-analisado-com-cautela-no-atual-cenario-brasileiro\/","og_locale":"pt_BR","og_type":"article","og_title":"Associativismo deve ser analisado com cautela no atual cen\u00e1rio brasileiro - Acrimat","og_description":"Produtores precisam ponderar quais s\u00e3o as melhores alternativas","og_url":"https:\/\/acrimat.org.br\/portal\/associativismo-deve-ser-analisado-com-cautela-no-atual-cenario-brasileiro\/","og_site_name":"Acrimat","article_published_time":"2017-08-17T13:07:36+00:00","og_image":[{"width":800,"height":533,"url":"https:\/\/acrimat.org.br\/portal\/wp-content\/uploads\/2017\/08\/mauricio-veloso-2.jpg","type":"image\/jpeg"}],"author":"P\u00e9ricles C\u00e2ndido","twitter_card":"summary_large_image","twitter_misc":{"Escrito por":"P\u00e9ricles C\u00e2ndido","Est. tempo de leitura":"2 minutos"},"schema":{"@context":"https:\/\/schema.org","@graph":[{"@type":"Article","@id":"https:\/\/acrimat.org.br\/portal\/associativismo-deve-ser-analisado-com-cautela-no-atual-cenario-brasileiro\/#article","isPartOf":{"@id":"https:\/\/acrimat.org.br\/portal\/associativismo-deve-ser-analisado-com-cautela-no-atual-cenario-brasileiro\/"},"author":{"name":"P\u00e9ricles C\u00e2ndido","@id":"https:\/\/acrimat.org.br\/portal\/#\/schema\/person\/18df8bcf6890e924fe5d8b5afd2bec0f"},"headline":"Associativismo deve ser analisado com cautela no atual cen\u00e1rio brasileiro","datePublished":"2017-08-17T13:07:36+00:00","mainEntityOfPage":{"@id":"https:\/\/acrimat.org.br\/portal\/associativismo-deve-ser-analisado-com-cautela-no-atual-cenario-brasileiro\/"},"wordCount":485,"publisher":{"@id":"https:\/\/acrimat.org.br\/portal\/#organization"},"image":{"@id":"https:\/\/acrimat.org.br\/portal\/associativismo-deve-ser-analisado-com-cautela-no-atual-cenario-brasileiro\/#primaryimage"},"thumbnailUrl":"https:\/\/acrimat.org.br\/portal\/wp-content\/uploads\/2017\/08\/mauricio-veloso-2.jpg","articleSection":["Destaques","Not\u00edcias"],"inLanguage":"pt-BR"},{"@type":"WebPage","@id":"https:\/\/acrimat.org.br\/portal\/associativismo-deve-ser-analisado-com-cautela-no-atual-cenario-brasileiro\/","url":"https:\/\/acrimat.org.br\/portal\/associativismo-deve-ser-analisado-com-cautela-no-atual-cenario-brasileiro\/","name":"Associativismo deve ser analisado com cautela no atual cen\u00e1rio brasileiro - Acrimat","isPartOf":{"@id":"https:\/\/acrimat.org.br\/portal\/#website"},"primaryImageOfPage":{"@id":"https:\/\/acrimat.org.br\/portal\/associativismo-deve-ser-analisado-com-cautela-no-atual-cenario-brasileiro\/#primaryimage"},"image":{"@id":"https:\/\/acrimat.org.br\/portal\/associativismo-deve-ser-analisado-com-cautela-no-atual-cenario-brasileiro\/#primaryimage"},"thumbnailUrl":"https:\/\/acrimat.org.br\/portal\/wp-content\/uploads\/2017\/08\/mauricio-veloso-2.jpg","datePublished":"2017-08-17T13:07:36+00:00","breadcrumb":{"@id":"https:\/\/acrimat.org.br\/portal\/associativismo-deve-ser-analisado-com-cautela-no-atual-cenario-brasileiro\/#breadcrumb"},"inLanguage":"pt-BR","potentialAction":[{"@type":"ReadAction","target":["https:\/\/acrimat.org.br\/portal\/associativismo-deve-ser-analisado-com-cautela-no-atual-cenario-brasileiro\/"]}]},{"@type":"ImageObject","inLanguage":"pt-BR","@id":"https:\/\/acrimat.org.br\/portal\/associativismo-deve-ser-analisado-com-cautela-no-atual-cenario-brasileiro\/#primaryimage","url":"https:\/\/acrimat.org.br\/portal\/wp-content\/uploads\/2017\/08\/mauricio-veloso-2.jpg","contentUrl":"https:\/\/acrimat.org.br\/portal\/wp-content\/uploads\/2017\/08\/mauricio-veloso-2.jpg","width":800,"height":533,"caption":"Veloso acredita que cen\u00e1rio deve melhorar daqui para a frente (Foto: feed&food)"},{"@type":"BreadcrumbList","@id":"https:\/\/acrimat.org.br\/portal\/associativismo-deve-ser-analisado-com-cautela-no-atual-cenario-brasileiro\/#breadcrumb","itemListElement":[{"@type":"ListItem","position":1,"name":"In\u00edcio","item":"https:\/\/acrimat.org.br\/portal\/"},{"@type":"ListItem","position":2,"name":"Associativismo deve ser analisado com cautela no atual cen\u00e1rio brasileiro"}]},{"@type":"WebSite","@id":"https:\/\/acrimat.org.br\/portal\/#website","url":"https:\/\/acrimat.org.br\/portal\/","name":"Acrimat","description":"Associa\u00e7\u00e3o dos Criadores de Mato Grosso","publisher":{"@id":"https:\/\/acrimat.org.br\/portal\/#organization"},"potentialAction":[{"@type":"SearchAction","target":{"@type":"EntryPoint","urlTemplate":"https:\/\/acrimat.org.br\/portal\/?s={search_term_string}"},"query-input":{"@type":"PropertyValueSpecification","valueRequired":true,"valueName":"search_term_string"}}],"inLanguage":"pt-BR"},{"@type":"Organization","@id":"https:\/\/acrimat.org.br\/portal\/#organization","name":"Associa\u00e7\u00e3o dos Criadores de Mato Grosso","url":"https:\/\/acrimat.org.br\/portal\/","logo":{"@type":"ImageObject","inLanguage":"pt-BR","@id":"https:\/\/acrimat.org.br\/portal\/#\/schema\/logo\/image\/","url":"https:\/\/acrimat.org.br\/portal\/wp-content\/uploads\/2018\/03\/logo-peq-original.png","contentUrl":"https:\/\/acrimat.org.br\/portal\/wp-content\/uploads\/2018\/03\/logo-peq-original.png","width":174,"height":171,"caption":"Associa\u00e7\u00e3o dos Criadores de Mato Grosso"},"image":{"@id":"https:\/\/acrimat.org.br\/portal\/#\/schema\/logo\/image\/"}},{"@type":"Person","@id":"https:\/\/acrimat.org.br\/portal\/#\/schema\/person\/18df8bcf6890e924fe5d8b5afd2bec0f","name":"P\u00e9ricles C\u00e2ndido","image":{"@type":"ImageObject","inLanguage":"pt-BR","@id":"https:\/\/acrimat.org.br\/portal\/#\/schema\/person\/image\/","url":"https:\/\/secure.gravatar.com\/avatar\/33e2a2b971dc363ed2df53d0d3bfbd18?s=96&d=mm&r=g","contentUrl":"https:\/\/secure.gravatar.com\/avatar\/33e2a2b971dc363ed2df53d0d3bfbd18?s=96&d=mm&r=g","caption":"P\u00e9ricles C\u00e2ndido"},"sameAs":["ascom@acrimat.org.br"],"url":"https:\/\/acrimat.org.br\/portal\/author\/designergrafico\/"}]}},"_links":{"self":[{"href":"https:\/\/acrimat.org.br\/portal\/wp-json\/wp\/v2\/posts\/97983155","targetHints":{"allow":["GET"]}}],"collection":[{"href":"https:\/\/acrimat.org.br\/portal\/wp-json\/wp\/v2\/posts"}],"about":[{"href":"https:\/\/acrimat.org.br\/portal\/wp-json\/wp\/v2\/types\/post"}],"author":[{"embeddable":true,"href":"https:\/\/acrimat.org.br\/portal\/wp-json\/wp\/v2\/users\/11"}],"replies":[{"embeddable":true,"href":"https:\/\/acrimat.org.br\/portal\/wp-json\/wp\/v2\/comments?post=97983155"}],"version-history":[{"count":1,"href":"https:\/\/acrimat.org.br\/portal\/wp-json\/wp\/v2\/posts\/97983155\/revisions"}],"predecessor-version":[{"id":97983157,"href":"https:\/\/acrimat.org.br\/portal\/wp-json\/wp\/v2\/posts\/97983155\/revisions\/97983157"}],"wp:featuredmedia":[{"embeddable":true,"href":"https:\/\/acrimat.org.br\/portal\/wp-json\/wp\/v2\/media\/97983156"}],"wp:attachment":[{"href":"https:\/\/acrimat.org.br\/portal\/wp-json\/wp\/v2\/media?parent=97983155"}],"wp:term":[{"taxonomy":"category","embeddable":true,"href":"https:\/\/acrimat.org.br\/portal\/wp-json\/wp\/v2\/categories?post=97983155"},{"taxonomy":"post_tag","embeddable":true,"href":"https:\/\/acrimat.org.br\/portal\/wp-json\/wp\/v2\/tags?post=97983155"}],"curies":[{"name":"wp","href":"https:\/\/api.w.org\/{rel}","templated":true}]}}