{"id":97983158,"date":"2017-08-17T10:16:56","date_gmt":"2017-08-17T13:16:56","guid":{"rendered":"http:\/\/acrimat.org.br\/portal\/?p=97983158"},"modified":"2017-08-17T10:16:56","modified_gmt":"2017-08-17T13:16:56","slug":"apos-balanco-acoes-da-jbs-fecham-em-alta","status":"publish","type":"post","link":"https:\/\/acrimat.org.br\/portal\/apos-balanco-acoes-da-jbs-fecham-em-alta\/","title":{"rendered":"Ap\u00f3s balan\u00e7o, a\u00e7\u00f5es da JBS fecham em alta"},"content":{"rendered":"<p><a href=\"http:\/\/acrimat.org.br\/portal\/wp-content\/uploads\/2016\/08\/jbs-.jpg\"><img fetchpriority=\"high\" decoding=\"async\" class=\"alignright size-medium wp-image-97977530\" src=\"http:\/\/acrimat.org.br\/portal\/wp-content\/uploads\/2016\/08\/jbs--300x186.jpg\" alt=\"\" width=\"300\" height=\"186\" srcset=\"https:\/\/acrimat.org.br\/portal\/wp-content\/uploads\/2016\/08\/jbs--300x186.jpg 300w, https:\/\/acrimat.org.br\/portal\/wp-content\/uploads\/2016\/08\/jbs--250x155.jpg 250w, https:\/\/acrimat.org.br\/portal\/wp-content\/uploads\/2016\/08\/jbs--550x341.jpg 550w, https:\/\/acrimat.org.br\/portal\/wp-content\/uploads\/2016\/08\/jbs--290x180.jpg 290w, https:\/\/acrimat.org.br\/portal\/wp-content\/uploads\/2016\/08\/jbs--484x300.jpg 484w, https:\/\/acrimat.org.br\/portal\/wp-content\/uploads\/2016\/08\/jbs-.jpg 600w\" sizes=\"(max-width: 300px) 100vw, 300px\" \/><\/a>As a\u00e7\u00f5es ordin\u00e1rias da JBS, dona da Friboi, fecharam em alta na ter\u00e7a-feira, 15, de 1,05%, um dia ap\u00f3s a divulga\u00e7\u00e3o de resultados da companhia. O grupo anunciou queda de 79,8% de seu lucro, para R$ 309,8 milh\u00f5es no segundo trimestre. As vendas l\u00edquidas ca\u00edram 4,6%, para R$ 41,6 bilh\u00f5es.<\/p>\n<p>Em teleconfer\u00eancia, o presidente da JBS, Wesley Batista, afirmou que espera melhores resultados para a companhia para o segundo semestre. Os resultados do segundo trimestre foram afetados, segundo ele, pela varia\u00e7\u00e3o do c\u00e2mbio. O grupo JBS e a holding J&amp;F, da fam\u00edlia Batista, entraram no olho do furac\u00e3o em 17 de maio, quando vieram \u00e0 tona as dela\u00e7\u00f5es dos irm\u00e3os Joesley e Wesley Batista.<\/p>\n<p>A empresa colocou diversos ativos \u00e0 venda ap\u00f3s a dela\u00e7\u00e3o. Al\u00e9m das opera\u00e7\u00f5es de carne da Am\u00e9rica do Sul, negociadas para o Minerva, o grupo se desfez de Vigor e Alpargatas. Agora, negocia o frigor\u00edfico Moy Park, a Eldorado (de celulose) e ativos de confinamento de gado nos EUA, al\u00e9m da \u00c2mbar, de energia. Batista disse que o grupo n\u00e3o pretende se desfazer de mais ativos.<\/p>\n<p>Segundo ele, a empresa n\u00e3o desistiu de fazer a abertura de capital da JBS Foods International na Bolsa de Nova York (Nyse). Batista disse que o projeto dever\u00e1 ocorrer a partir de 2018.<\/p>\n<p>A companhia, que negociou acordo de leni\u00eancia e concordou em pagar R$ 10,3 bilh\u00f5es ao Minist\u00e9rio P\u00fablico Federal (MPF), est\u00e1 em conversas para concluir medida parecida com o Departamento de Justi\u00e7a dos Estados Unidos (DoJ).<\/p>\n<p><strong>Assembleia<\/strong><\/p>\n<p>O bra\u00e7o de participa\u00e7\u00f5es do BNDES, o BNDESPAr, acionista do grupo, convocou para o dia 1.\u00ba de setembro Assembleia Geral Extraordin\u00e1ria da JBS e se manifestou que tem inten\u00e7\u00e3o de votar favoravelmente para uma a\u00e7\u00e3o civil contra os irm\u00e3os Batista. A JBS preferiu n\u00e3o fazer \u201cmanifesta\u00e7\u00f5es de qualquer acionista antecipadamente \u00e0 AGE\u201d.<\/p>\n","protected":false},"excerpt":{"rendered":"<p>As a\u00e7\u00f5es ordin\u00e1rias da JBS, dona da Friboi, fecharam em alta na ter\u00e7a-feira, 15, de 1,05%, um dia ap\u00f3s a divulga\u00e7\u00e3o de resultados da companhia<\/p>\n","protected":false},"author":11,"featured_media":97977530,"comment_status":"closed","ping_status":"closed","sticky":false,"template":"","format":"standard","meta":{"footnotes":""},"categories":[6,1],"tags":[],"class_list":["post-97983158","post","type-post","status-publish","format-standard","has-post-thumbnail","hentry","category-destaque","category-noticia"],"yoast_head":"<!-- This site is optimized with the Yoast SEO plugin v24.8.1 - https:\/\/yoast.com\/wordpress\/plugins\/seo\/ -->\n<title>Ap\u00f3s balan\u00e7o, a\u00e7\u00f5es da JBS fecham em alta - Acrimat<\/title>\n<meta name=\"robots\" content=\"index, follow, max-snippet:-1, max-image-preview:large, max-video-preview:-1\" \/>\n<link rel=\"canonical\" href=\"https:\/\/acrimat.org.br\/portal\/apos-balanco-acoes-da-jbs-fecham-em-alta\/\" \/>\n<meta property=\"og:locale\" content=\"pt_BR\" \/>\n<meta property=\"og:type\" content=\"article\" \/>\n<meta property=\"og:title\" content=\"Ap\u00f3s balan\u00e7o, a\u00e7\u00f5es da JBS fecham em alta - Acrimat\" \/>\n<meta property=\"og:description\" content=\"As a\u00e7\u00f5es ordin\u00e1rias da JBS, dona da Friboi, fecharam em alta na ter\u00e7a-feira, 15, de 1,05%, um dia ap\u00f3s a divulga\u00e7\u00e3o de resultados da companhia\" \/>\n<meta property=\"og:url\" content=\"https:\/\/acrimat.org.br\/portal\/apos-balanco-acoes-da-jbs-fecham-em-alta\/\" \/>\n<meta property=\"og:site_name\" content=\"Acrimat\" \/>\n<meta property=\"article:published_time\" content=\"2017-08-17T13:16:56+00:00\" \/>\n<meta property=\"og:image\" content=\"https:\/\/acrimat.org.br\/portal\/wp-content\/uploads\/2016\/08\/jbs-.jpg\" \/>\n\t<meta property=\"og:image:width\" content=\"600\" \/>\n\t<meta property=\"og:image:height\" content=\"372\" \/>\n\t<meta property=\"og:image:type\" content=\"image\/jpeg\" \/>\n<meta name=\"author\" content=\"P\u00e9ricles C\u00e2ndido\" \/>\n<meta name=\"twitter:card\" content=\"summary_large_image\" \/>\n<meta name=\"twitter:label1\" content=\"Escrito por\" \/>\n\t<meta name=\"twitter:data1\" content=\"P\u00e9ricles C\u00e2ndido\" \/>\n\t<meta name=\"twitter:label2\" content=\"Est. tempo de leitura\" \/>\n\t<meta name=\"twitter:data2\" content=\"2 minutos\" \/>\n<script type=\"application\/ld+json\" class=\"yoast-schema-graph\">{\"@context\":\"https:\/\/schema.org\",\"@graph\":[{\"@type\":\"Article\",\"@id\":\"https:\/\/acrimat.org.br\/portal\/apos-balanco-acoes-da-jbs-fecham-em-alta\/#article\",\"isPartOf\":{\"@id\":\"https:\/\/acrimat.org.br\/portal\/apos-balanco-acoes-da-jbs-fecham-em-alta\/\"},\"author\":{\"name\":\"P\u00e9ricles C\u00e2ndido\",\"@id\":\"https:\/\/acrimat.org.br\/portal\/#\/schema\/person\/18df8bcf6890e924fe5d8b5afd2bec0f\"},\"headline\":\"Ap\u00f3s balan\u00e7o, a\u00e7\u00f5es da JBS fecham em alta\",\"datePublished\":\"2017-08-17T13:16:56+00:00\",\"mainEntityOfPage\":{\"@id\":\"https:\/\/acrimat.org.br\/portal\/apos-balanco-acoes-da-jbs-fecham-em-alta\/\"},\"wordCount\":339,\"publisher\":{\"@id\":\"https:\/\/acrimat.org.br\/portal\/#organization\"},\"image\":{\"@id\":\"https:\/\/acrimat.org.br\/portal\/apos-balanco-acoes-da-jbs-fecham-em-alta\/#primaryimage\"},\"thumbnailUrl\":\"https:\/\/acrimat.org.br\/portal\/wp-content\/uploads\/2016\/08\/jbs-.jpg\",\"articleSection\":[\"Destaques\",\"Not\u00edcias\"],\"inLanguage\":\"pt-BR\"},{\"@type\":\"WebPage\",\"@id\":\"https:\/\/acrimat.org.br\/portal\/apos-balanco-acoes-da-jbs-fecham-em-alta\/\",\"url\":\"https:\/\/acrimat.org.br\/portal\/apos-balanco-acoes-da-jbs-fecham-em-alta\/\",\"name\":\"Ap\u00f3s balan\u00e7o, a\u00e7\u00f5es da JBS fecham em alta - Acrimat\",\"isPartOf\":{\"@id\":\"https:\/\/acrimat.org.br\/portal\/#website\"},\"primaryImageOfPage\":{\"@id\":\"https:\/\/acrimat.org.br\/portal\/apos-balanco-acoes-da-jbs-fecham-em-alta\/#primaryimage\"},\"image\":{\"@id\":\"https:\/\/acrimat.org.br\/portal\/apos-balanco-acoes-da-jbs-fecham-em-alta\/#primaryimage\"},\"thumbnailUrl\":\"https:\/\/acrimat.org.br\/portal\/wp-content\/uploads\/2016\/08\/jbs-.jpg\",\"datePublished\":\"2017-08-17T13:16:56+00:00\",\"breadcrumb\":{\"@id\":\"https:\/\/acrimat.org.br\/portal\/apos-balanco-acoes-da-jbs-fecham-em-alta\/#breadcrumb\"},\"inLanguage\":\"pt-BR\",\"potentialAction\":[{\"@type\":\"ReadAction\",\"target\":[\"https:\/\/acrimat.org.br\/portal\/apos-balanco-acoes-da-jbs-fecham-em-alta\/\"]}]},{\"@type\":\"ImageObject\",\"inLanguage\":\"pt-BR\",\"@id\":\"https:\/\/acrimat.org.br\/portal\/apos-balanco-acoes-da-jbs-fecham-em-alta\/#primaryimage\",\"url\":\"https:\/\/acrimat.org.br\/portal\/wp-content\/uploads\/2016\/08\/jbs-.jpg\",\"contentUrl\":\"https:\/\/acrimat.org.br\/portal\/wp-content\/uploads\/2016\/08\/jbs-.jpg\",\"width\":600,\"height\":372},{\"@type\":\"BreadcrumbList\",\"@id\":\"https:\/\/acrimat.org.br\/portal\/apos-balanco-acoes-da-jbs-fecham-em-alta\/#breadcrumb\",\"itemListElement\":[{\"@type\":\"ListItem\",\"position\":1,\"name\":\"In\u00edcio\",\"item\":\"https:\/\/acrimat.org.br\/portal\/\"},{\"@type\":\"ListItem\",\"position\":2,\"name\":\"Ap\u00f3s balan\u00e7o, a\u00e7\u00f5es da JBS fecham em alta\"}]},{\"@type\":\"WebSite\",\"@id\":\"https:\/\/acrimat.org.br\/portal\/#website\",\"url\":\"https:\/\/acrimat.org.br\/portal\/\",\"name\":\"Acrimat\",\"description\":\"Associa\u00e7\u00e3o dos Criadores de Mato Grosso\",\"publisher\":{\"@id\":\"https:\/\/acrimat.org.br\/portal\/#organization\"},\"potentialAction\":[{\"@type\":\"SearchAction\",\"target\":{\"@type\":\"EntryPoint\",\"urlTemplate\":\"https:\/\/acrimat.org.br\/portal\/?s={search_term_string}\"},\"query-input\":{\"@type\":\"PropertyValueSpecification\",\"valueRequired\":true,\"valueName\":\"search_term_string\"}}],\"inLanguage\":\"pt-BR\"},{\"@type\":\"Organization\",\"@id\":\"https:\/\/acrimat.org.br\/portal\/#organization\",\"name\":\"Associa\u00e7\u00e3o dos Criadores de Mato Grosso\",\"url\":\"https:\/\/acrimat.org.br\/portal\/\",\"logo\":{\"@type\":\"ImageObject\",\"inLanguage\":\"pt-BR\",\"@id\":\"https:\/\/acrimat.org.br\/portal\/#\/schema\/logo\/image\/\",\"url\":\"https:\/\/acrimat.org.br\/portal\/wp-content\/uploads\/2018\/03\/logo-peq-original.png\",\"contentUrl\":\"https:\/\/acrimat.org.br\/portal\/wp-content\/uploads\/2018\/03\/logo-peq-original.png\",\"width\":174,\"height\":171,\"caption\":\"Associa\u00e7\u00e3o dos Criadores de Mato Grosso\"},\"image\":{\"@id\":\"https:\/\/acrimat.org.br\/portal\/#\/schema\/logo\/image\/\"}},{\"@type\":\"Person\",\"@id\":\"https:\/\/acrimat.org.br\/portal\/#\/schema\/person\/18df8bcf6890e924fe5d8b5afd2bec0f\",\"name\":\"P\u00e9ricles C\u00e2ndido\",\"image\":{\"@type\":\"ImageObject\",\"inLanguage\":\"pt-BR\",\"@id\":\"https:\/\/acrimat.org.br\/portal\/#\/schema\/person\/image\/\",\"url\":\"https:\/\/secure.gravatar.com\/avatar\/33e2a2b971dc363ed2df53d0d3bfbd18?s=96&d=mm&r=g\",\"contentUrl\":\"https:\/\/secure.gravatar.com\/avatar\/33e2a2b971dc363ed2df53d0d3bfbd18?s=96&d=mm&r=g\",\"caption\":\"P\u00e9ricles C\u00e2ndido\"},\"sameAs\":[\"ascom@acrimat.org.br\"],\"url\":\"https:\/\/acrimat.org.br\/portal\/author\/designergrafico\/\"}]}<\/script>\n<!-- \/ Yoast SEO plugin. -->","yoast_head_json":{"title":"Ap\u00f3s balan\u00e7o, a\u00e7\u00f5es da JBS fecham em alta - Acrimat","robots":{"index":"index","follow":"follow","max-snippet":"max-snippet:-1","max-image-preview":"max-image-preview:large","max-video-preview":"max-video-preview:-1"},"canonical":"https:\/\/acrimat.org.br\/portal\/apos-balanco-acoes-da-jbs-fecham-em-alta\/","og_locale":"pt_BR","og_type":"article","og_title":"Ap\u00f3s balan\u00e7o, a\u00e7\u00f5es da JBS fecham em alta - Acrimat","og_description":"As a\u00e7\u00f5es ordin\u00e1rias da JBS, dona da Friboi, fecharam em alta na ter\u00e7a-feira, 15, de 1,05%, um dia ap\u00f3s a divulga\u00e7\u00e3o de resultados da companhia","og_url":"https:\/\/acrimat.org.br\/portal\/apos-balanco-acoes-da-jbs-fecham-em-alta\/","og_site_name":"Acrimat","article_published_time":"2017-08-17T13:16:56+00:00","og_image":[{"width":600,"height":372,"url":"https:\/\/acrimat.org.br\/portal\/wp-content\/uploads\/2016\/08\/jbs-.jpg","type":"image\/jpeg"}],"author":"P\u00e9ricles C\u00e2ndido","twitter_card":"summary_large_image","twitter_misc":{"Escrito por":"P\u00e9ricles C\u00e2ndido","Est. tempo de leitura":"2 minutos"},"schema":{"@context":"https:\/\/schema.org","@graph":[{"@type":"Article","@id":"https:\/\/acrimat.org.br\/portal\/apos-balanco-acoes-da-jbs-fecham-em-alta\/#article","isPartOf":{"@id":"https:\/\/acrimat.org.br\/portal\/apos-balanco-acoes-da-jbs-fecham-em-alta\/"},"author":{"name":"P\u00e9ricles C\u00e2ndido","@id":"https:\/\/acrimat.org.br\/portal\/#\/schema\/person\/18df8bcf6890e924fe5d8b5afd2bec0f"},"headline":"Ap\u00f3s balan\u00e7o, a\u00e7\u00f5es da JBS fecham em alta","datePublished":"2017-08-17T13:16:56+00:00","mainEntityOfPage":{"@id":"https:\/\/acrimat.org.br\/portal\/apos-balanco-acoes-da-jbs-fecham-em-alta\/"},"wordCount":339,"publisher":{"@id":"https:\/\/acrimat.org.br\/portal\/#organization"},"image":{"@id":"https:\/\/acrimat.org.br\/portal\/apos-balanco-acoes-da-jbs-fecham-em-alta\/#primaryimage"},"thumbnailUrl":"https:\/\/acrimat.org.br\/portal\/wp-content\/uploads\/2016\/08\/jbs-.jpg","articleSection":["Destaques","Not\u00edcias"],"inLanguage":"pt-BR"},{"@type":"WebPage","@id":"https:\/\/acrimat.org.br\/portal\/apos-balanco-acoes-da-jbs-fecham-em-alta\/","url":"https:\/\/acrimat.org.br\/portal\/apos-balanco-acoes-da-jbs-fecham-em-alta\/","name":"Ap\u00f3s balan\u00e7o, a\u00e7\u00f5es da JBS fecham em alta - Acrimat","isPartOf":{"@id":"https:\/\/acrimat.org.br\/portal\/#website"},"primaryImageOfPage":{"@id":"https:\/\/acrimat.org.br\/portal\/apos-balanco-acoes-da-jbs-fecham-em-alta\/#primaryimage"},"image":{"@id":"https:\/\/acrimat.org.br\/portal\/apos-balanco-acoes-da-jbs-fecham-em-alta\/#primaryimage"},"thumbnailUrl":"https:\/\/acrimat.org.br\/portal\/wp-content\/uploads\/2016\/08\/jbs-.jpg","datePublished":"2017-08-17T13:16:56+00:00","breadcrumb":{"@id":"https:\/\/acrimat.org.br\/portal\/apos-balanco-acoes-da-jbs-fecham-em-alta\/#breadcrumb"},"inLanguage":"pt-BR","potentialAction":[{"@type":"ReadAction","target":["https:\/\/acrimat.org.br\/portal\/apos-balanco-acoes-da-jbs-fecham-em-alta\/"]}]},{"@type":"ImageObject","inLanguage":"pt-BR","@id":"https:\/\/acrimat.org.br\/portal\/apos-balanco-acoes-da-jbs-fecham-em-alta\/#primaryimage","url":"https:\/\/acrimat.org.br\/portal\/wp-content\/uploads\/2016\/08\/jbs-.jpg","contentUrl":"https:\/\/acrimat.org.br\/portal\/wp-content\/uploads\/2016\/08\/jbs-.jpg","width":600,"height":372},{"@type":"BreadcrumbList","@id":"https:\/\/acrimat.org.br\/portal\/apos-balanco-acoes-da-jbs-fecham-em-alta\/#breadcrumb","itemListElement":[{"@type":"ListItem","position":1,"name":"In\u00edcio","item":"https:\/\/acrimat.org.br\/portal\/"},{"@type":"ListItem","position":2,"name":"Ap\u00f3s balan\u00e7o, a\u00e7\u00f5es da JBS fecham em alta"}]},{"@type":"WebSite","@id":"https:\/\/acrimat.org.br\/portal\/#website","url":"https:\/\/acrimat.org.br\/portal\/","name":"Acrimat","description":"Associa\u00e7\u00e3o dos Criadores de Mato Grosso","publisher":{"@id":"https:\/\/acrimat.org.br\/portal\/#organization"},"potentialAction":[{"@type":"SearchAction","target":{"@type":"EntryPoint","urlTemplate":"https:\/\/acrimat.org.br\/portal\/?s={search_term_string}"},"query-input":{"@type":"PropertyValueSpecification","valueRequired":true,"valueName":"search_term_string"}}],"inLanguage":"pt-BR"},{"@type":"Organization","@id":"https:\/\/acrimat.org.br\/portal\/#organization","name":"Associa\u00e7\u00e3o dos Criadores de Mato Grosso","url":"https:\/\/acrimat.org.br\/portal\/","logo":{"@type":"ImageObject","inLanguage":"pt-BR","@id":"https:\/\/acrimat.org.br\/portal\/#\/schema\/logo\/image\/","url":"https:\/\/acrimat.org.br\/portal\/wp-content\/uploads\/2018\/03\/logo-peq-original.png","contentUrl":"https:\/\/acrimat.org.br\/portal\/wp-content\/uploads\/2018\/03\/logo-peq-original.png","width":174,"height":171,"caption":"Associa\u00e7\u00e3o dos Criadores de Mato Grosso"},"image":{"@id":"https:\/\/acrimat.org.br\/portal\/#\/schema\/logo\/image\/"}},{"@type":"Person","@id":"https:\/\/acrimat.org.br\/portal\/#\/schema\/person\/18df8bcf6890e924fe5d8b5afd2bec0f","name":"P\u00e9ricles C\u00e2ndido","image":{"@type":"ImageObject","inLanguage":"pt-BR","@id":"https:\/\/acrimat.org.br\/portal\/#\/schema\/person\/image\/","url":"https:\/\/secure.gravatar.com\/avatar\/33e2a2b971dc363ed2df53d0d3bfbd18?s=96&d=mm&r=g","contentUrl":"https:\/\/secure.gravatar.com\/avatar\/33e2a2b971dc363ed2df53d0d3bfbd18?s=96&d=mm&r=g","caption":"P\u00e9ricles C\u00e2ndido"},"sameAs":["ascom@acrimat.org.br"],"url":"https:\/\/acrimat.org.br\/portal\/author\/designergrafico\/"}]}},"_links":{"self":[{"href":"https:\/\/acrimat.org.br\/portal\/wp-json\/wp\/v2\/posts\/97983158","targetHints":{"allow":["GET"]}}],"collection":[{"href":"https:\/\/acrimat.org.br\/portal\/wp-json\/wp\/v2\/posts"}],"about":[{"href":"https:\/\/acrimat.org.br\/portal\/wp-json\/wp\/v2\/types\/post"}],"author":[{"embeddable":true,"href":"https:\/\/acrimat.org.br\/portal\/wp-json\/wp\/v2\/users\/11"}],"replies":[{"embeddable":true,"href":"https:\/\/acrimat.org.br\/portal\/wp-json\/wp\/v2\/comments?post=97983158"}],"version-history":[{"count":2,"href":"https:\/\/acrimat.org.br\/portal\/wp-json\/wp\/v2\/posts\/97983158\/revisions"}],"predecessor-version":[{"id":97983160,"href":"https:\/\/acrimat.org.br\/portal\/wp-json\/wp\/v2\/posts\/97983158\/revisions\/97983160"}],"wp:featuredmedia":[{"embeddable":true,"href":"https:\/\/acrimat.org.br\/portal\/wp-json\/wp\/v2\/media\/97977530"}],"wp:attachment":[{"href":"https:\/\/acrimat.org.br\/portal\/wp-json\/wp\/v2\/media?parent=97983158"}],"wp:term":[{"taxonomy":"category","embeddable":true,"href":"https:\/\/acrimat.org.br\/portal\/wp-json\/wp\/v2\/categories?post=97983158"},{"taxonomy":"post_tag","embeddable":true,"href":"https:\/\/acrimat.org.br\/portal\/wp-json\/wp\/v2\/tags?post=97983158"}],"curies":[{"name":"wp","href":"https:\/\/api.w.org\/{rel}","templated":true}]}}