{"id":97983166,"date":"2017-08-17T10:23:05","date_gmt":"2017-08-17T13:23:05","guid":{"rendered":"http:\/\/acrimat.org.br\/portal\/?p=97983166"},"modified":"2017-08-17T10:23:05","modified_gmt":"2017-08-17T13:23:05","slug":"pecuarista-de-sp-e-mais-afetado-pela-crise-do-que-o-de-mt","status":"publish","type":"post","link":"https:\/\/acrimat.org.br\/portal\/pecuarista-de-sp-e-mais-afetado-pela-crise-do-que-o-de-mt\/","title":{"rendered":"Pecuarista de SP \u00e9 mais afetado pela crise do que o de MT"},"content":{"rendered":"<p><a href=\"http:\/\/acrimat.org.br\/portal\/wp-content\/uploads\/2016\/06\/gado-1-foto-assessoria-acrimat5.jpg\"><img fetchpriority=\"high\" decoding=\"async\" class=\"alignright size-medium wp-image-97975778\" src=\"http:\/\/acrimat.org.br\/portal\/wp-content\/uploads\/2016\/06\/gado-1-foto-assessoria-acrimat5-300x225.jpg\" alt=\"\" width=\"300\" height=\"225\" srcset=\"https:\/\/acrimat.org.br\/portal\/wp-content\/uploads\/2016\/06\/gado-1-foto-assessoria-acrimat5-300x225.jpg 300w, https:\/\/acrimat.org.br\/portal\/wp-content\/uploads\/2016\/06\/gado-1-foto-assessoria-acrimat5-250x188.jpg 250w, https:\/\/acrimat.org.br\/portal\/wp-content\/uploads\/2016\/06\/gado-1-foto-assessoria-acrimat5.jpg 550w, https:\/\/acrimat.org.br\/portal\/wp-content\/uploads\/2016\/06\/gado-1-foto-assessoria-acrimat5-240x180.jpg 240w, https:\/\/acrimat.org.br\/portal\/wp-content\/uploads\/2016\/06\/gado-1-foto-assessoria-acrimat5-400x300.jpg 400w\" sizes=\"(max-width: 300px) 100vw, 300px\" \/><\/a>H\u00e1 exatamente cinco meses, o mercado de carne entrava em rebuli\u00e7o com a Opera\u00e7\u00e3o Carne Fraca, da Pol\u00edcia Federal.<\/p>\n<p>Nesse per\u00edodo, o setor sofreu ainda os efeitos de outras crises, entre as quais a deflagrada pela dela\u00e7\u00e3o premiada de Joesley Batista, da JBS.<\/p>\n<p>Avaliando esses meses, os n\u00fameros do setor mostram que o pecuarista de S\u00e3o Paulo sofre mais os efeitos da crise do que os de Mato Grosso.<\/p>\n<p>O pre\u00e7o da arroba de boi gordo no norte de Mato Grosso, uma regi\u00e3o com boa concentra\u00e7\u00e3o de gado, \u00e9 apenas 9% inferior ao praticado em S\u00e3o Paulo, mercado formador do pre\u00e7o nacional.<\/p>\n<p>O cen\u00e1rio atual \u00e9 bem melhor para os pecuaristas mato-grossenses, uma vez que a diferen\u00e7a no mesmo per\u00edodo do ano passado era de 17%.<\/p>\n<p>Os dados s\u00e3o do Imea (Instituto Mato-Grossense de Economia Agropecu\u00e1ria).<\/p>\n<p>Luciano Vacari, da Acrimat (Associa\u00e7\u00e3o dos Criadores de Mato Grosso), afirma, entretanto, que, diante de tudo o que vem ocorrendo no setor desde mar\u00e7o, n\u00e3o se pode dizer que um esteja melhor do que o outro.<\/p>\n<p>&#8220;Enquanto o pecuarista de Mato Grosso est\u00e1 no hospital, o de S\u00e3o Paulo permanece na UTI&#8221;, acrescenta.<\/p>\n<p>Mariane Crespoline, do Cepea (Centro de Estudos Avan\u00e7ados em Economia Aplicada), diz que &#8220;h\u00e1 uma estiagem de bois em S\u00e3o Paulo&#8221;.<\/p>\n<p>A dificuldade de obten\u00e7\u00e3o de boi pronto para abate leva a ind\u00fastria paulista a buscar o gado em outros Estados, dando sustenta\u00e7\u00e3o aos pre\u00e7os nessas regi\u00f5es.<\/p>\n<p>Crespoline, que esteve circulando pelas principais regi\u00f5es de gado do Estado de S\u00e3o Paulo nos \u00faltimos dias, diz que &#8220;\u00e9 pequeno o volume de gado pronto para abate para as pr\u00f3ximas duas semanas&#8221;.<\/p>\n<p>Diante desse novo cen\u00e1rio no setor, parte dos pecuaristas mudou a forma de comercializa\u00e7\u00e3o do gado. Antes, vendiam lotes grandes para ganhar no volume. Agora, o produtor separa os animais em lotes menores e tenta ganhar no pre\u00e7o.<\/p>\n<p>Animais com qualidade e rastreabilidade chegam a alcan\u00e7ar pre\u00e7os maiores em Goi\u00e1s do que em S\u00e3o Paulo. Na m\u00e9dia, no entanto, os pre\u00e7os de Goi\u00e1s s\u00e3o menores do que os de S\u00e3o Paulo, segundo ela.<\/p>\n<p>\u00c2ngelo Ozelane, gestor t\u00e9cnico do Imea, diz que &#8220;essa redu\u00e7\u00e3o de margem tem de tudo um pouco: mudan\u00e7a na al\u00edquota de ICMS, Funrural, dela\u00e7\u00e3o premiada e pastos de m\u00e1 qualidade&#8221;.<\/p>\n<p>Para Ozelane, outro fator de mudan\u00e7a nessa paridade foi o fato de a queda de pre\u00e7os do boi ter sido mais acentuada em S\u00e3o Paulo do que em outros Estados.<\/p>\n<p>Ele acrescenta, por\u00e9m, que a diferen\u00e7a de pre\u00e7os est\u00e1 voltando ao normal. No caso de Mato Grosso, ela \u00e9 de 11%, em m\u00e9dia.<\/p>\n<p><strong>*<\/strong><\/p>\n<p><strong>Su\u00ednos &#8211;<\/strong> As exporta\u00e7\u00f5es de carne su\u00edna da Uni\u00e3o Europeia para a China n\u00e3o repetem o bom desempenho que tiveram no ano passado.<\/p>\n<p><strong>Queda &#8211;<\/strong> De janeiro a junho, os chineses compraram 685 mil toneladas dessa prote\u00edna dos europeus, 31% menos do que em igual per\u00edodo do ano passado.<\/p>\n<p><strong>Alta &#8211;<\/strong> J\u00e1 o Jap\u00e3o, segundo melhor mercado externo para os europeus, compraram 210 mil toneladas, 7% mais do que de janeiro a junho de 2016, segundo dados da Eurostat.<\/p>\n<p><strong>Frango &#8211;<\/strong> O Brasil liderou as vendas de carne de frango para a Uni\u00e3o Europeia. Os europeus compraram 232 mil toneladas dos brasileiros at\u00e9 junho, um volume, contudo, 12% inferior ao de igual per\u00edodo do ano passado.<\/p>\n","protected":false},"excerpt":{"rendered":"<p>H\u00e1 exatamente cinco meses, o mercado de carne entrava em rebuli\u00e7o com a Opera\u00e7\u00e3o Carne Fraca, da Pol\u00edcia Federal. Nesse per\u00edodo, o setor sofreu ainda os efeitos de outras crises, entre as quais a deflagrada pela dela\u00e7\u00e3o premiada de Joesley Batista, da JBS. Avaliando esses meses, os n\u00fameros do setor mostram que o pecuarista de [&hellip;]<\/p>\n","protected":false},"author":11,"featured_media":97975778,"comment_status":"closed","ping_status":"closed","sticky":false,"template":"","format":"standard","meta":{"footnotes":""},"categories":[6,1],"tags":[],"class_list":["post-97983166","post","type-post","status-publish","format-standard","has-post-thumbnail","hentry","category-destaque","category-noticia"],"yoast_head":"<!-- This site is optimized with the Yoast SEO plugin v24.8.1 - https:\/\/yoast.com\/wordpress\/plugins\/seo\/ -->\n<title>Pecuarista de SP \u00e9 mais afetado pela crise do que o de MT - Acrimat<\/title>\n<meta name=\"robots\" content=\"index, follow, max-snippet:-1, max-image-preview:large, max-video-preview:-1\" \/>\n<link rel=\"canonical\" href=\"https:\/\/acrimat.org.br\/portal\/pecuarista-de-sp-e-mais-afetado-pela-crise-do-que-o-de-mt\/\" \/>\n<meta property=\"og:locale\" content=\"pt_BR\" \/>\n<meta property=\"og:type\" content=\"article\" \/>\n<meta property=\"og:title\" content=\"Pecuarista de SP \u00e9 mais afetado pela crise do que o de MT - Acrimat\" \/>\n<meta property=\"og:description\" content=\"H\u00e1 exatamente cinco meses, o mercado de carne entrava em rebuli\u00e7o com a Opera\u00e7\u00e3o Carne Fraca, da Pol\u00edcia Federal. Nesse per\u00edodo, o setor sofreu ainda os efeitos de outras crises, entre as quais a deflagrada pela dela\u00e7\u00e3o premiada de Joesley Batista, da JBS. Avaliando esses meses, os n\u00fameros do setor mostram que o pecuarista de [&hellip;]\" \/>\n<meta property=\"og:url\" content=\"https:\/\/acrimat.org.br\/portal\/pecuarista-de-sp-e-mais-afetado-pela-crise-do-que-o-de-mt\/\" \/>\n<meta property=\"og:site_name\" content=\"Acrimat\" \/>\n<meta property=\"article:published_time\" content=\"2017-08-17T13:23:05+00:00\" \/>\n<meta property=\"og:image\" content=\"https:\/\/acrimat.org.br\/portal\/wp-content\/uploads\/2016\/06\/gado-1-foto-assessoria-acrimat5.jpg\" \/>\n\t<meta property=\"og:image:width\" content=\"550\" \/>\n\t<meta property=\"og:image:height\" content=\"413\" \/>\n\t<meta property=\"og:image:type\" content=\"image\/jpeg\" \/>\n<meta name=\"author\" content=\"P\u00e9ricles C\u00e2ndido\" \/>\n<meta name=\"twitter:card\" content=\"summary_large_image\" \/>\n<meta name=\"twitter:label1\" content=\"Escrito por\" \/>\n\t<meta name=\"twitter:data1\" content=\"P\u00e9ricles C\u00e2ndido\" \/>\n\t<meta name=\"twitter:label2\" content=\"Est. tempo de leitura\" \/>\n\t<meta name=\"twitter:data2\" content=\"3 minutos\" \/>\n<script type=\"application\/ld+json\" class=\"yoast-schema-graph\">{\"@context\":\"https:\/\/schema.org\",\"@graph\":[{\"@type\":\"Article\",\"@id\":\"https:\/\/acrimat.org.br\/portal\/pecuarista-de-sp-e-mais-afetado-pela-crise-do-que-o-de-mt\/#article\",\"isPartOf\":{\"@id\":\"https:\/\/acrimat.org.br\/portal\/pecuarista-de-sp-e-mais-afetado-pela-crise-do-que-o-de-mt\/\"},\"author\":{\"name\":\"P\u00e9ricles C\u00e2ndido\",\"@id\":\"https:\/\/acrimat.org.br\/portal\/#\/schema\/person\/18df8bcf6890e924fe5d8b5afd2bec0f\"},\"headline\":\"Pecuarista de SP \u00e9 mais afetado pela crise do que o de MT\",\"datePublished\":\"2017-08-17T13:23:05+00:00\",\"mainEntityOfPage\":{\"@id\":\"https:\/\/acrimat.org.br\/portal\/pecuarista-de-sp-e-mais-afetado-pela-crise-do-que-o-de-mt\/\"},\"wordCount\":604,\"publisher\":{\"@id\":\"https:\/\/acrimat.org.br\/portal\/#organization\"},\"image\":{\"@id\":\"https:\/\/acrimat.org.br\/portal\/pecuarista-de-sp-e-mais-afetado-pela-crise-do-que-o-de-mt\/#primaryimage\"},\"thumbnailUrl\":\"https:\/\/acrimat.org.br\/portal\/wp-content\/uploads\/2016\/06\/gado-1-foto-assessoria-acrimat5.jpg\",\"articleSection\":[\"Destaques\",\"Not\u00edcias\"],\"inLanguage\":\"pt-BR\"},{\"@type\":\"WebPage\",\"@id\":\"https:\/\/acrimat.org.br\/portal\/pecuarista-de-sp-e-mais-afetado-pela-crise-do-que-o-de-mt\/\",\"url\":\"https:\/\/acrimat.org.br\/portal\/pecuarista-de-sp-e-mais-afetado-pela-crise-do-que-o-de-mt\/\",\"name\":\"Pecuarista de SP \u00e9 mais afetado pela crise do que o de MT - Acrimat\",\"isPartOf\":{\"@id\":\"https:\/\/acrimat.org.br\/portal\/#website\"},\"primaryImageOfPage\":{\"@id\":\"https:\/\/acrimat.org.br\/portal\/pecuarista-de-sp-e-mais-afetado-pela-crise-do-que-o-de-mt\/#primaryimage\"},\"image\":{\"@id\":\"https:\/\/acrimat.org.br\/portal\/pecuarista-de-sp-e-mais-afetado-pela-crise-do-que-o-de-mt\/#primaryimage\"},\"thumbnailUrl\":\"https:\/\/acrimat.org.br\/portal\/wp-content\/uploads\/2016\/06\/gado-1-foto-assessoria-acrimat5.jpg\",\"datePublished\":\"2017-08-17T13:23:05+00:00\",\"breadcrumb\":{\"@id\":\"https:\/\/acrimat.org.br\/portal\/pecuarista-de-sp-e-mais-afetado-pela-crise-do-que-o-de-mt\/#breadcrumb\"},\"inLanguage\":\"pt-BR\",\"potentialAction\":[{\"@type\":\"ReadAction\",\"target\":[\"https:\/\/acrimat.org.br\/portal\/pecuarista-de-sp-e-mais-afetado-pela-crise-do-que-o-de-mt\/\"]}]},{\"@type\":\"ImageObject\",\"inLanguage\":\"pt-BR\",\"@id\":\"https:\/\/acrimat.org.br\/portal\/pecuarista-de-sp-e-mais-afetado-pela-crise-do-que-o-de-mt\/#primaryimage\",\"url\":\"https:\/\/acrimat.org.br\/portal\/wp-content\/uploads\/2016\/06\/gado-1-foto-assessoria-acrimat5.jpg\",\"contentUrl\":\"https:\/\/acrimat.org.br\/portal\/wp-content\/uploads\/2016\/06\/gado-1-foto-assessoria-acrimat5.jpg\",\"width\":550,\"height\":413},{\"@type\":\"BreadcrumbList\",\"@id\":\"https:\/\/acrimat.org.br\/portal\/pecuarista-de-sp-e-mais-afetado-pela-crise-do-que-o-de-mt\/#breadcrumb\",\"itemListElement\":[{\"@type\":\"ListItem\",\"position\":1,\"name\":\"In\u00edcio\",\"item\":\"https:\/\/acrimat.org.br\/portal\/\"},{\"@type\":\"ListItem\",\"position\":2,\"name\":\"Pecuarista de SP \u00e9 mais afetado pela crise do que o de MT\"}]},{\"@type\":\"WebSite\",\"@id\":\"https:\/\/acrimat.org.br\/portal\/#website\",\"url\":\"https:\/\/acrimat.org.br\/portal\/\",\"name\":\"Acrimat\",\"description\":\"Associa\u00e7\u00e3o dos Criadores de Mato Grosso\",\"publisher\":{\"@id\":\"https:\/\/acrimat.org.br\/portal\/#organization\"},\"potentialAction\":[{\"@type\":\"SearchAction\",\"target\":{\"@type\":\"EntryPoint\",\"urlTemplate\":\"https:\/\/acrimat.org.br\/portal\/?s={search_term_string}\"},\"query-input\":{\"@type\":\"PropertyValueSpecification\",\"valueRequired\":true,\"valueName\":\"search_term_string\"}}],\"inLanguage\":\"pt-BR\"},{\"@type\":\"Organization\",\"@id\":\"https:\/\/acrimat.org.br\/portal\/#organization\",\"name\":\"Associa\u00e7\u00e3o dos Criadores de Mato Grosso\",\"url\":\"https:\/\/acrimat.org.br\/portal\/\",\"logo\":{\"@type\":\"ImageObject\",\"inLanguage\":\"pt-BR\",\"@id\":\"https:\/\/acrimat.org.br\/portal\/#\/schema\/logo\/image\/\",\"url\":\"https:\/\/acrimat.org.br\/portal\/wp-content\/uploads\/2018\/03\/logo-peq-original.png\",\"contentUrl\":\"https:\/\/acrimat.org.br\/portal\/wp-content\/uploads\/2018\/03\/logo-peq-original.png\",\"width\":174,\"height\":171,\"caption\":\"Associa\u00e7\u00e3o dos Criadores de Mato Grosso\"},\"image\":{\"@id\":\"https:\/\/acrimat.org.br\/portal\/#\/schema\/logo\/image\/\"}},{\"@type\":\"Person\",\"@id\":\"https:\/\/acrimat.org.br\/portal\/#\/schema\/person\/18df8bcf6890e924fe5d8b5afd2bec0f\",\"name\":\"P\u00e9ricles C\u00e2ndido\",\"image\":{\"@type\":\"ImageObject\",\"inLanguage\":\"pt-BR\",\"@id\":\"https:\/\/acrimat.org.br\/portal\/#\/schema\/person\/image\/\",\"url\":\"https:\/\/secure.gravatar.com\/avatar\/33e2a2b971dc363ed2df53d0d3bfbd18?s=96&d=mm&r=g\",\"contentUrl\":\"https:\/\/secure.gravatar.com\/avatar\/33e2a2b971dc363ed2df53d0d3bfbd18?s=96&d=mm&r=g\",\"caption\":\"P\u00e9ricles C\u00e2ndido\"},\"sameAs\":[\"ascom@acrimat.org.br\"],\"url\":\"https:\/\/acrimat.org.br\/portal\/author\/designergrafico\/\"}]}<\/script>\n<!-- \/ Yoast SEO plugin. -->","yoast_head_json":{"title":"Pecuarista de SP \u00e9 mais afetado pela crise do que o de MT - Acrimat","robots":{"index":"index","follow":"follow","max-snippet":"max-snippet:-1","max-image-preview":"max-image-preview:large","max-video-preview":"max-video-preview:-1"},"canonical":"https:\/\/acrimat.org.br\/portal\/pecuarista-de-sp-e-mais-afetado-pela-crise-do-que-o-de-mt\/","og_locale":"pt_BR","og_type":"article","og_title":"Pecuarista de SP \u00e9 mais afetado pela crise do que o de MT - Acrimat","og_description":"H\u00e1 exatamente cinco meses, o mercado de carne entrava em rebuli\u00e7o com a Opera\u00e7\u00e3o Carne Fraca, da Pol\u00edcia Federal. Nesse per\u00edodo, o setor sofreu ainda os efeitos de outras crises, entre as quais a deflagrada pela dela\u00e7\u00e3o premiada de Joesley Batista, da JBS. Avaliando esses meses, os n\u00fameros do setor mostram que o pecuarista de [&hellip;]","og_url":"https:\/\/acrimat.org.br\/portal\/pecuarista-de-sp-e-mais-afetado-pela-crise-do-que-o-de-mt\/","og_site_name":"Acrimat","article_published_time":"2017-08-17T13:23:05+00:00","og_image":[{"width":550,"height":413,"url":"https:\/\/acrimat.org.br\/portal\/wp-content\/uploads\/2016\/06\/gado-1-foto-assessoria-acrimat5.jpg","type":"image\/jpeg"}],"author":"P\u00e9ricles C\u00e2ndido","twitter_card":"summary_large_image","twitter_misc":{"Escrito por":"P\u00e9ricles C\u00e2ndido","Est. tempo de leitura":"3 minutos"},"schema":{"@context":"https:\/\/schema.org","@graph":[{"@type":"Article","@id":"https:\/\/acrimat.org.br\/portal\/pecuarista-de-sp-e-mais-afetado-pela-crise-do-que-o-de-mt\/#article","isPartOf":{"@id":"https:\/\/acrimat.org.br\/portal\/pecuarista-de-sp-e-mais-afetado-pela-crise-do-que-o-de-mt\/"},"author":{"name":"P\u00e9ricles C\u00e2ndido","@id":"https:\/\/acrimat.org.br\/portal\/#\/schema\/person\/18df8bcf6890e924fe5d8b5afd2bec0f"},"headline":"Pecuarista de SP \u00e9 mais afetado pela crise do que o de MT","datePublished":"2017-08-17T13:23:05+00:00","mainEntityOfPage":{"@id":"https:\/\/acrimat.org.br\/portal\/pecuarista-de-sp-e-mais-afetado-pela-crise-do-que-o-de-mt\/"},"wordCount":604,"publisher":{"@id":"https:\/\/acrimat.org.br\/portal\/#organization"},"image":{"@id":"https:\/\/acrimat.org.br\/portal\/pecuarista-de-sp-e-mais-afetado-pela-crise-do-que-o-de-mt\/#primaryimage"},"thumbnailUrl":"https:\/\/acrimat.org.br\/portal\/wp-content\/uploads\/2016\/06\/gado-1-foto-assessoria-acrimat5.jpg","articleSection":["Destaques","Not\u00edcias"],"inLanguage":"pt-BR"},{"@type":"WebPage","@id":"https:\/\/acrimat.org.br\/portal\/pecuarista-de-sp-e-mais-afetado-pela-crise-do-que-o-de-mt\/","url":"https:\/\/acrimat.org.br\/portal\/pecuarista-de-sp-e-mais-afetado-pela-crise-do-que-o-de-mt\/","name":"Pecuarista de SP \u00e9 mais afetado pela crise do que o de MT - Acrimat","isPartOf":{"@id":"https:\/\/acrimat.org.br\/portal\/#website"},"primaryImageOfPage":{"@id":"https:\/\/acrimat.org.br\/portal\/pecuarista-de-sp-e-mais-afetado-pela-crise-do-que-o-de-mt\/#primaryimage"},"image":{"@id":"https:\/\/acrimat.org.br\/portal\/pecuarista-de-sp-e-mais-afetado-pela-crise-do-que-o-de-mt\/#primaryimage"},"thumbnailUrl":"https:\/\/acrimat.org.br\/portal\/wp-content\/uploads\/2016\/06\/gado-1-foto-assessoria-acrimat5.jpg","datePublished":"2017-08-17T13:23:05+00:00","breadcrumb":{"@id":"https:\/\/acrimat.org.br\/portal\/pecuarista-de-sp-e-mais-afetado-pela-crise-do-que-o-de-mt\/#breadcrumb"},"inLanguage":"pt-BR","potentialAction":[{"@type":"ReadAction","target":["https:\/\/acrimat.org.br\/portal\/pecuarista-de-sp-e-mais-afetado-pela-crise-do-que-o-de-mt\/"]}]},{"@type":"ImageObject","inLanguage":"pt-BR","@id":"https:\/\/acrimat.org.br\/portal\/pecuarista-de-sp-e-mais-afetado-pela-crise-do-que-o-de-mt\/#primaryimage","url":"https:\/\/acrimat.org.br\/portal\/wp-content\/uploads\/2016\/06\/gado-1-foto-assessoria-acrimat5.jpg","contentUrl":"https:\/\/acrimat.org.br\/portal\/wp-content\/uploads\/2016\/06\/gado-1-foto-assessoria-acrimat5.jpg","width":550,"height":413},{"@type":"BreadcrumbList","@id":"https:\/\/acrimat.org.br\/portal\/pecuarista-de-sp-e-mais-afetado-pela-crise-do-que-o-de-mt\/#breadcrumb","itemListElement":[{"@type":"ListItem","position":1,"name":"In\u00edcio","item":"https:\/\/acrimat.org.br\/portal\/"},{"@type":"ListItem","position":2,"name":"Pecuarista de SP \u00e9 mais afetado pela crise do que o de MT"}]},{"@type":"WebSite","@id":"https:\/\/acrimat.org.br\/portal\/#website","url":"https:\/\/acrimat.org.br\/portal\/","name":"Acrimat","description":"Associa\u00e7\u00e3o dos Criadores de Mato Grosso","publisher":{"@id":"https:\/\/acrimat.org.br\/portal\/#organization"},"potentialAction":[{"@type":"SearchAction","target":{"@type":"EntryPoint","urlTemplate":"https:\/\/acrimat.org.br\/portal\/?s={search_term_string}"},"query-input":{"@type":"PropertyValueSpecification","valueRequired":true,"valueName":"search_term_string"}}],"inLanguage":"pt-BR"},{"@type":"Organization","@id":"https:\/\/acrimat.org.br\/portal\/#organization","name":"Associa\u00e7\u00e3o dos Criadores de Mato Grosso","url":"https:\/\/acrimat.org.br\/portal\/","logo":{"@type":"ImageObject","inLanguage":"pt-BR","@id":"https:\/\/acrimat.org.br\/portal\/#\/schema\/logo\/image\/","url":"https:\/\/acrimat.org.br\/portal\/wp-content\/uploads\/2018\/03\/logo-peq-original.png","contentUrl":"https:\/\/acrimat.org.br\/portal\/wp-content\/uploads\/2018\/03\/logo-peq-original.png","width":174,"height":171,"caption":"Associa\u00e7\u00e3o dos Criadores de Mato Grosso"},"image":{"@id":"https:\/\/acrimat.org.br\/portal\/#\/schema\/logo\/image\/"}},{"@type":"Person","@id":"https:\/\/acrimat.org.br\/portal\/#\/schema\/person\/18df8bcf6890e924fe5d8b5afd2bec0f","name":"P\u00e9ricles C\u00e2ndido","image":{"@type":"ImageObject","inLanguage":"pt-BR","@id":"https:\/\/acrimat.org.br\/portal\/#\/schema\/person\/image\/","url":"https:\/\/secure.gravatar.com\/avatar\/33e2a2b971dc363ed2df53d0d3bfbd18?s=96&d=mm&r=g","contentUrl":"https:\/\/secure.gravatar.com\/avatar\/33e2a2b971dc363ed2df53d0d3bfbd18?s=96&d=mm&r=g","caption":"P\u00e9ricles C\u00e2ndido"},"sameAs":["ascom@acrimat.org.br"],"url":"https:\/\/acrimat.org.br\/portal\/author\/designergrafico\/"}]}},"_links":{"self":[{"href":"https:\/\/acrimat.org.br\/portal\/wp-json\/wp\/v2\/posts\/97983166","targetHints":{"allow":["GET"]}}],"collection":[{"href":"https:\/\/acrimat.org.br\/portal\/wp-json\/wp\/v2\/posts"}],"about":[{"href":"https:\/\/acrimat.org.br\/portal\/wp-json\/wp\/v2\/types\/post"}],"author":[{"embeddable":true,"href":"https:\/\/acrimat.org.br\/portal\/wp-json\/wp\/v2\/users\/11"}],"replies":[{"embeddable":true,"href":"https:\/\/acrimat.org.br\/portal\/wp-json\/wp\/v2\/comments?post=97983166"}],"version-history":[{"count":2,"href":"https:\/\/acrimat.org.br\/portal\/wp-json\/wp\/v2\/posts\/97983166\/revisions"}],"predecessor-version":[{"id":97983168,"href":"https:\/\/acrimat.org.br\/portal\/wp-json\/wp\/v2\/posts\/97983166\/revisions\/97983168"}],"wp:featuredmedia":[{"embeddable":true,"href":"https:\/\/acrimat.org.br\/portal\/wp-json\/wp\/v2\/media\/97975778"}],"wp:attachment":[{"href":"https:\/\/acrimat.org.br\/portal\/wp-json\/wp\/v2\/media?parent=97983166"}],"wp:term":[{"taxonomy":"category","embeddable":true,"href":"https:\/\/acrimat.org.br\/portal\/wp-json\/wp\/v2\/categories?post=97983166"},{"taxonomy":"post_tag","embeddable":true,"href":"https:\/\/acrimat.org.br\/portal\/wp-json\/wp\/v2\/tags?post=97983166"}],"curies":[{"name":"wp","href":"https:\/\/api.w.org\/{rel}","templated":true}]}}