{"id":97983196,"date":"2017-08-18T10:34:35","date_gmt":"2017-08-18T13:34:35","guid":{"rendered":"http:\/\/acrimat.org.br\/portal\/?p=97983196"},"modified":"2017-08-18T10:34:35","modified_gmt":"2017-08-18T13:34:35","slug":"mais-de-100-bezerros-sao-roubados-de-fazenda-em-mt-e-pecuarista-estima-prejuizo-de-r-330-mil","status":"publish","type":"post","link":"https:\/\/acrimat.org.br\/portal\/mais-de-100-bezerros-sao-roubados-de-fazenda-em-mt-e-pecuarista-estima-prejuizo-de-r-330-mil\/","title":{"rendered":"Mais de 100 bezerros s\u00e3o roubados de fazenda em MT e pecuarista estima preju\u00edzo de R$ 330 mil"},"content":{"rendered":"<div class=\"mc-column content-text active-extra-styles active-capital-letter\" data-block-type=\"unstyled\" data-block-weight=\"53\">\n<div id=\"attachment_97983180\" style=\"width: 310px\" class=\"wp-caption alignright\"><a href=\"http:\/\/acrimat.org.br\/portal\/wp-content\/uploads\/2017\/08\/bezerros-roubo.jpg\"><img fetchpriority=\"high\" decoding=\"async\" aria-describedby=\"caption-attachment-97983180\" class=\"size-medium wp-image-97983180\" src=\"http:\/\/acrimat.org.br\/portal\/wp-content\/uploads\/2017\/08\/bezerros-roubo-300x169.jpg\" alt=\"\" width=\"300\" height=\"169\" srcset=\"https:\/\/acrimat.org.br\/portal\/wp-content\/uploads\/2017\/08\/bezerros-roubo-300x169.jpg 300w, https:\/\/acrimat.org.br\/portal\/wp-content\/uploads\/2017\/08\/bezerros-roubo-768x432.jpg 768w, https:\/\/acrimat.org.br\/portal\/wp-content\/uploads\/2017\/08\/bezerros-roubo-250x141.jpg 250w, https:\/\/acrimat.org.br\/portal\/wp-content\/uploads\/2017\/08\/bezerros-roubo-550x310.jpg 550w, https:\/\/acrimat.org.br\/portal\/wp-content\/uploads\/2017\/08\/bezerros-roubo-800x450.jpg 800w, https:\/\/acrimat.org.br\/portal\/wp-content\/uploads\/2017\/08\/bezerros-roubo-320x180.jpg 320w, https:\/\/acrimat.org.br\/portal\/wp-content\/uploads\/2017\/08\/bezerros-roubo-533x300.jpg 533w, https:\/\/acrimat.org.br\/portal\/wp-content\/uploads\/2017\/08\/bezerros-roubo-888x500.jpg 888w, https:\/\/acrimat.org.br\/portal\/wp-content\/uploads\/2017\/08\/bezerros-roubo.jpg 984w\" sizes=\"(max-width: 300px) 100vw, 300px\" \/><\/a><p id=\"caption-attachment-97983180\" class=\"wp-caption-text\">Bezerros foram roubados de fazenda em Santo Ant\u00f4nio de Leverger Foto: Lu\u00eds Zacarias Schneider\/ Arquivo pessoal<\/p><\/div>\n<p class=\"content-text__container theme-color-primary-first-letter\" data-track-category=\"Link no Texto\" data-track-links=\"\">Um lote de 110 bezerros foi roubado de uma fazenda, localizada no munic\u00edpio de Santo Ant\u00f4nio do Leverger, a 35 km de Cuiab\u00e1, nessa quarta-feira (17). De acordo com o pecuarista Lu\u00eds Zacarias Schneider, dono da propriedade rural, dois homens armados invadiram a fazenda, amarraram o funcion\u00e1rio, a mulher e o filho dele.<\/p>\n<\/div>\n<div class=\"mc-column content-text active-extra-styles \" data-block-type=\"unstyled\" data-block-weight=\"54\">\n<p class=\"content-text__container \" data-track-category=\"Link no Texto\" data-track-links=\"\">Os criminosos esperaram anoitecer para prender as v\u00edtimas em um dos quartos da casa e carregar os caminh\u00f5es com os animais, que s\u00e3o um cruzamento das ra\u00e7as Nelore, Caracu e Brahmam. O preju\u00edzo final pode chegar a mais de R$ 300 mil, segundo o pecuarista. O roubo ser\u00e1 investigado pela Pol\u00edcia Civil do munic\u00edpio.<\/p>\n<\/div>\n<div class=\"mc-column content-text active-extra-styles \" data-block-type=\"unstyled\" data-block-weight=\"43\">\n<p class=\"content-text__container \" data-track-category=\"Link no Texto\" data-track-links=\"\">Segundo o boletim de ocorr\u00eancia, os homens usaram tr\u00eas caminh\u00f5es para transportar os bezerros, que t\u00eam entre dez e 12 meses de idade. Zacarias explicou que o preju\u00edzo maior ser\u00e1 a longo prazo, pois, o pre\u00e7o do boi abatido pode dobrar de valor.<\/p>\n<\/div>\n<div class=\"mc-column content-text active-extra-styles \" data-block-type=\"unstyled\" data-block-weight=\"33\">\n<p class=\"content-text__container \" data-track-category=\"Link no Texto\" data-track-links=\"\">\u201c\u00c9 um preju\u00edzo grande, cada bezerro valia R$ 1.200, mas eu esperava engordar esses animais durante o pr\u00f3ximo ano, para abater e vender. Cada boi abatido pode custar at\u00e9 R$ 3 mil\u201d, contou.<\/p>\n<\/div>\n<div class=\"mc-column content-text active-extra-styles \" data-block-type=\"unstyled\" data-block-weight=\"28\">\n<p class=\"content-text__container \" data-track-category=\"Link no Texto\" data-track-links=\"\">A fam\u00edlia de Lu\u00eds vive da pecu\u00e1ria desde 1980. H\u00e1 dois anos, outro roubo j\u00e1 havia sido registrado na fazenda. Ladr\u00f5es invadiram a fazenda e roubaram uma caminhonete.<\/p>\n<\/div>\n<div class=\"mc-column content-text active-extra-styles \" data-block-type=\"unstyled\" data-block-weight=\"37\">\n<p class=\"content-text__container \" data-track-category=\"Link no Texto\" data-track-links=\"\">Ele explica que a t\u00e1tica usada no roubo \u00e9 antiga: os assaltantes invadem a propriedade, rendem os funcion\u00e1rios e, ao anoitecer, os trancam em algum c\u00f4modo, para que n\u00e3o vejam as caracter\u00edsticas do caminh\u00e3o usado por eles.<\/p>\n<\/div>\n<div class=\"mc-column content-text active-extra-styles \" data-block-type=\"unstyled\" data-block-weight=\"48\">\n<p class=\"content-text__container \" data-track-category=\"Link no Texto\" data-track-links=\"\">\u201cEles tiraram todos os chips dos celulares, mas n\u00e3o viram um [celular] que estava escondido. Ao terminarem o carregamento, eles ordenaram que os funcion\u00e1rios s\u00f3 sa\u00edssem depois de 1 hora e meia da sa\u00edda deles do local e avisaram que algu\u00e9m ficaria do lado de fora vigiando-os\u201d, disse.<\/p>\n<\/div>\n<div class=\"mc-column content-text active-extra-styles \" data-block-type=\"unstyled\" data-block-weight=\"45\">\n<p class=\"content-text__container \" data-track-category=\"Link no Texto\" data-track-links=\"\">Os funcion\u00e1rios obedeceram a ordem dos suspeitos e, ao sa\u00edrem do quarto, ligaram para Zacarias e informaram sobre o roubo. Ele explica que, como a pecu\u00e1ria enfrenta dificuldades e a margem de lucro est\u00e1 muito baixa, o roubo dos bezerros comprometer\u00e1 os neg\u00f3cios da fam\u00edlia.<\/p>\n<\/div>\n<div class=\"mc-column content-text active-extra-styles \" data-block-type=\"unstyled\" data-block-weight=\"21\">\n<p class=\"content-text__container \" data-track-category=\"Link no Texto\" data-track-links=\"\">\u201cA cada duas semanas, ficamos sabendo sobre roubos diferentes, mas temos esperan\u00e7a de que a pol\u00edcia consiga recuperar os animais\u201d, contou.<\/p>\n<\/div>\n","protected":false},"excerpt":{"rendered":"<p>Ladr\u00f5es prenderam funcion\u00e1rio e a fam\u00edlia dele em quarto e carregaram animais em caminh\u00f5es. Pol\u00edcia investiga o crime.<\/p>\n","protected":false},"author":11,"featured_media":97983180,"comment_status":"closed","ping_status":"closed","sticky":false,"template":"","format":"standard","meta":{"footnotes":""},"categories":[6,1],"tags":[],"class_list":["post-97983196","post","type-post","status-publish","format-standard","has-post-thumbnail","hentry","category-destaque","category-noticia"],"yoast_head":"<!-- This site is optimized with the Yoast SEO plugin v24.8.1 - https:\/\/yoast.com\/wordpress\/plugins\/seo\/ -->\n<title>Mais de 100 bezerros s\u00e3o roubados de fazenda em MT e pecuarista estima preju\u00edzo de R$ 330 mil - Acrimat<\/title>\n<meta name=\"robots\" content=\"index, follow, max-snippet:-1, max-image-preview:large, max-video-preview:-1\" \/>\n<link rel=\"canonical\" href=\"https:\/\/acrimat.org.br\/portal\/mais-de-100-bezerros-sao-roubados-de-fazenda-em-mt-e-pecuarista-estima-prejuizo-de-r-330-mil\/\" \/>\n<meta property=\"og:locale\" content=\"pt_BR\" \/>\n<meta property=\"og:type\" content=\"article\" \/>\n<meta property=\"og:title\" content=\"Mais de 100 bezerros s\u00e3o roubados de fazenda em MT e pecuarista estima preju\u00edzo de R$ 330 mil - Acrimat\" \/>\n<meta property=\"og:description\" content=\"Ladr\u00f5es prenderam funcion\u00e1rio e a fam\u00edlia dele em quarto e carregaram animais em caminh\u00f5es. Pol\u00edcia investiga o crime.\" \/>\n<meta property=\"og:url\" content=\"https:\/\/acrimat.org.br\/portal\/mais-de-100-bezerros-sao-roubados-de-fazenda-em-mt-e-pecuarista-estima-prejuizo-de-r-330-mil\/\" \/>\n<meta property=\"og:site_name\" content=\"Acrimat\" \/>\n<meta property=\"article:published_time\" content=\"2017-08-18T13:34:35+00:00\" \/>\n<meta property=\"og:image\" content=\"https:\/\/acrimat.org.br\/portal\/wp-content\/uploads\/2017\/08\/bezerros-roubo.jpg\" \/>\n\t<meta property=\"og:image:width\" content=\"984\" \/>\n\t<meta property=\"og:image:height\" content=\"554\" \/>\n\t<meta property=\"og:image:type\" content=\"image\/jpeg\" \/>\n<meta name=\"author\" content=\"P\u00e9ricles C\u00e2ndido\" \/>\n<meta name=\"twitter:card\" content=\"summary_large_image\" \/>\n<meta name=\"twitter:label1\" content=\"Escrito por\" \/>\n\t<meta name=\"twitter:data1\" content=\"P\u00e9ricles C\u00e2ndido\" \/>\n\t<meta name=\"twitter:label2\" content=\"Est. tempo de leitura\" \/>\n\t<meta name=\"twitter:data2\" content=\"2 minutos\" \/>\n<script type=\"application\/ld+json\" class=\"yoast-schema-graph\">{\"@context\":\"https:\/\/schema.org\",\"@graph\":[{\"@type\":\"Article\",\"@id\":\"https:\/\/acrimat.org.br\/portal\/mais-de-100-bezerros-sao-roubados-de-fazenda-em-mt-e-pecuarista-estima-prejuizo-de-r-330-mil\/#article\",\"isPartOf\":{\"@id\":\"https:\/\/acrimat.org.br\/portal\/mais-de-100-bezerros-sao-roubados-de-fazenda-em-mt-e-pecuarista-estima-prejuizo-de-r-330-mil\/\"},\"author\":{\"name\":\"P\u00e9ricles C\u00e2ndido\",\"@id\":\"https:\/\/acrimat.org.br\/portal\/#\/schema\/person\/18df8bcf6890e924fe5d8b5afd2bec0f\"},\"headline\":\"Mais de 100 bezerros s\u00e3o roubados de fazenda em MT e pecuarista estima preju\u00edzo de R$ 330 mil\",\"datePublished\":\"2017-08-18T13:34:35+00:00\",\"mainEntityOfPage\":{\"@id\":\"https:\/\/acrimat.org.br\/portal\/mais-de-100-bezerros-sao-roubados-de-fazenda-em-mt-e-pecuarista-estima-prejuizo-de-r-330-mil\/\"},\"wordCount\":435,\"publisher\":{\"@id\":\"https:\/\/acrimat.org.br\/portal\/#organization\"},\"image\":{\"@id\":\"https:\/\/acrimat.org.br\/portal\/mais-de-100-bezerros-sao-roubados-de-fazenda-em-mt-e-pecuarista-estima-prejuizo-de-r-330-mil\/#primaryimage\"},\"thumbnailUrl\":\"https:\/\/acrimat.org.br\/portal\/wp-content\/uploads\/2017\/08\/bezerros-roubo.jpg\",\"articleSection\":[\"Destaques\",\"Not\u00edcias\"],\"inLanguage\":\"pt-BR\"},{\"@type\":\"WebPage\",\"@id\":\"https:\/\/acrimat.org.br\/portal\/mais-de-100-bezerros-sao-roubados-de-fazenda-em-mt-e-pecuarista-estima-prejuizo-de-r-330-mil\/\",\"url\":\"https:\/\/acrimat.org.br\/portal\/mais-de-100-bezerros-sao-roubados-de-fazenda-em-mt-e-pecuarista-estima-prejuizo-de-r-330-mil\/\",\"name\":\"Mais de 100 bezerros s\u00e3o roubados de fazenda em MT e pecuarista estima preju\u00edzo de R$ 330 mil - Acrimat\",\"isPartOf\":{\"@id\":\"https:\/\/acrimat.org.br\/portal\/#website\"},\"primaryImageOfPage\":{\"@id\":\"https:\/\/acrimat.org.br\/portal\/mais-de-100-bezerros-sao-roubados-de-fazenda-em-mt-e-pecuarista-estima-prejuizo-de-r-330-mil\/#primaryimage\"},\"image\":{\"@id\":\"https:\/\/acrimat.org.br\/portal\/mais-de-100-bezerros-sao-roubados-de-fazenda-em-mt-e-pecuarista-estima-prejuizo-de-r-330-mil\/#primaryimage\"},\"thumbnailUrl\":\"https:\/\/acrimat.org.br\/portal\/wp-content\/uploads\/2017\/08\/bezerros-roubo.jpg\",\"datePublished\":\"2017-08-18T13:34:35+00:00\",\"breadcrumb\":{\"@id\":\"https:\/\/acrimat.org.br\/portal\/mais-de-100-bezerros-sao-roubados-de-fazenda-em-mt-e-pecuarista-estima-prejuizo-de-r-330-mil\/#breadcrumb\"},\"inLanguage\":\"pt-BR\",\"potentialAction\":[{\"@type\":\"ReadAction\",\"target\":[\"https:\/\/acrimat.org.br\/portal\/mais-de-100-bezerros-sao-roubados-de-fazenda-em-mt-e-pecuarista-estima-prejuizo-de-r-330-mil\/\"]}]},{\"@type\":\"ImageObject\",\"inLanguage\":\"pt-BR\",\"@id\":\"https:\/\/acrimat.org.br\/portal\/mais-de-100-bezerros-sao-roubados-de-fazenda-em-mt-e-pecuarista-estima-prejuizo-de-r-330-mil\/#primaryimage\",\"url\":\"https:\/\/acrimat.org.br\/portal\/wp-content\/uploads\/2017\/08\/bezerros-roubo.jpg\",\"contentUrl\":\"https:\/\/acrimat.org.br\/portal\/wp-content\/uploads\/2017\/08\/bezerros-roubo.jpg\",\"width\":984,\"height\":554,\"caption\":\"Bezerros foram roubados de fazenda em Santo Ant\u00f4nio de Leverger Foto: Lu\u00eds Zacarias Schneider\/ Arquivo pessoal\"},{\"@type\":\"BreadcrumbList\",\"@id\":\"https:\/\/acrimat.org.br\/portal\/mais-de-100-bezerros-sao-roubados-de-fazenda-em-mt-e-pecuarista-estima-prejuizo-de-r-330-mil\/#breadcrumb\",\"itemListElement\":[{\"@type\":\"ListItem\",\"position\":1,\"name\":\"In\u00edcio\",\"item\":\"https:\/\/acrimat.org.br\/portal\/\"},{\"@type\":\"ListItem\",\"position\":2,\"name\":\"Mais de 100 bezerros s\u00e3o roubados de fazenda em MT e pecuarista estima preju\u00edzo de R$ 330 mil\"}]},{\"@type\":\"WebSite\",\"@id\":\"https:\/\/acrimat.org.br\/portal\/#website\",\"url\":\"https:\/\/acrimat.org.br\/portal\/\",\"name\":\"Acrimat\",\"description\":\"Associa\u00e7\u00e3o dos Criadores de Mato Grosso\",\"publisher\":{\"@id\":\"https:\/\/acrimat.org.br\/portal\/#organization\"},\"potentialAction\":[{\"@type\":\"SearchAction\",\"target\":{\"@type\":\"EntryPoint\",\"urlTemplate\":\"https:\/\/acrimat.org.br\/portal\/?s={search_term_string}\"},\"query-input\":{\"@type\":\"PropertyValueSpecification\",\"valueRequired\":true,\"valueName\":\"search_term_string\"}}],\"inLanguage\":\"pt-BR\"},{\"@type\":\"Organization\",\"@id\":\"https:\/\/acrimat.org.br\/portal\/#organization\",\"name\":\"Associa\u00e7\u00e3o dos Criadores de Mato Grosso\",\"url\":\"https:\/\/acrimat.org.br\/portal\/\",\"logo\":{\"@type\":\"ImageObject\",\"inLanguage\":\"pt-BR\",\"@id\":\"https:\/\/acrimat.org.br\/portal\/#\/schema\/logo\/image\/\",\"url\":\"https:\/\/acrimat.org.br\/portal\/wp-content\/uploads\/2018\/03\/logo-peq-original.png\",\"contentUrl\":\"https:\/\/acrimat.org.br\/portal\/wp-content\/uploads\/2018\/03\/logo-peq-original.png\",\"width\":174,\"height\":171,\"caption\":\"Associa\u00e7\u00e3o dos Criadores de Mato Grosso\"},\"image\":{\"@id\":\"https:\/\/acrimat.org.br\/portal\/#\/schema\/logo\/image\/\"}},{\"@type\":\"Person\",\"@id\":\"https:\/\/acrimat.org.br\/portal\/#\/schema\/person\/18df8bcf6890e924fe5d8b5afd2bec0f\",\"name\":\"P\u00e9ricles C\u00e2ndido\",\"image\":{\"@type\":\"ImageObject\",\"inLanguage\":\"pt-BR\",\"@id\":\"https:\/\/acrimat.org.br\/portal\/#\/schema\/person\/image\/\",\"url\":\"https:\/\/secure.gravatar.com\/avatar\/33e2a2b971dc363ed2df53d0d3bfbd18?s=96&d=mm&r=g\",\"contentUrl\":\"https:\/\/secure.gravatar.com\/avatar\/33e2a2b971dc363ed2df53d0d3bfbd18?s=96&d=mm&r=g\",\"caption\":\"P\u00e9ricles C\u00e2ndido\"},\"sameAs\":[\"ascom@acrimat.org.br\"],\"url\":\"https:\/\/acrimat.org.br\/portal\/author\/designergrafico\/\"}]}<\/script>\n<!-- \/ Yoast SEO plugin. -->","yoast_head_json":{"title":"Mais de 100 bezerros s\u00e3o roubados de fazenda em MT e pecuarista estima preju\u00edzo de R$ 330 mil - Acrimat","robots":{"index":"index","follow":"follow","max-snippet":"max-snippet:-1","max-image-preview":"max-image-preview:large","max-video-preview":"max-video-preview:-1"},"canonical":"https:\/\/acrimat.org.br\/portal\/mais-de-100-bezerros-sao-roubados-de-fazenda-em-mt-e-pecuarista-estima-prejuizo-de-r-330-mil\/","og_locale":"pt_BR","og_type":"article","og_title":"Mais de 100 bezerros s\u00e3o roubados de fazenda em MT e pecuarista estima preju\u00edzo de R$ 330 mil - Acrimat","og_description":"Ladr\u00f5es prenderam funcion\u00e1rio e a fam\u00edlia dele em quarto e carregaram animais em caminh\u00f5es. Pol\u00edcia investiga o crime.","og_url":"https:\/\/acrimat.org.br\/portal\/mais-de-100-bezerros-sao-roubados-de-fazenda-em-mt-e-pecuarista-estima-prejuizo-de-r-330-mil\/","og_site_name":"Acrimat","article_published_time":"2017-08-18T13:34:35+00:00","og_image":[{"width":984,"height":554,"url":"https:\/\/acrimat.org.br\/portal\/wp-content\/uploads\/2017\/08\/bezerros-roubo.jpg","type":"image\/jpeg"}],"author":"P\u00e9ricles C\u00e2ndido","twitter_card":"summary_large_image","twitter_misc":{"Escrito por":"P\u00e9ricles C\u00e2ndido","Est. tempo de leitura":"2 minutos"},"schema":{"@context":"https:\/\/schema.org","@graph":[{"@type":"Article","@id":"https:\/\/acrimat.org.br\/portal\/mais-de-100-bezerros-sao-roubados-de-fazenda-em-mt-e-pecuarista-estima-prejuizo-de-r-330-mil\/#article","isPartOf":{"@id":"https:\/\/acrimat.org.br\/portal\/mais-de-100-bezerros-sao-roubados-de-fazenda-em-mt-e-pecuarista-estima-prejuizo-de-r-330-mil\/"},"author":{"name":"P\u00e9ricles C\u00e2ndido","@id":"https:\/\/acrimat.org.br\/portal\/#\/schema\/person\/18df8bcf6890e924fe5d8b5afd2bec0f"},"headline":"Mais de 100 bezerros s\u00e3o roubados de fazenda em MT e pecuarista estima preju\u00edzo de R$ 330 mil","datePublished":"2017-08-18T13:34:35+00:00","mainEntityOfPage":{"@id":"https:\/\/acrimat.org.br\/portal\/mais-de-100-bezerros-sao-roubados-de-fazenda-em-mt-e-pecuarista-estima-prejuizo-de-r-330-mil\/"},"wordCount":435,"publisher":{"@id":"https:\/\/acrimat.org.br\/portal\/#organization"},"image":{"@id":"https:\/\/acrimat.org.br\/portal\/mais-de-100-bezerros-sao-roubados-de-fazenda-em-mt-e-pecuarista-estima-prejuizo-de-r-330-mil\/#primaryimage"},"thumbnailUrl":"https:\/\/acrimat.org.br\/portal\/wp-content\/uploads\/2017\/08\/bezerros-roubo.jpg","articleSection":["Destaques","Not\u00edcias"],"inLanguage":"pt-BR"},{"@type":"WebPage","@id":"https:\/\/acrimat.org.br\/portal\/mais-de-100-bezerros-sao-roubados-de-fazenda-em-mt-e-pecuarista-estima-prejuizo-de-r-330-mil\/","url":"https:\/\/acrimat.org.br\/portal\/mais-de-100-bezerros-sao-roubados-de-fazenda-em-mt-e-pecuarista-estima-prejuizo-de-r-330-mil\/","name":"Mais de 100 bezerros s\u00e3o roubados de fazenda em MT e pecuarista estima preju\u00edzo de R$ 330 mil - Acrimat","isPartOf":{"@id":"https:\/\/acrimat.org.br\/portal\/#website"},"primaryImageOfPage":{"@id":"https:\/\/acrimat.org.br\/portal\/mais-de-100-bezerros-sao-roubados-de-fazenda-em-mt-e-pecuarista-estima-prejuizo-de-r-330-mil\/#primaryimage"},"image":{"@id":"https:\/\/acrimat.org.br\/portal\/mais-de-100-bezerros-sao-roubados-de-fazenda-em-mt-e-pecuarista-estima-prejuizo-de-r-330-mil\/#primaryimage"},"thumbnailUrl":"https:\/\/acrimat.org.br\/portal\/wp-content\/uploads\/2017\/08\/bezerros-roubo.jpg","datePublished":"2017-08-18T13:34:35+00:00","breadcrumb":{"@id":"https:\/\/acrimat.org.br\/portal\/mais-de-100-bezerros-sao-roubados-de-fazenda-em-mt-e-pecuarista-estima-prejuizo-de-r-330-mil\/#breadcrumb"},"inLanguage":"pt-BR","potentialAction":[{"@type":"ReadAction","target":["https:\/\/acrimat.org.br\/portal\/mais-de-100-bezerros-sao-roubados-de-fazenda-em-mt-e-pecuarista-estima-prejuizo-de-r-330-mil\/"]}]},{"@type":"ImageObject","inLanguage":"pt-BR","@id":"https:\/\/acrimat.org.br\/portal\/mais-de-100-bezerros-sao-roubados-de-fazenda-em-mt-e-pecuarista-estima-prejuizo-de-r-330-mil\/#primaryimage","url":"https:\/\/acrimat.org.br\/portal\/wp-content\/uploads\/2017\/08\/bezerros-roubo.jpg","contentUrl":"https:\/\/acrimat.org.br\/portal\/wp-content\/uploads\/2017\/08\/bezerros-roubo.jpg","width":984,"height":554,"caption":"Bezerros foram roubados de fazenda em Santo Ant\u00f4nio de Leverger Foto: Lu\u00eds Zacarias Schneider\/ Arquivo pessoal"},{"@type":"BreadcrumbList","@id":"https:\/\/acrimat.org.br\/portal\/mais-de-100-bezerros-sao-roubados-de-fazenda-em-mt-e-pecuarista-estima-prejuizo-de-r-330-mil\/#breadcrumb","itemListElement":[{"@type":"ListItem","position":1,"name":"In\u00edcio","item":"https:\/\/acrimat.org.br\/portal\/"},{"@type":"ListItem","position":2,"name":"Mais de 100 bezerros s\u00e3o roubados de fazenda em MT e pecuarista estima preju\u00edzo de R$ 330 mil"}]},{"@type":"WebSite","@id":"https:\/\/acrimat.org.br\/portal\/#website","url":"https:\/\/acrimat.org.br\/portal\/","name":"Acrimat","description":"Associa\u00e7\u00e3o dos Criadores de Mato Grosso","publisher":{"@id":"https:\/\/acrimat.org.br\/portal\/#organization"},"potentialAction":[{"@type":"SearchAction","target":{"@type":"EntryPoint","urlTemplate":"https:\/\/acrimat.org.br\/portal\/?s={search_term_string}"},"query-input":{"@type":"PropertyValueSpecification","valueRequired":true,"valueName":"search_term_string"}}],"inLanguage":"pt-BR"},{"@type":"Organization","@id":"https:\/\/acrimat.org.br\/portal\/#organization","name":"Associa\u00e7\u00e3o dos Criadores de Mato Grosso","url":"https:\/\/acrimat.org.br\/portal\/","logo":{"@type":"ImageObject","inLanguage":"pt-BR","@id":"https:\/\/acrimat.org.br\/portal\/#\/schema\/logo\/image\/","url":"https:\/\/acrimat.org.br\/portal\/wp-content\/uploads\/2018\/03\/logo-peq-original.png","contentUrl":"https:\/\/acrimat.org.br\/portal\/wp-content\/uploads\/2018\/03\/logo-peq-original.png","width":174,"height":171,"caption":"Associa\u00e7\u00e3o dos Criadores de Mato Grosso"},"image":{"@id":"https:\/\/acrimat.org.br\/portal\/#\/schema\/logo\/image\/"}},{"@type":"Person","@id":"https:\/\/acrimat.org.br\/portal\/#\/schema\/person\/18df8bcf6890e924fe5d8b5afd2bec0f","name":"P\u00e9ricles C\u00e2ndido","image":{"@type":"ImageObject","inLanguage":"pt-BR","@id":"https:\/\/acrimat.org.br\/portal\/#\/schema\/person\/image\/","url":"https:\/\/secure.gravatar.com\/avatar\/33e2a2b971dc363ed2df53d0d3bfbd18?s=96&d=mm&r=g","contentUrl":"https:\/\/secure.gravatar.com\/avatar\/33e2a2b971dc363ed2df53d0d3bfbd18?s=96&d=mm&r=g","caption":"P\u00e9ricles C\u00e2ndido"},"sameAs":["ascom@acrimat.org.br"],"url":"https:\/\/acrimat.org.br\/portal\/author\/designergrafico\/"}]}},"_links":{"self":[{"href":"https:\/\/acrimat.org.br\/portal\/wp-json\/wp\/v2\/posts\/97983196","targetHints":{"allow":["GET"]}}],"collection":[{"href":"https:\/\/acrimat.org.br\/portal\/wp-json\/wp\/v2\/posts"}],"about":[{"href":"https:\/\/acrimat.org.br\/portal\/wp-json\/wp\/v2\/types\/post"}],"author":[{"embeddable":true,"href":"https:\/\/acrimat.org.br\/portal\/wp-json\/wp\/v2\/users\/11"}],"replies":[{"embeddable":true,"href":"https:\/\/acrimat.org.br\/portal\/wp-json\/wp\/v2\/comments?post=97983196"}],"version-history":[{"count":1,"href":"https:\/\/acrimat.org.br\/portal\/wp-json\/wp\/v2\/posts\/97983196\/revisions"}],"predecessor-version":[{"id":97983197,"href":"https:\/\/acrimat.org.br\/portal\/wp-json\/wp\/v2\/posts\/97983196\/revisions\/97983197"}],"wp:featuredmedia":[{"embeddable":true,"href":"https:\/\/acrimat.org.br\/portal\/wp-json\/wp\/v2\/media\/97983180"}],"wp:attachment":[{"href":"https:\/\/acrimat.org.br\/portal\/wp-json\/wp\/v2\/media?parent=97983196"}],"wp:term":[{"taxonomy":"category","embeddable":true,"href":"https:\/\/acrimat.org.br\/portal\/wp-json\/wp\/v2\/categories?post=97983196"},{"taxonomy":"post_tag","embeddable":true,"href":"https:\/\/acrimat.org.br\/portal\/wp-json\/wp\/v2\/tags?post=97983196"}],"curies":[{"name":"wp","href":"https:\/\/api.w.org\/{rel}","templated":true}]}}