{"id":97983219,"date":"2017-08-21T09:34:12","date_gmt":"2017-08-21T12:34:12","guid":{"rendered":"http:\/\/acrimat.org.br\/portal\/?p=97983219"},"modified":"2017-08-22T09:05:58","modified_gmt":"2017-08-22T12:05:58","slug":"br-163-sera-concluida-pelo-exercito-ate-o-fim-de-2018","status":"publish","type":"post","link":"https:\/\/acrimat.org.br\/portal\/br-163-sera-concluida-pelo-exercito-ate-o-fim-de-2018\/","title":{"rendered":"BR-163 ser\u00e1 conclu\u00edda pelo Ex\u00e9rcito at\u00e9 o fim de 2018"},"content":{"rendered":"<div id=\"attachment_97983220\" style=\"width: 235px\" class=\"wp-caption alignright\"><a href=\"http:\/\/acrimat.org.br\/portal\/wp-content\/uploads\/2017\/08\/Atoleiro-na-br-163-no-sul-do-para1-24-02-17.jpg\"><img fetchpriority=\"high\" decoding=\"async\" aria-describedby=\"caption-attachment-97983220\" class=\"size-medium wp-image-97983220\" src=\"http:\/\/acrimat.org.br\/portal\/wp-content\/uploads\/2017\/08\/Atoleiro-na-br-163-no-sul-do-para1-24-02-17-225x300.jpg\" alt=\"\" width=\"225\" height=\"300\" srcset=\"https:\/\/acrimat.org.br\/portal\/wp-content\/uploads\/2017\/08\/Atoleiro-na-br-163-no-sul-do-para1-24-02-17-225x300.jpg 225w, https:\/\/acrimat.org.br\/portal\/wp-content\/uploads\/2017\/08\/Atoleiro-na-br-163-no-sul-do-para1-24-02-17-250x333.jpg 250w, https:\/\/acrimat.org.br\/portal\/wp-content\/uploads\/2017\/08\/Atoleiro-na-br-163-no-sul-do-para1-24-02-17-550x733.jpg 550w, https:\/\/acrimat.org.br\/portal\/wp-content\/uploads\/2017\/08\/Atoleiro-na-br-163-no-sul-do-para1-24-02-17-135x180.jpg 135w, https:\/\/acrimat.org.br\/portal\/wp-content\/uploads\/2017\/08\/Atoleiro-na-br-163-no-sul-do-para1-24-02-17-375x500.jpg 375w, https:\/\/acrimat.org.br\/portal\/wp-content\/uploads\/2017\/08\/Atoleiro-na-br-163-no-sul-do-para1-24-02-17.jpg 567w\" sizes=\"(max-width: 225px) 100vw, 225px\" \/><\/a><p id=\"caption-attachment-97983220\" class=\"wp-caption-text\">Em fevereiro deste ano chegou a se formar uma fila de 2 mil caminh\u00f5es em atoleiro de trecho em obras na BR-163 no Par\u00e1 \u2013 Foto: Arquivo<\/p><\/div>\n<p>Foi assinada nesta quinta-feira (17) pelo ministro dos Transportes, Portos e Avia\u00e7\u00e3o, Maur\u00edcio Quintella, termo de transfer\u00eancia no valor de R$ 128,5 milh\u00f5es para o Ex\u00e9rcito pavimentar at\u00e9 o fim do pr\u00f3ximo ano 65 km da BR-163 (Cuiab\u00e1-Santar\u00e9m), entre as localidades de Novo Progresso e Igarap\u00e9 do Lauro, no Par\u00e1. A rodovia \u00e9 importante escoadouro de gr\u00e3os entre o Centro-Oeste do pa\u00eds at\u00e9 os terminais de Miritituba, no munic\u00edpio de Itaituba, e de Santar\u00e9m (PA). O porto de Miritituba fica \u00e0s margens do rio Tapaj\u00f3s, 300 quil\u00f4metros ao sul de Santar\u00e9m.<\/p>\n<p>O ministro Blairo Maggi (Agricultura, Pecu\u00e1ria e Abastecimento) disse que \u201cfinalmente pode testemunhar a assinatura do termo\u201d, que garante finalizar os 955km da rodovia localizados no estado do Par\u00e1. Dos 100 km que faltavam, entre a divisa com o Mato Grosso at\u00e9 Miritituba, 65 km se referem ao termo assinado com o Ex\u00e9rcito e outros 35km j\u00e1 estavam em obras. \u201cN\u00e3o faltar\u00e3o recursos para a execu\u00e7\u00e3o\u201d, garantiu o ministro dos Transportes, observando que a obra \u00e9 considerada priorit\u00e1ria no governo.<\/p>\n<p>Maggi observou que a BR 163 \u00e9 uma promessa de 50 anos, necess\u00e1ria para os estados do Mato Grosso e do Par\u00e1, j\u00e1 que os produtores dependem dela para ter acesso \u00e0 hidrovia, mas, \u201cespecialmente importante para a popula\u00e7\u00e3o do sudoeste do estado paraense\u201d.<\/p>\n<p>Em fevereiro deste ano, com as chuvas intensas que ocorreram, chegou a se formar uma fila de 2 mil caminh\u00f5es em atoleiro de trecho em obras. Nos per\u00edodos de maior intensidade de escoamento trafegam at\u00e9 1.500 caminh\u00f5es pela rodovia. Os portos localizados na regi\u00e3o norte do pa\u00eds facilitam a exporta\u00e7\u00e3o para pa\u00edses da Europa, para os Estados Unidos e para a \u00c1sia, pelo Canal do Panam\u00e1.<\/p>\n","protected":false},"excerpt":{"rendered":"<p>Foi assinada nesta quinta-feira (17) pelo ministro dos Transportes, Portos e Avia\u00e7\u00e3o, Maur\u00edcio Quintella, termo de transfer\u00eancia no valor de R$ 128,5 milh\u00f5es para o Ex\u00e9rcito pavimentar at\u00e9 o fim do pr\u00f3ximo ano 65 km da BR-163 (Cuiab\u00e1-Santar\u00e9m), entre as localidades de Novo Progresso e Igarap\u00e9 do Lauro, no Par\u00e1. A rodovia \u00e9 importante escoadouro [&hellip;]<\/p>\n","protected":false},"author":11,"featured_media":97983220,"comment_status":"closed","ping_status":"closed","sticky":false,"template":"","format":"standard","meta":{"footnotes":""},"categories":[6,1],"tags":[],"class_list":["post-97983219","post","type-post","status-publish","format-standard","has-post-thumbnail","hentry","category-destaque","category-noticia"],"yoast_head":"<!-- This site is optimized with the Yoast SEO plugin v24.8.1 - https:\/\/yoast.com\/wordpress\/plugins\/seo\/ -->\n<title>BR-163 ser\u00e1 conclu\u00edda pelo Ex\u00e9rcito at\u00e9 o fim de 2018 - Acrimat<\/title>\n<meta name=\"robots\" content=\"index, follow, max-snippet:-1, max-image-preview:large, max-video-preview:-1\" \/>\n<link rel=\"canonical\" href=\"https:\/\/acrimat.org.br\/portal\/br-163-sera-concluida-pelo-exercito-ate-o-fim-de-2018\/\" \/>\n<meta property=\"og:locale\" content=\"pt_BR\" \/>\n<meta property=\"og:type\" content=\"article\" \/>\n<meta property=\"og:title\" content=\"BR-163 ser\u00e1 conclu\u00edda pelo Ex\u00e9rcito at\u00e9 o fim de 2018 - Acrimat\" \/>\n<meta property=\"og:description\" content=\"Foi assinada nesta quinta-feira (17) pelo ministro dos Transportes, Portos e Avia\u00e7\u00e3o, Maur\u00edcio Quintella, termo de transfer\u00eancia no valor de R$ 128,5 milh\u00f5es para o Ex\u00e9rcito pavimentar at\u00e9 o fim do pr\u00f3ximo ano 65 km da BR-163 (Cuiab\u00e1-Santar\u00e9m), entre as localidades de Novo Progresso e Igarap\u00e9 do Lauro, no Par\u00e1. A rodovia \u00e9 importante escoadouro [&hellip;]\" \/>\n<meta property=\"og:url\" content=\"https:\/\/acrimat.org.br\/portal\/br-163-sera-concluida-pelo-exercito-ate-o-fim-de-2018\/\" \/>\n<meta property=\"og:site_name\" content=\"Acrimat\" \/>\n<meta property=\"article:published_time\" content=\"2017-08-21T12:34:12+00:00\" \/>\n<meta property=\"article:modified_time\" content=\"2017-08-22T12:05:58+00:00\" \/>\n<meta property=\"og:image\" content=\"https:\/\/acrimat.org.br\/portal\/wp-content\/uploads\/2017\/08\/Atoleiro-na-br-163-no-sul-do-para1-24-02-17.jpg\" \/>\n\t<meta property=\"og:image:width\" content=\"567\" \/>\n\t<meta property=\"og:image:height\" content=\"756\" \/>\n\t<meta property=\"og:image:type\" content=\"image\/jpeg\" \/>\n<meta name=\"author\" content=\"P\u00e9ricles C\u00e2ndido\" \/>\n<meta name=\"twitter:card\" content=\"summary_large_image\" \/>\n<meta name=\"twitter:label1\" content=\"Escrito por\" \/>\n\t<meta name=\"twitter:data1\" content=\"P\u00e9ricles C\u00e2ndido\" \/>\n\t<meta name=\"twitter:label2\" content=\"Est. tempo de leitura\" \/>\n\t<meta name=\"twitter:data2\" content=\"2 minutos\" \/>\n<script type=\"application\/ld+json\" class=\"yoast-schema-graph\">{\"@context\":\"https:\/\/schema.org\",\"@graph\":[{\"@type\":\"Article\",\"@id\":\"https:\/\/acrimat.org.br\/portal\/br-163-sera-concluida-pelo-exercito-ate-o-fim-de-2018\/#article\",\"isPartOf\":{\"@id\":\"https:\/\/acrimat.org.br\/portal\/br-163-sera-concluida-pelo-exercito-ate-o-fim-de-2018\/\"},\"author\":{\"name\":\"P\u00e9ricles C\u00e2ndido\",\"@id\":\"https:\/\/acrimat.org.br\/portal\/#\/schema\/person\/18df8bcf6890e924fe5d8b5afd2bec0f\"},\"headline\":\"BR-163 ser\u00e1 conclu\u00edda pelo Ex\u00e9rcito at\u00e9 o fim de 2018\",\"datePublished\":\"2017-08-21T12:34:12+00:00\",\"dateModified\":\"2017-08-22T12:05:58+00:00\",\"mainEntityOfPage\":{\"@id\":\"https:\/\/acrimat.org.br\/portal\/br-163-sera-concluida-pelo-exercito-ate-o-fim-de-2018\/\"},\"wordCount\":341,\"publisher\":{\"@id\":\"https:\/\/acrimat.org.br\/portal\/#organization\"},\"image\":{\"@id\":\"https:\/\/acrimat.org.br\/portal\/br-163-sera-concluida-pelo-exercito-ate-o-fim-de-2018\/#primaryimage\"},\"thumbnailUrl\":\"https:\/\/acrimat.org.br\/portal\/wp-content\/uploads\/2017\/08\/Atoleiro-na-br-163-no-sul-do-para1-24-02-17.jpg\",\"articleSection\":[\"Destaques\",\"Not\u00edcias\"],\"inLanguage\":\"pt-BR\"},{\"@type\":\"WebPage\",\"@id\":\"https:\/\/acrimat.org.br\/portal\/br-163-sera-concluida-pelo-exercito-ate-o-fim-de-2018\/\",\"url\":\"https:\/\/acrimat.org.br\/portal\/br-163-sera-concluida-pelo-exercito-ate-o-fim-de-2018\/\",\"name\":\"BR-163 ser\u00e1 conclu\u00edda pelo Ex\u00e9rcito at\u00e9 o fim de 2018 - Acrimat\",\"isPartOf\":{\"@id\":\"https:\/\/acrimat.org.br\/portal\/#website\"},\"primaryImageOfPage\":{\"@id\":\"https:\/\/acrimat.org.br\/portal\/br-163-sera-concluida-pelo-exercito-ate-o-fim-de-2018\/#primaryimage\"},\"image\":{\"@id\":\"https:\/\/acrimat.org.br\/portal\/br-163-sera-concluida-pelo-exercito-ate-o-fim-de-2018\/#primaryimage\"},\"thumbnailUrl\":\"https:\/\/acrimat.org.br\/portal\/wp-content\/uploads\/2017\/08\/Atoleiro-na-br-163-no-sul-do-para1-24-02-17.jpg\",\"datePublished\":\"2017-08-21T12:34:12+00:00\",\"dateModified\":\"2017-08-22T12:05:58+00:00\",\"breadcrumb\":{\"@id\":\"https:\/\/acrimat.org.br\/portal\/br-163-sera-concluida-pelo-exercito-ate-o-fim-de-2018\/#breadcrumb\"},\"inLanguage\":\"pt-BR\",\"potentialAction\":[{\"@type\":\"ReadAction\",\"target\":[\"https:\/\/acrimat.org.br\/portal\/br-163-sera-concluida-pelo-exercito-ate-o-fim-de-2018\/\"]}]},{\"@type\":\"ImageObject\",\"inLanguage\":\"pt-BR\",\"@id\":\"https:\/\/acrimat.org.br\/portal\/br-163-sera-concluida-pelo-exercito-ate-o-fim-de-2018\/#primaryimage\",\"url\":\"https:\/\/acrimat.org.br\/portal\/wp-content\/uploads\/2017\/08\/Atoleiro-na-br-163-no-sul-do-para1-24-02-17.jpg\",\"contentUrl\":\"https:\/\/acrimat.org.br\/portal\/wp-content\/uploads\/2017\/08\/Atoleiro-na-br-163-no-sul-do-para1-24-02-17.jpg\",\"width\":567,\"height\":756,\"caption\":\"Em fevereiro deste ano chegou a se formar uma fila de 2 mil caminh\u00f5es em atoleiro de trecho em obras na BR-163 no Par\u00e1 \u2013 Foto: Arquivo\"},{\"@type\":\"BreadcrumbList\",\"@id\":\"https:\/\/acrimat.org.br\/portal\/br-163-sera-concluida-pelo-exercito-ate-o-fim-de-2018\/#breadcrumb\",\"itemListElement\":[{\"@type\":\"ListItem\",\"position\":1,\"name\":\"In\u00edcio\",\"item\":\"https:\/\/acrimat.org.br\/portal\/\"},{\"@type\":\"ListItem\",\"position\":2,\"name\":\"BR-163 ser\u00e1 conclu\u00edda pelo Ex\u00e9rcito at\u00e9 o fim de 2018\"}]},{\"@type\":\"WebSite\",\"@id\":\"https:\/\/acrimat.org.br\/portal\/#website\",\"url\":\"https:\/\/acrimat.org.br\/portal\/\",\"name\":\"Acrimat\",\"description\":\"Associa\u00e7\u00e3o dos Criadores de Mato Grosso\",\"publisher\":{\"@id\":\"https:\/\/acrimat.org.br\/portal\/#organization\"},\"potentialAction\":[{\"@type\":\"SearchAction\",\"target\":{\"@type\":\"EntryPoint\",\"urlTemplate\":\"https:\/\/acrimat.org.br\/portal\/?s={search_term_string}\"},\"query-input\":{\"@type\":\"PropertyValueSpecification\",\"valueRequired\":true,\"valueName\":\"search_term_string\"}}],\"inLanguage\":\"pt-BR\"},{\"@type\":\"Organization\",\"@id\":\"https:\/\/acrimat.org.br\/portal\/#organization\",\"name\":\"Associa\u00e7\u00e3o dos Criadores de Mato Grosso\",\"url\":\"https:\/\/acrimat.org.br\/portal\/\",\"logo\":{\"@type\":\"ImageObject\",\"inLanguage\":\"pt-BR\",\"@id\":\"https:\/\/acrimat.org.br\/portal\/#\/schema\/logo\/image\/\",\"url\":\"https:\/\/acrimat.org.br\/portal\/wp-content\/uploads\/2018\/03\/logo-peq-original.png\",\"contentUrl\":\"https:\/\/acrimat.org.br\/portal\/wp-content\/uploads\/2018\/03\/logo-peq-original.png\",\"width\":174,\"height\":171,\"caption\":\"Associa\u00e7\u00e3o dos Criadores de Mato Grosso\"},\"image\":{\"@id\":\"https:\/\/acrimat.org.br\/portal\/#\/schema\/logo\/image\/\"}},{\"@type\":\"Person\",\"@id\":\"https:\/\/acrimat.org.br\/portal\/#\/schema\/person\/18df8bcf6890e924fe5d8b5afd2bec0f\",\"name\":\"P\u00e9ricles C\u00e2ndido\",\"image\":{\"@type\":\"ImageObject\",\"inLanguage\":\"pt-BR\",\"@id\":\"https:\/\/acrimat.org.br\/portal\/#\/schema\/person\/image\/\",\"url\":\"https:\/\/secure.gravatar.com\/avatar\/33e2a2b971dc363ed2df53d0d3bfbd18?s=96&d=mm&r=g\",\"contentUrl\":\"https:\/\/secure.gravatar.com\/avatar\/33e2a2b971dc363ed2df53d0d3bfbd18?s=96&d=mm&r=g\",\"caption\":\"P\u00e9ricles C\u00e2ndido\"},\"sameAs\":[\"ascom@acrimat.org.br\"],\"url\":\"https:\/\/acrimat.org.br\/portal\/author\/designergrafico\/\"}]}<\/script>\n<!-- \/ Yoast SEO plugin. -->","yoast_head_json":{"title":"BR-163 ser\u00e1 conclu\u00edda pelo Ex\u00e9rcito at\u00e9 o fim de 2018 - Acrimat","robots":{"index":"index","follow":"follow","max-snippet":"max-snippet:-1","max-image-preview":"max-image-preview:large","max-video-preview":"max-video-preview:-1"},"canonical":"https:\/\/acrimat.org.br\/portal\/br-163-sera-concluida-pelo-exercito-ate-o-fim-de-2018\/","og_locale":"pt_BR","og_type":"article","og_title":"BR-163 ser\u00e1 conclu\u00edda pelo Ex\u00e9rcito at\u00e9 o fim de 2018 - Acrimat","og_description":"Foi assinada nesta quinta-feira (17) pelo ministro dos Transportes, Portos e Avia\u00e7\u00e3o, Maur\u00edcio Quintella, termo de transfer\u00eancia no valor de R$ 128,5 milh\u00f5es para o Ex\u00e9rcito pavimentar at\u00e9 o fim do pr\u00f3ximo ano 65 km da BR-163 (Cuiab\u00e1-Santar\u00e9m), entre as localidades de Novo Progresso e Igarap\u00e9 do Lauro, no Par\u00e1. A rodovia \u00e9 importante escoadouro [&hellip;]","og_url":"https:\/\/acrimat.org.br\/portal\/br-163-sera-concluida-pelo-exercito-ate-o-fim-de-2018\/","og_site_name":"Acrimat","article_published_time":"2017-08-21T12:34:12+00:00","article_modified_time":"2017-08-22T12:05:58+00:00","og_image":[{"width":567,"height":756,"url":"https:\/\/acrimat.org.br\/portal\/wp-content\/uploads\/2017\/08\/Atoleiro-na-br-163-no-sul-do-para1-24-02-17.jpg","type":"image\/jpeg"}],"author":"P\u00e9ricles C\u00e2ndido","twitter_card":"summary_large_image","twitter_misc":{"Escrito por":"P\u00e9ricles C\u00e2ndido","Est. tempo de leitura":"2 minutos"},"schema":{"@context":"https:\/\/schema.org","@graph":[{"@type":"Article","@id":"https:\/\/acrimat.org.br\/portal\/br-163-sera-concluida-pelo-exercito-ate-o-fim-de-2018\/#article","isPartOf":{"@id":"https:\/\/acrimat.org.br\/portal\/br-163-sera-concluida-pelo-exercito-ate-o-fim-de-2018\/"},"author":{"name":"P\u00e9ricles C\u00e2ndido","@id":"https:\/\/acrimat.org.br\/portal\/#\/schema\/person\/18df8bcf6890e924fe5d8b5afd2bec0f"},"headline":"BR-163 ser\u00e1 conclu\u00edda pelo Ex\u00e9rcito at\u00e9 o fim de 2018","datePublished":"2017-08-21T12:34:12+00:00","dateModified":"2017-08-22T12:05:58+00:00","mainEntityOfPage":{"@id":"https:\/\/acrimat.org.br\/portal\/br-163-sera-concluida-pelo-exercito-ate-o-fim-de-2018\/"},"wordCount":341,"publisher":{"@id":"https:\/\/acrimat.org.br\/portal\/#organization"},"image":{"@id":"https:\/\/acrimat.org.br\/portal\/br-163-sera-concluida-pelo-exercito-ate-o-fim-de-2018\/#primaryimage"},"thumbnailUrl":"https:\/\/acrimat.org.br\/portal\/wp-content\/uploads\/2017\/08\/Atoleiro-na-br-163-no-sul-do-para1-24-02-17.jpg","articleSection":["Destaques","Not\u00edcias"],"inLanguage":"pt-BR"},{"@type":"WebPage","@id":"https:\/\/acrimat.org.br\/portal\/br-163-sera-concluida-pelo-exercito-ate-o-fim-de-2018\/","url":"https:\/\/acrimat.org.br\/portal\/br-163-sera-concluida-pelo-exercito-ate-o-fim-de-2018\/","name":"BR-163 ser\u00e1 conclu\u00edda pelo Ex\u00e9rcito at\u00e9 o fim de 2018 - Acrimat","isPartOf":{"@id":"https:\/\/acrimat.org.br\/portal\/#website"},"primaryImageOfPage":{"@id":"https:\/\/acrimat.org.br\/portal\/br-163-sera-concluida-pelo-exercito-ate-o-fim-de-2018\/#primaryimage"},"image":{"@id":"https:\/\/acrimat.org.br\/portal\/br-163-sera-concluida-pelo-exercito-ate-o-fim-de-2018\/#primaryimage"},"thumbnailUrl":"https:\/\/acrimat.org.br\/portal\/wp-content\/uploads\/2017\/08\/Atoleiro-na-br-163-no-sul-do-para1-24-02-17.jpg","datePublished":"2017-08-21T12:34:12+00:00","dateModified":"2017-08-22T12:05:58+00:00","breadcrumb":{"@id":"https:\/\/acrimat.org.br\/portal\/br-163-sera-concluida-pelo-exercito-ate-o-fim-de-2018\/#breadcrumb"},"inLanguage":"pt-BR","potentialAction":[{"@type":"ReadAction","target":["https:\/\/acrimat.org.br\/portal\/br-163-sera-concluida-pelo-exercito-ate-o-fim-de-2018\/"]}]},{"@type":"ImageObject","inLanguage":"pt-BR","@id":"https:\/\/acrimat.org.br\/portal\/br-163-sera-concluida-pelo-exercito-ate-o-fim-de-2018\/#primaryimage","url":"https:\/\/acrimat.org.br\/portal\/wp-content\/uploads\/2017\/08\/Atoleiro-na-br-163-no-sul-do-para1-24-02-17.jpg","contentUrl":"https:\/\/acrimat.org.br\/portal\/wp-content\/uploads\/2017\/08\/Atoleiro-na-br-163-no-sul-do-para1-24-02-17.jpg","width":567,"height":756,"caption":"Em fevereiro deste ano chegou a se formar uma fila de 2 mil caminh\u00f5es em atoleiro de trecho em obras na BR-163 no Par\u00e1 \u2013 Foto: Arquivo"},{"@type":"BreadcrumbList","@id":"https:\/\/acrimat.org.br\/portal\/br-163-sera-concluida-pelo-exercito-ate-o-fim-de-2018\/#breadcrumb","itemListElement":[{"@type":"ListItem","position":1,"name":"In\u00edcio","item":"https:\/\/acrimat.org.br\/portal\/"},{"@type":"ListItem","position":2,"name":"BR-163 ser\u00e1 conclu\u00edda pelo Ex\u00e9rcito at\u00e9 o fim de 2018"}]},{"@type":"WebSite","@id":"https:\/\/acrimat.org.br\/portal\/#website","url":"https:\/\/acrimat.org.br\/portal\/","name":"Acrimat","description":"Associa\u00e7\u00e3o dos Criadores de Mato Grosso","publisher":{"@id":"https:\/\/acrimat.org.br\/portal\/#organization"},"potentialAction":[{"@type":"SearchAction","target":{"@type":"EntryPoint","urlTemplate":"https:\/\/acrimat.org.br\/portal\/?s={search_term_string}"},"query-input":{"@type":"PropertyValueSpecification","valueRequired":true,"valueName":"search_term_string"}}],"inLanguage":"pt-BR"},{"@type":"Organization","@id":"https:\/\/acrimat.org.br\/portal\/#organization","name":"Associa\u00e7\u00e3o dos Criadores de Mato Grosso","url":"https:\/\/acrimat.org.br\/portal\/","logo":{"@type":"ImageObject","inLanguage":"pt-BR","@id":"https:\/\/acrimat.org.br\/portal\/#\/schema\/logo\/image\/","url":"https:\/\/acrimat.org.br\/portal\/wp-content\/uploads\/2018\/03\/logo-peq-original.png","contentUrl":"https:\/\/acrimat.org.br\/portal\/wp-content\/uploads\/2018\/03\/logo-peq-original.png","width":174,"height":171,"caption":"Associa\u00e7\u00e3o dos Criadores de Mato Grosso"},"image":{"@id":"https:\/\/acrimat.org.br\/portal\/#\/schema\/logo\/image\/"}},{"@type":"Person","@id":"https:\/\/acrimat.org.br\/portal\/#\/schema\/person\/18df8bcf6890e924fe5d8b5afd2bec0f","name":"P\u00e9ricles C\u00e2ndido","image":{"@type":"ImageObject","inLanguage":"pt-BR","@id":"https:\/\/acrimat.org.br\/portal\/#\/schema\/person\/image\/","url":"https:\/\/secure.gravatar.com\/avatar\/33e2a2b971dc363ed2df53d0d3bfbd18?s=96&d=mm&r=g","contentUrl":"https:\/\/secure.gravatar.com\/avatar\/33e2a2b971dc363ed2df53d0d3bfbd18?s=96&d=mm&r=g","caption":"P\u00e9ricles C\u00e2ndido"},"sameAs":["ascom@acrimat.org.br"],"url":"https:\/\/acrimat.org.br\/portal\/author\/designergrafico\/"}]}},"_links":{"self":[{"href":"https:\/\/acrimat.org.br\/portal\/wp-json\/wp\/v2\/posts\/97983219","targetHints":{"allow":["GET"]}}],"collection":[{"href":"https:\/\/acrimat.org.br\/portal\/wp-json\/wp\/v2\/posts"}],"about":[{"href":"https:\/\/acrimat.org.br\/portal\/wp-json\/wp\/v2\/types\/post"}],"author":[{"embeddable":true,"href":"https:\/\/acrimat.org.br\/portal\/wp-json\/wp\/v2\/users\/11"}],"replies":[{"embeddable":true,"href":"https:\/\/acrimat.org.br\/portal\/wp-json\/wp\/v2\/comments?post=97983219"}],"version-history":[{"count":1,"href":"https:\/\/acrimat.org.br\/portal\/wp-json\/wp\/v2\/posts\/97983219\/revisions"}],"predecessor-version":[{"id":97983221,"href":"https:\/\/acrimat.org.br\/portal\/wp-json\/wp\/v2\/posts\/97983219\/revisions\/97983221"}],"wp:featuredmedia":[{"embeddable":true,"href":"https:\/\/acrimat.org.br\/portal\/wp-json\/wp\/v2\/media\/97983220"}],"wp:attachment":[{"href":"https:\/\/acrimat.org.br\/portal\/wp-json\/wp\/v2\/media?parent=97983219"}],"wp:term":[{"taxonomy":"category","embeddable":true,"href":"https:\/\/acrimat.org.br\/portal\/wp-json\/wp\/v2\/categories?post=97983219"},{"taxonomy":"post_tag","embeddable":true,"href":"https:\/\/acrimat.org.br\/portal\/wp-json\/wp\/v2\/tags?post=97983219"}],"curies":[{"name":"wp","href":"https:\/\/api.w.org\/{rel}","templated":true}]}}