{"id":97983226,"date":"2017-08-22T11:02:24","date_gmt":"2017-08-22T14:02:24","guid":{"rendered":"http:\/\/acrimat.org.br\/portal\/?p=97983226"},"modified":"2017-08-22T11:02:24","modified_gmt":"2017-08-22T14:02:24","slug":"maggi-modernizacao-do-mapa-e-essencial-para-fortalecer-o-agro-brasileiro","status":"publish","type":"post","link":"https:\/\/acrimat.org.br\/portal\/maggi-modernizacao-do-mapa-e-essencial-para-fortalecer-o-agro-brasileiro\/","title":{"rendered":"Maggi: Moderniza\u00e7\u00e3o do Mapa \u00e9 essencial para fortalecer o agro brasileiro"},"content":{"rendered":"<p><a href=\"http:\/\/acrimat.org.br\/portal\/wp-content\/uploads\/2016\/06\/MAGGI-CANAL-RURAL.jpg\"><img fetchpriority=\"high\" decoding=\"async\" class=\"size-medium wp-image-97975797 alignleft\" src=\"http:\/\/acrimat.org.br\/portal\/wp-content\/uploads\/2016\/06\/MAGGI-CANAL-RURAL-300x206.jpg\" alt=\"\" width=\"300\" height=\"206\" srcset=\"https:\/\/acrimat.org.br\/portal\/wp-content\/uploads\/2016\/06\/MAGGI-CANAL-RURAL-300x206.jpg 300w, https:\/\/acrimat.org.br\/portal\/wp-content\/uploads\/2016\/06\/MAGGI-CANAL-RURAL-250x172.jpg 250w, https:\/\/acrimat.org.br\/portal\/wp-content\/uploads\/2016\/06\/MAGGI-CANAL-RURAL-550x378.jpg 550w, https:\/\/acrimat.org.br\/portal\/wp-content\/uploads\/2016\/06\/MAGGI-CANAL-RURAL-262x180.jpg 262w, https:\/\/acrimat.org.br\/portal\/wp-content\/uploads\/2016\/06\/MAGGI-CANAL-RURAL-436x300.jpg 436w, https:\/\/acrimat.org.br\/portal\/wp-content\/uploads\/2016\/06\/MAGGI-CANAL-RURAL.jpg 640w\" sizes=\"(max-width: 300px) 100vw, 300px\" \/><\/a>A moderniza\u00e7\u00e3o do Minist\u00e9rio da Agricultura, Pecu\u00e1ria e Abastecimento (Mapa) \u00e9 fundamental para impulsionar ainda mais o agroneg\u00f3cio brasileiro, disse nesta sexta-feira (18) o ministro Blairo Maggi (Agricultura), durante o Encontro Regional da Agricultura em Barra do Gar\u00e7as (MT). Al\u00e9m da revis\u00e3o e desburocratiza\u00e7\u00e3o de normas, ele ressaltou que o Mapa precisar\u00e1 ampliar o quadro de pessoal para refor\u00e7ar a fiscaliza\u00e7\u00e3o e controle da sanidade e qualidade dos produtos aliment\u00edcios.<\/p>\n<p>\u201cHoje, estamos com processo seletivo p\u00fablico simplificado aberto para contrata\u00e7\u00e3o tempor\u00e1ria, por um ano, renov\u00e1vel por mais 12 meses, de 300 veterin\u00e1rios\u201d, assinalou. \u201cE ainda vamos abrir concurso p\u00fablico para contratar mais 300 auditores fiscais federais agropecu\u00e1rios.\u201d Segundo ele, a reestrutura\u00e7\u00e3o total do sistema de fiscaliza\u00e7\u00e3o do Mapa exigir\u00e1, ao todo, a contrata\u00e7\u00e3o de cerca de outros 2 mil profissionais. \u201cNecessitamos de seguran\u00e7a para n\u00e3o perder o mercado mundial.\u201d<\/p>\n<p>Esses esfor\u00e7os, destacou Maggi, fazem parte da estrat\u00e9gia de elevar de 7% para 10% a participa\u00e7\u00e3o brasileira no mercado global de alimentos. \u201cSabemos produzir, mas para vender mundo afora e ser respeito \u00e9 preciso entender que h\u00e1 muitas coisas que n\u00e3o est\u00e3o sob nossos olhares. A rela\u00e7\u00e3o entre o produtor e o consumidor parece simples, mas n\u00e3o \u00e9. Entre eles, h\u00e1 milhares de regras e acordos internacionais, que exigem a atua\u00e7\u00e3o do Minist\u00e9rio da Agricultura e de outras \u00e1reas do governo federal.\u201d<\/p>\n<p><strong>Respostas r\u00e1pidas<\/strong><\/p>\n<p>Por isso, acrescentou Maggi, o Mapa tem que se modernizar para contribuir com a expans\u00e3o do agroneg\u00f3cio brasileiro no com\u00e9rcio mundial. Como exemplo da necessidade de fortalecer o sistema de fiscaliza\u00e7\u00e3o, o ministro citou a rela\u00e7\u00e3o com os Estados Unidos. \u201cLevamos 17 anos para abrir aquele mercado \u00e0 nossa carne bovina in natura e o perdemos em sete meses em decorr\u00eancia da Opera\u00e7\u00e3o Carne Fraca.\u201d<\/p>\n<p>Maggi lembrou tamb\u00e9m que a opera\u00e7\u00e3o da Pol\u00edcia Federal trouxe s\u00e9rias consequ\u00eancias. \u201cFoi um momento tenso, mas importante para o Brasil mostrar ao mundo que \u00e9 capaz de dar respostas r\u00e1pidas em situa\u00e7\u00f5es adversas.\u201d De acordo com ele, j\u00e1 est\u00e1 tudo resolvido em rela\u00e7\u00e3o \u00e0 Carne Fraca no exterior, embora alguns pa\u00edses importadores ainda tenham certa desconfian\u00e7a, o que \u00e9 normal no mercado mundial.\u201d<\/p>\n<p>Em sua participa\u00e7\u00e3o no encontro, o secret\u00e1rio-executivo do Mapa, Eumar Novacki, enfatizou que a pasta implantou o programa de compliance (Programa de Conformidade do Agroneg\u00f3cio Brasileiro) e est\u00e1 se reunindo com o setor privado para incentiv\u00e1-lo a adotar medida semelhante. Na avalia\u00e7\u00e3o de Novacki, \u00e9 importante para o Brasil mostrar ao mundo que tem regras r\u00edgidas e respeita e cobra das empresas que sigam tais normas.<\/p>\n<p>Durante a visita, Maggi assinou autoriza\u00e7\u00e3o para compra pelo Mapa de 750 kits de irriga\u00e7\u00e3o por cotejamento para os munic\u00edpios de Barra do Gar\u00e7as, Nova Xavantina, Araguaiana, \u00c1gua Boa, Campin\u00f3polis, Canarana, Quer\u00eancia, Novo S\u00e3o Joaquim, Cocalinho, Ribeir\u00e3o Cascalheira, Pontal do Araguaia, Nova Nazar\u00e9, Torixor\u00e9u, Araguainha e General Carneiro. Cada um receber\u00e1 50 kits.<\/p>\n<p>Cr\u00e9dito:\u00a0<em>Minist\u00e9rio da Agricultura, Pecu\u00e1ria e Abastecimento &#8211; MAPA<\/em><\/p>\n","protected":false},"excerpt":{"rendered":"<p>Em Barra do Gar\u00e7as, ministro diz que contrata\u00e7\u00e3o de pessoal refor\u00e7ar\u00e1 sistema de fiscaliza\u00e7\u00e3o<\/p>\n","protected":false},"author":11,"featured_media":97975797,"comment_status":"closed","ping_status":"closed","sticky":false,"template":"","format":"standard","meta":{"footnotes":""},"categories":[6,1],"tags":[],"class_list":["post-97983226","post","type-post","status-publish","format-standard","has-post-thumbnail","hentry","category-destaque","category-noticia"],"yoast_head":"<!-- This site is optimized with the Yoast SEO plugin v24.8.1 - https:\/\/yoast.com\/wordpress\/plugins\/seo\/ -->\n<title>Maggi: Moderniza\u00e7\u00e3o do Mapa \u00e9 essencial para fortalecer o agro brasileiro - Acrimat<\/title>\n<meta name=\"robots\" content=\"index, follow, max-snippet:-1, max-image-preview:large, max-video-preview:-1\" \/>\n<link rel=\"canonical\" href=\"https:\/\/acrimat.org.br\/portal\/maggi-modernizacao-do-mapa-e-essencial-para-fortalecer-o-agro-brasileiro\/\" \/>\n<meta property=\"og:locale\" content=\"pt_BR\" \/>\n<meta property=\"og:type\" content=\"article\" \/>\n<meta property=\"og:title\" content=\"Maggi: Moderniza\u00e7\u00e3o do Mapa \u00e9 essencial para fortalecer o agro brasileiro - Acrimat\" \/>\n<meta property=\"og:description\" content=\"Em Barra do Gar\u00e7as, ministro diz que contrata\u00e7\u00e3o de pessoal refor\u00e7ar\u00e1 sistema de fiscaliza\u00e7\u00e3o\" \/>\n<meta property=\"og:url\" content=\"https:\/\/acrimat.org.br\/portal\/maggi-modernizacao-do-mapa-e-essencial-para-fortalecer-o-agro-brasileiro\/\" \/>\n<meta property=\"og:site_name\" content=\"Acrimat\" \/>\n<meta property=\"article:published_time\" content=\"2017-08-22T14:02:24+00:00\" \/>\n<meta property=\"og:image\" content=\"https:\/\/acrimat.org.br\/portal\/wp-content\/uploads\/2016\/06\/MAGGI-CANAL-RURAL.jpg\" \/>\n\t<meta property=\"og:image:width\" content=\"640\" \/>\n\t<meta property=\"og:image:height\" content=\"440\" \/>\n\t<meta property=\"og:image:type\" content=\"image\/jpeg\" \/>\n<meta name=\"author\" content=\"P\u00e9ricles C\u00e2ndido\" \/>\n<meta name=\"twitter:card\" content=\"summary_large_image\" \/>\n<meta name=\"twitter:label1\" content=\"Escrito por\" \/>\n\t<meta name=\"twitter:data1\" content=\"P\u00e9ricles C\u00e2ndido\" \/>\n\t<meta name=\"twitter:label2\" content=\"Est. tempo de leitura\" \/>\n\t<meta name=\"twitter:data2\" content=\"3 minutos\" \/>\n<script type=\"application\/ld+json\" class=\"yoast-schema-graph\">{\"@context\":\"https:\/\/schema.org\",\"@graph\":[{\"@type\":\"Article\",\"@id\":\"https:\/\/acrimat.org.br\/portal\/maggi-modernizacao-do-mapa-e-essencial-para-fortalecer-o-agro-brasileiro\/#article\",\"isPartOf\":{\"@id\":\"https:\/\/acrimat.org.br\/portal\/maggi-modernizacao-do-mapa-e-essencial-para-fortalecer-o-agro-brasileiro\/\"},\"author\":{\"name\":\"P\u00e9ricles C\u00e2ndido\",\"@id\":\"https:\/\/acrimat.org.br\/portal\/#\/schema\/person\/18df8bcf6890e924fe5d8b5afd2bec0f\"},\"headline\":\"Maggi: Moderniza\u00e7\u00e3o do Mapa \u00e9 essencial para fortalecer o agro brasileiro\",\"datePublished\":\"2017-08-22T14:02:24+00:00\",\"mainEntityOfPage\":{\"@id\":\"https:\/\/acrimat.org.br\/portal\/maggi-modernizacao-do-mapa-e-essencial-para-fortalecer-o-agro-brasileiro\/\"},\"wordCount\":541,\"publisher\":{\"@id\":\"https:\/\/acrimat.org.br\/portal\/#organization\"},\"image\":{\"@id\":\"https:\/\/acrimat.org.br\/portal\/maggi-modernizacao-do-mapa-e-essencial-para-fortalecer-o-agro-brasileiro\/#primaryimage\"},\"thumbnailUrl\":\"https:\/\/acrimat.org.br\/portal\/wp-content\/uploads\/2016\/06\/MAGGI-CANAL-RURAL.jpg\",\"articleSection\":[\"Destaques\",\"Not\u00edcias\"],\"inLanguage\":\"pt-BR\"},{\"@type\":\"WebPage\",\"@id\":\"https:\/\/acrimat.org.br\/portal\/maggi-modernizacao-do-mapa-e-essencial-para-fortalecer-o-agro-brasileiro\/\",\"url\":\"https:\/\/acrimat.org.br\/portal\/maggi-modernizacao-do-mapa-e-essencial-para-fortalecer-o-agro-brasileiro\/\",\"name\":\"Maggi: Moderniza\u00e7\u00e3o do Mapa \u00e9 essencial para fortalecer o agro brasileiro - Acrimat\",\"isPartOf\":{\"@id\":\"https:\/\/acrimat.org.br\/portal\/#website\"},\"primaryImageOfPage\":{\"@id\":\"https:\/\/acrimat.org.br\/portal\/maggi-modernizacao-do-mapa-e-essencial-para-fortalecer-o-agro-brasileiro\/#primaryimage\"},\"image\":{\"@id\":\"https:\/\/acrimat.org.br\/portal\/maggi-modernizacao-do-mapa-e-essencial-para-fortalecer-o-agro-brasileiro\/#primaryimage\"},\"thumbnailUrl\":\"https:\/\/acrimat.org.br\/portal\/wp-content\/uploads\/2016\/06\/MAGGI-CANAL-RURAL.jpg\",\"datePublished\":\"2017-08-22T14:02:24+00:00\",\"breadcrumb\":{\"@id\":\"https:\/\/acrimat.org.br\/portal\/maggi-modernizacao-do-mapa-e-essencial-para-fortalecer-o-agro-brasileiro\/#breadcrumb\"},\"inLanguage\":\"pt-BR\",\"potentialAction\":[{\"@type\":\"ReadAction\",\"target\":[\"https:\/\/acrimat.org.br\/portal\/maggi-modernizacao-do-mapa-e-essencial-para-fortalecer-o-agro-brasileiro\/\"]}]},{\"@type\":\"ImageObject\",\"inLanguage\":\"pt-BR\",\"@id\":\"https:\/\/acrimat.org.br\/portal\/maggi-modernizacao-do-mapa-e-essencial-para-fortalecer-o-agro-brasileiro\/#primaryimage\",\"url\":\"https:\/\/acrimat.org.br\/portal\/wp-content\/uploads\/2016\/06\/MAGGI-CANAL-RURAL.jpg\",\"contentUrl\":\"https:\/\/acrimat.org.br\/portal\/wp-content\/uploads\/2016\/06\/MAGGI-CANAL-RURAL.jpg\",\"width\":640,\"height\":440},{\"@type\":\"BreadcrumbList\",\"@id\":\"https:\/\/acrimat.org.br\/portal\/maggi-modernizacao-do-mapa-e-essencial-para-fortalecer-o-agro-brasileiro\/#breadcrumb\",\"itemListElement\":[{\"@type\":\"ListItem\",\"position\":1,\"name\":\"In\u00edcio\",\"item\":\"https:\/\/acrimat.org.br\/portal\/\"},{\"@type\":\"ListItem\",\"position\":2,\"name\":\"Maggi: Moderniza\u00e7\u00e3o do Mapa \u00e9 essencial para fortalecer o agro brasileiro\"}]},{\"@type\":\"WebSite\",\"@id\":\"https:\/\/acrimat.org.br\/portal\/#website\",\"url\":\"https:\/\/acrimat.org.br\/portal\/\",\"name\":\"Acrimat\",\"description\":\"Associa\u00e7\u00e3o dos Criadores de Mato Grosso\",\"publisher\":{\"@id\":\"https:\/\/acrimat.org.br\/portal\/#organization\"},\"potentialAction\":[{\"@type\":\"SearchAction\",\"target\":{\"@type\":\"EntryPoint\",\"urlTemplate\":\"https:\/\/acrimat.org.br\/portal\/?s={search_term_string}\"},\"query-input\":{\"@type\":\"PropertyValueSpecification\",\"valueRequired\":true,\"valueName\":\"search_term_string\"}}],\"inLanguage\":\"pt-BR\"},{\"@type\":\"Organization\",\"@id\":\"https:\/\/acrimat.org.br\/portal\/#organization\",\"name\":\"Associa\u00e7\u00e3o dos Criadores de Mato Grosso\",\"url\":\"https:\/\/acrimat.org.br\/portal\/\",\"logo\":{\"@type\":\"ImageObject\",\"inLanguage\":\"pt-BR\",\"@id\":\"https:\/\/acrimat.org.br\/portal\/#\/schema\/logo\/image\/\",\"url\":\"https:\/\/acrimat.org.br\/portal\/wp-content\/uploads\/2018\/03\/logo-peq-original.png\",\"contentUrl\":\"https:\/\/acrimat.org.br\/portal\/wp-content\/uploads\/2018\/03\/logo-peq-original.png\",\"width\":174,\"height\":171,\"caption\":\"Associa\u00e7\u00e3o dos Criadores de Mato Grosso\"},\"image\":{\"@id\":\"https:\/\/acrimat.org.br\/portal\/#\/schema\/logo\/image\/\"}},{\"@type\":\"Person\",\"@id\":\"https:\/\/acrimat.org.br\/portal\/#\/schema\/person\/18df8bcf6890e924fe5d8b5afd2bec0f\",\"name\":\"P\u00e9ricles C\u00e2ndido\",\"image\":{\"@type\":\"ImageObject\",\"inLanguage\":\"pt-BR\",\"@id\":\"https:\/\/acrimat.org.br\/portal\/#\/schema\/person\/image\/\",\"url\":\"https:\/\/secure.gravatar.com\/avatar\/33e2a2b971dc363ed2df53d0d3bfbd18?s=96&d=mm&r=g\",\"contentUrl\":\"https:\/\/secure.gravatar.com\/avatar\/33e2a2b971dc363ed2df53d0d3bfbd18?s=96&d=mm&r=g\",\"caption\":\"P\u00e9ricles C\u00e2ndido\"},\"sameAs\":[\"ascom@acrimat.org.br\"],\"url\":\"https:\/\/acrimat.org.br\/portal\/author\/designergrafico\/\"}]}<\/script>\n<!-- \/ Yoast SEO plugin. -->","yoast_head_json":{"title":"Maggi: Moderniza\u00e7\u00e3o do Mapa \u00e9 essencial para fortalecer o agro brasileiro - Acrimat","robots":{"index":"index","follow":"follow","max-snippet":"max-snippet:-1","max-image-preview":"max-image-preview:large","max-video-preview":"max-video-preview:-1"},"canonical":"https:\/\/acrimat.org.br\/portal\/maggi-modernizacao-do-mapa-e-essencial-para-fortalecer-o-agro-brasileiro\/","og_locale":"pt_BR","og_type":"article","og_title":"Maggi: Moderniza\u00e7\u00e3o do Mapa \u00e9 essencial para fortalecer o agro brasileiro - Acrimat","og_description":"Em Barra do Gar\u00e7as, ministro diz que contrata\u00e7\u00e3o de pessoal refor\u00e7ar\u00e1 sistema de fiscaliza\u00e7\u00e3o","og_url":"https:\/\/acrimat.org.br\/portal\/maggi-modernizacao-do-mapa-e-essencial-para-fortalecer-o-agro-brasileiro\/","og_site_name":"Acrimat","article_published_time":"2017-08-22T14:02:24+00:00","og_image":[{"width":640,"height":440,"url":"https:\/\/acrimat.org.br\/portal\/wp-content\/uploads\/2016\/06\/MAGGI-CANAL-RURAL.jpg","type":"image\/jpeg"}],"author":"P\u00e9ricles C\u00e2ndido","twitter_card":"summary_large_image","twitter_misc":{"Escrito por":"P\u00e9ricles C\u00e2ndido","Est. tempo de leitura":"3 minutos"},"schema":{"@context":"https:\/\/schema.org","@graph":[{"@type":"Article","@id":"https:\/\/acrimat.org.br\/portal\/maggi-modernizacao-do-mapa-e-essencial-para-fortalecer-o-agro-brasileiro\/#article","isPartOf":{"@id":"https:\/\/acrimat.org.br\/portal\/maggi-modernizacao-do-mapa-e-essencial-para-fortalecer-o-agro-brasileiro\/"},"author":{"name":"P\u00e9ricles C\u00e2ndido","@id":"https:\/\/acrimat.org.br\/portal\/#\/schema\/person\/18df8bcf6890e924fe5d8b5afd2bec0f"},"headline":"Maggi: Moderniza\u00e7\u00e3o do Mapa \u00e9 essencial para fortalecer o agro brasileiro","datePublished":"2017-08-22T14:02:24+00:00","mainEntityOfPage":{"@id":"https:\/\/acrimat.org.br\/portal\/maggi-modernizacao-do-mapa-e-essencial-para-fortalecer-o-agro-brasileiro\/"},"wordCount":541,"publisher":{"@id":"https:\/\/acrimat.org.br\/portal\/#organization"},"image":{"@id":"https:\/\/acrimat.org.br\/portal\/maggi-modernizacao-do-mapa-e-essencial-para-fortalecer-o-agro-brasileiro\/#primaryimage"},"thumbnailUrl":"https:\/\/acrimat.org.br\/portal\/wp-content\/uploads\/2016\/06\/MAGGI-CANAL-RURAL.jpg","articleSection":["Destaques","Not\u00edcias"],"inLanguage":"pt-BR"},{"@type":"WebPage","@id":"https:\/\/acrimat.org.br\/portal\/maggi-modernizacao-do-mapa-e-essencial-para-fortalecer-o-agro-brasileiro\/","url":"https:\/\/acrimat.org.br\/portal\/maggi-modernizacao-do-mapa-e-essencial-para-fortalecer-o-agro-brasileiro\/","name":"Maggi: Moderniza\u00e7\u00e3o do Mapa \u00e9 essencial para fortalecer o agro brasileiro - Acrimat","isPartOf":{"@id":"https:\/\/acrimat.org.br\/portal\/#website"},"primaryImageOfPage":{"@id":"https:\/\/acrimat.org.br\/portal\/maggi-modernizacao-do-mapa-e-essencial-para-fortalecer-o-agro-brasileiro\/#primaryimage"},"image":{"@id":"https:\/\/acrimat.org.br\/portal\/maggi-modernizacao-do-mapa-e-essencial-para-fortalecer-o-agro-brasileiro\/#primaryimage"},"thumbnailUrl":"https:\/\/acrimat.org.br\/portal\/wp-content\/uploads\/2016\/06\/MAGGI-CANAL-RURAL.jpg","datePublished":"2017-08-22T14:02:24+00:00","breadcrumb":{"@id":"https:\/\/acrimat.org.br\/portal\/maggi-modernizacao-do-mapa-e-essencial-para-fortalecer-o-agro-brasileiro\/#breadcrumb"},"inLanguage":"pt-BR","potentialAction":[{"@type":"ReadAction","target":["https:\/\/acrimat.org.br\/portal\/maggi-modernizacao-do-mapa-e-essencial-para-fortalecer-o-agro-brasileiro\/"]}]},{"@type":"ImageObject","inLanguage":"pt-BR","@id":"https:\/\/acrimat.org.br\/portal\/maggi-modernizacao-do-mapa-e-essencial-para-fortalecer-o-agro-brasileiro\/#primaryimage","url":"https:\/\/acrimat.org.br\/portal\/wp-content\/uploads\/2016\/06\/MAGGI-CANAL-RURAL.jpg","contentUrl":"https:\/\/acrimat.org.br\/portal\/wp-content\/uploads\/2016\/06\/MAGGI-CANAL-RURAL.jpg","width":640,"height":440},{"@type":"BreadcrumbList","@id":"https:\/\/acrimat.org.br\/portal\/maggi-modernizacao-do-mapa-e-essencial-para-fortalecer-o-agro-brasileiro\/#breadcrumb","itemListElement":[{"@type":"ListItem","position":1,"name":"In\u00edcio","item":"https:\/\/acrimat.org.br\/portal\/"},{"@type":"ListItem","position":2,"name":"Maggi: Moderniza\u00e7\u00e3o do Mapa \u00e9 essencial para fortalecer o agro brasileiro"}]},{"@type":"WebSite","@id":"https:\/\/acrimat.org.br\/portal\/#website","url":"https:\/\/acrimat.org.br\/portal\/","name":"Acrimat","description":"Associa\u00e7\u00e3o dos Criadores de Mato Grosso","publisher":{"@id":"https:\/\/acrimat.org.br\/portal\/#organization"},"potentialAction":[{"@type":"SearchAction","target":{"@type":"EntryPoint","urlTemplate":"https:\/\/acrimat.org.br\/portal\/?s={search_term_string}"},"query-input":{"@type":"PropertyValueSpecification","valueRequired":true,"valueName":"search_term_string"}}],"inLanguage":"pt-BR"},{"@type":"Organization","@id":"https:\/\/acrimat.org.br\/portal\/#organization","name":"Associa\u00e7\u00e3o dos Criadores de Mato Grosso","url":"https:\/\/acrimat.org.br\/portal\/","logo":{"@type":"ImageObject","inLanguage":"pt-BR","@id":"https:\/\/acrimat.org.br\/portal\/#\/schema\/logo\/image\/","url":"https:\/\/acrimat.org.br\/portal\/wp-content\/uploads\/2018\/03\/logo-peq-original.png","contentUrl":"https:\/\/acrimat.org.br\/portal\/wp-content\/uploads\/2018\/03\/logo-peq-original.png","width":174,"height":171,"caption":"Associa\u00e7\u00e3o dos Criadores de Mato Grosso"},"image":{"@id":"https:\/\/acrimat.org.br\/portal\/#\/schema\/logo\/image\/"}},{"@type":"Person","@id":"https:\/\/acrimat.org.br\/portal\/#\/schema\/person\/18df8bcf6890e924fe5d8b5afd2bec0f","name":"P\u00e9ricles C\u00e2ndido","image":{"@type":"ImageObject","inLanguage":"pt-BR","@id":"https:\/\/acrimat.org.br\/portal\/#\/schema\/person\/image\/","url":"https:\/\/secure.gravatar.com\/avatar\/33e2a2b971dc363ed2df53d0d3bfbd18?s=96&d=mm&r=g","contentUrl":"https:\/\/secure.gravatar.com\/avatar\/33e2a2b971dc363ed2df53d0d3bfbd18?s=96&d=mm&r=g","caption":"P\u00e9ricles C\u00e2ndido"},"sameAs":["ascom@acrimat.org.br"],"url":"https:\/\/acrimat.org.br\/portal\/author\/designergrafico\/"}]}},"_links":{"self":[{"href":"https:\/\/acrimat.org.br\/portal\/wp-json\/wp\/v2\/posts\/97983226","targetHints":{"allow":["GET"]}}],"collection":[{"href":"https:\/\/acrimat.org.br\/portal\/wp-json\/wp\/v2\/posts"}],"about":[{"href":"https:\/\/acrimat.org.br\/portal\/wp-json\/wp\/v2\/types\/post"}],"author":[{"embeddable":true,"href":"https:\/\/acrimat.org.br\/portal\/wp-json\/wp\/v2\/users\/11"}],"replies":[{"embeddable":true,"href":"https:\/\/acrimat.org.br\/portal\/wp-json\/wp\/v2\/comments?post=97983226"}],"version-history":[{"count":2,"href":"https:\/\/acrimat.org.br\/portal\/wp-json\/wp\/v2\/posts\/97983226\/revisions"}],"predecessor-version":[{"id":97983228,"href":"https:\/\/acrimat.org.br\/portal\/wp-json\/wp\/v2\/posts\/97983226\/revisions\/97983228"}],"wp:featuredmedia":[{"embeddable":true,"href":"https:\/\/acrimat.org.br\/portal\/wp-json\/wp\/v2\/media\/97975797"}],"wp:attachment":[{"href":"https:\/\/acrimat.org.br\/portal\/wp-json\/wp\/v2\/media?parent=97983226"}],"wp:term":[{"taxonomy":"category","embeddable":true,"href":"https:\/\/acrimat.org.br\/portal\/wp-json\/wp\/v2\/categories?post=97983226"},{"taxonomy":"post_tag","embeddable":true,"href":"https:\/\/acrimat.org.br\/portal\/wp-json\/wp\/v2\/tags?post=97983226"}],"curies":[{"name":"wp","href":"https:\/\/api.w.org\/{rel}","templated":true}]}}