{"id":97983236,"date":"2017-08-23T09:56:05","date_gmt":"2017-08-23T12:56:05","guid":{"rendered":"http:\/\/acrimat.org.br\/portal\/?p=97983236"},"modified":"2017-08-23T09:56:05","modified_gmt":"2017-08-23T12:56:05","slug":"pib-agropecuario-tera-crescimento-de-109-este-ano-preve-ipea","status":"publish","type":"post","link":"https:\/\/acrimat.org.br\/portal\/pib-agropecuario-tera-crescimento-de-109-este-ano-preve-ipea\/","title":{"rendered":"PIB Agropecu\u00e1rio ter\u00e1 crescimento de 10,9% este ano, prev\u00ea Ipea"},"content":{"rendered":"<p><a href=\"http:\/\/acrimat.org.br\/portal\/wp-content\/uploads\/2017\/02\/6079939.jpg\"><img fetchpriority=\"high\" decoding=\"async\" class=\"size-medium wp-image-97979840 alignright\" src=\"http:\/\/acrimat.org.br\/portal\/wp-content\/uploads\/2017\/02\/6079939-300x206.jpg\" alt=\"\" width=\"300\" height=\"206\" srcset=\"https:\/\/acrimat.org.br\/portal\/wp-content\/uploads\/2017\/02\/6079939-300x206.jpg 300w, https:\/\/acrimat.org.br\/portal\/wp-content\/uploads\/2017\/02\/6079939-250x172.jpg 250w, https:\/\/acrimat.org.br\/portal\/wp-content\/uploads\/2017\/02\/6079939-550x378.jpg 550w, https:\/\/acrimat.org.br\/portal\/wp-content\/uploads\/2017\/02\/6079939-262x180.jpg 262w, https:\/\/acrimat.org.br\/portal\/wp-content\/uploads\/2017\/02\/6079939-436x300.jpg 436w, https:\/\/acrimat.org.br\/portal\/wp-content\/uploads\/2017\/02\/6079939-727x500.jpg 727w, https:\/\/acrimat.org.br\/portal\/wp-content\/uploads\/2017\/02\/6079939.jpg 730w\" sizes=\"(max-width: 300px) 100vw, 300px\" \/><\/a>O Produto Interno Bruto (PIB) Agropecu\u00e1rio dever\u00e1 ter um crescimento de 10,9% em 2017, de acordo com previs\u00e3o do Instituto de Pesquisa Econ\u00f4mica Aplicada (Ipea). O n\u00famero faz parte da se\u00e7\u00e3o de Economia Agr\u00edcola, da Carta de Conjuntura n\u00ba 36, lan\u00e7ada nesta ter\u00e7a-feira (22). A se\u00e7\u00e3o traz dados e an\u00e1lises de diversos segmentos da economia agr\u00edcola.<\/p>\n<p>Segundo o estudo, embora apresente uma participa\u00e7\u00e3o relativamente modesta no Produto Interno Bruto (PIB) do pa\u00eds, que foi de 4,7% em 2016, o setor agropecu\u00e1rio se caracteriza por um alto n\u00edvel de encadeamento com outros setores produtivos.<\/p>\n<p>O Indicador Ipea de PIB Agropecu\u00e1rio apontou uma alta de 13,5% acumulada no ano at\u00e9 o m\u00eas de junho, com destaque para a lavoura, que cresceu 19,2% no per\u00edodo, enquanto a pecu\u00e1ria apresentou queda de 0,8%. Apesar desse elevado crescimento no ano, o indicador mostrou uma varia\u00e7\u00e3o negativa de 2,9% no segundo trimestre em rela\u00e7\u00e3o ao trimestre anterior. Mesmo assim, a expectativa para o ano \u00e9 de crescimento.<\/p>\n<p>\u201cO setor agr\u00edcola tem muitas peculiaridades. Enquanto a economia est\u00e1 numa dire\u00e7\u00e3o, o setor est\u00e1 indo para uma dire\u00e7\u00e3o diferente. Ent\u00e3o, a an\u00e1lise do setor agr\u00edcola tem que ser diferente. N\u00e3o \u00e9 a mesma coisa que analisar a ind\u00fastria e servi\u00e7os. O que se produziu no setor, vai vender, ou no Brasil, ou exterior. Ent\u00e3o mesmo que a demanda esteja aqui deprimida, [o produtor] consegue vender para o exterior\u201d, analisou o diretor de Estudos e Pol\u00edticas Macroecon\u00f4micas do Ipea, Jos\u00e9 Ronaldo Souza Jr., um dos editores da se\u00e7\u00e3o.<\/p>\n<p><strong>Empregos<\/strong><\/p>\n<p>Em tend\u00eancia contr\u00e1ria \u00e0 do PIB, o total de pessoas ocupadas no agroneg\u00f3cio caiu 3,9% entre o primeiro trimestre de 2017 e o mesmo trimestre do ano passado \u2013 passando de cerca de 18,7 milh\u00f5es para 18,05 milh\u00f5es de pessoas. Dentro do agroneg\u00f3cio, a maior redu\u00e7\u00e3o no total de ocupados se deu no segmento prim\u00e1rio, com cerca de 700 mil ocupa\u00e7\u00f5es a menos, uma queda de 7,6% no primeiro trimestre de 2017.<\/p>\n<p>Segundo o estudo, a gera\u00e7\u00e3o de postos de trabalho difere da l\u00f3gica da gera\u00e7\u00e3o de valor na agricultura nacional. Por exemplo, culturas representando 70% do valor bruto da produ\u00e7\u00e3o agr\u00edcola empregaram apenas 32% do pessoal ocupado nessas atividades em 2016. A soja, com 34% do valor bruto da produ\u00e7\u00e3o agr\u00edcola, empregou apenas 4,7%. \u201cDesse modo, diante da diversidade socioecon\u00f4mica e tecnol\u00f3gica na agropecu\u00e1ria nacional, n\u00e3o se espera uma associa\u00e7\u00e3o importante entre as oscila\u00e7\u00f5es do PIB e do pessoal ocupado no setor\u201d, diz o texto.<\/p>\n<p>De modo geral, h\u00e1 indicativos de que, provavelmente, a redu\u00e7\u00e3o do pessoal ocupado se deu principalmente entre trabalhadores vinculados a atividades de menor import\u00e2ncia econ\u00f4mica, localizados majoritariamente no Nordeste. A queda do emprego se deu principalmente entre os produtores rurais mais pobres e aqueles com menor grau de instru\u00e7\u00e3o.<\/p>\n<p>Apesar da redu\u00e7\u00e3o no n\u00famero de pessoas ocupadas, na compara\u00e7\u00e3o entre os primeiros trimestres de 2016 e de 2017, verificou-se, segundo dados da Pesquisa Nacional por Amostra de Domic\u00edlios (Pnad) Cont\u00ednua Trimestral, ganho real nos rendimentos m\u00e9dios: de 3,5% para os empregados, chegando a R$ 1.664; de 5,4% para os empregadores, chegando a R$ 5.260; e, de 2,9% para os trabalhadores atuando por conta pr\u00f3pria, chegando a R$ 1.192.<\/p>\n<p><strong>Expectativas<\/strong><\/p>\n<p>A produ\u00e7\u00e3o de gr\u00e3os dever\u00e1 passar de 232 milh\u00f5es de toneladas, em 2016\/2017, para 288,2 milh\u00f5es de toneladas em 2026\/2027. Isso indica um acr\u00e9scimo de 56 milh\u00f5es de toneladas \u00e0 produ\u00e7\u00e3o atual do Brasil, o que representa uma taxa de crescimento de 24,2%. J\u00e1 a produ\u00e7\u00e3o de carnes bovina, su\u00edna e aves entre 2016\/2017 e 2026\/2027 dever\u00e1 aumentar em 7,5 milh\u00f5es de toneladas, o que representa um acr\u00e9scimo de 28% em rela\u00e7\u00e3o \u00e0 produ\u00e7\u00e3o de carnes de 2016\/2017.<\/p>\n<p>As estimativas realizadas para os pr\u00f3ximos dez anos s\u00e3o de que a \u00e1rea total plantada com lavouras deve passar de 74 milh\u00f5es de hectares em 2016\/2017 para 84 milh\u00f5es em 2026\/2027, ou seja, um acr\u00e9scimo de 10 milh\u00f5es de hectares. Essa expans\u00e3o est\u00e1 concentrada em soja, mais 9,3 milh\u00f5es de hectares; cana-de-a\u00e7\u00facar, mais 1,9 milh\u00e3o; e milho, 1,3 milh\u00e3o de hectares.<\/p>\n<p>Segundo o Ipea, os produtos mais din\u00e2micos do agroneg\u00f3cio brasileiro dever\u00e3o ser algod\u00e3o em pluma, milho, carne su\u00edna, carne de frango e soja gr\u00e3o. Entre as frutas, os destaques s\u00e3o a manga, a uva e o mel\u00e3o. O mercado interno e a demanda internacional ser\u00e3o os principais fatores de crescimento para a maior parte desses produtos, pois indicam tamb\u00e9m o maior potencial de crescimento da produ\u00e7\u00e3o nos pr\u00f3ximos dez anos.<\/p>\n<p>\u201cO Brasil \u00e9 um pa\u00eds que tem um potencial extraordin\u00e1rio. Toda informa\u00e7\u00e3o, quando bem levantada, copilada e transmitida, \u00e9 sempre muito ben\u00e9fica, seja positiva ou negativa. Nesses n\u00fameros agora temos s\u00f3 coisas boas. O setor est\u00e1 sendo locomotiva da economia em todos os aspectos, gera\u00e7\u00e3o de empregos, balan\u00e7a comercial, na pr\u00f3pria ind\u00fastria\u201d, diz o secret\u00e1rio de Pol\u00edtica Agr\u00edcola do Minist\u00e9rio da Agricultura, Pecu\u00e1ria e Abastecimento e ex-ministro da pasta, Nery Geller.<\/p>\n<p>A se\u00e7\u00e3o de Economia Agr\u00edcola \u00e9 feita pelo Ipea em parceria com a Secretaria de Pol\u00edtica Agr\u00edcola do Minist\u00e9rio da Agricultura, da Pecu\u00e1ria e do Abastecimento (SPA\/Mapa) e o Centro de Estudos Avan\u00e7ados em Economia Aplicada (Cepea) da Escola Superior de Agricultura Luiz de Queiroz da Universidade de S\u00e3o Paulo (Esalq-USP).<\/p>\n","protected":false},"excerpt":{"rendered":"<p>O n\u00famero faz parte da se\u00e7\u00e3o de Economia Agr\u00edcola, da Carta de Conjuntura n\u00ba 36, lan\u00e7ada nesta ter\u00e7a-feira (22)<\/p>\n","protected":false},"author":11,"featured_media":97979840,"comment_status":"closed","ping_status":"closed","sticky":false,"template":"","format":"standard","meta":{"footnotes":""},"categories":[6,1],"tags":[],"class_list":["post-97983236","post","type-post","status-publish","format-standard","has-post-thumbnail","hentry","category-destaque","category-noticia"],"yoast_head":"<!-- This site is optimized with the Yoast SEO plugin v24.8.1 - https:\/\/yoast.com\/wordpress\/plugins\/seo\/ -->\n<title>PIB Agropecu\u00e1rio ter\u00e1 crescimento de 10,9% este ano, prev\u00ea Ipea - Acrimat<\/title>\n<meta name=\"robots\" content=\"index, follow, max-snippet:-1, max-image-preview:large, max-video-preview:-1\" \/>\n<link rel=\"canonical\" href=\"https:\/\/acrimat.org.br\/portal\/pib-agropecuario-tera-crescimento-de-109-este-ano-preve-ipea\/\" \/>\n<meta property=\"og:locale\" content=\"pt_BR\" \/>\n<meta property=\"og:type\" content=\"article\" \/>\n<meta property=\"og:title\" content=\"PIB Agropecu\u00e1rio ter\u00e1 crescimento de 10,9% este ano, prev\u00ea Ipea - Acrimat\" \/>\n<meta property=\"og:description\" content=\"O n\u00famero faz parte da se\u00e7\u00e3o de Economia Agr\u00edcola, da Carta de Conjuntura n\u00ba 36, lan\u00e7ada nesta ter\u00e7a-feira (22)\" \/>\n<meta property=\"og:url\" content=\"https:\/\/acrimat.org.br\/portal\/pib-agropecuario-tera-crescimento-de-109-este-ano-preve-ipea\/\" \/>\n<meta property=\"og:site_name\" content=\"Acrimat\" \/>\n<meta property=\"article:published_time\" content=\"2017-08-23T12:56:05+00:00\" \/>\n<meta property=\"og:image\" content=\"https:\/\/acrimat.org.br\/portal\/wp-content\/uploads\/2017\/02\/6079939.jpg\" \/>\n\t<meta property=\"og:image:width\" content=\"730\" \/>\n\t<meta property=\"og:image:height\" content=\"502\" \/>\n\t<meta property=\"og:image:type\" content=\"image\/jpeg\" \/>\n<meta name=\"author\" content=\"P\u00e9ricles C\u00e2ndido\" \/>\n<meta name=\"twitter:card\" content=\"summary_large_image\" \/>\n<meta name=\"twitter:label1\" content=\"Escrito por\" \/>\n\t<meta name=\"twitter:data1\" content=\"P\u00e9ricles C\u00e2ndido\" \/>\n\t<meta name=\"twitter:label2\" content=\"Est. tempo de leitura\" \/>\n\t<meta name=\"twitter:data2\" content=\"5 minutos\" \/>\n<script type=\"application\/ld+json\" class=\"yoast-schema-graph\">{\"@context\":\"https:\/\/schema.org\",\"@graph\":[{\"@type\":\"Article\",\"@id\":\"https:\/\/acrimat.org.br\/portal\/pib-agropecuario-tera-crescimento-de-109-este-ano-preve-ipea\/#article\",\"isPartOf\":{\"@id\":\"https:\/\/acrimat.org.br\/portal\/pib-agropecuario-tera-crescimento-de-109-este-ano-preve-ipea\/\"},\"author\":{\"name\":\"P\u00e9ricles C\u00e2ndido\",\"@id\":\"https:\/\/acrimat.org.br\/portal\/#\/schema\/person\/18df8bcf6890e924fe5d8b5afd2bec0f\"},\"headline\":\"PIB Agropecu\u00e1rio ter\u00e1 crescimento de 10,9% este ano, prev\u00ea Ipea\",\"datePublished\":\"2017-08-23T12:56:05+00:00\",\"mainEntityOfPage\":{\"@id\":\"https:\/\/acrimat.org.br\/portal\/pib-agropecuario-tera-crescimento-de-109-este-ano-preve-ipea\/\"},\"wordCount\":934,\"publisher\":{\"@id\":\"https:\/\/acrimat.org.br\/portal\/#organization\"},\"image\":{\"@id\":\"https:\/\/acrimat.org.br\/portal\/pib-agropecuario-tera-crescimento-de-109-este-ano-preve-ipea\/#primaryimage\"},\"thumbnailUrl\":\"https:\/\/acrimat.org.br\/portal\/wp-content\/uploads\/2017\/02\/6079939.jpg\",\"articleSection\":[\"Destaques\",\"Not\u00edcias\"],\"inLanguage\":\"pt-BR\"},{\"@type\":\"WebPage\",\"@id\":\"https:\/\/acrimat.org.br\/portal\/pib-agropecuario-tera-crescimento-de-109-este-ano-preve-ipea\/\",\"url\":\"https:\/\/acrimat.org.br\/portal\/pib-agropecuario-tera-crescimento-de-109-este-ano-preve-ipea\/\",\"name\":\"PIB Agropecu\u00e1rio ter\u00e1 crescimento de 10,9% este ano, prev\u00ea Ipea - Acrimat\",\"isPartOf\":{\"@id\":\"https:\/\/acrimat.org.br\/portal\/#website\"},\"primaryImageOfPage\":{\"@id\":\"https:\/\/acrimat.org.br\/portal\/pib-agropecuario-tera-crescimento-de-109-este-ano-preve-ipea\/#primaryimage\"},\"image\":{\"@id\":\"https:\/\/acrimat.org.br\/portal\/pib-agropecuario-tera-crescimento-de-109-este-ano-preve-ipea\/#primaryimage\"},\"thumbnailUrl\":\"https:\/\/acrimat.org.br\/portal\/wp-content\/uploads\/2017\/02\/6079939.jpg\",\"datePublished\":\"2017-08-23T12:56:05+00:00\",\"breadcrumb\":{\"@id\":\"https:\/\/acrimat.org.br\/portal\/pib-agropecuario-tera-crescimento-de-109-este-ano-preve-ipea\/#breadcrumb\"},\"inLanguage\":\"pt-BR\",\"potentialAction\":[{\"@type\":\"ReadAction\",\"target\":[\"https:\/\/acrimat.org.br\/portal\/pib-agropecuario-tera-crescimento-de-109-este-ano-preve-ipea\/\"]}]},{\"@type\":\"ImageObject\",\"inLanguage\":\"pt-BR\",\"@id\":\"https:\/\/acrimat.org.br\/portal\/pib-agropecuario-tera-crescimento-de-109-este-ano-preve-ipea\/#primaryimage\",\"url\":\"https:\/\/acrimat.org.br\/portal\/wp-content\/uploads\/2017\/02\/6079939.jpg\",\"contentUrl\":\"https:\/\/acrimat.org.br\/portal\/wp-content\/uploads\/2017\/02\/6079939.jpg\",\"width\":730,\"height\":502},{\"@type\":\"BreadcrumbList\",\"@id\":\"https:\/\/acrimat.org.br\/portal\/pib-agropecuario-tera-crescimento-de-109-este-ano-preve-ipea\/#breadcrumb\",\"itemListElement\":[{\"@type\":\"ListItem\",\"position\":1,\"name\":\"In\u00edcio\",\"item\":\"https:\/\/acrimat.org.br\/portal\/\"},{\"@type\":\"ListItem\",\"position\":2,\"name\":\"PIB Agropecu\u00e1rio ter\u00e1 crescimento de 10,9% este ano, prev\u00ea Ipea\"}]},{\"@type\":\"WebSite\",\"@id\":\"https:\/\/acrimat.org.br\/portal\/#website\",\"url\":\"https:\/\/acrimat.org.br\/portal\/\",\"name\":\"Acrimat\",\"description\":\"Associa\u00e7\u00e3o dos Criadores de Mato Grosso\",\"publisher\":{\"@id\":\"https:\/\/acrimat.org.br\/portal\/#organization\"},\"potentialAction\":[{\"@type\":\"SearchAction\",\"target\":{\"@type\":\"EntryPoint\",\"urlTemplate\":\"https:\/\/acrimat.org.br\/portal\/?s={search_term_string}\"},\"query-input\":{\"@type\":\"PropertyValueSpecification\",\"valueRequired\":true,\"valueName\":\"search_term_string\"}}],\"inLanguage\":\"pt-BR\"},{\"@type\":\"Organization\",\"@id\":\"https:\/\/acrimat.org.br\/portal\/#organization\",\"name\":\"Associa\u00e7\u00e3o dos Criadores de Mato Grosso\",\"url\":\"https:\/\/acrimat.org.br\/portal\/\",\"logo\":{\"@type\":\"ImageObject\",\"inLanguage\":\"pt-BR\",\"@id\":\"https:\/\/acrimat.org.br\/portal\/#\/schema\/logo\/image\/\",\"url\":\"https:\/\/acrimat.org.br\/portal\/wp-content\/uploads\/2018\/03\/logo-peq-original.png\",\"contentUrl\":\"https:\/\/acrimat.org.br\/portal\/wp-content\/uploads\/2018\/03\/logo-peq-original.png\",\"width\":174,\"height\":171,\"caption\":\"Associa\u00e7\u00e3o dos Criadores de Mato Grosso\"},\"image\":{\"@id\":\"https:\/\/acrimat.org.br\/portal\/#\/schema\/logo\/image\/\"}},{\"@type\":\"Person\",\"@id\":\"https:\/\/acrimat.org.br\/portal\/#\/schema\/person\/18df8bcf6890e924fe5d8b5afd2bec0f\",\"name\":\"P\u00e9ricles C\u00e2ndido\",\"image\":{\"@type\":\"ImageObject\",\"inLanguage\":\"pt-BR\",\"@id\":\"https:\/\/acrimat.org.br\/portal\/#\/schema\/person\/image\/\",\"url\":\"https:\/\/secure.gravatar.com\/avatar\/33e2a2b971dc363ed2df53d0d3bfbd18?s=96&d=mm&r=g\",\"contentUrl\":\"https:\/\/secure.gravatar.com\/avatar\/33e2a2b971dc363ed2df53d0d3bfbd18?s=96&d=mm&r=g\",\"caption\":\"P\u00e9ricles C\u00e2ndido\"},\"sameAs\":[\"ascom@acrimat.org.br\"],\"url\":\"https:\/\/acrimat.org.br\/portal\/author\/designergrafico\/\"}]}<\/script>\n<!-- \/ Yoast SEO plugin. -->","yoast_head_json":{"title":"PIB Agropecu\u00e1rio ter\u00e1 crescimento de 10,9% este ano, prev\u00ea Ipea - Acrimat","robots":{"index":"index","follow":"follow","max-snippet":"max-snippet:-1","max-image-preview":"max-image-preview:large","max-video-preview":"max-video-preview:-1"},"canonical":"https:\/\/acrimat.org.br\/portal\/pib-agropecuario-tera-crescimento-de-109-este-ano-preve-ipea\/","og_locale":"pt_BR","og_type":"article","og_title":"PIB Agropecu\u00e1rio ter\u00e1 crescimento de 10,9% este ano, prev\u00ea Ipea - Acrimat","og_description":"O n\u00famero faz parte da se\u00e7\u00e3o de Economia Agr\u00edcola, da Carta de Conjuntura n\u00ba 36, lan\u00e7ada nesta ter\u00e7a-feira (22)","og_url":"https:\/\/acrimat.org.br\/portal\/pib-agropecuario-tera-crescimento-de-109-este-ano-preve-ipea\/","og_site_name":"Acrimat","article_published_time":"2017-08-23T12:56:05+00:00","og_image":[{"width":730,"height":502,"url":"https:\/\/acrimat.org.br\/portal\/wp-content\/uploads\/2017\/02\/6079939.jpg","type":"image\/jpeg"}],"author":"P\u00e9ricles C\u00e2ndido","twitter_card":"summary_large_image","twitter_misc":{"Escrito por":"P\u00e9ricles C\u00e2ndido","Est. tempo de leitura":"5 minutos"},"schema":{"@context":"https:\/\/schema.org","@graph":[{"@type":"Article","@id":"https:\/\/acrimat.org.br\/portal\/pib-agropecuario-tera-crescimento-de-109-este-ano-preve-ipea\/#article","isPartOf":{"@id":"https:\/\/acrimat.org.br\/portal\/pib-agropecuario-tera-crescimento-de-109-este-ano-preve-ipea\/"},"author":{"name":"P\u00e9ricles C\u00e2ndido","@id":"https:\/\/acrimat.org.br\/portal\/#\/schema\/person\/18df8bcf6890e924fe5d8b5afd2bec0f"},"headline":"PIB Agropecu\u00e1rio ter\u00e1 crescimento de 10,9% este ano, prev\u00ea Ipea","datePublished":"2017-08-23T12:56:05+00:00","mainEntityOfPage":{"@id":"https:\/\/acrimat.org.br\/portal\/pib-agropecuario-tera-crescimento-de-109-este-ano-preve-ipea\/"},"wordCount":934,"publisher":{"@id":"https:\/\/acrimat.org.br\/portal\/#organization"},"image":{"@id":"https:\/\/acrimat.org.br\/portal\/pib-agropecuario-tera-crescimento-de-109-este-ano-preve-ipea\/#primaryimage"},"thumbnailUrl":"https:\/\/acrimat.org.br\/portal\/wp-content\/uploads\/2017\/02\/6079939.jpg","articleSection":["Destaques","Not\u00edcias"],"inLanguage":"pt-BR"},{"@type":"WebPage","@id":"https:\/\/acrimat.org.br\/portal\/pib-agropecuario-tera-crescimento-de-109-este-ano-preve-ipea\/","url":"https:\/\/acrimat.org.br\/portal\/pib-agropecuario-tera-crescimento-de-109-este-ano-preve-ipea\/","name":"PIB Agropecu\u00e1rio ter\u00e1 crescimento de 10,9% este ano, prev\u00ea Ipea - Acrimat","isPartOf":{"@id":"https:\/\/acrimat.org.br\/portal\/#website"},"primaryImageOfPage":{"@id":"https:\/\/acrimat.org.br\/portal\/pib-agropecuario-tera-crescimento-de-109-este-ano-preve-ipea\/#primaryimage"},"image":{"@id":"https:\/\/acrimat.org.br\/portal\/pib-agropecuario-tera-crescimento-de-109-este-ano-preve-ipea\/#primaryimage"},"thumbnailUrl":"https:\/\/acrimat.org.br\/portal\/wp-content\/uploads\/2017\/02\/6079939.jpg","datePublished":"2017-08-23T12:56:05+00:00","breadcrumb":{"@id":"https:\/\/acrimat.org.br\/portal\/pib-agropecuario-tera-crescimento-de-109-este-ano-preve-ipea\/#breadcrumb"},"inLanguage":"pt-BR","potentialAction":[{"@type":"ReadAction","target":["https:\/\/acrimat.org.br\/portal\/pib-agropecuario-tera-crescimento-de-109-este-ano-preve-ipea\/"]}]},{"@type":"ImageObject","inLanguage":"pt-BR","@id":"https:\/\/acrimat.org.br\/portal\/pib-agropecuario-tera-crescimento-de-109-este-ano-preve-ipea\/#primaryimage","url":"https:\/\/acrimat.org.br\/portal\/wp-content\/uploads\/2017\/02\/6079939.jpg","contentUrl":"https:\/\/acrimat.org.br\/portal\/wp-content\/uploads\/2017\/02\/6079939.jpg","width":730,"height":502},{"@type":"BreadcrumbList","@id":"https:\/\/acrimat.org.br\/portal\/pib-agropecuario-tera-crescimento-de-109-este-ano-preve-ipea\/#breadcrumb","itemListElement":[{"@type":"ListItem","position":1,"name":"In\u00edcio","item":"https:\/\/acrimat.org.br\/portal\/"},{"@type":"ListItem","position":2,"name":"PIB Agropecu\u00e1rio ter\u00e1 crescimento de 10,9% este ano, prev\u00ea Ipea"}]},{"@type":"WebSite","@id":"https:\/\/acrimat.org.br\/portal\/#website","url":"https:\/\/acrimat.org.br\/portal\/","name":"Acrimat","description":"Associa\u00e7\u00e3o dos Criadores de Mato Grosso","publisher":{"@id":"https:\/\/acrimat.org.br\/portal\/#organization"},"potentialAction":[{"@type":"SearchAction","target":{"@type":"EntryPoint","urlTemplate":"https:\/\/acrimat.org.br\/portal\/?s={search_term_string}"},"query-input":{"@type":"PropertyValueSpecification","valueRequired":true,"valueName":"search_term_string"}}],"inLanguage":"pt-BR"},{"@type":"Organization","@id":"https:\/\/acrimat.org.br\/portal\/#organization","name":"Associa\u00e7\u00e3o dos Criadores de Mato Grosso","url":"https:\/\/acrimat.org.br\/portal\/","logo":{"@type":"ImageObject","inLanguage":"pt-BR","@id":"https:\/\/acrimat.org.br\/portal\/#\/schema\/logo\/image\/","url":"https:\/\/acrimat.org.br\/portal\/wp-content\/uploads\/2018\/03\/logo-peq-original.png","contentUrl":"https:\/\/acrimat.org.br\/portal\/wp-content\/uploads\/2018\/03\/logo-peq-original.png","width":174,"height":171,"caption":"Associa\u00e7\u00e3o dos Criadores de Mato Grosso"},"image":{"@id":"https:\/\/acrimat.org.br\/portal\/#\/schema\/logo\/image\/"}},{"@type":"Person","@id":"https:\/\/acrimat.org.br\/portal\/#\/schema\/person\/18df8bcf6890e924fe5d8b5afd2bec0f","name":"P\u00e9ricles C\u00e2ndido","image":{"@type":"ImageObject","inLanguage":"pt-BR","@id":"https:\/\/acrimat.org.br\/portal\/#\/schema\/person\/image\/","url":"https:\/\/secure.gravatar.com\/avatar\/33e2a2b971dc363ed2df53d0d3bfbd18?s=96&d=mm&r=g","contentUrl":"https:\/\/secure.gravatar.com\/avatar\/33e2a2b971dc363ed2df53d0d3bfbd18?s=96&d=mm&r=g","caption":"P\u00e9ricles C\u00e2ndido"},"sameAs":["ascom@acrimat.org.br"],"url":"https:\/\/acrimat.org.br\/portal\/author\/designergrafico\/"}]}},"_links":{"self":[{"href":"https:\/\/acrimat.org.br\/portal\/wp-json\/wp\/v2\/posts\/97983236","targetHints":{"allow":["GET"]}}],"collection":[{"href":"https:\/\/acrimat.org.br\/portal\/wp-json\/wp\/v2\/posts"}],"about":[{"href":"https:\/\/acrimat.org.br\/portal\/wp-json\/wp\/v2\/types\/post"}],"author":[{"embeddable":true,"href":"https:\/\/acrimat.org.br\/portal\/wp-json\/wp\/v2\/users\/11"}],"replies":[{"embeddable":true,"href":"https:\/\/acrimat.org.br\/portal\/wp-json\/wp\/v2\/comments?post=97983236"}],"version-history":[{"count":1,"href":"https:\/\/acrimat.org.br\/portal\/wp-json\/wp\/v2\/posts\/97983236\/revisions"}],"predecessor-version":[{"id":97983237,"href":"https:\/\/acrimat.org.br\/portal\/wp-json\/wp\/v2\/posts\/97983236\/revisions\/97983237"}],"wp:featuredmedia":[{"embeddable":true,"href":"https:\/\/acrimat.org.br\/portal\/wp-json\/wp\/v2\/media\/97979840"}],"wp:attachment":[{"href":"https:\/\/acrimat.org.br\/portal\/wp-json\/wp\/v2\/media?parent=97983236"}],"wp:term":[{"taxonomy":"category","embeddable":true,"href":"https:\/\/acrimat.org.br\/portal\/wp-json\/wp\/v2\/categories?post=97983236"},{"taxonomy":"post_tag","embeddable":true,"href":"https:\/\/acrimat.org.br\/portal\/wp-json\/wp\/v2\/tags?post=97983236"}],"curies":[{"name":"wp","href":"https:\/\/api.w.org\/{rel}","templated":true}]}}