{"id":97983277,"date":"2017-08-23T10:29:51","date_gmt":"2017-08-23T13:29:51","guid":{"rendered":"http:\/\/acrimat.org.br\/portal\/?p=97983277"},"modified":"2017-08-23T10:30:20","modified_gmt":"2017-08-23T13:30:20","slug":"mt-encosta-em-sp-nas-vendas","status":"publish","type":"post","link":"https:\/\/acrimat.org.br\/portal\/mt-encosta-em-sp-nas-vendas\/","title":{"rendered":"MT encosta em SP nas vendas"},"content":{"rendered":"<div id=\"attachment_97983278\" style=\"width: 310px\" class=\"wp-caption alignright\"><a href=\"http:\/\/acrimat.org.br\/portal\/wp-content\/uploads\/2017\/08\/Jo\u00e3o-Vieira-Arquivo.jpg\"><img fetchpriority=\"high\" decoding=\"async\" aria-describedby=\"caption-attachment-97983278\" class=\"size-medium wp-image-97983278\" src=\"http:\/\/acrimat.org.br\/portal\/wp-content\/uploads\/2017\/08\/Jo\u00e3o-Vieira-Arquivo-300x254.jpg\" alt=\"\" width=\"300\" height=\"254\" srcset=\"https:\/\/acrimat.org.br\/portal\/wp-content\/uploads\/2017\/08\/Jo\u00e3o-Vieira-Arquivo-300x254.jpg 300w, https:\/\/acrimat.org.br\/portal\/wp-content\/uploads\/2017\/08\/Jo\u00e3o-Vieira-Arquivo-250x212.jpg 250w, https:\/\/acrimat.org.br\/portal\/wp-content\/uploads\/2017\/08\/Jo\u00e3o-Vieira-Arquivo-550x466.jpg 550w, https:\/\/acrimat.org.br\/portal\/wp-content\/uploads\/2017\/08\/Jo\u00e3o-Vieira-Arquivo-213x180.jpg 213w, https:\/\/acrimat.org.br\/portal\/wp-content\/uploads\/2017\/08\/Jo\u00e3o-Vieira-Arquivo-354x300.jpg 354w, https:\/\/acrimat.org.br\/portal\/wp-content\/uploads\/2017\/08\/Jo\u00e3o-Vieira-Arquivo.jpg 586w\" sizes=\"(max-width: 300px) 100vw, 300px\" \/><\/a><p id=\"caption-attachment-97983278\" class=\"wp-caption-text\">Jo\u00e3o Vieira\/Arquivo<\/p><\/div>\n<p>Mato Grosso se igualou a S\u00e3o Paulo nas exporta\u00e7\u00f5es de carne bovina em julho. O Estado paulista lidera o embarque nacional de prote\u00edna animal. No m\u00eas passado, a venda de 24,460 mil toneladas de carne bovina in natura gerou US$ 107,160 milh\u00f5es a Mato Grosso, segundo dados da Secretaria de Com\u00e9rcio Exterior (Secex), coletados pelo Instituto Mato-grossense de Economia Agropecu\u00e1ria (Imea). \u00c9 o maior valor desde novembro de 2015 e o volume \u00e9 recorde desde fevereiro de 2014, registra o Imea. Com estes resultados, Mato Grosso cola em S\u00e3o Paulo na gera\u00e7\u00e3o de receita com a venda de carne (in natura e industrializada), observam os analistas de bovinocultura do Instituto.<\/p>\n<p>Conforme eles, o montante gerado nas terras paulistas foi de US$ 107,590 milh\u00f5es, ou seja, valor apenas 0,40% maior que o de Mato Grosso. \u201cO Estado que j\u00e1 \u00e9 o maior produtor de prote\u00edna bovina do pa\u00eds, d\u00e1 sinais de que pode se tornar o maior exportador, bastando apenas um ambiente mais competitivo do ponto de vista log\u00edstico\u201d, pontuam no informativo semanal.<\/p>\n<p>Nos 7 primeiros meses, Mato Grosso respondeu por 19,52% das exporta\u00e7\u00f5es brasileiras de carne bovina, com 174,720 mil toneladas equivalente carca\u00e7a (TEC). S\u00e3o Paulo liderou com 193,150 mil (TEC) ou 21,58%.<\/p>\n<p>Na opini\u00e3o do vice-presidente do Sindicato das Ind\u00fastrias de Frigor\u00edficos de Mato Grosso (Sindifrigo), Paulo Bellincanta, o envolvimento dos donos dos frigor\u00edficos JBS nas investiga\u00e7\u00f5es da Opera\u00e7\u00e3o Lava Jato, assim como a Opera\u00e7\u00e3o Carne Fraca, provocaram um turbilh\u00e3o no mercado nacional. \u201cHouve queda dr\u00e1stica no consumo, mas o momento agora \u00e9 de estabilidade\u201d. Para ele, a recupera\u00e7\u00e3o das exporta\u00e7\u00f5es de carne foram impulsionadas mais pela necessidade de vender dos frigor\u00edficos brasileiros que por uma demanda natural de consumidores internacionais.<\/p>\n<p>\u201cEste aumento \u00e9 mais por conta da debilidade do mercado interno\u201d, avalia. \u201cA exporta\u00e7\u00e3o que n\u00e3o \u00e9 forte ficou como a \u00fanica op\u00e7\u00e3o de escoamento\u201d. Os pre\u00e7os da carne acompanharam o consumo e declinaram. \u201cAgora a arroba do boi gordo voltou a subir, mas a gente v\u00ea que exportar nem sempre \u00e9 melhor, por causa da oscila\u00e7\u00e3o do d\u00f3lar\u201d.<\/p>\n","protected":false},"excerpt":{"rendered":"<p>Exporta\u00e7\u00f5es de carne bovina por MT somaram US$ 107,160 milh\u00f5es e por SP US$ 107,590 milh\u00f5es<\/p>\n","protected":false},"author":11,"featured_media":0,"comment_status":"closed","ping_status":"closed","sticky":false,"template":"","format":"standard","meta":{"footnotes":""},"categories":[6,1],"tags":[],"class_list":["post-97983277","post","type-post","status-publish","format-standard","hentry","category-destaque","category-noticia"],"yoast_head":"<!-- This site is optimized with the Yoast SEO plugin v24.8.1 - https:\/\/yoast.com\/wordpress\/plugins\/seo\/ -->\n<title>MT encosta em SP nas vendas - Acrimat<\/title>\n<meta name=\"robots\" content=\"index, follow, max-snippet:-1, max-image-preview:large, max-video-preview:-1\" \/>\n<link rel=\"canonical\" href=\"https:\/\/acrimat.org.br\/portal\/mt-encosta-em-sp-nas-vendas\/\" \/>\n<meta property=\"og:locale\" content=\"pt_BR\" \/>\n<meta property=\"og:type\" content=\"article\" \/>\n<meta property=\"og:title\" content=\"MT encosta em SP nas vendas - Acrimat\" \/>\n<meta property=\"og:description\" content=\"Exporta\u00e7\u00f5es de carne bovina por MT somaram US$ 107,160 milh\u00f5es e por SP US$ 107,590 milh\u00f5es\" \/>\n<meta property=\"og:url\" content=\"https:\/\/acrimat.org.br\/portal\/mt-encosta-em-sp-nas-vendas\/\" \/>\n<meta property=\"og:site_name\" content=\"Acrimat\" \/>\n<meta property=\"article:published_time\" content=\"2017-08-23T13:29:51+00:00\" \/>\n<meta property=\"article:modified_time\" content=\"2017-08-23T13:30:20+00:00\" \/>\n<meta name=\"author\" content=\"P\u00e9ricles C\u00e2ndido\" \/>\n<meta name=\"twitter:card\" content=\"summary_large_image\" \/>\n<meta name=\"twitter:label1\" content=\"Escrito por\" \/>\n\t<meta name=\"twitter:data1\" content=\"P\u00e9ricles C\u00e2ndido\" \/>\n\t<meta name=\"twitter:label2\" content=\"Est. tempo de leitura\" \/>\n\t<meta name=\"twitter:data2\" content=\"2 minutos\" \/>\n<script type=\"application\/ld+json\" class=\"yoast-schema-graph\">{\"@context\":\"https:\/\/schema.org\",\"@graph\":[{\"@type\":\"Article\",\"@id\":\"https:\/\/acrimat.org.br\/portal\/mt-encosta-em-sp-nas-vendas\/#article\",\"isPartOf\":{\"@id\":\"https:\/\/acrimat.org.br\/portal\/mt-encosta-em-sp-nas-vendas\/\"},\"author\":{\"name\":\"P\u00e9ricles C\u00e2ndido\",\"@id\":\"https:\/\/acrimat.org.br\/portal\/#\/schema\/person\/18df8bcf6890e924fe5d8b5afd2bec0f\"},\"headline\":\"MT encosta em SP nas vendas\",\"datePublished\":\"2017-08-23T13:29:51+00:00\",\"dateModified\":\"2017-08-23T13:30:20+00:00\",\"mainEntityOfPage\":{\"@id\":\"https:\/\/acrimat.org.br\/portal\/mt-encosta-em-sp-nas-vendas\/\"},\"wordCount\":374,\"publisher\":{\"@id\":\"https:\/\/acrimat.org.br\/portal\/#organization\"},\"articleSection\":[\"Destaques\",\"Not\u00edcias\"],\"inLanguage\":\"pt-BR\"},{\"@type\":\"WebPage\",\"@id\":\"https:\/\/acrimat.org.br\/portal\/mt-encosta-em-sp-nas-vendas\/\",\"url\":\"https:\/\/acrimat.org.br\/portal\/mt-encosta-em-sp-nas-vendas\/\",\"name\":\"MT encosta em SP nas vendas - Acrimat\",\"isPartOf\":{\"@id\":\"https:\/\/acrimat.org.br\/portal\/#website\"},\"datePublished\":\"2017-08-23T13:29:51+00:00\",\"dateModified\":\"2017-08-23T13:30:20+00:00\",\"breadcrumb\":{\"@id\":\"https:\/\/acrimat.org.br\/portal\/mt-encosta-em-sp-nas-vendas\/#breadcrumb\"},\"inLanguage\":\"pt-BR\",\"potentialAction\":[{\"@type\":\"ReadAction\",\"target\":[\"https:\/\/acrimat.org.br\/portal\/mt-encosta-em-sp-nas-vendas\/\"]}]},{\"@type\":\"BreadcrumbList\",\"@id\":\"https:\/\/acrimat.org.br\/portal\/mt-encosta-em-sp-nas-vendas\/#breadcrumb\",\"itemListElement\":[{\"@type\":\"ListItem\",\"position\":1,\"name\":\"In\u00edcio\",\"item\":\"https:\/\/acrimat.org.br\/portal\/\"},{\"@type\":\"ListItem\",\"position\":2,\"name\":\"MT encosta em SP nas vendas\"}]},{\"@type\":\"WebSite\",\"@id\":\"https:\/\/acrimat.org.br\/portal\/#website\",\"url\":\"https:\/\/acrimat.org.br\/portal\/\",\"name\":\"Acrimat\",\"description\":\"Associa\u00e7\u00e3o dos Criadores de Mato Grosso\",\"publisher\":{\"@id\":\"https:\/\/acrimat.org.br\/portal\/#organization\"},\"potentialAction\":[{\"@type\":\"SearchAction\",\"target\":{\"@type\":\"EntryPoint\",\"urlTemplate\":\"https:\/\/acrimat.org.br\/portal\/?s={search_term_string}\"},\"query-input\":{\"@type\":\"PropertyValueSpecification\",\"valueRequired\":true,\"valueName\":\"search_term_string\"}}],\"inLanguage\":\"pt-BR\"},{\"@type\":\"Organization\",\"@id\":\"https:\/\/acrimat.org.br\/portal\/#organization\",\"name\":\"Associa\u00e7\u00e3o dos Criadores de Mato Grosso\",\"url\":\"https:\/\/acrimat.org.br\/portal\/\",\"logo\":{\"@type\":\"ImageObject\",\"inLanguage\":\"pt-BR\",\"@id\":\"https:\/\/acrimat.org.br\/portal\/#\/schema\/logo\/image\/\",\"url\":\"https:\/\/acrimat.org.br\/portal\/wp-content\/uploads\/2018\/03\/logo-peq-original.png\",\"contentUrl\":\"https:\/\/acrimat.org.br\/portal\/wp-content\/uploads\/2018\/03\/logo-peq-original.png\",\"width\":174,\"height\":171,\"caption\":\"Associa\u00e7\u00e3o dos Criadores de Mato Grosso\"},\"image\":{\"@id\":\"https:\/\/acrimat.org.br\/portal\/#\/schema\/logo\/image\/\"}},{\"@type\":\"Person\",\"@id\":\"https:\/\/acrimat.org.br\/portal\/#\/schema\/person\/18df8bcf6890e924fe5d8b5afd2bec0f\",\"name\":\"P\u00e9ricles C\u00e2ndido\",\"image\":{\"@type\":\"ImageObject\",\"inLanguage\":\"pt-BR\",\"@id\":\"https:\/\/acrimat.org.br\/portal\/#\/schema\/person\/image\/\",\"url\":\"https:\/\/secure.gravatar.com\/avatar\/33e2a2b971dc363ed2df53d0d3bfbd18?s=96&d=mm&r=g\",\"contentUrl\":\"https:\/\/secure.gravatar.com\/avatar\/33e2a2b971dc363ed2df53d0d3bfbd18?s=96&d=mm&r=g\",\"caption\":\"P\u00e9ricles C\u00e2ndido\"},\"sameAs\":[\"ascom@acrimat.org.br\"],\"url\":\"https:\/\/acrimat.org.br\/portal\/author\/designergrafico\/\"}]}<\/script>\n<!-- \/ Yoast SEO plugin. -->","yoast_head_json":{"title":"MT encosta em SP nas vendas - Acrimat","robots":{"index":"index","follow":"follow","max-snippet":"max-snippet:-1","max-image-preview":"max-image-preview:large","max-video-preview":"max-video-preview:-1"},"canonical":"https:\/\/acrimat.org.br\/portal\/mt-encosta-em-sp-nas-vendas\/","og_locale":"pt_BR","og_type":"article","og_title":"MT encosta em SP nas vendas - Acrimat","og_description":"Exporta\u00e7\u00f5es de carne bovina por MT somaram US$ 107,160 milh\u00f5es e por SP US$ 107,590 milh\u00f5es","og_url":"https:\/\/acrimat.org.br\/portal\/mt-encosta-em-sp-nas-vendas\/","og_site_name":"Acrimat","article_published_time":"2017-08-23T13:29:51+00:00","article_modified_time":"2017-08-23T13:30:20+00:00","author":"P\u00e9ricles C\u00e2ndido","twitter_card":"summary_large_image","twitter_misc":{"Escrito por":"P\u00e9ricles C\u00e2ndido","Est. tempo de leitura":"2 minutos"},"schema":{"@context":"https:\/\/schema.org","@graph":[{"@type":"Article","@id":"https:\/\/acrimat.org.br\/portal\/mt-encosta-em-sp-nas-vendas\/#article","isPartOf":{"@id":"https:\/\/acrimat.org.br\/portal\/mt-encosta-em-sp-nas-vendas\/"},"author":{"name":"P\u00e9ricles C\u00e2ndido","@id":"https:\/\/acrimat.org.br\/portal\/#\/schema\/person\/18df8bcf6890e924fe5d8b5afd2bec0f"},"headline":"MT encosta em SP nas vendas","datePublished":"2017-08-23T13:29:51+00:00","dateModified":"2017-08-23T13:30:20+00:00","mainEntityOfPage":{"@id":"https:\/\/acrimat.org.br\/portal\/mt-encosta-em-sp-nas-vendas\/"},"wordCount":374,"publisher":{"@id":"https:\/\/acrimat.org.br\/portal\/#organization"},"articleSection":["Destaques","Not\u00edcias"],"inLanguage":"pt-BR"},{"@type":"WebPage","@id":"https:\/\/acrimat.org.br\/portal\/mt-encosta-em-sp-nas-vendas\/","url":"https:\/\/acrimat.org.br\/portal\/mt-encosta-em-sp-nas-vendas\/","name":"MT encosta em SP nas vendas - Acrimat","isPartOf":{"@id":"https:\/\/acrimat.org.br\/portal\/#website"},"datePublished":"2017-08-23T13:29:51+00:00","dateModified":"2017-08-23T13:30:20+00:00","breadcrumb":{"@id":"https:\/\/acrimat.org.br\/portal\/mt-encosta-em-sp-nas-vendas\/#breadcrumb"},"inLanguage":"pt-BR","potentialAction":[{"@type":"ReadAction","target":["https:\/\/acrimat.org.br\/portal\/mt-encosta-em-sp-nas-vendas\/"]}]},{"@type":"BreadcrumbList","@id":"https:\/\/acrimat.org.br\/portal\/mt-encosta-em-sp-nas-vendas\/#breadcrumb","itemListElement":[{"@type":"ListItem","position":1,"name":"In\u00edcio","item":"https:\/\/acrimat.org.br\/portal\/"},{"@type":"ListItem","position":2,"name":"MT encosta em SP nas vendas"}]},{"@type":"WebSite","@id":"https:\/\/acrimat.org.br\/portal\/#website","url":"https:\/\/acrimat.org.br\/portal\/","name":"Acrimat","description":"Associa\u00e7\u00e3o dos Criadores de Mato Grosso","publisher":{"@id":"https:\/\/acrimat.org.br\/portal\/#organization"},"potentialAction":[{"@type":"SearchAction","target":{"@type":"EntryPoint","urlTemplate":"https:\/\/acrimat.org.br\/portal\/?s={search_term_string}"},"query-input":{"@type":"PropertyValueSpecification","valueRequired":true,"valueName":"search_term_string"}}],"inLanguage":"pt-BR"},{"@type":"Organization","@id":"https:\/\/acrimat.org.br\/portal\/#organization","name":"Associa\u00e7\u00e3o dos Criadores de Mato Grosso","url":"https:\/\/acrimat.org.br\/portal\/","logo":{"@type":"ImageObject","inLanguage":"pt-BR","@id":"https:\/\/acrimat.org.br\/portal\/#\/schema\/logo\/image\/","url":"https:\/\/acrimat.org.br\/portal\/wp-content\/uploads\/2018\/03\/logo-peq-original.png","contentUrl":"https:\/\/acrimat.org.br\/portal\/wp-content\/uploads\/2018\/03\/logo-peq-original.png","width":174,"height":171,"caption":"Associa\u00e7\u00e3o dos Criadores de Mato Grosso"},"image":{"@id":"https:\/\/acrimat.org.br\/portal\/#\/schema\/logo\/image\/"}},{"@type":"Person","@id":"https:\/\/acrimat.org.br\/portal\/#\/schema\/person\/18df8bcf6890e924fe5d8b5afd2bec0f","name":"P\u00e9ricles C\u00e2ndido","image":{"@type":"ImageObject","inLanguage":"pt-BR","@id":"https:\/\/acrimat.org.br\/portal\/#\/schema\/person\/image\/","url":"https:\/\/secure.gravatar.com\/avatar\/33e2a2b971dc363ed2df53d0d3bfbd18?s=96&d=mm&r=g","contentUrl":"https:\/\/secure.gravatar.com\/avatar\/33e2a2b971dc363ed2df53d0d3bfbd18?s=96&d=mm&r=g","caption":"P\u00e9ricles C\u00e2ndido"},"sameAs":["ascom@acrimat.org.br"],"url":"https:\/\/acrimat.org.br\/portal\/author\/designergrafico\/"}]}},"_links":{"self":[{"href":"https:\/\/acrimat.org.br\/portal\/wp-json\/wp\/v2\/posts\/97983277","targetHints":{"allow":["GET"]}}],"collection":[{"href":"https:\/\/acrimat.org.br\/portal\/wp-json\/wp\/v2\/posts"}],"about":[{"href":"https:\/\/acrimat.org.br\/portal\/wp-json\/wp\/v2\/types\/post"}],"author":[{"embeddable":true,"href":"https:\/\/acrimat.org.br\/portal\/wp-json\/wp\/v2\/users\/11"}],"replies":[{"embeddable":true,"href":"https:\/\/acrimat.org.br\/portal\/wp-json\/wp\/v2\/comments?post=97983277"}],"version-history":[{"count":2,"href":"https:\/\/acrimat.org.br\/portal\/wp-json\/wp\/v2\/posts\/97983277\/revisions"}],"predecessor-version":[{"id":97983280,"href":"https:\/\/acrimat.org.br\/portal\/wp-json\/wp\/v2\/posts\/97983277\/revisions\/97983280"}],"wp:attachment":[{"href":"https:\/\/acrimat.org.br\/portal\/wp-json\/wp\/v2\/media?parent=97983277"}],"wp:term":[{"taxonomy":"category","embeddable":true,"href":"https:\/\/acrimat.org.br\/portal\/wp-json\/wp\/v2\/categories?post=97983277"},{"taxonomy":"post_tag","embeddable":true,"href":"https:\/\/acrimat.org.br\/portal\/wp-json\/wp\/v2\/tags?post=97983277"}],"curies":[{"name":"wp","href":"https:\/\/api.w.org\/{rel}","templated":true}]}}