{"id":97983288,"date":"2017-08-24T10:50:03","date_gmt":"2017-08-24T13:50:03","guid":{"rendered":"http:\/\/acrimat.org.br\/portal\/?p=97983288"},"modified":"2017-08-24T10:50:03","modified_gmt":"2017-08-24T13:50:03","slug":"banco-do-brasil-suspende-a-exigencia-da-apf-para-credito-rural","status":"publish","type":"post","link":"https:\/\/acrimat.org.br\/portal\/banco-do-brasil-suspende-a-exigencia-da-apf-para-credito-rural\/","title":{"rendered":"Banco do Brasil suspende a exig\u00eancia da APF para cr\u00e9dito rural"},"content":{"rendered":"<p>A Federa\u00e7\u00e3o da Agricultura e Pecu\u00e1ria de Mato Grosso (Famato) informa aos produtores rurais que o Banco do Brasil suspendeu a exig\u00eancia da Autoriza\u00e7\u00e3o Provis\u00f3ria de Funcionamento de Atividade Rural (APF) para fins de cr\u00e9dito rural. O prazo de suspens\u00e3o \u00e9 de 21 de agosto a 31 de dezembro de 2017. A institui\u00e7\u00e3o financeira voltar\u00e1 a exigir a APF a partir do dia 1\u00ba de janeiro de 2018.<\/p>\n<p>De acordo com o Banco do Brasil, a suspens\u00e3o \u00e9 v\u00e1lida somente para os produtores rurais que financiaram (custeio ou investimento) na safra passada a mesma \u00e1rea e cultura. A exig\u00eancia da APF est\u00e1 mantida para os casos de assentados sem registro de cart\u00f3rio do t\u00edtulo definitivo e posseiros.<\/p>\n<p>A analista de Agricultura da Famato Karine Machado explica que o produtor rural tem o prazo at\u00e9 31 de dezembro para se cadastrar no Cadastro Ambiental Rural (CAR) e como a APF est\u00e1 vinculada ao CAR entende-se que a exig\u00eancia pode ser dispensada. \u201cN\u00e3o faz sentido obrigar o produtor rural a emitir a APF sendo que ele ainda tem um prazo em vigor para se cadastrar no CAR. A Secretaria de Estado de Meio Ambiente (Sema) entendendo isso emitiu uma nota t\u00e9cnica dizendo que para fins de cr\u00e9dito rural poderia ser dispensada a exig\u00eancia da APF at\u00e9 31 de dezembro de 2017. O Banco do Brasil analisou a nota t\u00e9cnica e decidiu pela suspens\u00e3o da exig\u00eancia\u201d, explicou.<\/p>\n<p>Karine lembrou que a exig\u00eancia da APF como documento ambiental n\u00e3o foi suspensa. \u00c9 um documento ambiental v\u00e1lido e exigido em caso de fiscaliza\u00e7\u00e3o da Sema e outros fins ambientais. \u201cA APF foi suspensa somente para cr\u00e9dito rural, uma vez que a exig\u00eancia estava travando as opera\u00e7\u00f5es de cr\u00e9dito e por isso abriu-se essa exce\u00e7\u00e3o at\u00e9 dezembro para que o sistema opere adequadamente e os produtores consigam tirar o documento no \u00f3rg\u00e3o ambiental e, se necess\u00e1rio, realizar algum tipo de retifica\u00e7\u00e3o na sua APF\u201d, refor\u00e7ou Karine.<\/p>\n","protected":false},"excerpt":{"rendered":"<p>O prazo de suspens\u00e3o \u00e9 de 21 de agosto a 31 de dezembro de 2017. A institui\u00e7\u00e3o financeira voltar\u00e1 a exigir a APF a partir do dia 1\u00ba de janeiro de 2018<\/p>\n","protected":false},"author":11,"featured_media":97982106,"comment_status":"closed","ping_status":"closed","sticky":false,"template":"","format":"standard","meta":{"footnotes":""},"categories":[6,1],"tags":[],"class_list":["post-97983288","post","type-post","status-publish","format-standard","has-post-thumbnail","hentry","category-destaque","category-noticia"],"yoast_head":"<!-- This site is optimized with the Yoast SEO plugin v24.8.1 - https:\/\/yoast.com\/wordpress\/plugins\/seo\/ -->\n<title>Banco do Brasil suspende a exig\u00eancia da APF para cr\u00e9dito rural - Acrimat<\/title>\n<meta name=\"robots\" content=\"index, follow, max-snippet:-1, max-image-preview:large, max-video-preview:-1\" \/>\n<link rel=\"canonical\" href=\"https:\/\/acrimat.org.br\/portal\/banco-do-brasil-suspende-a-exigencia-da-apf-para-credito-rural\/\" \/>\n<meta property=\"og:locale\" content=\"pt_BR\" \/>\n<meta property=\"og:type\" content=\"article\" \/>\n<meta property=\"og:title\" content=\"Banco do Brasil suspende a exig\u00eancia da APF para cr\u00e9dito rural - Acrimat\" \/>\n<meta property=\"og:description\" content=\"O prazo de suspens\u00e3o \u00e9 de 21 de agosto a 31 de dezembro de 2017. A institui\u00e7\u00e3o financeira voltar\u00e1 a exigir a APF a partir do dia 1\u00ba de janeiro de 2018\" \/>\n<meta property=\"og:url\" content=\"https:\/\/acrimat.org.br\/portal\/banco-do-brasil-suspende-a-exigencia-da-apf-para-credito-rural\/\" \/>\n<meta property=\"og:site_name\" content=\"Acrimat\" \/>\n<meta property=\"article:published_time\" content=\"2017-08-24T13:50:03+00:00\" \/>\n<meta property=\"og:image\" content=\"https:\/\/acrimat.org.br\/portal\/wp-content\/uploads\/2017\/06\/PECUARIA.jpg\" \/>\n\t<meta property=\"og:image:width\" content=\"640\" \/>\n\t<meta property=\"og:image:height\" content=\"480\" \/>\n\t<meta property=\"og:image:type\" content=\"image\/jpeg\" \/>\n<meta name=\"author\" content=\"P\u00e9ricles C\u00e2ndido\" \/>\n<meta name=\"twitter:card\" content=\"summary_large_image\" \/>\n<meta name=\"twitter:label1\" content=\"Escrito por\" \/>\n\t<meta name=\"twitter:data1\" content=\"P\u00e9ricles C\u00e2ndido\" \/>\n\t<meta name=\"twitter:label2\" content=\"Est. tempo de leitura\" \/>\n\t<meta name=\"twitter:data2\" content=\"2 minutos\" \/>\n<script type=\"application\/ld+json\" class=\"yoast-schema-graph\">{\"@context\":\"https:\/\/schema.org\",\"@graph\":[{\"@type\":\"Article\",\"@id\":\"https:\/\/acrimat.org.br\/portal\/banco-do-brasil-suspende-a-exigencia-da-apf-para-credito-rural\/#article\",\"isPartOf\":{\"@id\":\"https:\/\/acrimat.org.br\/portal\/banco-do-brasil-suspende-a-exigencia-da-apf-para-credito-rural\/\"},\"author\":{\"name\":\"P\u00e9ricles C\u00e2ndido\",\"@id\":\"https:\/\/acrimat.org.br\/portal\/#\/schema\/person\/18df8bcf6890e924fe5d8b5afd2bec0f\"},\"headline\":\"Banco do Brasil suspende a exig\u00eancia da APF para cr\u00e9dito rural\",\"datePublished\":\"2017-08-24T13:50:03+00:00\",\"mainEntityOfPage\":{\"@id\":\"https:\/\/acrimat.org.br\/portal\/banco-do-brasil-suspende-a-exigencia-da-apf-para-credito-rural\/\"},\"wordCount\":356,\"publisher\":{\"@id\":\"https:\/\/acrimat.org.br\/portal\/#organization\"},\"image\":{\"@id\":\"https:\/\/acrimat.org.br\/portal\/banco-do-brasil-suspende-a-exigencia-da-apf-para-credito-rural\/#primaryimage\"},\"thumbnailUrl\":\"https:\/\/acrimat.org.br\/portal\/wp-content\/uploads\/2017\/06\/PECUARIA.jpg\",\"articleSection\":[\"Destaques\",\"Not\u00edcias\"],\"inLanguage\":\"pt-BR\"},{\"@type\":\"WebPage\",\"@id\":\"https:\/\/acrimat.org.br\/portal\/banco-do-brasil-suspende-a-exigencia-da-apf-para-credito-rural\/\",\"url\":\"https:\/\/acrimat.org.br\/portal\/banco-do-brasil-suspende-a-exigencia-da-apf-para-credito-rural\/\",\"name\":\"Banco do Brasil suspende a exig\u00eancia da APF para cr\u00e9dito rural - Acrimat\",\"isPartOf\":{\"@id\":\"https:\/\/acrimat.org.br\/portal\/#website\"},\"primaryImageOfPage\":{\"@id\":\"https:\/\/acrimat.org.br\/portal\/banco-do-brasil-suspende-a-exigencia-da-apf-para-credito-rural\/#primaryimage\"},\"image\":{\"@id\":\"https:\/\/acrimat.org.br\/portal\/banco-do-brasil-suspende-a-exigencia-da-apf-para-credito-rural\/#primaryimage\"},\"thumbnailUrl\":\"https:\/\/acrimat.org.br\/portal\/wp-content\/uploads\/2017\/06\/PECUARIA.jpg\",\"datePublished\":\"2017-08-24T13:50:03+00:00\",\"breadcrumb\":{\"@id\":\"https:\/\/acrimat.org.br\/portal\/banco-do-brasil-suspende-a-exigencia-da-apf-para-credito-rural\/#breadcrumb\"},\"inLanguage\":\"pt-BR\",\"potentialAction\":[{\"@type\":\"ReadAction\",\"target\":[\"https:\/\/acrimat.org.br\/portal\/banco-do-brasil-suspende-a-exigencia-da-apf-para-credito-rural\/\"]}]},{\"@type\":\"ImageObject\",\"inLanguage\":\"pt-BR\",\"@id\":\"https:\/\/acrimat.org.br\/portal\/banco-do-brasil-suspende-a-exigencia-da-apf-para-credito-rural\/#primaryimage\",\"url\":\"https:\/\/acrimat.org.br\/portal\/wp-content\/uploads\/2017\/06\/PECUARIA.jpg\",\"contentUrl\":\"https:\/\/acrimat.org.br\/portal\/wp-content\/uploads\/2017\/06\/PECUARIA.jpg\",\"width\":640,\"height\":480},{\"@type\":\"BreadcrumbList\",\"@id\":\"https:\/\/acrimat.org.br\/portal\/banco-do-brasil-suspende-a-exigencia-da-apf-para-credito-rural\/#breadcrumb\",\"itemListElement\":[{\"@type\":\"ListItem\",\"position\":1,\"name\":\"In\u00edcio\",\"item\":\"https:\/\/acrimat.org.br\/portal\/\"},{\"@type\":\"ListItem\",\"position\":2,\"name\":\"Banco do Brasil suspende a exig\u00eancia da APF para cr\u00e9dito rural\"}]},{\"@type\":\"WebSite\",\"@id\":\"https:\/\/acrimat.org.br\/portal\/#website\",\"url\":\"https:\/\/acrimat.org.br\/portal\/\",\"name\":\"Acrimat\",\"description\":\"Associa\u00e7\u00e3o dos Criadores de Mato Grosso\",\"publisher\":{\"@id\":\"https:\/\/acrimat.org.br\/portal\/#organization\"},\"potentialAction\":[{\"@type\":\"SearchAction\",\"target\":{\"@type\":\"EntryPoint\",\"urlTemplate\":\"https:\/\/acrimat.org.br\/portal\/?s={search_term_string}\"},\"query-input\":{\"@type\":\"PropertyValueSpecification\",\"valueRequired\":true,\"valueName\":\"search_term_string\"}}],\"inLanguage\":\"pt-BR\"},{\"@type\":\"Organization\",\"@id\":\"https:\/\/acrimat.org.br\/portal\/#organization\",\"name\":\"Associa\u00e7\u00e3o dos Criadores de Mato Grosso\",\"url\":\"https:\/\/acrimat.org.br\/portal\/\",\"logo\":{\"@type\":\"ImageObject\",\"inLanguage\":\"pt-BR\",\"@id\":\"https:\/\/acrimat.org.br\/portal\/#\/schema\/logo\/image\/\",\"url\":\"https:\/\/acrimat.org.br\/portal\/wp-content\/uploads\/2018\/03\/logo-peq-original.png\",\"contentUrl\":\"https:\/\/acrimat.org.br\/portal\/wp-content\/uploads\/2018\/03\/logo-peq-original.png\",\"width\":174,\"height\":171,\"caption\":\"Associa\u00e7\u00e3o dos Criadores de Mato Grosso\"},\"image\":{\"@id\":\"https:\/\/acrimat.org.br\/portal\/#\/schema\/logo\/image\/\"}},{\"@type\":\"Person\",\"@id\":\"https:\/\/acrimat.org.br\/portal\/#\/schema\/person\/18df8bcf6890e924fe5d8b5afd2bec0f\",\"name\":\"P\u00e9ricles C\u00e2ndido\",\"image\":{\"@type\":\"ImageObject\",\"inLanguage\":\"pt-BR\",\"@id\":\"https:\/\/acrimat.org.br\/portal\/#\/schema\/person\/image\/\",\"url\":\"https:\/\/secure.gravatar.com\/avatar\/33e2a2b971dc363ed2df53d0d3bfbd18?s=96&d=mm&r=g\",\"contentUrl\":\"https:\/\/secure.gravatar.com\/avatar\/33e2a2b971dc363ed2df53d0d3bfbd18?s=96&d=mm&r=g\",\"caption\":\"P\u00e9ricles C\u00e2ndido\"},\"sameAs\":[\"ascom@acrimat.org.br\"],\"url\":\"https:\/\/acrimat.org.br\/portal\/author\/designergrafico\/\"}]}<\/script>\n<!-- \/ Yoast SEO plugin. -->","yoast_head_json":{"title":"Banco do Brasil suspende a exig\u00eancia da APF para cr\u00e9dito rural - Acrimat","robots":{"index":"index","follow":"follow","max-snippet":"max-snippet:-1","max-image-preview":"max-image-preview:large","max-video-preview":"max-video-preview:-1"},"canonical":"https:\/\/acrimat.org.br\/portal\/banco-do-brasil-suspende-a-exigencia-da-apf-para-credito-rural\/","og_locale":"pt_BR","og_type":"article","og_title":"Banco do Brasil suspende a exig\u00eancia da APF para cr\u00e9dito rural - Acrimat","og_description":"O prazo de suspens\u00e3o \u00e9 de 21 de agosto a 31 de dezembro de 2017. A institui\u00e7\u00e3o financeira voltar\u00e1 a exigir a APF a partir do dia 1\u00ba de janeiro de 2018","og_url":"https:\/\/acrimat.org.br\/portal\/banco-do-brasil-suspende-a-exigencia-da-apf-para-credito-rural\/","og_site_name":"Acrimat","article_published_time":"2017-08-24T13:50:03+00:00","og_image":[{"width":640,"height":480,"url":"https:\/\/acrimat.org.br\/portal\/wp-content\/uploads\/2017\/06\/PECUARIA.jpg","type":"image\/jpeg"}],"author":"P\u00e9ricles C\u00e2ndido","twitter_card":"summary_large_image","twitter_misc":{"Escrito por":"P\u00e9ricles C\u00e2ndido","Est. tempo de leitura":"2 minutos"},"schema":{"@context":"https:\/\/schema.org","@graph":[{"@type":"Article","@id":"https:\/\/acrimat.org.br\/portal\/banco-do-brasil-suspende-a-exigencia-da-apf-para-credito-rural\/#article","isPartOf":{"@id":"https:\/\/acrimat.org.br\/portal\/banco-do-brasil-suspende-a-exigencia-da-apf-para-credito-rural\/"},"author":{"name":"P\u00e9ricles C\u00e2ndido","@id":"https:\/\/acrimat.org.br\/portal\/#\/schema\/person\/18df8bcf6890e924fe5d8b5afd2bec0f"},"headline":"Banco do Brasil suspende a exig\u00eancia da APF para cr\u00e9dito rural","datePublished":"2017-08-24T13:50:03+00:00","mainEntityOfPage":{"@id":"https:\/\/acrimat.org.br\/portal\/banco-do-brasil-suspende-a-exigencia-da-apf-para-credito-rural\/"},"wordCount":356,"publisher":{"@id":"https:\/\/acrimat.org.br\/portal\/#organization"},"image":{"@id":"https:\/\/acrimat.org.br\/portal\/banco-do-brasil-suspende-a-exigencia-da-apf-para-credito-rural\/#primaryimage"},"thumbnailUrl":"https:\/\/acrimat.org.br\/portal\/wp-content\/uploads\/2017\/06\/PECUARIA.jpg","articleSection":["Destaques","Not\u00edcias"],"inLanguage":"pt-BR"},{"@type":"WebPage","@id":"https:\/\/acrimat.org.br\/portal\/banco-do-brasil-suspende-a-exigencia-da-apf-para-credito-rural\/","url":"https:\/\/acrimat.org.br\/portal\/banco-do-brasil-suspende-a-exigencia-da-apf-para-credito-rural\/","name":"Banco do Brasil suspende a exig\u00eancia da APF para cr\u00e9dito rural - Acrimat","isPartOf":{"@id":"https:\/\/acrimat.org.br\/portal\/#website"},"primaryImageOfPage":{"@id":"https:\/\/acrimat.org.br\/portal\/banco-do-brasil-suspende-a-exigencia-da-apf-para-credito-rural\/#primaryimage"},"image":{"@id":"https:\/\/acrimat.org.br\/portal\/banco-do-brasil-suspende-a-exigencia-da-apf-para-credito-rural\/#primaryimage"},"thumbnailUrl":"https:\/\/acrimat.org.br\/portal\/wp-content\/uploads\/2017\/06\/PECUARIA.jpg","datePublished":"2017-08-24T13:50:03+00:00","breadcrumb":{"@id":"https:\/\/acrimat.org.br\/portal\/banco-do-brasil-suspende-a-exigencia-da-apf-para-credito-rural\/#breadcrumb"},"inLanguage":"pt-BR","potentialAction":[{"@type":"ReadAction","target":["https:\/\/acrimat.org.br\/portal\/banco-do-brasil-suspende-a-exigencia-da-apf-para-credito-rural\/"]}]},{"@type":"ImageObject","inLanguage":"pt-BR","@id":"https:\/\/acrimat.org.br\/portal\/banco-do-brasil-suspende-a-exigencia-da-apf-para-credito-rural\/#primaryimage","url":"https:\/\/acrimat.org.br\/portal\/wp-content\/uploads\/2017\/06\/PECUARIA.jpg","contentUrl":"https:\/\/acrimat.org.br\/portal\/wp-content\/uploads\/2017\/06\/PECUARIA.jpg","width":640,"height":480},{"@type":"BreadcrumbList","@id":"https:\/\/acrimat.org.br\/portal\/banco-do-brasil-suspende-a-exigencia-da-apf-para-credito-rural\/#breadcrumb","itemListElement":[{"@type":"ListItem","position":1,"name":"In\u00edcio","item":"https:\/\/acrimat.org.br\/portal\/"},{"@type":"ListItem","position":2,"name":"Banco do Brasil suspende a exig\u00eancia da APF para cr\u00e9dito rural"}]},{"@type":"WebSite","@id":"https:\/\/acrimat.org.br\/portal\/#website","url":"https:\/\/acrimat.org.br\/portal\/","name":"Acrimat","description":"Associa\u00e7\u00e3o dos Criadores de Mato Grosso","publisher":{"@id":"https:\/\/acrimat.org.br\/portal\/#organization"},"potentialAction":[{"@type":"SearchAction","target":{"@type":"EntryPoint","urlTemplate":"https:\/\/acrimat.org.br\/portal\/?s={search_term_string}"},"query-input":{"@type":"PropertyValueSpecification","valueRequired":true,"valueName":"search_term_string"}}],"inLanguage":"pt-BR"},{"@type":"Organization","@id":"https:\/\/acrimat.org.br\/portal\/#organization","name":"Associa\u00e7\u00e3o dos Criadores de Mato Grosso","url":"https:\/\/acrimat.org.br\/portal\/","logo":{"@type":"ImageObject","inLanguage":"pt-BR","@id":"https:\/\/acrimat.org.br\/portal\/#\/schema\/logo\/image\/","url":"https:\/\/acrimat.org.br\/portal\/wp-content\/uploads\/2018\/03\/logo-peq-original.png","contentUrl":"https:\/\/acrimat.org.br\/portal\/wp-content\/uploads\/2018\/03\/logo-peq-original.png","width":174,"height":171,"caption":"Associa\u00e7\u00e3o dos Criadores de Mato Grosso"},"image":{"@id":"https:\/\/acrimat.org.br\/portal\/#\/schema\/logo\/image\/"}},{"@type":"Person","@id":"https:\/\/acrimat.org.br\/portal\/#\/schema\/person\/18df8bcf6890e924fe5d8b5afd2bec0f","name":"P\u00e9ricles C\u00e2ndido","image":{"@type":"ImageObject","inLanguage":"pt-BR","@id":"https:\/\/acrimat.org.br\/portal\/#\/schema\/person\/image\/","url":"https:\/\/secure.gravatar.com\/avatar\/33e2a2b971dc363ed2df53d0d3bfbd18?s=96&d=mm&r=g","contentUrl":"https:\/\/secure.gravatar.com\/avatar\/33e2a2b971dc363ed2df53d0d3bfbd18?s=96&d=mm&r=g","caption":"P\u00e9ricles C\u00e2ndido"},"sameAs":["ascom@acrimat.org.br"],"url":"https:\/\/acrimat.org.br\/portal\/author\/designergrafico\/"}]}},"_links":{"self":[{"href":"https:\/\/acrimat.org.br\/portal\/wp-json\/wp\/v2\/posts\/97983288","targetHints":{"allow":["GET"]}}],"collection":[{"href":"https:\/\/acrimat.org.br\/portal\/wp-json\/wp\/v2\/posts"}],"about":[{"href":"https:\/\/acrimat.org.br\/portal\/wp-json\/wp\/v2\/types\/post"}],"author":[{"embeddable":true,"href":"https:\/\/acrimat.org.br\/portal\/wp-json\/wp\/v2\/users\/11"}],"replies":[{"embeddable":true,"href":"https:\/\/acrimat.org.br\/portal\/wp-json\/wp\/v2\/comments?post=97983288"}],"version-history":[{"count":2,"href":"https:\/\/acrimat.org.br\/portal\/wp-json\/wp\/v2\/posts\/97983288\/revisions"}],"predecessor-version":[{"id":97983290,"href":"https:\/\/acrimat.org.br\/portal\/wp-json\/wp\/v2\/posts\/97983288\/revisions\/97983290"}],"wp:featuredmedia":[{"embeddable":true,"href":"https:\/\/acrimat.org.br\/portal\/wp-json\/wp\/v2\/media\/97982106"}],"wp:attachment":[{"href":"https:\/\/acrimat.org.br\/portal\/wp-json\/wp\/v2\/media?parent=97983288"}],"wp:term":[{"taxonomy":"category","embeddable":true,"href":"https:\/\/acrimat.org.br\/portal\/wp-json\/wp\/v2\/categories?post=97983288"},{"taxonomy":"post_tag","embeddable":true,"href":"https:\/\/acrimat.org.br\/portal\/wp-json\/wp\/v2\/tags?post=97983288"}],"curies":[{"name":"wp","href":"https:\/\/api.w.org\/{rel}","templated":true}]}}