{"id":97983291,"date":"2017-08-24T10:51:58","date_gmt":"2017-08-24T13:51:58","guid":{"rendered":"http:\/\/acrimat.org.br\/portal\/?p=97983291"},"modified":"2017-08-24T10:59:22","modified_gmt":"2017-08-24T13:59:22","slug":"mt-bate-recorde-dos-ultimos-tres-anos-em-volume-de-exportacoes-de-carne","status":"publish","type":"post","link":"https:\/\/acrimat.org.br\/portal\/mt-bate-recorde-dos-ultimos-tres-anos-em-volume-de-exportacoes-de-carne\/","title":{"rendered":"MT bate recorde dos \u00faltimos tr\u00eas anos em volume de exporta\u00e7\u00f5es de carne"},"content":{"rendered":"<p>Em julho, Mato Grosso bateu dois recordes no setor da pecu\u00e1ria. Comercializou o maior volume de carne in natura dos \u00faltimos tr\u00eas anos e quatro meses &#8212; 24,46 mil toneladas &#8212; e registrou a maior receita desde novembro de 2015, com US$ 107,16 milh\u00f5es em vendas.<\/p>\n<p>Dois pa\u00edses do Oriente M\u00e9dio, Ir\u00e3 e Egito, foram os principais respons\u00e1veis por estes n\u00fameros. O primeiro aumentou em 64,02% a compra de carne e chegou ao posto de principal comprador externo do Estado. O segundo aumentou o volume comprado em 68,35%.<\/p>\n<p>Junto com Hong Kong, Ir\u00e3 e Egito compraram 64,06% da carne mato-grossense in natura enviada para o mercado externo.<\/p>\n<p>Segundo o Instituto Mato-grossense de Economia Agropecu\u00e1ria (Imea), \u00e9 a primeira vez na hist\u00f3ria que tr\u00eas pa\u00edses diferentes gastaram mais de US$ 20 milh\u00f5es com carne mato-grossense.<\/p>\n<p>\u201cDepois de um momento delicado nos \u00faltimos meses, a carne bovina de Mato Grosso est\u00e1 voltando \u00e0s prateleiras do mundo\u201d, diz trecho do levantamento, em refer\u00eancia \u00e0 opera\u00e7\u00e3o Carne Fraca e ao embargo dos Estados Unidos \u00e0 carne brasileira.<\/p>\n<p><a href=\"http:\/\/acrimat.org.br\/portal\/wp-content\/uploads\/2017\/08\/f71abd9ff327e8657f1fa636a7231f20.jpg\"><img fetchpriority=\"high\" decoding=\"async\" class=\"aligncenter wp-image-97983292 size-full\" src=\"http:\/\/acrimat.org.br\/portal\/wp-content\/uploads\/2017\/08\/f71abd9ff327e8657f1fa636a7231f20.jpg\" alt=\"\" width=\"593\" height=\"426\" srcset=\"https:\/\/acrimat.org.br\/portal\/wp-content\/uploads\/2017\/08\/f71abd9ff327e8657f1fa636a7231f20.jpg 593w, https:\/\/acrimat.org.br\/portal\/wp-content\/uploads\/2017\/08\/f71abd9ff327e8657f1fa636a7231f20-300x216.jpg 300w, https:\/\/acrimat.org.br\/portal\/wp-content\/uploads\/2017\/08\/f71abd9ff327e8657f1fa636a7231f20-250x180.jpg 250w, https:\/\/acrimat.org.br\/portal\/wp-content\/uploads\/2017\/08\/f71abd9ff327e8657f1fa636a7231f20-550x395.jpg 550w, https:\/\/acrimat.org.br\/portal\/wp-content\/uploads\/2017\/08\/f71abd9ff327e8657f1fa636a7231f20-251x180.jpg 251w, https:\/\/acrimat.org.br\/portal\/wp-content\/uploads\/2017\/08\/f71abd9ff327e8657f1fa636a7231f20-418x300.jpg 418w, https:\/\/acrimat.org.br\/portal\/wp-content\/uploads\/2017\/08\/f71abd9ff327e8657f1fa636a7231f20-210x150.jpg 210w\" sizes=\"(max-width: 593px) 100vw, 593px\" \/><\/a><\/p>\n<p><strong>Quase l\u00e1<\/strong><\/p>\n<p>Com estes n\u00fameros, Mato Grosso se aproximou do Estado de S\u00e3o Paulo, maior exportador de carne brasileira. Os produtores paulistas movimentaram US$ 107,59 milh\u00f5es em neg\u00f3cios. O valor \u00e9 apenas 0,4% maior que o comercializado por Mato Grosso.<\/p>\n<p>&#8220;Mato Grosso \u00e9 o maior produtor de carne bovina no pa\u00eds e d\u00e1 sinais de que j\u00e1 pode se tornar o maior exportador, basta apenas um ambiente mais competitivo do ponto de vista log\u00edstico&#8221;, diz trecho do boletim.<\/p>\n","protected":false},"excerpt":{"rendered":"<p>Em julho, foram exportadas 24,46 mil toneladas; vendas atingiram US$ 107,16 milh\u00f5es<\/p>\n","protected":false},"author":11,"featured_media":97981075,"comment_status":"closed","ping_status":"closed","sticky":false,"template":"","format":"standard","meta":{"footnotes":""},"categories":[6,1],"tags":[],"class_list":["post-97983291","post","type-post","status-publish","format-standard","has-post-thumbnail","hentry","category-destaque","category-noticia"],"yoast_head":"<!-- This site is optimized with the Yoast SEO plugin v24.8.1 - https:\/\/yoast.com\/wordpress\/plugins\/seo\/ -->\n<title>MT bate recorde dos \u00faltimos tr\u00eas anos em volume de exporta\u00e7\u00f5es de carne - Acrimat<\/title>\n<meta name=\"robots\" content=\"index, follow, max-snippet:-1, max-image-preview:large, max-video-preview:-1\" \/>\n<link rel=\"canonical\" href=\"https:\/\/acrimat.org.br\/portal\/mt-bate-recorde-dos-ultimos-tres-anos-em-volume-de-exportacoes-de-carne\/\" \/>\n<meta property=\"og:locale\" content=\"pt_BR\" \/>\n<meta property=\"og:type\" content=\"article\" \/>\n<meta property=\"og:title\" content=\"MT bate recorde dos \u00faltimos tr\u00eas anos em volume de exporta\u00e7\u00f5es de carne - Acrimat\" \/>\n<meta property=\"og:description\" content=\"Em julho, foram exportadas 24,46 mil toneladas; vendas atingiram US$ 107,16 milh\u00f5es\" \/>\n<meta property=\"og:url\" content=\"https:\/\/acrimat.org.br\/portal\/mt-bate-recorde-dos-ultimos-tres-anos-em-volume-de-exportacoes-de-carne\/\" \/>\n<meta property=\"og:site_name\" content=\"Acrimat\" \/>\n<meta property=\"article:published_time\" content=\"2017-08-24T13:51:58+00:00\" \/>\n<meta property=\"article:modified_time\" content=\"2017-08-24T13:59:22+00:00\" \/>\n<meta property=\"og:image\" content=\"https:\/\/acrimat.org.br\/portal\/wp-content\/uploads\/2017\/04\/exporta\u00e7\u00f5es4.jpg\" \/>\n\t<meta property=\"og:image:width\" content=\"640\" \/>\n\t<meta property=\"og:image:height\" content=\"400\" \/>\n\t<meta property=\"og:image:type\" content=\"image\/jpeg\" \/>\n<meta name=\"author\" content=\"P\u00e9ricles C\u00e2ndido\" \/>\n<meta name=\"twitter:card\" content=\"summary_large_image\" \/>\n<meta name=\"twitter:label1\" content=\"Escrito por\" \/>\n\t<meta name=\"twitter:data1\" content=\"P\u00e9ricles C\u00e2ndido\" \/>\n\t<meta name=\"twitter:label2\" content=\"Est. tempo de leitura\" \/>\n\t<meta name=\"twitter:data2\" content=\"1 minuto\" \/>\n<script type=\"application\/ld+json\" class=\"yoast-schema-graph\">{\"@context\":\"https:\/\/schema.org\",\"@graph\":[{\"@type\":\"Article\",\"@id\":\"https:\/\/acrimat.org.br\/portal\/mt-bate-recorde-dos-ultimos-tres-anos-em-volume-de-exportacoes-de-carne\/#article\",\"isPartOf\":{\"@id\":\"https:\/\/acrimat.org.br\/portal\/mt-bate-recorde-dos-ultimos-tres-anos-em-volume-de-exportacoes-de-carne\/\"},\"author\":{\"name\":\"P\u00e9ricles C\u00e2ndido\",\"@id\":\"https:\/\/acrimat.org.br\/portal\/#\/schema\/person\/18df8bcf6890e924fe5d8b5afd2bec0f\"},\"headline\":\"MT bate recorde dos \u00faltimos tr\u00eas anos em volume de exporta\u00e7\u00f5es de carne\",\"datePublished\":\"2017-08-24T13:51:58+00:00\",\"dateModified\":\"2017-08-24T13:59:22+00:00\",\"mainEntityOfPage\":{\"@id\":\"https:\/\/acrimat.org.br\/portal\/mt-bate-recorde-dos-ultimos-tres-anos-em-volume-de-exportacoes-de-carne\/\"},\"wordCount\":272,\"publisher\":{\"@id\":\"https:\/\/acrimat.org.br\/portal\/#organization\"},\"image\":{\"@id\":\"https:\/\/acrimat.org.br\/portal\/mt-bate-recorde-dos-ultimos-tres-anos-em-volume-de-exportacoes-de-carne\/#primaryimage\"},\"thumbnailUrl\":\"https:\/\/acrimat.org.br\/portal\/wp-content\/uploads\/2017\/04\/exporta\u00e7\u00f5es4.jpg\",\"articleSection\":[\"Destaques\",\"Not\u00edcias\"],\"inLanguage\":\"pt-BR\"},{\"@type\":\"WebPage\",\"@id\":\"https:\/\/acrimat.org.br\/portal\/mt-bate-recorde-dos-ultimos-tres-anos-em-volume-de-exportacoes-de-carne\/\",\"url\":\"https:\/\/acrimat.org.br\/portal\/mt-bate-recorde-dos-ultimos-tres-anos-em-volume-de-exportacoes-de-carne\/\",\"name\":\"MT bate recorde dos \u00faltimos tr\u00eas anos em volume de exporta\u00e7\u00f5es de carne - Acrimat\",\"isPartOf\":{\"@id\":\"https:\/\/acrimat.org.br\/portal\/#website\"},\"primaryImageOfPage\":{\"@id\":\"https:\/\/acrimat.org.br\/portal\/mt-bate-recorde-dos-ultimos-tres-anos-em-volume-de-exportacoes-de-carne\/#primaryimage\"},\"image\":{\"@id\":\"https:\/\/acrimat.org.br\/portal\/mt-bate-recorde-dos-ultimos-tres-anos-em-volume-de-exportacoes-de-carne\/#primaryimage\"},\"thumbnailUrl\":\"https:\/\/acrimat.org.br\/portal\/wp-content\/uploads\/2017\/04\/exporta\u00e7\u00f5es4.jpg\",\"datePublished\":\"2017-08-24T13:51:58+00:00\",\"dateModified\":\"2017-08-24T13:59:22+00:00\",\"breadcrumb\":{\"@id\":\"https:\/\/acrimat.org.br\/portal\/mt-bate-recorde-dos-ultimos-tres-anos-em-volume-de-exportacoes-de-carne\/#breadcrumb\"},\"inLanguage\":\"pt-BR\",\"potentialAction\":[{\"@type\":\"ReadAction\",\"target\":[\"https:\/\/acrimat.org.br\/portal\/mt-bate-recorde-dos-ultimos-tres-anos-em-volume-de-exportacoes-de-carne\/\"]}]},{\"@type\":\"ImageObject\",\"inLanguage\":\"pt-BR\",\"@id\":\"https:\/\/acrimat.org.br\/portal\/mt-bate-recorde-dos-ultimos-tres-anos-em-volume-de-exportacoes-de-carne\/#primaryimage\",\"url\":\"https:\/\/acrimat.org.br\/portal\/wp-content\/uploads\/2017\/04\/exporta\u00e7\u00f5es4.jpg\",\"contentUrl\":\"https:\/\/acrimat.org.br\/portal\/wp-content\/uploads\/2017\/04\/exporta\u00e7\u00f5es4.jpg\",\"width\":640,\"height\":400},{\"@type\":\"BreadcrumbList\",\"@id\":\"https:\/\/acrimat.org.br\/portal\/mt-bate-recorde-dos-ultimos-tres-anos-em-volume-de-exportacoes-de-carne\/#breadcrumb\",\"itemListElement\":[{\"@type\":\"ListItem\",\"position\":1,\"name\":\"In\u00edcio\",\"item\":\"https:\/\/acrimat.org.br\/portal\/\"},{\"@type\":\"ListItem\",\"position\":2,\"name\":\"MT bate recorde dos \u00faltimos tr\u00eas anos em volume de exporta\u00e7\u00f5es de carne\"}]},{\"@type\":\"WebSite\",\"@id\":\"https:\/\/acrimat.org.br\/portal\/#website\",\"url\":\"https:\/\/acrimat.org.br\/portal\/\",\"name\":\"Acrimat\",\"description\":\"Associa\u00e7\u00e3o dos Criadores de Mato Grosso\",\"publisher\":{\"@id\":\"https:\/\/acrimat.org.br\/portal\/#organization\"},\"potentialAction\":[{\"@type\":\"SearchAction\",\"target\":{\"@type\":\"EntryPoint\",\"urlTemplate\":\"https:\/\/acrimat.org.br\/portal\/?s={search_term_string}\"},\"query-input\":{\"@type\":\"PropertyValueSpecification\",\"valueRequired\":true,\"valueName\":\"search_term_string\"}}],\"inLanguage\":\"pt-BR\"},{\"@type\":\"Organization\",\"@id\":\"https:\/\/acrimat.org.br\/portal\/#organization\",\"name\":\"Associa\u00e7\u00e3o dos Criadores de Mato Grosso\",\"url\":\"https:\/\/acrimat.org.br\/portal\/\",\"logo\":{\"@type\":\"ImageObject\",\"inLanguage\":\"pt-BR\",\"@id\":\"https:\/\/acrimat.org.br\/portal\/#\/schema\/logo\/image\/\",\"url\":\"https:\/\/acrimat.org.br\/portal\/wp-content\/uploads\/2018\/03\/logo-peq-original.png\",\"contentUrl\":\"https:\/\/acrimat.org.br\/portal\/wp-content\/uploads\/2018\/03\/logo-peq-original.png\",\"width\":174,\"height\":171,\"caption\":\"Associa\u00e7\u00e3o dos Criadores de Mato Grosso\"},\"image\":{\"@id\":\"https:\/\/acrimat.org.br\/portal\/#\/schema\/logo\/image\/\"}},{\"@type\":\"Person\",\"@id\":\"https:\/\/acrimat.org.br\/portal\/#\/schema\/person\/18df8bcf6890e924fe5d8b5afd2bec0f\",\"name\":\"P\u00e9ricles C\u00e2ndido\",\"image\":{\"@type\":\"ImageObject\",\"inLanguage\":\"pt-BR\",\"@id\":\"https:\/\/acrimat.org.br\/portal\/#\/schema\/person\/image\/\",\"url\":\"https:\/\/secure.gravatar.com\/avatar\/33e2a2b971dc363ed2df53d0d3bfbd18?s=96&d=mm&r=g\",\"contentUrl\":\"https:\/\/secure.gravatar.com\/avatar\/33e2a2b971dc363ed2df53d0d3bfbd18?s=96&d=mm&r=g\",\"caption\":\"P\u00e9ricles C\u00e2ndido\"},\"sameAs\":[\"ascom@acrimat.org.br\"],\"url\":\"https:\/\/acrimat.org.br\/portal\/author\/designergrafico\/\"}]}<\/script>\n<!-- \/ Yoast SEO plugin. -->","yoast_head_json":{"title":"MT bate recorde dos \u00faltimos tr\u00eas anos em volume de exporta\u00e7\u00f5es de carne - Acrimat","robots":{"index":"index","follow":"follow","max-snippet":"max-snippet:-1","max-image-preview":"max-image-preview:large","max-video-preview":"max-video-preview:-1"},"canonical":"https:\/\/acrimat.org.br\/portal\/mt-bate-recorde-dos-ultimos-tres-anos-em-volume-de-exportacoes-de-carne\/","og_locale":"pt_BR","og_type":"article","og_title":"MT bate recorde dos \u00faltimos tr\u00eas anos em volume de exporta\u00e7\u00f5es de carne - Acrimat","og_description":"Em julho, foram exportadas 24,46 mil toneladas; vendas atingiram US$ 107,16 milh\u00f5es","og_url":"https:\/\/acrimat.org.br\/portal\/mt-bate-recorde-dos-ultimos-tres-anos-em-volume-de-exportacoes-de-carne\/","og_site_name":"Acrimat","article_published_time":"2017-08-24T13:51:58+00:00","article_modified_time":"2017-08-24T13:59:22+00:00","og_image":[{"width":640,"height":400,"url":"https:\/\/acrimat.org.br\/portal\/wp-content\/uploads\/2017\/04\/exporta\u00e7\u00f5es4.jpg","type":"image\/jpeg"}],"author":"P\u00e9ricles C\u00e2ndido","twitter_card":"summary_large_image","twitter_misc":{"Escrito por":"P\u00e9ricles C\u00e2ndido","Est. tempo de leitura":"1 minuto"},"schema":{"@context":"https:\/\/schema.org","@graph":[{"@type":"Article","@id":"https:\/\/acrimat.org.br\/portal\/mt-bate-recorde-dos-ultimos-tres-anos-em-volume-de-exportacoes-de-carne\/#article","isPartOf":{"@id":"https:\/\/acrimat.org.br\/portal\/mt-bate-recorde-dos-ultimos-tres-anos-em-volume-de-exportacoes-de-carne\/"},"author":{"name":"P\u00e9ricles C\u00e2ndido","@id":"https:\/\/acrimat.org.br\/portal\/#\/schema\/person\/18df8bcf6890e924fe5d8b5afd2bec0f"},"headline":"MT bate recorde dos \u00faltimos tr\u00eas anos em volume de exporta\u00e7\u00f5es de carne","datePublished":"2017-08-24T13:51:58+00:00","dateModified":"2017-08-24T13:59:22+00:00","mainEntityOfPage":{"@id":"https:\/\/acrimat.org.br\/portal\/mt-bate-recorde-dos-ultimos-tres-anos-em-volume-de-exportacoes-de-carne\/"},"wordCount":272,"publisher":{"@id":"https:\/\/acrimat.org.br\/portal\/#organization"},"image":{"@id":"https:\/\/acrimat.org.br\/portal\/mt-bate-recorde-dos-ultimos-tres-anos-em-volume-de-exportacoes-de-carne\/#primaryimage"},"thumbnailUrl":"https:\/\/acrimat.org.br\/portal\/wp-content\/uploads\/2017\/04\/exporta\u00e7\u00f5es4.jpg","articleSection":["Destaques","Not\u00edcias"],"inLanguage":"pt-BR"},{"@type":"WebPage","@id":"https:\/\/acrimat.org.br\/portal\/mt-bate-recorde-dos-ultimos-tres-anos-em-volume-de-exportacoes-de-carne\/","url":"https:\/\/acrimat.org.br\/portal\/mt-bate-recorde-dos-ultimos-tres-anos-em-volume-de-exportacoes-de-carne\/","name":"MT bate recorde dos \u00faltimos tr\u00eas anos em volume de exporta\u00e7\u00f5es de carne - Acrimat","isPartOf":{"@id":"https:\/\/acrimat.org.br\/portal\/#website"},"primaryImageOfPage":{"@id":"https:\/\/acrimat.org.br\/portal\/mt-bate-recorde-dos-ultimos-tres-anos-em-volume-de-exportacoes-de-carne\/#primaryimage"},"image":{"@id":"https:\/\/acrimat.org.br\/portal\/mt-bate-recorde-dos-ultimos-tres-anos-em-volume-de-exportacoes-de-carne\/#primaryimage"},"thumbnailUrl":"https:\/\/acrimat.org.br\/portal\/wp-content\/uploads\/2017\/04\/exporta\u00e7\u00f5es4.jpg","datePublished":"2017-08-24T13:51:58+00:00","dateModified":"2017-08-24T13:59:22+00:00","breadcrumb":{"@id":"https:\/\/acrimat.org.br\/portal\/mt-bate-recorde-dos-ultimos-tres-anos-em-volume-de-exportacoes-de-carne\/#breadcrumb"},"inLanguage":"pt-BR","potentialAction":[{"@type":"ReadAction","target":["https:\/\/acrimat.org.br\/portal\/mt-bate-recorde-dos-ultimos-tres-anos-em-volume-de-exportacoes-de-carne\/"]}]},{"@type":"ImageObject","inLanguage":"pt-BR","@id":"https:\/\/acrimat.org.br\/portal\/mt-bate-recorde-dos-ultimos-tres-anos-em-volume-de-exportacoes-de-carne\/#primaryimage","url":"https:\/\/acrimat.org.br\/portal\/wp-content\/uploads\/2017\/04\/exporta\u00e7\u00f5es4.jpg","contentUrl":"https:\/\/acrimat.org.br\/portal\/wp-content\/uploads\/2017\/04\/exporta\u00e7\u00f5es4.jpg","width":640,"height":400},{"@type":"BreadcrumbList","@id":"https:\/\/acrimat.org.br\/portal\/mt-bate-recorde-dos-ultimos-tres-anos-em-volume-de-exportacoes-de-carne\/#breadcrumb","itemListElement":[{"@type":"ListItem","position":1,"name":"In\u00edcio","item":"https:\/\/acrimat.org.br\/portal\/"},{"@type":"ListItem","position":2,"name":"MT bate recorde dos \u00faltimos tr\u00eas anos em volume de exporta\u00e7\u00f5es de carne"}]},{"@type":"WebSite","@id":"https:\/\/acrimat.org.br\/portal\/#website","url":"https:\/\/acrimat.org.br\/portal\/","name":"Acrimat","description":"Associa\u00e7\u00e3o dos Criadores de Mato Grosso","publisher":{"@id":"https:\/\/acrimat.org.br\/portal\/#organization"},"potentialAction":[{"@type":"SearchAction","target":{"@type":"EntryPoint","urlTemplate":"https:\/\/acrimat.org.br\/portal\/?s={search_term_string}"},"query-input":{"@type":"PropertyValueSpecification","valueRequired":true,"valueName":"search_term_string"}}],"inLanguage":"pt-BR"},{"@type":"Organization","@id":"https:\/\/acrimat.org.br\/portal\/#organization","name":"Associa\u00e7\u00e3o dos Criadores de Mato Grosso","url":"https:\/\/acrimat.org.br\/portal\/","logo":{"@type":"ImageObject","inLanguage":"pt-BR","@id":"https:\/\/acrimat.org.br\/portal\/#\/schema\/logo\/image\/","url":"https:\/\/acrimat.org.br\/portal\/wp-content\/uploads\/2018\/03\/logo-peq-original.png","contentUrl":"https:\/\/acrimat.org.br\/portal\/wp-content\/uploads\/2018\/03\/logo-peq-original.png","width":174,"height":171,"caption":"Associa\u00e7\u00e3o dos Criadores de Mato Grosso"},"image":{"@id":"https:\/\/acrimat.org.br\/portal\/#\/schema\/logo\/image\/"}},{"@type":"Person","@id":"https:\/\/acrimat.org.br\/portal\/#\/schema\/person\/18df8bcf6890e924fe5d8b5afd2bec0f","name":"P\u00e9ricles C\u00e2ndido","image":{"@type":"ImageObject","inLanguage":"pt-BR","@id":"https:\/\/acrimat.org.br\/portal\/#\/schema\/person\/image\/","url":"https:\/\/secure.gravatar.com\/avatar\/33e2a2b971dc363ed2df53d0d3bfbd18?s=96&d=mm&r=g","contentUrl":"https:\/\/secure.gravatar.com\/avatar\/33e2a2b971dc363ed2df53d0d3bfbd18?s=96&d=mm&r=g","caption":"P\u00e9ricles C\u00e2ndido"},"sameAs":["ascom@acrimat.org.br"],"url":"https:\/\/acrimat.org.br\/portal\/author\/designergrafico\/"}]}},"_links":{"self":[{"href":"https:\/\/acrimat.org.br\/portal\/wp-json\/wp\/v2\/posts\/97983291","targetHints":{"allow":["GET"]}}],"collection":[{"href":"https:\/\/acrimat.org.br\/portal\/wp-json\/wp\/v2\/posts"}],"about":[{"href":"https:\/\/acrimat.org.br\/portal\/wp-json\/wp\/v2\/types\/post"}],"author":[{"embeddable":true,"href":"https:\/\/acrimat.org.br\/portal\/wp-json\/wp\/v2\/users\/11"}],"replies":[{"embeddable":true,"href":"https:\/\/acrimat.org.br\/portal\/wp-json\/wp\/v2\/comments?post=97983291"}],"version-history":[{"count":1,"href":"https:\/\/acrimat.org.br\/portal\/wp-json\/wp\/v2\/posts\/97983291\/revisions"}],"predecessor-version":[{"id":97983293,"href":"https:\/\/acrimat.org.br\/portal\/wp-json\/wp\/v2\/posts\/97983291\/revisions\/97983293"}],"wp:featuredmedia":[{"embeddable":true,"href":"https:\/\/acrimat.org.br\/portal\/wp-json\/wp\/v2\/media\/97981075"}],"wp:attachment":[{"href":"https:\/\/acrimat.org.br\/portal\/wp-json\/wp\/v2\/media?parent=97983291"}],"wp:term":[{"taxonomy":"category","embeddable":true,"href":"https:\/\/acrimat.org.br\/portal\/wp-json\/wp\/v2\/categories?post=97983291"},{"taxonomy":"post_tag","embeddable":true,"href":"https:\/\/acrimat.org.br\/portal\/wp-json\/wp\/v2\/tags?post=97983291"}],"curies":[{"name":"wp","href":"https:\/\/api.w.org\/{rel}","templated":true}]}}