{"id":97983332,"date":"2017-08-28T09:31:28","date_gmt":"2017-08-28T12:31:28","guid":{"rendered":"http:\/\/acrimat.org.br\/portal\/?p=97983332"},"modified":"2017-08-28T09:31:28","modified_gmt":"2017-08-28T12:31:28","slug":"casos-de-roubos-e-furtos-de-animais-na-area-rural-aumentam-30-em-mt","status":"publish","type":"post","link":"https:\/\/acrimat.org.br\/portal\/casos-de-roubos-e-furtos-de-animais-na-area-rural-aumentam-30-em-mt\/","title":{"rendered":"Casos de roubos e furtos de animais na \u00e1rea rural aumentam 30% em MT"},"content":{"rendered":"<p><a href=\"http:\/\/acrimat.org.br\/portal\/wp-content\/uploads\/2016\/06\/gado4.jpg\"><img fetchpriority=\"high\" decoding=\"async\" class=\"size-medium wp-image-97975882 alignright\" src=\"http:\/\/acrimat.org.br\/portal\/wp-content\/uploads\/2016\/06\/gado4-300x206.jpg\" alt=\"\" width=\"300\" height=\"206\" srcset=\"https:\/\/acrimat.org.br\/portal\/wp-content\/uploads\/2016\/06\/gado4-300x206.jpg 300w, https:\/\/acrimat.org.br\/portal\/wp-content\/uploads\/2016\/06\/gado4-250x172.jpg 250w, https:\/\/acrimat.org.br\/portal\/wp-content\/uploads\/2016\/06\/gado4-550x378.jpg 550w, https:\/\/acrimat.org.br\/portal\/wp-content\/uploads\/2016\/06\/gado4-262x180.jpg 262w, https:\/\/acrimat.org.br\/portal\/wp-content\/uploads\/2016\/06\/gado4-436x300.jpg 436w, https:\/\/acrimat.org.br\/portal\/wp-content\/uploads\/2016\/06\/gado4-727x500.jpg 727w, https:\/\/acrimat.org.br\/portal\/wp-content\/uploads\/2016\/06\/gado4.jpg 730w\" sizes=\"(max-width: 300px) 100vw, 300px\" \/><\/a>Os casos de roubos e furtos de animais do campo, principalmente de gado, aumentaram 30% em Mato Grosso no primeiro semestre deste ano, em compara\u00e7\u00e3o com o mesmo per\u00edodo do ano passado. Enquanto os seis primeiros meses de 2016 registraram 198 casos, este ano j\u00e1 foram 259 ocorr\u00eancias.<\/p>\n<p>Quando comparados com o ano de 2015, o aumento \u00e9 ainda maior, uma vez que, naquele ano, foram 178 casos registrados. Segundo o comandante regional de V\u00e1rzea Grande, coronel PM Alessandro Ferreira, esse tipo de crime \u00e9 caracter\u00edstico da Baixada Cuiabana e das regi\u00f5es norte e oeste do estado, mas a pol\u00edcia tem feito trabalhos de repress\u00e3o para inibir as ocorr\u00eancias.<\/p>\n<p>&#8220;A\u00e7\u00f5es repressivas e preventivas est\u00e3o sendo realizadas, especialmente de forma integrada entre a Pol\u00edcia Miltiar e a Pol\u00edcia Civil. Estamos trabalhando com intelig\u00eancia e tamb\u00e9m com o policiamento ostensivo, preventivo&#8221;, disse o coronel.<\/p>\n<p>Em Santo Ant\u00f4nio do Leverger, por exemplo, quem cria gado tem vivido sob tens\u00e3o. O pecuarista Arno Schneider, por exemplo, teve a fazenda invadida por criminosos. Eles fizeram os funcion\u00e1rios ref\u00e9ns por horas e, ao anoitecer, encostaram tr\u00eas caminh\u00f5es na \u00e1rea onde ficam os animais e levaram 110 bezerros de uma vez s\u00f3.<\/p>\n<p>Segundo Schneider, todos os animais levados tinham em 10 e 12 meses de idade e eram das ra\u00e7as Brahman e Caracu, raz\u00e3o pela qual o dono acaha que ainda pode recuper\u00e1-los. &#8220;O gado \u00e9 facilmente identific\u00e1vel e n\u00e3o \u00e9 comercializado diretamente com o a\u00e7ougue pelo estado deles. S\u00e3o animais jovens e sem gordura&#8221;, afirmou.<\/p>\n<p>J\u00e1 o pecuarista Luiz Carlos Meister n\u00e3o acredita que poder\u00e1 se recuperar do preju\u00edzo sofrido quando teve 41 bois levados por bandidos. Os animais eram todos adultos, com cerca de 16 arrobas cada, o que facilita a comercializa\u00e7\u00e3o. Ele conta que, mesmo cercando a fazenda de cuidados, n\u00e3o conseguiu impedir a a\u00e7\u00e3o dos criminosos.<\/p>\n<p>&#8220;Eu tenho cerca de tela e o funcion\u00e1rio, na hora de abrir o cadeado do port\u00e3o, foi rendido por tr\u00eas pessoas que estavam com duas pistolas e um rev\u00f3lver. Ele n\u00e3o teve condi\u00e7\u00f5es de reagir. Os pr\u00f3prios c\u00e3es tentaram avan\u00e7ar nos ladr\u00f5es, mas eles fizeram o meu funcion\u00e1rio amarrar os c\u00e3es, caso contr\u00e1rio os matariam&#8221;, disse.<\/p>\n<p>Desmotivado, ele disse que pensa em abandonar a atividade devido \u00e0 inseguran\u00e7a na \u00e1rea rural.<\/p>\n<p>&#8220;Todo mundo est\u00e1 sendo roubado. Voc\u00ea n\u00e3o sabe se na semana que vem a pessoa vai voltar na sua propriedade ou n\u00e3o. Infelizmente, n\u00e3o temos condi\u00e7\u00f5es de ter seguran\u00e7a em uma \u00e1rea de fazenda. Pagamos impostos, geramos riquezas para o pa\u00eds e nos sentimos inseguros, sem condi\u00e7\u00f5es de produzir e ajudar esse pa\u00eds e dar emprego. Ent\u00e3o, \u00e9 muito desanimador e desmotivador viver numa situa\u00e7\u00e3o dessas. Eu estou chegando em um ponto em que n\u00e3o sei se fecho a fazenda, vendo e desisto da atividade&#8221;, afirmou.<\/p>\n<p>O consultor t\u00e9cnico da Associa\u00e7\u00e3o dos Criadores de Mato Grosso (Acrimat), Amado de Oliveira, cobra provid\u00eancias \u00e0 \u00e1rea de Seguran\u00e7a P\u00fablica, mas recomenda empenho a cada pecuarista.<\/p>\n<p>&#8220;\u00c9 necess\u00e1rio que todos os casos sejam registrados boletins de ocorr\u00eancia na delegacia. Sabemos a dificuldade que o estado passa, mas ele precisa saber o tamanho do problema que tem que enfrentar. E tem que priorizar a seguran\u00e7a no meio rural com barreiras, fiscaliza\u00e7\u00e3o&#8221;, disse.<\/p>\n","protected":false},"excerpt":{"rendered":"<p>Enquanto os seis primeiros meses de 2016 registraram 198 casos, este ano j\u00e1 foram 259 ocorr\u00eancias<\/p>\n","protected":false},"author":11,"featured_media":97975882,"comment_status":"closed","ping_status":"closed","sticky":false,"template":"","format":"standard","meta":{"footnotes":""},"categories":[6,1],"tags":[],"class_list":["post-97983332","post","type-post","status-publish","format-standard","has-post-thumbnail","hentry","category-destaque","category-noticia"],"yoast_head":"<!-- This site is optimized with the Yoast SEO plugin v24.8.1 - https:\/\/yoast.com\/wordpress\/plugins\/seo\/ -->\n<title>Casos de roubos e furtos de animais na \u00e1rea rural aumentam 30% em MT - Acrimat<\/title>\n<meta name=\"robots\" content=\"index, follow, max-snippet:-1, max-image-preview:large, max-video-preview:-1\" \/>\n<link rel=\"canonical\" href=\"https:\/\/acrimat.org.br\/portal\/casos-de-roubos-e-furtos-de-animais-na-area-rural-aumentam-30-em-mt\/\" \/>\n<meta property=\"og:locale\" content=\"pt_BR\" \/>\n<meta property=\"og:type\" content=\"article\" \/>\n<meta property=\"og:title\" content=\"Casos de roubos e furtos de animais na \u00e1rea rural aumentam 30% em MT - Acrimat\" \/>\n<meta property=\"og:description\" content=\"Enquanto os seis primeiros meses de 2016 registraram 198 casos, este ano j\u00e1 foram 259 ocorr\u00eancias\" \/>\n<meta property=\"og:url\" content=\"https:\/\/acrimat.org.br\/portal\/casos-de-roubos-e-furtos-de-animais-na-area-rural-aumentam-30-em-mt\/\" \/>\n<meta property=\"og:site_name\" content=\"Acrimat\" \/>\n<meta property=\"article:published_time\" content=\"2017-08-28T12:31:28+00:00\" \/>\n<meta property=\"og:image\" content=\"https:\/\/acrimat.org.br\/portal\/wp-content\/uploads\/2016\/06\/gado4.jpg\" \/>\n\t<meta property=\"og:image:width\" content=\"730\" \/>\n\t<meta property=\"og:image:height\" content=\"502\" \/>\n\t<meta property=\"og:image:type\" content=\"image\/jpeg\" \/>\n<meta name=\"author\" content=\"P\u00e9ricles C\u00e2ndido\" \/>\n<meta name=\"twitter:card\" content=\"summary_large_image\" \/>\n<meta name=\"twitter:label1\" content=\"Escrito por\" \/>\n\t<meta name=\"twitter:data1\" content=\"P\u00e9ricles C\u00e2ndido\" \/>\n\t<meta name=\"twitter:label2\" content=\"Est. tempo de leitura\" \/>\n\t<meta name=\"twitter:data2\" content=\"3 minutos\" \/>\n<script type=\"application\/ld+json\" class=\"yoast-schema-graph\">{\"@context\":\"https:\/\/schema.org\",\"@graph\":[{\"@type\":\"Article\",\"@id\":\"https:\/\/acrimat.org.br\/portal\/casos-de-roubos-e-furtos-de-animais-na-area-rural-aumentam-30-em-mt\/#article\",\"isPartOf\":{\"@id\":\"https:\/\/acrimat.org.br\/portal\/casos-de-roubos-e-furtos-de-animais-na-area-rural-aumentam-30-em-mt\/\"},\"author\":{\"name\":\"P\u00e9ricles C\u00e2ndido\",\"@id\":\"https:\/\/acrimat.org.br\/portal\/#\/schema\/person\/18df8bcf6890e924fe5d8b5afd2bec0f\"},\"headline\":\"Casos de roubos e furtos de animais na \u00e1rea rural aumentam 30% em MT\",\"datePublished\":\"2017-08-28T12:31:28+00:00\",\"mainEntityOfPage\":{\"@id\":\"https:\/\/acrimat.org.br\/portal\/casos-de-roubos-e-furtos-de-animais-na-area-rural-aumentam-30-em-mt\/\"},\"wordCount\":593,\"publisher\":{\"@id\":\"https:\/\/acrimat.org.br\/portal\/#organization\"},\"image\":{\"@id\":\"https:\/\/acrimat.org.br\/portal\/casos-de-roubos-e-furtos-de-animais-na-area-rural-aumentam-30-em-mt\/#primaryimage\"},\"thumbnailUrl\":\"https:\/\/acrimat.org.br\/portal\/wp-content\/uploads\/2016\/06\/gado4.jpg\",\"articleSection\":[\"Destaques\",\"Not\u00edcias\"],\"inLanguage\":\"pt-BR\"},{\"@type\":\"WebPage\",\"@id\":\"https:\/\/acrimat.org.br\/portal\/casos-de-roubos-e-furtos-de-animais-na-area-rural-aumentam-30-em-mt\/\",\"url\":\"https:\/\/acrimat.org.br\/portal\/casos-de-roubos-e-furtos-de-animais-na-area-rural-aumentam-30-em-mt\/\",\"name\":\"Casos de roubos e furtos de animais na \u00e1rea rural aumentam 30% em MT - Acrimat\",\"isPartOf\":{\"@id\":\"https:\/\/acrimat.org.br\/portal\/#website\"},\"primaryImageOfPage\":{\"@id\":\"https:\/\/acrimat.org.br\/portal\/casos-de-roubos-e-furtos-de-animais-na-area-rural-aumentam-30-em-mt\/#primaryimage\"},\"image\":{\"@id\":\"https:\/\/acrimat.org.br\/portal\/casos-de-roubos-e-furtos-de-animais-na-area-rural-aumentam-30-em-mt\/#primaryimage\"},\"thumbnailUrl\":\"https:\/\/acrimat.org.br\/portal\/wp-content\/uploads\/2016\/06\/gado4.jpg\",\"datePublished\":\"2017-08-28T12:31:28+00:00\",\"breadcrumb\":{\"@id\":\"https:\/\/acrimat.org.br\/portal\/casos-de-roubos-e-furtos-de-animais-na-area-rural-aumentam-30-em-mt\/#breadcrumb\"},\"inLanguage\":\"pt-BR\",\"potentialAction\":[{\"@type\":\"ReadAction\",\"target\":[\"https:\/\/acrimat.org.br\/portal\/casos-de-roubos-e-furtos-de-animais-na-area-rural-aumentam-30-em-mt\/\"]}]},{\"@type\":\"ImageObject\",\"inLanguage\":\"pt-BR\",\"@id\":\"https:\/\/acrimat.org.br\/portal\/casos-de-roubos-e-furtos-de-animais-na-area-rural-aumentam-30-em-mt\/#primaryimage\",\"url\":\"https:\/\/acrimat.org.br\/portal\/wp-content\/uploads\/2016\/06\/gado4.jpg\",\"contentUrl\":\"https:\/\/acrimat.org.br\/portal\/wp-content\/uploads\/2016\/06\/gado4.jpg\",\"width\":730,\"height\":502},{\"@type\":\"BreadcrumbList\",\"@id\":\"https:\/\/acrimat.org.br\/portal\/casos-de-roubos-e-furtos-de-animais-na-area-rural-aumentam-30-em-mt\/#breadcrumb\",\"itemListElement\":[{\"@type\":\"ListItem\",\"position\":1,\"name\":\"In\u00edcio\",\"item\":\"https:\/\/acrimat.org.br\/portal\/\"},{\"@type\":\"ListItem\",\"position\":2,\"name\":\"Casos de roubos e furtos de animais na \u00e1rea rural aumentam 30% em MT\"}]},{\"@type\":\"WebSite\",\"@id\":\"https:\/\/acrimat.org.br\/portal\/#website\",\"url\":\"https:\/\/acrimat.org.br\/portal\/\",\"name\":\"Acrimat\",\"description\":\"Associa\u00e7\u00e3o dos Criadores de Mato Grosso\",\"publisher\":{\"@id\":\"https:\/\/acrimat.org.br\/portal\/#organization\"},\"potentialAction\":[{\"@type\":\"SearchAction\",\"target\":{\"@type\":\"EntryPoint\",\"urlTemplate\":\"https:\/\/acrimat.org.br\/portal\/?s={search_term_string}\"},\"query-input\":{\"@type\":\"PropertyValueSpecification\",\"valueRequired\":true,\"valueName\":\"search_term_string\"}}],\"inLanguage\":\"pt-BR\"},{\"@type\":\"Organization\",\"@id\":\"https:\/\/acrimat.org.br\/portal\/#organization\",\"name\":\"Associa\u00e7\u00e3o dos Criadores de Mato Grosso\",\"url\":\"https:\/\/acrimat.org.br\/portal\/\",\"logo\":{\"@type\":\"ImageObject\",\"inLanguage\":\"pt-BR\",\"@id\":\"https:\/\/acrimat.org.br\/portal\/#\/schema\/logo\/image\/\",\"url\":\"https:\/\/acrimat.org.br\/portal\/wp-content\/uploads\/2018\/03\/logo-peq-original.png\",\"contentUrl\":\"https:\/\/acrimat.org.br\/portal\/wp-content\/uploads\/2018\/03\/logo-peq-original.png\",\"width\":174,\"height\":171,\"caption\":\"Associa\u00e7\u00e3o dos Criadores de Mato Grosso\"},\"image\":{\"@id\":\"https:\/\/acrimat.org.br\/portal\/#\/schema\/logo\/image\/\"}},{\"@type\":\"Person\",\"@id\":\"https:\/\/acrimat.org.br\/portal\/#\/schema\/person\/18df8bcf6890e924fe5d8b5afd2bec0f\",\"name\":\"P\u00e9ricles C\u00e2ndido\",\"image\":{\"@type\":\"ImageObject\",\"inLanguage\":\"pt-BR\",\"@id\":\"https:\/\/acrimat.org.br\/portal\/#\/schema\/person\/image\/\",\"url\":\"https:\/\/secure.gravatar.com\/avatar\/33e2a2b971dc363ed2df53d0d3bfbd18?s=96&d=mm&r=g\",\"contentUrl\":\"https:\/\/secure.gravatar.com\/avatar\/33e2a2b971dc363ed2df53d0d3bfbd18?s=96&d=mm&r=g\",\"caption\":\"P\u00e9ricles C\u00e2ndido\"},\"sameAs\":[\"ascom@acrimat.org.br\"],\"url\":\"https:\/\/acrimat.org.br\/portal\/author\/designergrafico\/\"}]}<\/script>\n<!-- \/ Yoast SEO plugin. -->","yoast_head_json":{"title":"Casos de roubos e furtos de animais na \u00e1rea rural aumentam 30% em MT - Acrimat","robots":{"index":"index","follow":"follow","max-snippet":"max-snippet:-1","max-image-preview":"max-image-preview:large","max-video-preview":"max-video-preview:-1"},"canonical":"https:\/\/acrimat.org.br\/portal\/casos-de-roubos-e-furtos-de-animais-na-area-rural-aumentam-30-em-mt\/","og_locale":"pt_BR","og_type":"article","og_title":"Casos de roubos e furtos de animais na \u00e1rea rural aumentam 30% em MT - Acrimat","og_description":"Enquanto os seis primeiros meses de 2016 registraram 198 casos, este ano j\u00e1 foram 259 ocorr\u00eancias","og_url":"https:\/\/acrimat.org.br\/portal\/casos-de-roubos-e-furtos-de-animais-na-area-rural-aumentam-30-em-mt\/","og_site_name":"Acrimat","article_published_time":"2017-08-28T12:31:28+00:00","og_image":[{"width":730,"height":502,"url":"https:\/\/acrimat.org.br\/portal\/wp-content\/uploads\/2016\/06\/gado4.jpg","type":"image\/jpeg"}],"author":"P\u00e9ricles C\u00e2ndido","twitter_card":"summary_large_image","twitter_misc":{"Escrito por":"P\u00e9ricles C\u00e2ndido","Est. tempo de leitura":"3 minutos"},"schema":{"@context":"https:\/\/schema.org","@graph":[{"@type":"Article","@id":"https:\/\/acrimat.org.br\/portal\/casos-de-roubos-e-furtos-de-animais-na-area-rural-aumentam-30-em-mt\/#article","isPartOf":{"@id":"https:\/\/acrimat.org.br\/portal\/casos-de-roubos-e-furtos-de-animais-na-area-rural-aumentam-30-em-mt\/"},"author":{"name":"P\u00e9ricles C\u00e2ndido","@id":"https:\/\/acrimat.org.br\/portal\/#\/schema\/person\/18df8bcf6890e924fe5d8b5afd2bec0f"},"headline":"Casos de roubos e furtos de animais na \u00e1rea rural aumentam 30% em MT","datePublished":"2017-08-28T12:31:28+00:00","mainEntityOfPage":{"@id":"https:\/\/acrimat.org.br\/portal\/casos-de-roubos-e-furtos-de-animais-na-area-rural-aumentam-30-em-mt\/"},"wordCount":593,"publisher":{"@id":"https:\/\/acrimat.org.br\/portal\/#organization"},"image":{"@id":"https:\/\/acrimat.org.br\/portal\/casos-de-roubos-e-furtos-de-animais-na-area-rural-aumentam-30-em-mt\/#primaryimage"},"thumbnailUrl":"https:\/\/acrimat.org.br\/portal\/wp-content\/uploads\/2016\/06\/gado4.jpg","articleSection":["Destaques","Not\u00edcias"],"inLanguage":"pt-BR"},{"@type":"WebPage","@id":"https:\/\/acrimat.org.br\/portal\/casos-de-roubos-e-furtos-de-animais-na-area-rural-aumentam-30-em-mt\/","url":"https:\/\/acrimat.org.br\/portal\/casos-de-roubos-e-furtos-de-animais-na-area-rural-aumentam-30-em-mt\/","name":"Casos de roubos e furtos de animais na \u00e1rea rural aumentam 30% em MT - Acrimat","isPartOf":{"@id":"https:\/\/acrimat.org.br\/portal\/#website"},"primaryImageOfPage":{"@id":"https:\/\/acrimat.org.br\/portal\/casos-de-roubos-e-furtos-de-animais-na-area-rural-aumentam-30-em-mt\/#primaryimage"},"image":{"@id":"https:\/\/acrimat.org.br\/portal\/casos-de-roubos-e-furtos-de-animais-na-area-rural-aumentam-30-em-mt\/#primaryimage"},"thumbnailUrl":"https:\/\/acrimat.org.br\/portal\/wp-content\/uploads\/2016\/06\/gado4.jpg","datePublished":"2017-08-28T12:31:28+00:00","breadcrumb":{"@id":"https:\/\/acrimat.org.br\/portal\/casos-de-roubos-e-furtos-de-animais-na-area-rural-aumentam-30-em-mt\/#breadcrumb"},"inLanguage":"pt-BR","potentialAction":[{"@type":"ReadAction","target":["https:\/\/acrimat.org.br\/portal\/casos-de-roubos-e-furtos-de-animais-na-area-rural-aumentam-30-em-mt\/"]}]},{"@type":"ImageObject","inLanguage":"pt-BR","@id":"https:\/\/acrimat.org.br\/portal\/casos-de-roubos-e-furtos-de-animais-na-area-rural-aumentam-30-em-mt\/#primaryimage","url":"https:\/\/acrimat.org.br\/portal\/wp-content\/uploads\/2016\/06\/gado4.jpg","contentUrl":"https:\/\/acrimat.org.br\/portal\/wp-content\/uploads\/2016\/06\/gado4.jpg","width":730,"height":502},{"@type":"BreadcrumbList","@id":"https:\/\/acrimat.org.br\/portal\/casos-de-roubos-e-furtos-de-animais-na-area-rural-aumentam-30-em-mt\/#breadcrumb","itemListElement":[{"@type":"ListItem","position":1,"name":"In\u00edcio","item":"https:\/\/acrimat.org.br\/portal\/"},{"@type":"ListItem","position":2,"name":"Casos de roubos e furtos de animais na \u00e1rea rural aumentam 30% em MT"}]},{"@type":"WebSite","@id":"https:\/\/acrimat.org.br\/portal\/#website","url":"https:\/\/acrimat.org.br\/portal\/","name":"Acrimat","description":"Associa\u00e7\u00e3o dos Criadores de Mato Grosso","publisher":{"@id":"https:\/\/acrimat.org.br\/portal\/#organization"},"potentialAction":[{"@type":"SearchAction","target":{"@type":"EntryPoint","urlTemplate":"https:\/\/acrimat.org.br\/portal\/?s={search_term_string}"},"query-input":{"@type":"PropertyValueSpecification","valueRequired":true,"valueName":"search_term_string"}}],"inLanguage":"pt-BR"},{"@type":"Organization","@id":"https:\/\/acrimat.org.br\/portal\/#organization","name":"Associa\u00e7\u00e3o dos Criadores de Mato Grosso","url":"https:\/\/acrimat.org.br\/portal\/","logo":{"@type":"ImageObject","inLanguage":"pt-BR","@id":"https:\/\/acrimat.org.br\/portal\/#\/schema\/logo\/image\/","url":"https:\/\/acrimat.org.br\/portal\/wp-content\/uploads\/2018\/03\/logo-peq-original.png","contentUrl":"https:\/\/acrimat.org.br\/portal\/wp-content\/uploads\/2018\/03\/logo-peq-original.png","width":174,"height":171,"caption":"Associa\u00e7\u00e3o dos Criadores de Mato Grosso"},"image":{"@id":"https:\/\/acrimat.org.br\/portal\/#\/schema\/logo\/image\/"}},{"@type":"Person","@id":"https:\/\/acrimat.org.br\/portal\/#\/schema\/person\/18df8bcf6890e924fe5d8b5afd2bec0f","name":"P\u00e9ricles C\u00e2ndido","image":{"@type":"ImageObject","inLanguage":"pt-BR","@id":"https:\/\/acrimat.org.br\/portal\/#\/schema\/person\/image\/","url":"https:\/\/secure.gravatar.com\/avatar\/33e2a2b971dc363ed2df53d0d3bfbd18?s=96&d=mm&r=g","contentUrl":"https:\/\/secure.gravatar.com\/avatar\/33e2a2b971dc363ed2df53d0d3bfbd18?s=96&d=mm&r=g","caption":"P\u00e9ricles C\u00e2ndido"},"sameAs":["ascom@acrimat.org.br"],"url":"https:\/\/acrimat.org.br\/portal\/author\/designergrafico\/"}]}},"_links":{"self":[{"href":"https:\/\/acrimat.org.br\/portal\/wp-json\/wp\/v2\/posts\/97983332","targetHints":{"allow":["GET"]}}],"collection":[{"href":"https:\/\/acrimat.org.br\/portal\/wp-json\/wp\/v2\/posts"}],"about":[{"href":"https:\/\/acrimat.org.br\/portal\/wp-json\/wp\/v2\/types\/post"}],"author":[{"embeddable":true,"href":"https:\/\/acrimat.org.br\/portal\/wp-json\/wp\/v2\/users\/11"}],"replies":[{"embeddable":true,"href":"https:\/\/acrimat.org.br\/portal\/wp-json\/wp\/v2\/comments?post=97983332"}],"version-history":[{"count":1,"href":"https:\/\/acrimat.org.br\/portal\/wp-json\/wp\/v2\/posts\/97983332\/revisions"}],"predecessor-version":[{"id":97983333,"href":"https:\/\/acrimat.org.br\/portal\/wp-json\/wp\/v2\/posts\/97983332\/revisions\/97983333"}],"wp:featuredmedia":[{"embeddable":true,"href":"https:\/\/acrimat.org.br\/portal\/wp-json\/wp\/v2\/media\/97975882"}],"wp:attachment":[{"href":"https:\/\/acrimat.org.br\/portal\/wp-json\/wp\/v2\/media?parent=97983332"}],"wp:term":[{"taxonomy":"category","embeddable":true,"href":"https:\/\/acrimat.org.br\/portal\/wp-json\/wp\/v2\/categories?post=97983332"},{"taxonomy":"post_tag","embeddable":true,"href":"https:\/\/acrimat.org.br\/portal\/wp-json\/wp\/v2\/tags?post=97983332"}],"curies":[{"name":"wp","href":"https:\/\/api.w.org\/{rel}","templated":true}]}}