{"id":97983341,"date":"2017-08-29T09:37:51","date_gmt":"2017-08-29T12:37:51","guid":{"rendered":"http:\/\/acrimat.org.br\/portal\/?p=97983341"},"modified":"2017-08-29T09:45:49","modified_gmt":"2017-08-29T12:45:49","slug":"maggi-diz-estar-disposto-a-deixar-cargo-se-investigacao-atrapalhar-ministerio","status":"publish","type":"post","link":"https:\/\/acrimat.org.br\/portal\/maggi-diz-estar-disposto-a-deixar-cargo-se-investigacao-atrapalhar-ministerio\/","title":{"rendered":"Maggi diz estar disposto a deixar cargo se investiga\u00e7\u00e3o atrapalhar Minist\u00e9rio"},"content":{"rendered":"<p>O ministro da Agricultura, Blairo Maggi, disse nesta segunda-feira, 28, se a investiga\u00e7\u00e3o envolvendo seu nome em dela\u00e7\u00e3o do ex-governador de Mato Grosso Silval Barbosa atrapalhar seu trabalho na pasta poder\u00e1 deixar o cargo. \u201cNo momento em que eu perceber que essa acusa\u00e7\u00e3o cria embara\u00e7os para minha atividade como ministro sairei imediatamente\u201d, afirmou a jornalistas estrangeiros em evento fechado nesta noite em S\u00e3o Paulo. Maggi se defendeu das acusa\u00e7\u00f5es e disse estar \u201cabsolutamente tranquilo\u201d. Em resposta, o vice-presidente da Associa\u00e7\u00e3o Brasileira de Prote\u00edna Animal (ABPA), Ricardo Santin, disse aos jornalistas que Maggi tem todo o apoio do setor para permanecer no cargo.<\/p>\n<p>Maggi tamb\u00e9m foi questionado sobre a rea\u00e7\u00e3o do Minist\u00e9rio da Agricultura \u00e0 Opera\u00e7\u00e3o Carne Fraca. \u201cTrabalhamos bastante para recuperar mercados e sabemos que daqui para frente v\u00e3o ser reconquistados pela qualidade dos nossos produtos\u201d, afirmou. O ministro disse ainda que, \u201cpassado o furac\u00e3o\u201d, a pasta se reposicionou e deve apresentar nos pr\u00f3ximos meses um novo modelo de fiscaliza\u00e7\u00e3o sanit\u00e1ria, inclusive com o aumento do quadro de fiscais. \u201cO modelo est\u00e1 praticamente definido\u201d, disse.<\/p>\n<p>Ainda conforme declarou o ministro, a pasta segue trabalhando na abertura do mercado mexicano \u00e0 carne de aves brasileira. \u201cTemos interesse em ampliar o mercado mexicano\u201d, disse ele no evento.<\/p>\n","protected":false},"excerpt":{"rendered":"<p>O ministro da Agricultura, Blairo Maggi, disse nesta segunda-feira, 28, se a investiga\u00e7\u00e3o envolvendo seu nome em dela\u00e7\u00e3o do ex-governador de Mato Grosso Silval Barbosa atrapalhar seu trabalho na pasta poder\u00e1 deixar o cargo. \u201cNo momento em que eu perceber que essa acusa\u00e7\u00e3o cria embara\u00e7os para minha atividade como ministro sairei imediatamente\u201d, afirmou<\/p>\n","protected":false},"author":11,"featured_media":97980971,"comment_status":"closed","ping_status":"closed","sticky":false,"template":"","format":"standard","meta":{"footnotes":""},"categories":[6,1],"tags":[],"class_list":["post-97983341","post","type-post","status-publish","format-standard","has-post-thumbnail","hentry","category-destaque","category-noticia"],"yoast_head":"<!-- This site is optimized with the Yoast SEO plugin v24.8.1 - https:\/\/yoast.com\/wordpress\/plugins\/seo\/ -->\n<title>Maggi diz estar disposto a deixar cargo se investiga\u00e7\u00e3o atrapalhar Minist\u00e9rio - Acrimat<\/title>\n<meta name=\"robots\" content=\"index, follow, max-snippet:-1, max-image-preview:large, max-video-preview:-1\" \/>\n<link rel=\"canonical\" href=\"https:\/\/acrimat.org.br\/portal\/maggi-diz-estar-disposto-a-deixar-cargo-se-investigacao-atrapalhar-ministerio\/\" \/>\n<meta property=\"og:locale\" content=\"pt_BR\" \/>\n<meta property=\"og:type\" content=\"article\" \/>\n<meta property=\"og:title\" content=\"Maggi diz estar disposto a deixar cargo se investiga\u00e7\u00e3o atrapalhar Minist\u00e9rio - Acrimat\" \/>\n<meta property=\"og:description\" content=\"O ministro da Agricultura, Blairo Maggi, disse nesta segunda-feira, 28, se a investiga\u00e7\u00e3o envolvendo seu nome em dela\u00e7\u00e3o do ex-governador de Mato Grosso Silval Barbosa atrapalhar seu trabalho na pasta poder\u00e1 deixar o cargo. \u201cNo momento em que eu perceber que essa acusa\u00e7\u00e3o cria embara\u00e7os para minha atividade como ministro sairei imediatamente\u201d, afirmou\" \/>\n<meta property=\"og:url\" content=\"https:\/\/acrimat.org.br\/portal\/maggi-diz-estar-disposto-a-deixar-cargo-se-investigacao-atrapalhar-ministerio\/\" \/>\n<meta property=\"og:site_name\" content=\"Acrimat\" \/>\n<meta property=\"article:published_time\" content=\"2017-08-29T12:37:51+00:00\" \/>\n<meta property=\"article:modified_time\" content=\"2017-08-29T12:45:49+00:00\" \/>\n<meta property=\"og:image\" content=\"https:\/\/acrimat.org.br\/portal\/wp-content\/uploads\/2017\/03\/maggi10096.jpg\" \/>\n\t<meta property=\"og:image:width\" content=\"300\" \/>\n\t<meta property=\"og:image:height\" content=\"257\" \/>\n\t<meta property=\"og:image:type\" content=\"image\/jpeg\" \/>\n<meta name=\"author\" content=\"P\u00e9ricles C\u00e2ndido\" \/>\n<meta name=\"twitter:card\" content=\"summary_large_image\" \/>\n<meta name=\"twitter:label1\" content=\"Escrito por\" \/>\n\t<meta name=\"twitter:data1\" content=\"P\u00e9ricles C\u00e2ndido\" \/>\n\t<meta name=\"twitter:label2\" content=\"Est. tempo de leitura\" \/>\n\t<meta name=\"twitter:data2\" content=\"1 minuto\" \/>\n<script type=\"application\/ld+json\" class=\"yoast-schema-graph\">{\"@context\":\"https:\/\/schema.org\",\"@graph\":[{\"@type\":\"Article\",\"@id\":\"https:\/\/acrimat.org.br\/portal\/maggi-diz-estar-disposto-a-deixar-cargo-se-investigacao-atrapalhar-ministerio\/#article\",\"isPartOf\":{\"@id\":\"https:\/\/acrimat.org.br\/portal\/maggi-diz-estar-disposto-a-deixar-cargo-se-investigacao-atrapalhar-ministerio\/\"},\"author\":{\"name\":\"P\u00e9ricles C\u00e2ndido\",\"@id\":\"https:\/\/acrimat.org.br\/portal\/#\/schema\/person\/18df8bcf6890e924fe5d8b5afd2bec0f\"},\"headline\":\"Maggi diz estar disposto a deixar cargo se investiga\u00e7\u00e3o atrapalhar Minist\u00e9rio\",\"datePublished\":\"2017-08-29T12:37:51+00:00\",\"dateModified\":\"2017-08-29T12:45:49+00:00\",\"mainEntityOfPage\":{\"@id\":\"https:\/\/acrimat.org.br\/portal\/maggi-diz-estar-disposto-a-deixar-cargo-se-investigacao-atrapalhar-ministerio\/\"},\"wordCount\":232,\"publisher\":{\"@id\":\"https:\/\/acrimat.org.br\/portal\/#organization\"},\"image\":{\"@id\":\"https:\/\/acrimat.org.br\/portal\/maggi-diz-estar-disposto-a-deixar-cargo-se-investigacao-atrapalhar-ministerio\/#primaryimage\"},\"thumbnailUrl\":\"https:\/\/acrimat.org.br\/portal\/wp-content\/uploads\/2017\/03\/maggi10096.jpg\",\"articleSection\":[\"Destaques\",\"Not\u00edcias\"],\"inLanguage\":\"pt-BR\"},{\"@type\":\"WebPage\",\"@id\":\"https:\/\/acrimat.org.br\/portal\/maggi-diz-estar-disposto-a-deixar-cargo-se-investigacao-atrapalhar-ministerio\/\",\"url\":\"https:\/\/acrimat.org.br\/portal\/maggi-diz-estar-disposto-a-deixar-cargo-se-investigacao-atrapalhar-ministerio\/\",\"name\":\"Maggi diz estar disposto a deixar cargo se investiga\u00e7\u00e3o atrapalhar Minist\u00e9rio - Acrimat\",\"isPartOf\":{\"@id\":\"https:\/\/acrimat.org.br\/portal\/#website\"},\"primaryImageOfPage\":{\"@id\":\"https:\/\/acrimat.org.br\/portal\/maggi-diz-estar-disposto-a-deixar-cargo-se-investigacao-atrapalhar-ministerio\/#primaryimage\"},\"image\":{\"@id\":\"https:\/\/acrimat.org.br\/portal\/maggi-diz-estar-disposto-a-deixar-cargo-se-investigacao-atrapalhar-ministerio\/#primaryimage\"},\"thumbnailUrl\":\"https:\/\/acrimat.org.br\/portal\/wp-content\/uploads\/2017\/03\/maggi10096.jpg\",\"datePublished\":\"2017-08-29T12:37:51+00:00\",\"dateModified\":\"2017-08-29T12:45:49+00:00\",\"breadcrumb\":{\"@id\":\"https:\/\/acrimat.org.br\/portal\/maggi-diz-estar-disposto-a-deixar-cargo-se-investigacao-atrapalhar-ministerio\/#breadcrumb\"},\"inLanguage\":\"pt-BR\",\"potentialAction\":[{\"@type\":\"ReadAction\",\"target\":[\"https:\/\/acrimat.org.br\/portal\/maggi-diz-estar-disposto-a-deixar-cargo-se-investigacao-atrapalhar-ministerio\/\"]}]},{\"@type\":\"ImageObject\",\"inLanguage\":\"pt-BR\",\"@id\":\"https:\/\/acrimat.org.br\/portal\/maggi-diz-estar-disposto-a-deixar-cargo-se-investigacao-atrapalhar-ministerio\/#primaryimage\",\"url\":\"https:\/\/acrimat.org.br\/portal\/wp-content\/uploads\/2017\/03\/maggi10096.jpg\",\"contentUrl\":\"https:\/\/acrimat.org.br\/portal\/wp-content\/uploads\/2017\/03\/maggi10096.jpg\",\"width\":300,\"height\":257},{\"@type\":\"BreadcrumbList\",\"@id\":\"https:\/\/acrimat.org.br\/portal\/maggi-diz-estar-disposto-a-deixar-cargo-se-investigacao-atrapalhar-ministerio\/#breadcrumb\",\"itemListElement\":[{\"@type\":\"ListItem\",\"position\":1,\"name\":\"In\u00edcio\",\"item\":\"https:\/\/acrimat.org.br\/portal\/\"},{\"@type\":\"ListItem\",\"position\":2,\"name\":\"Maggi diz estar disposto a deixar cargo se investiga\u00e7\u00e3o atrapalhar Minist\u00e9rio\"}]},{\"@type\":\"WebSite\",\"@id\":\"https:\/\/acrimat.org.br\/portal\/#website\",\"url\":\"https:\/\/acrimat.org.br\/portal\/\",\"name\":\"Acrimat\",\"description\":\"Associa\u00e7\u00e3o dos Criadores de Mato Grosso\",\"publisher\":{\"@id\":\"https:\/\/acrimat.org.br\/portal\/#organization\"},\"potentialAction\":[{\"@type\":\"SearchAction\",\"target\":{\"@type\":\"EntryPoint\",\"urlTemplate\":\"https:\/\/acrimat.org.br\/portal\/?s={search_term_string}\"},\"query-input\":{\"@type\":\"PropertyValueSpecification\",\"valueRequired\":true,\"valueName\":\"search_term_string\"}}],\"inLanguage\":\"pt-BR\"},{\"@type\":\"Organization\",\"@id\":\"https:\/\/acrimat.org.br\/portal\/#organization\",\"name\":\"Associa\u00e7\u00e3o dos Criadores de Mato Grosso\",\"url\":\"https:\/\/acrimat.org.br\/portal\/\",\"logo\":{\"@type\":\"ImageObject\",\"inLanguage\":\"pt-BR\",\"@id\":\"https:\/\/acrimat.org.br\/portal\/#\/schema\/logo\/image\/\",\"url\":\"https:\/\/acrimat.org.br\/portal\/wp-content\/uploads\/2018\/03\/logo-peq-original.png\",\"contentUrl\":\"https:\/\/acrimat.org.br\/portal\/wp-content\/uploads\/2018\/03\/logo-peq-original.png\",\"width\":174,\"height\":171,\"caption\":\"Associa\u00e7\u00e3o dos Criadores de Mato Grosso\"},\"image\":{\"@id\":\"https:\/\/acrimat.org.br\/portal\/#\/schema\/logo\/image\/\"}},{\"@type\":\"Person\",\"@id\":\"https:\/\/acrimat.org.br\/portal\/#\/schema\/person\/18df8bcf6890e924fe5d8b5afd2bec0f\",\"name\":\"P\u00e9ricles C\u00e2ndido\",\"image\":{\"@type\":\"ImageObject\",\"inLanguage\":\"pt-BR\",\"@id\":\"https:\/\/acrimat.org.br\/portal\/#\/schema\/person\/image\/\",\"url\":\"https:\/\/secure.gravatar.com\/avatar\/33e2a2b971dc363ed2df53d0d3bfbd18?s=96&d=mm&r=g\",\"contentUrl\":\"https:\/\/secure.gravatar.com\/avatar\/33e2a2b971dc363ed2df53d0d3bfbd18?s=96&d=mm&r=g\",\"caption\":\"P\u00e9ricles C\u00e2ndido\"},\"sameAs\":[\"ascom@acrimat.org.br\"],\"url\":\"https:\/\/acrimat.org.br\/portal\/author\/designergrafico\/\"}]}<\/script>\n<!-- \/ Yoast SEO plugin. -->","yoast_head_json":{"title":"Maggi diz estar disposto a deixar cargo se investiga\u00e7\u00e3o atrapalhar Minist\u00e9rio - Acrimat","robots":{"index":"index","follow":"follow","max-snippet":"max-snippet:-1","max-image-preview":"max-image-preview:large","max-video-preview":"max-video-preview:-1"},"canonical":"https:\/\/acrimat.org.br\/portal\/maggi-diz-estar-disposto-a-deixar-cargo-se-investigacao-atrapalhar-ministerio\/","og_locale":"pt_BR","og_type":"article","og_title":"Maggi diz estar disposto a deixar cargo se investiga\u00e7\u00e3o atrapalhar Minist\u00e9rio - Acrimat","og_description":"O ministro da Agricultura, Blairo Maggi, disse nesta segunda-feira, 28, se a investiga\u00e7\u00e3o envolvendo seu nome em dela\u00e7\u00e3o do ex-governador de Mato Grosso Silval Barbosa atrapalhar seu trabalho na pasta poder\u00e1 deixar o cargo. \u201cNo momento em que eu perceber que essa acusa\u00e7\u00e3o cria embara\u00e7os para minha atividade como ministro sairei imediatamente\u201d, afirmou","og_url":"https:\/\/acrimat.org.br\/portal\/maggi-diz-estar-disposto-a-deixar-cargo-se-investigacao-atrapalhar-ministerio\/","og_site_name":"Acrimat","article_published_time":"2017-08-29T12:37:51+00:00","article_modified_time":"2017-08-29T12:45:49+00:00","og_image":[{"width":300,"height":257,"url":"https:\/\/acrimat.org.br\/portal\/wp-content\/uploads\/2017\/03\/maggi10096.jpg","type":"image\/jpeg"}],"author":"P\u00e9ricles C\u00e2ndido","twitter_card":"summary_large_image","twitter_misc":{"Escrito por":"P\u00e9ricles C\u00e2ndido","Est. tempo de leitura":"1 minuto"},"schema":{"@context":"https:\/\/schema.org","@graph":[{"@type":"Article","@id":"https:\/\/acrimat.org.br\/portal\/maggi-diz-estar-disposto-a-deixar-cargo-se-investigacao-atrapalhar-ministerio\/#article","isPartOf":{"@id":"https:\/\/acrimat.org.br\/portal\/maggi-diz-estar-disposto-a-deixar-cargo-se-investigacao-atrapalhar-ministerio\/"},"author":{"name":"P\u00e9ricles C\u00e2ndido","@id":"https:\/\/acrimat.org.br\/portal\/#\/schema\/person\/18df8bcf6890e924fe5d8b5afd2bec0f"},"headline":"Maggi diz estar disposto a deixar cargo se investiga\u00e7\u00e3o atrapalhar Minist\u00e9rio","datePublished":"2017-08-29T12:37:51+00:00","dateModified":"2017-08-29T12:45:49+00:00","mainEntityOfPage":{"@id":"https:\/\/acrimat.org.br\/portal\/maggi-diz-estar-disposto-a-deixar-cargo-se-investigacao-atrapalhar-ministerio\/"},"wordCount":232,"publisher":{"@id":"https:\/\/acrimat.org.br\/portal\/#organization"},"image":{"@id":"https:\/\/acrimat.org.br\/portal\/maggi-diz-estar-disposto-a-deixar-cargo-se-investigacao-atrapalhar-ministerio\/#primaryimage"},"thumbnailUrl":"https:\/\/acrimat.org.br\/portal\/wp-content\/uploads\/2017\/03\/maggi10096.jpg","articleSection":["Destaques","Not\u00edcias"],"inLanguage":"pt-BR"},{"@type":"WebPage","@id":"https:\/\/acrimat.org.br\/portal\/maggi-diz-estar-disposto-a-deixar-cargo-se-investigacao-atrapalhar-ministerio\/","url":"https:\/\/acrimat.org.br\/portal\/maggi-diz-estar-disposto-a-deixar-cargo-se-investigacao-atrapalhar-ministerio\/","name":"Maggi diz estar disposto a deixar cargo se investiga\u00e7\u00e3o atrapalhar Minist\u00e9rio - Acrimat","isPartOf":{"@id":"https:\/\/acrimat.org.br\/portal\/#website"},"primaryImageOfPage":{"@id":"https:\/\/acrimat.org.br\/portal\/maggi-diz-estar-disposto-a-deixar-cargo-se-investigacao-atrapalhar-ministerio\/#primaryimage"},"image":{"@id":"https:\/\/acrimat.org.br\/portal\/maggi-diz-estar-disposto-a-deixar-cargo-se-investigacao-atrapalhar-ministerio\/#primaryimage"},"thumbnailUrl":"https:\/\/acrimat.org.br\/portal\/wp-content\/uploads\/2017\/03\/maggi10096.jpg","datePublished":"2017-08-29T12:37:51+00:00","dateModified":"2017-08-29T12:45:49+00:00","breadcrumb":{"@id":"https:\/\/acrimat.org.br\/portal\/maggi-diz-estar-disposto-a-deixar-cargo-se-investigacao-atrapalhar-ministerio\/#breadcrumb"},"inLanguage":"pt-BR","potentialAction":[{"@type":"ReadAction","target":["https:\/\/acrimat.org.br\/portal\/maggi-diz-estar-disposto-a-deixar-cargo-se-investigacao-atrapalhar-ministerio\/"]}]},{"@type":"ImageObject","inLanguage":"pt-BR","@id":"https:\/\/acrimat.org.br\/portal\/maggi-diz-estar-disposto-a-deixar-cargo-se-investigacao-atrapalhar-ministerio\/#primaryimage","url":"https:\/\/acrimat.org.br\/portal\/wp-content\/uploads\/2017\/03\/maggi10096.jpg","contentUrl":"https:\/\/acrimat.org.br\/portal\/wp-content\/uploads\/2017\/03\/maggi10096.jpg","width":300,"height":257},{"@type":"BreadcrumbList","@id":"https:\/\/acrimat.org.br\/portal\/maggi-diz-estar-disposto-a-deixar-cargo-se-investigacao-atrapalhar-ministerio\/#breadcrumb","itemListElement":[{"@type":"ListItem","position":1,"name":"In\u00edcio","item":"https:\/\/acrimat.org.br\/portal\/"},{"@type":"ListItem","position":2,"name":"Maggi diz estar disposto a deixar cargo se investiga\u00e7\u00e3o atrapalhar Minist\u00e9rio"}]},{"@type":"WebSite","@id":"https:\/\/acrimat.org.br\/portal\/#website","url":"https:\/\/acrimat.org.br\/portal\/","name":"Acrimat","description":"Associa\u00e7\u00e3o dos Criadores de Mato Grosso","publisher":{"@id":"https:\/\/acrimat.org.br\/portal\/#organization"},"potentialAction":[{"@type":"SearchAction","target":{"@type":"EntryPoint","urlTemplate":"https:\/\/acrimat.org.br\/portal\/?s={search_term_string}"},"query-input":{"@type":"PropertyValueSpecification","valueRequired":true,"valueName":"search_term_string"}}],"inLanguage":"pt-BR"},{"@type":"Organization","@id":"https:\/\/acrimat.org.br\/portal\/#organization","name":"Associa\u00e7\u00e3o dos Criadores de Mato Grosso","url":"https:\/\/acrimat.org.br\/portal\/","logo":{"@type":"ImageObject","inLanguage":"pt-BR","@id":"https:\/\/acrimat.org.br\/portal\/#\/schema\/logo\/image\/","url":"https:\/\/acrimat.org.br\/portal\/wp-content\/uploads\/2018\/03\/logo-peq-original.png","contentUrl":"https:\/\/acrimat.org.br\/portal\/wp-content\/uploads\/2018\/03\/logo-peq-original.png","width":174,"height":171,"caption":"Associa\u00e7\u00e3o dos Criadores de Mato Grosso"},"image":{"@id":"https:\/\/acrimat.org.br\/portal\/#\/schema\/logo\/image\/"}},{"@type":"Person","@id":"https:\/\/acrimat.org.br\/portal\/#\/schema\/person\/18df8bcf6890e924fe5d8b5afd2bec0f","name":"P\u00e9ricles C\u00e2ndido","image":{"@type":"ImageObject","inLanguage":"pt-BR","@id":"https:\/\/acrimat.org.br\/portal\/#\/schema\/person\/image\/","url":"https:\/\/secure.gravatar.com\/avatar\/33e2a2b971dc363ed2df53d0d3bfbd18?s=96&d=mm&r=g","contentUrl":"https:\/\/secure.gravatar.com\/avatar\/33e2a2b971dc363ed2df53d0d3bfbd18?s=96&d=mm&r=g","caption":"P\u00e9ricles C\u00e2ndido"},"sameAs":["ascom@acrimat.org.br"],"url":"https:\/\/acrimat.org.br\/portal\/author\/designergrafico\/"}]}},"_links":{"self":[{"href":"https:\/\/acrimat.org.br\/portal\/wp-json\/wp\/v2\/posts\/97983341","targetHints":{"allow":["GET"]}}],"collection":[{"href":"https:\/\/acrimat.org.br\/portal\/wp-json\/wp\/v2\/posts"}],"about":[{"href":"https:\/\/acrimat.org.br\/portal\/wp-json\/wp\/v2\/types\/post"}],"author":[{"embeddable":true,"href":"https:\/\/acrimat.org.br\/portal\/wp-json\/wp\/v2\/users\/11"}],"replies":[{"embeddable":true,"href":"https:\/\/acrimat.org.br\/portal\/wp-json\/wp\/v2\/comments?post=97983341"}],"version-history":[{"count":2,"href":"https:\/\/acrimat.org.br\/portal\/wp-json\/wp\/v2\/posts\/97983341\/revisions"}],"predecessor-version":[{"id":97983349,"href":"https:\/\/acrimat.org.br\/portal\/wp-json\/wp\/v2\/posts\/97983341\/revisions\/97983349"}],"wp:featuredmedia":[{"embeddable":true,"href":"https:\/\/acrimat.org.br\/portal\/wp-json\/wp\/v2\/media\/97980971"}],"wp:attachment":[{"href":"https:\/\/acrimat.org.br\/portal\/wp-json\/wp\/v2\/media?parent=97983341"}],"wp:term":[{"taxonomy":"category","embeddable":true,"href":"https:\/\/acrimat.org.br\/portal\/wp-json\/wp\/v2\/categories?post=97983341"},{"taxonomy":"post_tag","embeddable":true,"href":"https:\/\/acrimat.org.br\/portal\/wp-json\/wp\/v2\/tags?post=97983341"}],"curies":[{"name":"wp","href":"https:\/\/api.w.org\/{rel}","templated":true}]}}