{"id":97983358,"date":"2017-08-30T10:04:55","date_gmt":"2017-08-30T13:04:55","guid":{"rendered":"http:\/\/acrimat.org.br\/portal\/?p=97983358"},"modified":"2017-08-30T10:05:16","modified_gmt":"2017-08-30T13:05:16","slug":"brasil-pede-que-ue-ponha-cartas-sobre-a-mesa-para-acordo-com-mercosul","status":"publish","type":"post","link":"https:\/\/acrimat.org.br\/portal\/brasil-pede-que-ue-ponha-cartas-sobre-a-mesa-para-acordo-com-mercosul\/","title":{"rendered":"Brasil pede que UE ponha &#8220;cartas sobre a mesa&#8221; para acordo com Mercosul"},"content":{"rendered":"<p><a href=\"http:\/\/acrimat.org.br\/portal\/wp-content\/uploads\/2017\/01\/EXPORTA\u00c7\u00d5ES3.jpg\"><img fetchpriority=\"high\" decoding=\"async\" class=\"size-medium wp-image-97979471 alignleft\" src=\"http:\/\/acrimat.org.br\/portal\/wp-content\/uploads\/2017\/01\/EXPORTA\u00c7\u00d5ES3-300x206.jpg\" alt=\"\" width=\"300\" height=\"206\" \/><\/a>O ministro das Rela\u00e7\u00f5es Exteriores, Aloysio Nunes, sugeriu nesta ter\u00e7a-feira que Uni\u00e3o Europeia (UE) e Mercosul ponham &#8220;as cartas sobre a mesa&#8221; para canalizar o mais r\u00e1pido poss\u00edvel as negocia\u00e7\u00f5es para fechar um acordo de livre com\u00e9rcio.<\/p>\n<p>O chanceler, que se reuniu hoje com autoridades europeias para avan\u00e7ar nas negocia\u00e7\u00f5es, disse compreender que &#8220;h\u00e1 assuntos sens\u00edveis&#8221; para os europeus, como alguns produtos agr\u00edcolas, mas disse que tamb\u00e9m t\u00eam retic\u00eancias do lado brasileiro com &#8220;alguns bens industriais&#8221;.<\/p>\n<p>&#8220;O que \u00e9 preciso fazer \u00e9 p\u00f4r as cartas sobre a mesa e come\u00e7ar a negociar&#8221;, destacou o ministro, que tamb\u00e9m defendeu que ambas partes sejam honestas e deixem claras as suas prioridades &#8220;para poder chegar a um acordo em que todos ganhem, para resolver as diferen\u00e7as, que disso \u00e9 feita a pol\u00edtica&#8221;.<\/p>\n<p>Nesse sentido, disse que para o Brasil as linhas vermelhas s\u00e3o a retirada de tarifas, total ou progressiva, para a exporta\u00e7\u00e3o \u00e0 UE de carne de bezerro e etanol.<\/p>\n<p>&#8220;N\u00e3o haveria acordo. O acordo tem que ser ben\u00e9fico para ambas partes&#8221;, declarou Nunes a um grupo de jornalistas ao ser perguntado se aceitaria um acordo que vetasse a exporta\u00e7\u00e3o brasileira de ambos produtos, entre os mais sens\u00edveis para a UE.<\/p>\n<p>O chanceler reiterou sua vontade &#8211; que segundo ele \u00e9 compartilhada pela comiss\u00e1ria europeia de Com\u00e9rcio, Cecilia Malmstr\u00f6m &#8211; de chegar a um acordo entre UE e Mercosul antes do final do ano.<\/p>\n<p>Foi justamente com Malmstr\u00f6m e o presidente do Parlamento Europeu, Antonio Tajani, que o chanceler se reuniu nesta ter\u00e7a-feira na capital comunit\u00e1ria, onde tamb\u00e9m ter\u00e1 um encontro com a alta representante para a UE, Federica Mogherini.<\/p>\n<p>Antes de Bruxelas, viajou para Londres e Paris, com a inten\u00e7\u00e3o de reativar as negocia\u00e7\u00f5es do acordo, cuja assinatura o Mercosul (formado ainda por Argentina, Uruguai e Paraguai) quer anunciar na reuni\u00e3o ministerial da Organiza\u00e7\u00e3o Mundial do Com\u00e9rcio (OMC) do pr\u00f3ximo m\u00eas de dezembro em Buenos Aires.<\/p>\n<p>Sobre o futuro das rela\u00e7\u00f5es comerciais entre o Brasil e o Reino Unido ap\u00f3s o &#8220;Brexit&#8221;, o chanceler afirmou que \u00e9 um assunto que s\u00f3 ser\u00e1 tratado uma vez que Londres fique fora do bloco, em 2019.<\/p>\n<p>Nesse sentido, assegurou que na capital brit\u00e2nica n\u00e3o falaram de assuntos comerciais, sen\u00e3o da entrada do Brasil na Organiza\u00e7\u00e3o para a Coopera\u00e7\u00e3o e o Desenvolvimento Econ\u00f4mico (OCDE).<\/p>\n<p>Por outro lado, o ministro brasileiro tamb\u00e9m expressou sua vontade \u00e0s autoridades europeias de realizar no pa\u00eds uma c\u00fapula bilateral UE-Brasil nos pr\u00f3ximos meses, um evento adiado pelas turbul\u00eancias pol\u00edticas em Bras\u00edlia e que deveria ter acontecido j\u00e1 no ano passado.<\/p>\n<p>A prop\u00f3sito da situa\u00e7\u00e3o pol\u00edtica no pa\u00eds, e do futuro do presidente Michel Temer, o chanceler garantiu que &#8220;n\u00e3o ter\u00e1 nenhum efeito nas negocia\u00e7\u00f5es&#8221; porque, ainda que haja mudan\u00e7a de governo, &#8220;a postura de todos no Brasil sobre este assunto \u00e9 a mesma&#8221;.<\/p>\n<p>&#8220;No Brasil todo mundo concorda quanto \u00e0 integra\u00e7\u00e3o comercial, n\u00e3o h\u00e1 fraturas de pontos de vista dentro do pa\u00eds, como ocorre em alguns Estados europeus&#8221;, disse Nunes, em refer\u00eancia a posturas nacionalistas e euroc\u00e9ticas contr\u00e1rias \u00e0 integra\u00e7\u00e3o e ao livre com\u00e9rcio.<\/p>\n<p>As negocia\u00e7\u00f5es para um acordo de associa\u00e7\u00e3o &#8211; que inclui um tratado de livre com\u00e9rcio &#8211; entre a UE e os quatro pa\u00edses do Mercosul come\u00e7aram em 1999, mas foram suspensas em 2004 ap\u00f3s uma infrut\u00edfera primeira troca de ofertas de acesso a mercados.<\/p>\n<p>As tratativas foram retomadas em 2010, \u00e0 margem de uma c\u00fapula UE-Am\u00e9rica Latina em Madri com o objetivo de voltar a trocar ofertas em poucos meses, algo que se foi adiando uma e outra vez devido a diferen\u00e7as internas ou falta de ambi\u00e7\u00e3o nos objetivos do acordo.<\/p>\n<p>A UE \u00e9 a regi\u00e3o que mais investe no Brasil, chegando a US$ 262 bilh\u00f5es em 2014, segundo os \u00faltimos dados divulgados.<\/p>\n<p>O com\u00e9rcio entre os 28 pa\u00edses do bloco e o Brasil alcan\u00e7ou um volume de US$ 65 bilh\u00f5es, de acordo com informa\u00e7\u00f5es do Itamaraty.<\/p>\n<p><em><strong>EFE<\/strong><\/em><\/p>\n","protected":false},"excerpt":{"rendered":"<p>O ministro das Rela\u00e7\u00f5es Exteriores, Aloysio Nunes, sugeriu nesta ter\u00e7a-feira que Uni\u00e3o Europeia (UE) e Mercosul ponham \u201cas cartas sobre a mesa\u201d para canalizar o mais r\u00e1pido poss\u00edvel as negocia\u00e7\u00f5es para fechar um acordo de livre com\u00e9rcio<\/p>\n","protected":false},"author":11,"featured_media":0,"comment_status":"closed","ping_status":"closed","sticky":false,"template":"","format":"standard","meta":{"footnotes":""},"categories":[6,1],"tags":[],"class_list":["post-97983358","post","type-post","status-publish","format-standard","hentry","category-destaque","category-noticia"],"yoast_head":"<!-- This site is optimized with the Yoast SEO plugin v24.8.1 - https:\/\/yoast.com\/wordpress\/plugins\/seo\/ -->\n<title>Brasil pede que UE ponha &quot;cartas sobre a mesa&quot; para acordo com Mercosul - Acrimat<\/title>\n<meta name=\"robots\" content=\"index, follow, max-snippet:-1, max-image-preview:large, max-video-preview:-1\" \/>\n<link rel=\"canonical\" href=\"https:\/\/acrimat.org.br\/portal\/brasil-pede-que-ue-ponha-cartas-sobre-a-mesa-para-acordo-com-mercosul\/\" \/>\n<meta property=\"og:locale\" content=\"pt_BR\" \/>\n<meta property=\"og:type\" content=\"article\" \/>\n<meta property=\"og:title\" content=\"Brasil pede que UE ponha &quot;cartas sobre a mesa&quot; para acordo com Mercosul - Acrimat\" \/>\n<meta property=\"og:description\" content=\"O ministro das Rela\u00e7\u00f5es Exteriores, Aloysio Nunes, sugeriu nesta ter\u00e7a-feira que Uni\u00e3o Europeia (UE) e Mercosul ponham \u201cas cartas sobre a mesa\u201d para canalizar o mais r\u00e1pido poss\u00edvel as negocia\u00e7\u00f5es para fechar um acordo de livre com\u00e9rcio\" \/>\n<meta property=\"og:url\" content=\"https:\/\/acrimat.org.br\/portal\/brasil-pede-que-ue-ponha-cartas-sobre-a-mesa-para-acordo-com-mercosul\/\" \/>\n<meta property=\"og:site_name\" content=\"Acrimat\" \/>\n<meta property=\"article:published_time\" content=\"2017-08-30T13:04:55+00:00\" \/>\n<meta property=\"article:modified_time\" content=\"2017-08-30T13:05:16+00:00\" \/>\n<meta name=\"author\" content=\"P\u00e9ricles C\u00e2ndido\" \/>\n<meta name=\"twitter:card\" content=\"summary_large_image\" \/>\n<meta name=\"twitter:label1\" content=\"Escrito por\" \/>\n\t<meta name=\"twitter:data1\" content=\"P\u00e9ricles C\u00e2ndido\" \/>\n\t<meta name=\"twitter:label2\" content=\"Est. tempo de leitura\" \/>\n\t<meta name=\"twitter:data2\" content=\"4 minutos\" \/>\n<script type=\"application\/ld+json\" class=\"yoast-schema-graph\">{\"@context\":\"https:\/\/schema.org\",\"@graph\":[{\"@type\":\"Article\",\"@id\":\"https:\/\/acrimat.org.br\/portal\/brasil-pede-que-ue-ponha-cartas-sobre-a-mesa-para-acordo-com-mercosul\/#article\",\"isPartOf\":{\"@id\":\"https:\/\/acrimat.org.br\/portal\/brasil-pede-que-ue-ponha-cartas-sobre-a-mesa-para-acordo-com-mercosul\/\"},\"author\":{\"name\":\"P\u00e9ricles C\u00e2ndido\",\"@id\":\"https:\/\/acrimat.org.br\/portal\/#\/schema\/person\/18df8bcf6890e924fe5d8b5afd2bec0f\"},\"headline\":\"Brasil pede que UE ponha &#8220;cartas sobre a mesa&#8221; para acordo com Mercosul\",\"datePublished\":\"2017-08-30T13:04:55+00:00\",\"dateModified\":\"2017-08-30T13:05:16+00:00\",\"mainEntityOfPage\":{\"@id\":\"https:\/\/acrimat.org.br\/portal\/brasil-pede-que-ue-ponha-cartas-sobre-a-mesa-para-acordo-com-mercosul\/\"},\"wordCount\":723,\"publisher\":{\"@id\":\"https:\/\/acrimat.org.br\/portal\/#organization\"},\"articleSection\":[\"Destaques\",\"Not\u00edcias\"],\"inLanguage\":\"pt-BR\"},{\"@type\":\"WebPage\",\"@id\":\"https:\/\/acrimat.org.br\/portal\/brasil-pede-que-ue-ponha-cartas-sobre-a-mesa-para-acordo-com-mercosul\/\",\"url\":\"https:\/\/acrimat.org.br\/portal\/brasil-pede-que-ue-ponha-cartas-sobre-a-mesa-para-acordo-com-mercosul\/\",\"name\":\"Brasil pede que UE ponha \\\"cartas sobre a mesa\\\" para acordo com Mercosul - Acrimat\",\"isPartOf\":{\"@id\":\"https:\/\/acrimat.org.br\/portal\/#website\"},\"datePublished\":\"2017-08-30T13:04:55+00:00\",\"dateModified\":\"2017-08-30T13:05:16+00:00\",\"breadcrumb\":{\"@id\":\"https:\/\/acrimat.org.br\/portal\/brasil-pede-que-ue-ponha-cartas-sobre-a-mesa-para-acordo-com-mercosul\/#breadcrumb\"},\"inLanguage\":\"pt-BR\",\"potentialAction\":[{\"@type\":\"ReadAction\",\"target\":[\"https:\/\/acrimat.org.br\/portal\/brasil-pede-que-ue-ponha-cartas-sobre-a-mesa-para-acordo-com-mercosul\/\"]}]},{\"@type\":\"BreadcrumbList\",\"@id\":\"https:\/\/acrimat.org.br\/portal\/brasil-pede-que-ue-ponha-cartas-sobre-a-mesa-para-acordo-com-mercosul\/#breadcrumb\",\"itemListElement\":[{\"@type\":\"ListItem\",\"position\":1,\"name\":\"In\u00edcio\",\"item\":\"https:\/\/acrimat.org.br\/portal\/\"},{\"@type\":\"ListItem\",\"position\":2,\"name\":\"Brasil pede que UE ponha &#8220;cartas sobre a mesa&#8221; para acordo com Mercosul\"}]},{\"@type\":\"WebSite\",\"@id\":\"https:\/\/acrimat.org.br\/portal\/#website\",\"url\":\"https:\/\/acrimat.org.br\/portal\/\",\"name\":\"Acrimat\",\"description\":\"Associa\u00e7\u00e3o dos Criadores de Mato Grosso\",\"publisher\":{\"@id\":\"https:\/\/acrimat.org.br\/portal\/#organization\"},\"potentialAction\":[{\"@type\":\"SearchAction\",\"target\":{\"@type\":\"EntryPoint\",\"urlTemplate\":\"https:\/\/acrimat.org.br\/portal\/?s={search_term_string}\"},\"query-input\":{\"@type\":\"PropertyValueSpecification\",\"valueRequired\":true,\"valueName\":\"search_term_string\"}}],\"inLanguage\":\"pt-BR\"},{\"@type\":\"Organization\",\"@id\":\"https:\/\/acrimat.org.br\/portal\/#organization\",\"name\":\"Associa\u00e7\u00e3o dos Criadores de Mato Grosso\",\"url\":\"https:\/\/acrimat.org.br\/portal\/\",\"logo\":{\"@type\":\"ImageObject\",\"inLanguage\":\"pt-BR\",\"@id\":\"https:\/\/acrimat.org.br\/portal\/#\/schema\/logo\/image\/\",\"url\":\"https:\/\/acrimat.org.br\/portal\/wp-content\/uploads\/2018\/03\/logo-peq-original.png\",\"contentUrl\":\"https:\/\/acrimat.org.br\/portal\/wp-content\/uploads\/2018\/03\/logo-peq-original.png\",\"width\":174,\"height\":171,\"caption\":\"Associa\u00e7\u00e3o dos Criadores de Mato Grosso\"},\"image\":{\"@id\":\"https:\/\/acrimat.org.br\/portal\/#\/schema\/logo\/image\/\"}},{\"@type\":\"Person\",\"@id\":\"https:\/\/acrimat.org.br\/portal\/#\/schema\/person\/18df8bcf6890e924fe5d8b5afd2bec0f\",\"name\":\"P\u00e9ricles C\u00e2ndido\",\"image\":{\"@type\":\"ImageObject\",\"inLanguage\":\"pt-BR\",\"@id\":\"https:\/\/acrimat.org.br\/portal\/#\/schema\/person\/image\/\",\"url\":\"https:\/\/secure.gravatar.com\/avatar\/33e2a2b971dc363ed2df53d0d3bfbd18?s=96&d=mm&r=g\",\"contentUrl\":\"https:\/\/secure.gravatar.com\/avatar\/33e2a2b971dc363ed2df53d0d3bfbd18?s=96&d=mm&r=g\",\"caption\":\"P\u00e9ricles C\u00e2ndido\"},\"sameAs\":[\"ascom@acrimat.org.br\"],\"url\":\"https:\/\/acrimat.org.br\/portal\/author\/designergrafico\/\"}]}<\/script>\n<!-- \/ Yoast SEO plugin. -->","yoast_head_json":{"title":"Brasil pede que UE ponha \"cartas sobre a mesa\" para acordo com Mercosul - Acrimat","robots":{"index":"index","follow":"follow","max-snippet":"max-snippet:-1","max-image-preview":"max-image-preview:large","max-video-preview":"max-video-preview:-1"},"canonical":"https:\/\/acrimat.org.br\/portal\/brasil-pede-que-ue-ponha-cartas-sobre-a-mesa-para-acordo-com-mercosul\/","og_locale":"pt_BR","og_type":"article","og_title":"Brasil pede que UE ponha \"cartas sobre a mesa\" para acordo com Mercosul - Acrimat","og_description":"O ministro das Rela\u00e7\u00f5es Exteriores, Aloysio Nunes, sugeriu nesta ter\u00e7a-feira que Uni\u00e3o Europeia (UE) e Mercosul ponham \u201cas cartas sobre a mesa\u201d para canalizar o mais r\u00e1pido poss\u00edvel as negocia\u00e7\u00f5es para fechar um acordo de livre com\u00e9rcio","og_url":"https:\/\/acrimat.org.br\/portal\/brasil-pede-que-ue-ponha-cartas-sobre-a-mesa-para-acordo-com-mercosul\/","og_site_name":"Acrimat","article_published_time":"2017-08-30T13:04:55+00:00","article_modified_time":"2017-08-30T13:05:16+00:00","author":"P\u00e9ricles C\u00e2ndido","twitter_card":"summary_large_image","twitter_misc":{"Escrito por":"P\u00e9ricles C\u00e2ndido","Est. tempo de leitura":"4 minutos"},"schema":{"@context":"https:\/\/schema.org","@graph":[{"@type":"Article","@id":"https:\/\/acrimat.org.br\/portal\/brasil-pede-que-ue-ponha-cartas-sobre-a-mesa-para-acordo-com-mercosul\/#article","isPartOf":{"@id":"https:\/\/acrimat.org.br\/portal\/brasil-pede-que-ue-ponha-cartas-sobre-a-mesa-para-acordo-com-mercosul\/"},"author":{"name":"P\u00e9ricles C\u00e2ndido","@id":"https:\/\/acrimat.org.br\/portal\/#\/schema\/person\/18df8bcf6890e924fe5d8b5afd2bec0f"},"headline":"Brasil pede que UE ponha &#8220;cartas sobre a mesa&#8221; para acordo com Mercosul","datePublished":"2017-08-30T13:04:55+00:00","dateModified":"2017-08-30T13:05:16+00:00","mainEntityOfPage":{"@id":"https:\/\/acrimat.org.br\/portal\/brasil-pede-que-ue-ponha-cartas-sobre-a-mesa-para-acordo-com-mercosul\/"},"wordCount":723,"publisher":{"@id":"https:\/\/acrimat.org.br\/portal\/#organization"},"articleSection":["Destaques","Not\u00edcias"],"inLanguage":"pt-BR"},{"@type":"WebPage","@id":"https:\/\/acrimat.org.br\/portal\/brasil-pede-que-ue-ponha-cartas-sobre-a-mesa-para-acordo-com-mercosul\/","url":"https:\/\/acrimat.org.br\/portal\/brasil-pede-que-ue-ponha-cartas-sobre-a-mesa-para-acordo-com-mercosul\/","name":"Brasil pede que UE ponha \"cartas sobre a mesa\" para acordo com Mercosul - Acrimat","isPartOf":{"@id":"https:\/\/acrimat.org.br\/portal\/#website"},"datePublished":"2017-08-30T13:04:55+00:00","dateModified":"2017-08-30T13:05:16+00:00","breadcrumb":{"@id":"https:\/\/acrimat.org.br\/portal\/brasil-pede-que-ue-ponha-cartas-sobre-a-mesa-para-acordo-com-mercosul\/#breadcrumb"},"inLanguage":"pt-BR","potentialAction":[{"@type":"ReadAction","target":["https:\/\/acrimat.org.br\/portal\/brasil-pede-que-ue-ponha-cartas-sobre-a-mesa-para-acordo-com-mercosul\/"]}]},{"@type":"BreadcrumbList","@id":"https:\/\/acrimat.org.br\/portal\/brasil-pede-que-ue-ponha-cartas-sobre-a-mesa-para-acordo-com-mercosul\/#breadcrumb","itemListElement":[{"@type":"ListItem","position":1,"name":"In\u00edcio","item":"https:\/\/acrimat.org.br\/portal\/"},{"@type":"ListItem","position":2,"name":"Brasil pede que UE ponha &#8220;cartas sobre a mesa&#8221; para acordo com Mercosul"}]},{"@type":"WebSite","@id":"https:\/\/acrimat.org.br\/portal\/#website","url":"https:\/\/acrimat.org.br\/portal\/","name":"Acrimat","description":"Associa\u00e7\u00e3o dos Criadores de Mato Grosso","publisher":{"@id":"https:\/\/acrimat.org.br\/portal\/#organization"},"potentialAction":[{"@type":"SearchAction","target":{"@type":"EntryPoint","urlTemplate":"https:\/\/acrimat.org.br\/portal\/?s={search_term_string}"},"query-input":{"@type":"PropertyValueSpecification","valueRequired":true,"valueName":"search_term_string"}}],"inLanguage":"pt-BR"},{"@type":"Organization","@id":"https:\/\/acrimat.org.br\/portal\/#organization","name":"Associa\u00e7\u00e3o dos Criadores de Mato Grosso","url":"https:\/\/acrimat.org.br\/portal\/","logo":{"@type":"ImageObject","inLanguage":"pt-BR","@id":"https:\/\/acrimat.org.br\/portal\/#\/schema\/logo\/image\/","url":"https:\/\/acrimat.org.br\/portal\/wp-content\/uploads\/2018\/03\/logo-peq-original.png","contentUrl":"https:\/\/acrimat.org.br\/portal\/wp-content\/uploads\/2018\/03\/logo-peq-original.png","width":174,"height":171,"caption":"Associa\u00e7\u00e3o dos Criadores de Mato Grosso"},"image":{"@id":"https:\/\/acrimat.org.br\/portal\/#\/schema\/logo\/image\/"}},{"@type":"Person","@id":"https:\/\/acrimat.org.br\/portal\/#\/schema\/person\/18df8bcf6890e924fe5d8b5afd2bec0f","name":"P\u00e9ricles C\u00e2ndido","image":{"@type":"ImageObject","inLanguage":"pt-BR","@id":"https:\/\/acrimat.org.br\/portal\/#\/schema\/person\/image\/","url":"https:\/\/secure.gravatar.com\/avatar\/33e2a2b971dc363ed2df53d0d3bfbd18?s=96&d=mm&r=g","contentUrl":"https:\/\/secure.gravatar.com\/avatar\/33e2a2b971dc363ed2df53d0d3bfbd18?s=96&d=mm&r=g","caption":"P\u00e9ricles C\u00e2ndido"},"sameAs":["ascom@acrimat.org.br"],"url":"https:\/\/acrimat.org.br\/portal\/author\/designergrafico\/"}]}},"_links":{"self":[{"href":"https:\/\/acrimat.org.br\/portal\/wp-json\/wp\/v2\/posts\/97983358","targetHints":{"allow":["GET"]}}],"collection":[{"href":"https:\/\/acrimat.org.br\/portal\/wp-json\/wp\/v2\/posts"}],"about":[{"href":"https:\/\/acrimat.org.br\/portal\/wp-json\/wp\/v2\/types\/post"}],"author":[{"embeddable":true,"href":"https:\/\/acrimat.org.br\/portal\/wp-json\/wp\/v2\/users\/11"}],"replies":[{"embeddable":true,"href":"https:\/\/acrimat.org.br\/portal\/wp-json\/wp\/v2\/comments?post=97983358"}],"version-history":[{"count":4,"href":"https:\/\/acrimat.org.br\/portal\/wp-json\/wp\/v2\/posts\/97983358\/revisions"}],"predecessor-version":[{"id":97983362,"href":"https:\/\/acrimat.org.br\/portal\/wp-json\/wp\/v2\/posts\/97983358\/revisions\/97983362"}],"wp:attachment":[{"href":"https:\/\/acrimat.org.br\/portal\/wp-json\/wp\/v2\/media?parent=97983358"}],"wp:term":[{"taxonomy":"category","embeddable":true,"href":"https:\/\/acrimat.org.br\/portal\/wp-json\/wp\/v2\/categories?post=97983358"},{"taxonomy":"post_tag","embeddable":true,"href":"https:\/\/acrimat.org.br\/portal\/wp-json\/wp\/v2\/tags?post=97983358"}],"curies":[{"name":"wp","href":"https:\/\/api.w.org\/{rel}","templated":true}]}}