{"id":97983363,"date":"2017-08-30T10:17:01","date_gmt":"2017-08-30T13:17:01","guid":{"rendered":"http:\/\/acrimat.org.br\/portal\/?p=97983363"},"modified":"2017-08-30T10:17:01","modified_gmt":"2017-08-30T13:17:01","slug":"alta-no-preco-do-boi-gordo-deve-durar-ate-outubro","status":"publish","type":"post","link":"https:\/\/acrimat.org.br\/portal\/alta-no-preco-do-boi-gordo-deve-durar-ate-outubro\/","title":{"rendered":"Alta no pre\u00e7o do boi gordo deve durar at\u00e9 outubro"},"content":{"rendered":"<p>O mercado f\u00edsico teve pre\u00e7os do boi gordo mais altos nesta segunda-feira. A expectativa \u00e9 de novas valoriza\u00e7\u00f5es no curto prazo, pelo menos enquanto a oferta de animais terminados permanecer limitada. Esse quadro deve se alterar apenas no \u00faltimo trimestre do ano, quando chega ao mercado o segundo giro de animais confinados. Enquanto isso os frigor\u00edficos permanecem com suas escalas de abate posicionadas entre dois e tr\u00eas dias \u00fateis.<\/p>\n<p>Segundo a Scot Consultoria, em S\u00e3o Paulo a semana come\u00e7ou com mercado firme e pagamentos acima da refer\u00eancia. Na regi\u00e3o, a arroba do macho terminado fechou em alta, cotada em R$ 139,50, \u00e0 vista, livre do Fundo de Apoio ao Trabalhador Rural (Funrural). Em rela\u00e7\u00e3o ao inicio do m\u00eas os pre\u00e7os est\u00e3o 12,5% maiores. Altas acima de 10% para a arroba do boi gordo, desde o in\u00edcio de agosto, tamb\u00e9m s\u00e3o comuns em Goi\u00e1s, Mato Grosso do Sul e Rond\u00f4nia.<\/p>\n<p>J\u00e1 o mercado atacadista apresentou pre\u00e7os est\u00e1veis. S\u00e3o esperados cota\u00e7\u00f5es mais altas no setor j\u00e1 na primeira quinzena de setembro devido ao repique tradicional de consumo das duas primeiras semanas de cada m\u00eas.<\/p>\n<p>A quantidade total de carne bovina in natura exportada pelo Brasil em agosto (19 dias \u00fateis) chegou a 100,8 mil toneladas, com m\u00e9dia di\u00e1ria de embarques de 5,3 mil toneladas. Na compara\u00e7\u00e3o com julho, houve um ganho 4,7% na quantidade m\u00e9dia di\u00e1ria exportada. Em rela\u00e7\u00e3o ao mesmo per\u00edodo do ano passado, a alta foi de 48% na quantidade m\u00e9dia di\u00e1ria, segundo o Minist\u00e9rio da Ind\u00fastria, Com\u00e9rcio e Servi\u00e7os (MDIC).<\/p>\n","protected":false},"excerpt":{"rendered":"<p>Segundo a Scot Consultoria, em S\u00e3o Paulo a semana come\u00e7ou com mercado firme e pagamentos acima da refer\u00eancia<\/p>\n","protected":false},"author":11,"featured_media":97981902,"comment_status":"closed","ping_status":"closed","sticky":false,"template":"","format":"standard","meta":{"footnotes":""},"categories":[6,1],"tags":[],"class_list":["post-97983363","post","type-post","status-publish","format-standard","has-post-thumbnail","hentry","category-destaque","category-noticia"],"yoast_head":"<!-- This site is optimized with the Yoast SEO plugin v24.8.1 - https:\/\/yoast.com\/wordpress\/plugins\/seo\/ -->\n<title>Alta no pre\u00e7o do boi gordo deve durar at\u00e9 outubro - Acrimat<\/title>\n<meta name=\"robots\" content=\"index, follow, max-snippet:-1, max-image-preview:large, max-video-preview:-1\" \/>\n<link rel=\"canonical\" href=\"https:\/\/acrimat.org.br\/portal\/alta-no-preco-do-boi-gordo-deve-durar-ate-outubro\/\" \/>\n<meta property=\"og:locale\" content=\"pt_BR\" \/>\n<meta property=\"og:type\" content=\"article\" \/>\n<meta property=\"og:title\" content=\"Alta no pre\u00e7o do boi gordo deve durar at\u00e9 outubro - Acrimat\" \/>\n<meta property=\"og:description\" content=\"Segundo a Scot Consultoria, em S\u00e3o Paulo a semana come\u00e7ou com mercado firme e pagamentos acima da refer\u00eancia\" \/>\n<meta property=\"og:url\" content=\"https:\/\/acrimat.org.br\/portal\/alta-no-preco-do-boi-gordo-deve-durar-ate-outubro\/\" \/>\n<meta property=\"og:site_name\" content=\"Acrimat\" \/>\n<meta property=\"article:published_time\" content=\"2017-08-30T13:17:01+00:00\" \/>\n<meta property=\"og:image\" content=\"https:\/\/acrimat.org.br\/portal\/wp-content\/uploads\/2017\/05\/gado28.jpg\" \/>\n\t<meta property=\"og:image:width\" content=\"720\" \/>\n\t<meta property=\"og:image:height\" content=\"495\" \/>\n\t<meta property=\"og:image:type\" content=\"image\/jpeg\" \/>\n<meta name=\"author\" content=\"P\u00e9ricles C\u00e2ndido\" \/>\n<meta name=\"twitter:card\" content=\"summary_large_image\" \/>\n<meta name=\"twitter:label1\" content=\"Escrito por\" \/>\n\t<meta name=\"twitter:data1\" content=\"P\u00e9ricles C\u00e2ndido\" \/>\n\t<meta name=\"twitter:label2\" content=\"Est. tempo de leitura\" \/>\n\t<meta name=\"twitter:data2\" content=\"1 minuto\" \/>\n<script type=\"application\/ld+json\" class=\"yoast-schema-graph\">{\"@context\":\"https:\/\/schema.org\",\"@graph\":[{\"@type\":\"Article\",\"@id\":\"https:\/\/acrimat.org.br\/portal\/alta-no-preco-do-boi-gordo-deve-durar-ate-outubro\/#article\",\"isPartOf\":{\"@id\":\"https:\/\/acrimat.org.br\/portal\/alta-no-preco-do-boi-gordo-deve-durar-ate-outubro\/\"},\"author\":{\"name\":\"P\u00e9ricles C\u00e2ndido\",\"@id\":\"https:\/\/acrimat.org.br\/portal\/#\/schema\/person\/18df8bcf6890e924fe5d8b5afd2bec0f\"},\"headline\":\"Alta no pre\u00e7o do boi gordo deve durar at\u00e9 outubro\",\"datePublished\":\"2017-08-30T13:17:01+00:00\",\"mainEntityOfPage\":{\"@id\":\"https:\/\/acrimat.org.br\/portal\/alta-no-preco-do-boi-gordo-deve-durar-ate-outubro\/\"},\"wordCount\":288,\"publisher\":{\"@id\":\"https:\/\/acrimat.org.br\/portal\/#organization\"},\"image\":{\"@id\":\"https:\/\/acrimat.org.br\/portal\/alta-no-preco-do-boi-gordo-deve-durar-ate-outubro\/#primaryimage\"},\"thumbnailUrl\":\"https:\/\/acrimat.org.br\/portal\/wp-content\/uploads\/2017\/05\/gado28.jpg\",\"articleSection\":[\"Destaques\",\"Not\u00edcias\"],\"inLanguage\":\"pt-BR\"},{\"@type\":\"WebPage\",\"@id\":\"https:\/\/acrimat.org.br\/portal\/alta-no-preco-do-boi-gordo-deve-durar-ate-outubro\/\",\"url\":\"https:\/\/acrimat.org.br\/portal\/alta-no-preco-do-boi-gordo-deve-durar-ate-outubro\/\",\"name\":\"Alta no pre\u00e7o do boi gordo deve durar at\u00e9 outubro - Acrimat\",\"isPartOf\":{\"@id\":\"https:\/\/acrimat.org.br\/portal\/#website\"},\"primaryImageOfPage\":{\"@id\":\"https:\/\/acrimat.org.br\/portal\/alta-no-preco-do-boi-gordo-deve-durar-ate-outubro\/#primaryimage\"},\"image\":{\"@id\":\"https:\/\/acrimat.org.br\/portal\/alta-no-preco-do-boi-gordo-deve-durar-ate-outubro\/#primaryimage\"},\"thumbnailUrl\":\"https:\/\/acrimat.org.br\/portal\/wp-content\/uploads\/2017\/05\/gado28.jpg\",\"datePublished\":\"2017-08-30T13:17:01+00:00\",\"breadcrumb\":{\"@id\":\"https:\/\/acrimat.org.br\/portal\/alta-no-preco-do-boi-gordo-deve-durar-ate-outubro\/#breadcrumb\"},\"inLanguage\":\"pt-BR\",\"potentialAction\":[{\"@type\":\"ReadAction\",\"target\":[\"https:\/\/acrimat.org.br\/portal\/alta-no-preco-do-boi-gordo-deve-durar-ate-outubro\/\"]}]},{\"@type\":\"ImageObject\",\"inLanguage\":\"pt-BR\",\"@id\":\"https:\/\/acrimat.org.br\/portal\/alta-no-preco-do-boi-gordo-deve-durar-ate-outubro\/#primaryimage\",\"url\":\"https:\/\/acrimat.org.br\/portal\/wp-content\/uploads\/2017\/05\/gado28.jpg\",\"contentUrl\":\"https:\/\/acrimat.org.br\/portal\/wp-content\/uploads\/2017\/05\/gado28.jpg\",\"width\":720,\"height\":495},{\"@type\":\"BreadcrumbList\",\"@id\":\"https:\/\/acrimat.org.br\/portal\/alta-no-preco-do-boi-gordo-deve-durar-ate-outubro\/#breadcrumb\",\"itemListElement\":[{\"@type\":\"ListItem\",\"position\":1,\"name\":\"In\u00edcio\",\"item\":\"https:\/\/acrimat.org.br\/portal\/\"},{\"@type\":\"ListItem\",\"position\":2,\"name\":\"Alta no pre\u00e7o do boi gordo deve durar at\u00e9 outubro\"}]},{\"@type\":\"WebSite\",\"@id\":\"https:\/\/acrimat.org.br\/portal\/#website\",\"url\":\"https:\/\/acrimat.org.br\/portal\/\",\"name\":\"Acrimat\",\"description\":\"Associa\u00e7\u00e3o dos Criadores de Mato Grosso\",\"publisher\":{\"@id\":\"https:\/\/acrimat.org.br\/portal\/#organization\"},\"potentialAction\":[{\"@type\":\"SearchAction\",\"target\":{\"@type\":\"EntryPoint\",\"urlTemplate\":\"https:\/\/acrimat.org.br\/portal\/?s={search_term_string}\"},\"query-input\":{\"@type\":\"PropertyValueSpecification\",\"valueRequired\":true,\"valueName\":\"search_term_string\"}}],\"inLanguage\":\"pt-BR\"},{\"@type\":\"Organization\",\"@id\":\"https:\/\/acrimat.org.br\/portal\/#organization\",\"name\":\"Associa\u00e7\u00e3o dos Criadores de Mato Grosso\",\"url\":\"https:\/\/acrimat.org.br\/portal\/\",\"logo\":{\"@type\":\"ImageObject\",\"inLanguage\":\"pt-BR\",\"@id\":\"https:\/\/acrimat.org.br\/portal\/#\/schema\/logo\/image\/\",\"url\":\"https:\/\/acrimat.org.br\/portal\/wp-content\/uploads\/2018\/03\/logo-peq-original.png\",\"contentUrl\":\"https:\/\/acrimat.org.br\/portal\/wp-content\/uploads\/2018\/03\/logo-peq-original.png\",\"width\":174,\"height\":171,\"caption\":\"Associa\u00e7\u00e3o dos Criadores de Mato Grosso\"},\"image\":{\"@id\":\"https:\/\/acrimat.org.br\/portal\/#\/schema\/logo\/image\/\"}},{\"@type\":\"Person\",\"@id\":\"https:\/\/acrimat.org.br\/portal\/#\/schema\/person\/18df8bcf6890e924fe5d8b5afd2bec0f\",\"name\":\"P\u00e9ricles C\u00e2ndido\",\"image\":{\"@type\":\"ImageObject\",\"inLanguage\":\"pt-BR\",\"@id\":\"https:\/\/acrimat.org.br\/portal\/#\/schema\/person\/image\/\",\"url\":\"https:\/\/secure.gravatar.com\/avatar\/33e2a2b971dc363ed2df53d0d3bfbd18?s=96&d=mm&r=g\",\"contentUrl\":\"https:\/\/secure.gravatar.com\/avatar\/33e2a2b971dc363ed2df53d0d3bfbd18?s=96&d=mm&r=g\",\"caption\":\"P\u00e9ricles C\u00e2ndido\"},\"sameAs\":[\"ascom@acrimat.org.br\"],\"url\":\"https:\/\/acrimat.org.br\/portal\/author\/designergrafico\/\"}]}<\/script>\n<!-- \/ Yoast SEO plugin. -->","yoast_head_json":{"title":"Alta no pre\u00e7o do boi gordo deve durar at\u00e9 outubro - Acrimat","robots":{"index":"index","follow":"follow","max-snippet":"max-snippet:-1","max-image-preview":"max-image-preview:large","max-video-preview":"max-video-preview:-1"},"canonical":"https:\/\/acrimat.org.br\/portal\/alta-no-preco-do-boi-gordo-deve-durar-ate-outubro\/","og_locale":"pt_BR","og_type":"article","og_title":"Alta no pre\u00e7o do boi gordo deve durar at\u00e9 outubro - Acrimat","og_description":"Segundo a Scot Consultoria, em S\u00e3o Paulo a semana come\u00e7ou com mercado firme e pagamentos acima da refer\u00eancia","og_url":"https:\/\/acrimat.org.br\/portal\/alta-no-preco-do-boi-gordo-deve-durar-ate-outubro\/","og_site_name":"Acrimat","article_published_time":"2017-08-30T13:17:01+00:00","og_image":[{"width":720,"height":495,"url":"https:\/\/acrimat.org.br\/portal\/wp-content\/uploads\/2017\/05\/gado28.jpg","type":"image\/jpeg"}],"author":"P\u00e9ricles C\u00e2ndido","twitter_card":"summary_large_image","twitter_misc":{"Escrito por":"P\u00e9ricles C\u00e2ndido","Est. tempo de leitura":"1 minuto"},"schema":{"@context":"https:\/\/schema.org","@graph":[{"@type":"Article","@id":"https:\/\/acrimat.org.br\/portal\/alta-no-preco-do-boi-gordo-deve-durar-ate-outubro\/#article","isPartOf":{"@id":"https:\/\/acrimat.org.br\/portal\/alta-no-preco-do-boi-gordo-deve-durar-ate-outubro\/"},"author":{"name":"P\u00e9ricles C\u00e2ndido","@id":"https:\/\/acrimat.org.br\/portal\/#\/schema\/person\/18df8bcf6890e924fe5d8b5afd2bec0f"},"headline":"Alta no pre\u00e7o do boi gordo deve durar at\u00e9 outubro","datePublished":"2017-08-30T13:17:01+00:00","mainEntityOfPage":{"@id":"https:\/\/acrimat.org.br\/portal\/alta-no-preco-do-boi-gordo-deve-durar-ate-outubro\/"},"wordCount":288,"publisher":{"@id":"https:\/\/acrimat.org.br\/portal\/#organization"},"image":{"@id":"https:\/\/acrimat.org.br\/portal\/alta-no-preco-do-boi-gordo-deve-durar-ate-outubro\/#primaryimage"},"thumbnailUrl":"https:\/\/acrimat.org.br\/portal\/wp-content\/uploads\/2017\/05\/gado28.jpg","articleSection":["Destaques","Not\u00edcias"],"inLanguage":"pt-BR"},{"@type":"WebPage","@id":"https:\/\/acrimat.org.br\/portal\/alta-no-preco-do-boi-gordo-deve-durar-ate-outubro\/","url":"https:\/\/acrimat.org.br\/portal\/alta-no-preco-do-boi-gordo-deve-durar-ate-outubro\/","name":"Alta no pre\u00e7o do boi gordo deve durar at\u00e9 outubro - Acrimat","isPartOf":{"@id":"https:\/\/acrimat.org.br\/portal\/#website"},"primaryImageOfPage":{"@id":"https:\/\/acrimat.org.br\/portal\/alta-no-preco-do-boi-gordo-deve-durar-ate-outubro\/#primaryimage"},"image":{"@id":"https:\/\/acrimat.org.br\/portal\/alta-no-preco-do-boi-gordo-deve-durar-ate-outubro\/#primaryimage"},"thumbnailUrl":"https:\/\/acrimat.org.br\/portal\/wp-content\/uploads\/2017\/05\/gado28.jpg","datePublished":"2017-08-30T13:17:01+00:00","breadcrumb":{"@id":"https:\/\/acrimat.org.br\/portal\/alta-no-preco-do-boi-gordo-deve-durar-ate-outubro\/#breadcrumb"},"inLanguage":"pt-BR","potentialAction":[{"@type":"ReadAction","target":["https:\/\/acrimat.org.br\/portal\/alta-no-preco-do-boi-gordo-deve-durar-ate-outubro\/"]}]},{"@type":"ImageObject","inLanguage":"pt-BR","@id":"https:\/\/acrimat.org.br\/portal\/alta-no-preco-do-boi-gordo-deve-durar-ate-outubro\/#primaryimage","url":"https:\/\/acrimat.org.br\/portal\/wp-content\/uploads\/2017\/05\/gado28.jpg","contentUrl":"https:\/\/acrimat.org.br\/portal\/wp-content\/uploads\/2017\/05\/gado28.jpg","width":720,"height":495},{"@type":"BreadcrumbList","@id":"https:\/\/acrimat.org.br\/portal\/alta-no-preco-do-boi-gordo-deve-durar-ate-outubro\/#breadcrumb","itemListElement":[{"@type":"ListItem","position":1,"name":"In\u00edcio","item":"https:\/\/acrimat.org.br\/portal\/"},{"@type":"ListItem","position":2,"name":"Alta no pre\u00e7o do boi gordo deve durar at\u00e9 outubro"}]},{"@type":"WebSite","@id":"https:\/\/acrimat.org.br\/portal\/#website","url":"https:\/\/acrimat.org.br\/portal\/","name":"Acrimat","description":"Associa\u00e7\u00e3o dos Criadores de Mato Grosso","publisher":{"@id":"https:\/\/acrimat.org.br\/portal\/#organization"},"potentialAction":[{"@type":"SearchAction","target":{"@type":"EntryPoint","urlTemplate":"https:\/\/acrimat.org.br\/portal\/?s={search_term_string}"},"query-input":{"@type":"PropertyValueSpecification","valueRequired":true,"valueName":"search_term_string"}}],"inLanguage":"pt-BR"},{"@type":"Organization","@id":"https:\/\/acrimat.org.br\/portal\/#organization","name":"Associa\u00e7\u00e3o dos Criadores de Mato Grosso","url":"https:\/\/acrimat.org.br\/portal\/","logo":{"@type":"ImageObject","inLanguage":"pt-BR","@id":"https:\/\/acrimat.org.br\/portal\/#\/schema\/logo\/image\/","url":"https:\/\/acrimat.org.br\/portal\/wp-content\/uploads\/2018\/03\/logo-peq-original.png","contentUrl":"https:\/\/acrimat.org.br\/portal\/wp-content\/uploads\/2018\/03\/logo-peq-original.png","width":174,"height":171,"caption":"Associa\u00e7\u00e3o dos Criadores de Mato Grosso"},"image":{"@id":"https:\/\/acrimat.org.br\/portal\/#\/schema\/logo\/image\/"}},{"@type":"Person","@id":"https:\/\/acrimat.org.br\/portal\/#\/schema\/person\/18df8bcf6890e924fe5d8b5afd2bec0f","name":"P\u00e9ricles C\u00e2ndido","image":{"@type":"ImageObject","inLanguage":"pt-BR","@id":"https:\/\/acrimat.org.br\/portal\/#\/schema\/person\/image\/","url":"https:\/\/secure.gravatar.com\/avatar\/33e2a2b971dc363ed2df53d0d3bfbd18?s=96&d=mm&r=g","contentUrl":"https:\/\/secure.gravatar.com\/avatar\/33e2a2b971dc363ed2df53d0d3bfbd18?s=96&d=mm&r=g","caption":"P\u00e9ricles C\u00e2ndido"},"sameAs":["ascom@acrimat.org.br"],"url":"https:\/\/acrimat.org.br\/portal\/author\/designergrafico\/"}]}},"_links":{"self":[{"href":"https:\/\/acrimat.org.br\/portal\/wp-json\/wp\/v2\/posts\/97983363","targetHints":{"allow":["GET"]}}],"collection":[{"href":"https:\/\/acrimat.org.br\/portal\/wp-json\/wp\/v2\/posts"}],"about":[{"href":"https:\/\/acrimat.org.br\/portal\/wp-json\/wp\/v2\/types\/post"}],"author":[{"embeddable":true,"href":"https:\/\/acrimat.org.br\/portal\/wp-json\/wp\/v2\/users\/11"}],"replies":[{"embeddable":true,"href":"https:\/\/acrimat.org.br\/portal\/wp-json\/wp\/v2\/comments?post=97983363"}],"version-history":[{"count":1,"href":"https:\/\/acrimat.org.br\/portal\/wp-json\/wp\/v2\/posts\/97983363\/revisions"}],"predecessor-version":[{"id":97983364,"href":"https:\/\/acrimat.org.br\/portal\/wp-json\/wp\/v2\/posts\/97983363\/revisions\/97983364"}],"wp:featuredmedia":[{"embeddable":true,"href":"https:\/\/acrimat.org.br\/portal\/wp-json\/wp\/v2\/media\/97981902"}],"wp:attachment":[{"href":"https:\/\/acrimat.org.br\/portal\/wp-json\/wp\/v2\/media?parent=97983363"}],"wp:term":[{"taxonomy":"category","embeddable":true,"href":"https:\/\/acrimat.org.br\/portal\/wp-json\/wp\/v2\/categories?post=97983363"},{"taxonomy":"post_tag","embeddable":true,"href":"https:\/\/acrimat.org.br\/portal\/wp-json\/wp\/v2\/tags?post=97983363"}],"curies":[{"name":"wp","href":"https:\/\/api.w.org\/{rel}","templated":true}]}}