{"id":97983368,"date":"2017-08-30T10:22:05","date_gmt":"2017-08-30T13:22:05","guid":{"rendered":"http:\/\/acrimat.org.br\/portal\/?p=97983368"},"modified":"2017-08-30T10:23:56","modified_gmt":"2017-08-30T13:23:56","slug":"%e2%80%8bindea-quer-impedir-entrada-de-animais-de-outros-paises-sem-fiscalizacao-na-faixa-de-fronteira","status":"publish","type":"post","link":"https:\/\/acrimat.org.br\/portal\/%e2%80%8bindea-quer-impedir-entrada-de-animais-de-outros-paises-sem-fiscalizacao-na-faixa-de-fronteira\/","title":{"rendered":"\u200bIndea quer impedir entrada de animais de outros pa\u00edses sem fiscaliza\u00e7\u00e3o na faixa de Fronteira"},"content":{"rendered":"<p><a href=\"http:\/\/acrimat.org.br\/portal\/wp-content\/uploads\/2017\/08\/WhatsApp-Image-2017-08-29-at-11.30.27.jpeg\"><img decoding=\"async\" class=\"alignleft wp-image-97983369 size-thumbnail\" src=\"http:\/\/acrimat.org.br\/portal\/wp-content\/uploads\/2017\/08\/WhatsApp-Image-2017-08-29-at-11.30.27-150x150.jpeg\" alt=\"\" width=\"150\" height=\"150\" srcset=\"https:\/\/acrimat.org.br\/portal\/wp-content\/uploads\/2017\/08\/WhatsApp-Image-2017-08-29-at-11.30.27-150x150.jpeg 150w, https:\/\/acrimat.org.br\/portal\/wp-content\/uploads\/2017\/08\/WhatsApp-Image-2017-08-29-at-11.30.27-48x48.jpeg 48w, https:\/\/acrimat.org.br\/portal\/wp-content\/uploads\/2017\/08\/WhatsApp-Image-2017-08-29-at-11.30.27-300x300.jpeg 300w\" sizes=\"(max-width: 150px) 100vw, 150px\" \/><\/a>O Instituto de Defesa Agropecu\u00e1ria do Estado de Mato Grosso (INDEA)\u00a0 lan\u00e7a estrat\u00e9gia de fiscaliza\u00e7\u00e3o na faixa de Fronteira.<\/p>\n<p>A informa\u00e7\u00e3o partiu do Gerente da Unidade em C\u00e1ceres \u00c1lvaro Faria da Costa.<\/p>\n<p>Ele informou ainda que o principal objetivo \u00e9 fazer com que todo embarque e desembarque realizado na faixa de Fronteira possa ser acompanhado e fiscalizado.<\/p>\n<p>Um encontro est\u00e1 previsto para acontecer na pr\u00f3xima ter\u00e7a-feira dia, 5 de Setembro, na sede do Sindicato Rural de C\u00e1ceres. Na ocasi\u00e3o participar\u00e3o funcion\u00e1rios da Unidade do Indea C\u00e1ceres, pecuaristas e t\u00e9cnicos do instituto que vir\u00e3o de Cuiab\u00e1 para esclarecer ao setor produtivo e comercial da pecu\u00e1ria de Fronteira os principais pontos dessa a\u00e7\u00e3o.<\/p>\n<p>\u00c1lvaro disse que a meta principal \u00e9 poder a partir disso barrar a entrada de animais advindos de outros pa\u00edses e que em sua maioria tem status sanit\u00e1rio desconhecido.<\/p>\n<p>Atualmente esse trabalho \u00e9 feito constantemente por barreiras fixas em cinco locais e unidade m\u00f3vel de abordagem, logo a a\u00e7\u00e3o passar\u00e1 a ser permanente.<\/p>\n","protected":false},"excerpt":{"rendered":"<p>A informa\u00e7\u00e3o partiu do Gerente da Unidade em C\u00e1ceres \u00c1lvaro Faria da Costa<\/p>\n","protected":false},"author":11,"featured_media":97977022,"comment_status":"closed","ping_status":"closed","sticky":false,"template":"","format":"standard","meta":{"footnotes":""},"categories":[6,1],"tags":[],"class_list":["post-97983368","post","type-post","status-publish","format-standard","has-post-thumbnail","hentry","category-destaque","category-noticia"],"yoast_head":"<!-- This site is optimized with the Yoast SEO plugin v24.8.1 - https:\/\/yoast.com\/wordpress\/plugins\/seo\/ -->\n<title>\u200bIndea quer impedir entrada de animais de outros pa\u00edses sem fiscaliza\u00e7\u00e3o na faixa de Fronteira - Acrimat<\/title>\n<meta name=\"robots\" content=\"index, follow, max-snippet:-1, max-image-preview:large, max-video-preview:-1\" \/>\n<link rel=\"canonical\" href=\"https:\/\/acrimat.org.br\/portal\/\u200bindea-quer-impedir-entrada-de-animais-de-outros-paises-sem-fiscalizacao-na-faixa-de-fronteira\/\" \/>\n<meta property=\"og:locale\" content=\"pt_BR\" \/>\n<meta property=\"og:type\" content=\"article\" \/>\n<meta property=\"og:title\" content=\"\u200bIndea quer impedir entrada de animais de outros pa\u00edses sem fiscaliza\u00e7\u00e3o na faixa de Fronteira - Acrimat\" \/>\n<meta property=\"og:description\" content=\"A informa\u00e7\u00e3o partiu do Gerente da Unidade em C\u00e1ceres \u00c1lvaro Faria da Costa\" \/>\n<meta property=\"og:url\" content=\"https:\/\/acrimat.org.br\/portal\/\u200bindea-quer-impedir-entrada-de-animais-de-outros-paises-sem-fiscalizacao-na-faixa-de-fronteira\/\" \/>\n<meta property=\"og:site_name\" content=\"Acrimat\" \/>\n<meta property=\"article:published_time\" content=\"2017-08-30T13:22:05+00:00\" \/>\n<meta property=\"article:modified_time\" content=\"2017-08-30T13:23:56+00:00\" \/>\n<meta property=\"og:image\" content=\"https:\/\/acrimat.org.br\/portal\/wp-content\/uploads\/2016\/07\/GADO7.jpg\" \/>\n\t<meta property=\"og:image:width\" content=\"590\" \/>\n\t<meta property=\"og:image:height\" content=\"443\" \/>\n\t<meta property=\"og:image:type\" content=\"image\/jpeg\" \/>\n<meta name=\"author\" content=\"P\u00e9ricles C\u00e2ndido\" \/>\n<meta name=\"twitter:card\" content=\"summary_large_image\" \/>\n<meta name=\"twitter:label1\" content=\"Escrito por\" \/>\n\t<meta name=\"twitter:data1\" content=\"P\u00e9ricles C\u00e2ndido\" \/>\n\t<meta name=\"twitter:label2\" content=\"Est. tempo de leitura\" \/>\n\t<meta name=\"twitter:data2\" content=\"1 minuto\" \/>\n<script type=\"application\/ld+json\" class=\"yoast-schema-graph\">{\"@context\":\"https:\/\/schema.org\",\"@graph\":[{\"@type\":\"Article\",\"@id\":\"https:\/\/acrimat.org.br\/portal\/%e2%80%8bindea-quer-impedir-entrada-de-animais-de-outros-paises-sem-fiscalizacao-na-faixa-de-fronteira\/#article\",\"isPartOf\":{\"@id\":\"https:\/\/acrimat.org.br\/portal\/%e2%80%8bindea-quer-impedir-entrada-de-animais-de-outros-paises-sem-fiscalizacao-na-faixa-de-fronteira\/\"},\"author\":{\"name\":\"P\u00e9ricles C\u00e2ndido\",\"@id\":\"https:\/\/acrimat.org.br\/portal\/#\/schema\/person\/18df8bcf6890e924fe5d8b5afd2bec0f\"},\"headline\":\"\u200bIndea quer impedir entrada de animais de outros pa\u00edses sem fiscaliza\u00e7\u00e3o na faixa de Fronteira\",\"datePublished\":\"2017-08-30T13:22:05+00:00\",\"dateModified\":\"2017-08-30T13:23:56+00:00\",\"mainEntityOfPage\":{\"@id\":\"https:\/\/acrimat.org.br\/portal\/%e2%80%8bindea-quer-impedir-entrada-de-animais-de-outros-paises-sem-fiscalizacao-na-faixa-de-fronteira\/\"},\"wordCount\":198,\"publisher\":{\"@id\":\"https:\/\/acrimat.org.br\/portal\/#organization\"},\"image\":{\"@id\":\"https:\/\/acrimat.org.br\/portal\/%e2%80%8bindea-quer-impedir-entrada-de-animais-de-outros-paises-sem-fiscalizacao-na-faixa-de-fronteira\/#primaryimage\"},\"thumbnailUrl\":\"https:\/\/acrimat.org.br\/portal\/wp-content\/uploads\/2016\/07\/GADO7.jpg\",\"articleSection\":[\"Destaques\",\"Not\u00edcias\"],\"inLanguage\":\"pt-BR\"},{\"@type\":\"WebPage\",\"@id\":\"https:\/\/acrimat.org.br\/portal\/%e2%80%8bindea-quer-impedir-entrada-de-animais-de-outros-paises-sem-fiscalizacao-na-faixa-de-fronteira\/\",\"url\":\"https:\/\/acrimat.org.br\/portal\/%e2%80%8bindea-quer-impedir-entrada-de-animais-de-outros-paises-sem-fiscalizacao-na-faixa-de-fronteira\/\",\"name\":\"\u200bIndea quer impedir entrada de animais de outros pa\u00edses sem fiscaliza\u00e7\u00e3o na faixa de Fronteira - Acrimat\",\"isPartOf\":{\"@id\":\"https:\/\/acrimat.org.br\/portal\/#website\"},\"primaryImageOfPage\":{\"@id\":\"https:\/\/acrimat.org.br\/portal\/%e2%80%8bindea-quer-impedir-entrada-de-animais-de-outros-paises-sem-fiscalizacao-na-faixa-de-fronteira\/#primaryimage\"},\"image\":{\"@id\":\"https:\/\/acrimat.org.br\/portal\/%e2%80%8bindea-quer-impedir-entrada-de-animais-de-outros-paises-sem-fiscalizacao-na-faixa-de-fronteira\/#primaryimage\"},\"thumbnailUrl\":\"https:\/\/acrimat.org.br\/portal\/wp-content\/uploads\/2016\/07\/GADO7.jpg\",\"datePublished\":\"2017-08-30T13:22:05+00:00\",\"dateModified\":\"2017-08-30T13:23:56+00:00\",\"breadcrumb\":{\"@id\":\"https:\/\/acrimat.org.br\/portal\/%e2%80%8bindea-quer-impedir-entrada-de-animais-de-outros-paises-sem-fiscalizacao-na-faixa-de-fronteira\/#breadcrumb\"},\"inLanguage\":\"pt-BR\",\"potentialAction\":[{\"@type\":\"ReadAction\",\"target\":[\"https:\/\/acrimat.org.br\/portal\/%e2%80%8bindea-quer-impedir-entrada-de-animais-de-outros-paises-sem-fiscalizacao-na-faixa-de-fronteira\/\"]}]},{\"@type\":\"ImageObject\",\"inLanguage\":\"pt-BR\",\"@id\":\"https:\/\/acrimat.org.br\/portal\/%e2%80%8bindea-quer-impedir-entrada-de-animais-de-outros-paises-sem-fiscalizacao-na-faixa-de-fronteira\/#primaryimage\",\"url\":\"https:\/\/acrimat.org.br\/portal\/wp-content\/uploads\/2016\/07\/GADO7.jpg\",\"contentUrl\":\"https:\/\/acrimat.org.br\/portal\/wp-content\/uploads\/2016\/07\/GADO7.jpg\",\"width\":590,\"height\":443},{\"@type\":\"BreadcrumbList\",\"@id\":\"https:\/\/acrimat.org.br\/portal\/%e2%80%8bindea-quer-impedir-entrada-de-animais-de-outros-paises-sem-fiscalizacao-na-faixa-de-fronteira\/#breadcrumb\",\"itemListElement\":[{\"@type\":\"ListItem\",\"position\":1,\"name\":\"In\u00edcio\",\"item\":\"https:\/\/acrimat.org.br\/portal\/\"},{\"@type\":\"ListItem\",\"position\":2,\"name\":\"\u200bIndea quer impedir entrada de animais de outros pa\u00edses sem fiscaliza\u00e7\u00e3o na faixa de Fronteira\"}]},{\"@type\":\"WebSite\",\"@id\":\"https:\/\/acrimat.org.br\/portal\/#website\",\"url\":\"https:\/\/acrimat.org.br\/portal\/\",\"name\":\"Acrimat\",\"description\":\"Associa\u00e7\u00e3o dos Criadores de Mato Grosso\",\"publisher\":{\"@id\":\"https:\/\/acrimat.org.br\/portal\/#organization\"},\"potentialAction\":[{\"@type\":\"SearchAction\",\"target\":{\"@type\":\"EntryPoint\",\"urlTemplate\":\"https:\/\/acrimat.org.br\/portal\/?s={search_term_string}\"},\"query-input\":{\"@type\":\"PropertyValueSpecification\",\"valueRequired\":true,\"valueName\":\"search_term_string\"}}],\"inLanguage\":\"pt-BR\"},{\"@type\":\"Organization\",\"@id\":\"https:\/\/acrimat.org.br\/portal\/#organization\",\"name\":\"Associa\u00e7\u00e3o dos Criadores de Mato Grosso\",\"url\":\"https:\/\/acrimat.org.br\/portal\/\",\"logo\":{\"@type\":\"ImageObject\",\"inLanguage\":\"pt-BR\",\"@id\":\"https:\/\/acrimat.org.br\/portal\/#\/schema\/logo\/image\/\",\"url\":\"https:\/\/acrimat.org.br\/portal\/wp-content\/uploads\/2018\/03\/logo-peq-original.png\",\"contentUrl\":\"https:\/\/acrimat.org.br\/portal\/wp-content\/uploads\/2018\/03\/logo-peq-original.png\",\"width\":174,\"height\":171,\"caption\":\"Associa\u00e7\u00e3o dos Criadores de Mato Grosso\"},\"image\":{\"@id\":\"https:\/\/acrimat.org.br\/portal\/#\/schema\/logo\/image\/\"}},{\"@type\":\"Person\",\"@id\":\"https:\/\/acrimat.org.br\/portal\/#\/schema\/person\/18df8bcf6890e924fe5d8b5afd2bec0f\",\"name\":\"P\u00e9ricles C\u00e2ndido\",\"image\":{\"@type\":\"ImageObject\",\"inLanguage\":\"pt-BR\",\"@id\":\"https:\/\/acrimat.org.br\/portal\/#\/schema\/person\/image\/\",\"url\":\"https:\/\/secure.gravatar.com\/avatar\/33e2a2b971dc363ed2df53d0d3bfbd18?s=96&d=mm&r=g\",\"contentUrl\":\"https:\/\/secure.gravatar.com\/avatar\/33e2a2b971dc363ed2df53d0d3bfbd18?s=96&d=mm&r=g\",\"caption\":\"P\u00e9ricles C\u00e2ndido\"},\"sameAs\":[\"ascom@acrimat.org.br\"],\"url\":\"https:\/\/acrimat.org.br\/portal\/author\/designergrafico\/\"}]}<\/script>\n<!-- \/ Yoast SEO plugin. -->","yoast_head_json":{"title":"\u200bIndea quer impedir entrada de animais de outros pa\u00edses sem fiscaliza\u00e7\u00e3o na faixa de Fronteira - Acrimat","robots":{"index":"index","follow":"follow","max-snippet":"max-snippet:-1","max-image-preview":"max-image-preview:large","max-video-preview":"max-video-preview:-1"},"canonical":"https:\/\/acrimat.org.br\/portal\/\u200bindea-quer-impedir-entrada-de-animais-de-outros-paises-sem-fiscalizacao-na-faixa-de-fronteira\/","og_locale":"pt_BR","og_type":"article","og_title":"\u200bIndea quer impedir entrada de animais de outros pa\u00edses sem fiscaliza\u00e7\u00e3o na faixa de Fronteira - Acrimat","og_description":"A informa\u00e7\u00e3o partiu do Gerente da Unidade em C\u00e1ceres \u00c1lvaro Faria da Costa","og_url":"https:\/\/acrimat.org.br\/portal\/\u200bindea-quer-impedir-entrada-de-animais-de-outros-paises-sem-fiscalizacao-na-faixa-de-fronteira\/","og_site_name":"Acrimat","article_published_time":"2017-08-30T13:22:05+00:00","article_modified_time":"2017-08-30T13:23:56+00:00","og_image":[{"width":590,"height":443,"url":"https:\/\/acrimat.org.br\/portal\/wp-content\/uploads\/2016\/07\/GADO7.jpg","type":"image\/jpeg"}],"author":"P\u00e9ricles C\u00e2ndido","twitter_card":"summary_large_image","twitter_misc":{"Escrito por":"P\u00e9ricles C\u00e2ndido","Est. tempo de leitura":"1 minuto"},"schema":{"@context":"https:\/\/schema.org","@graph":[{"@type":"Article","@id":"https:\/\/acrimat.org.br\/portal\/%e2%80%8bindea-quer-impedir-entrada-de-animais-de-outros-paises-sem-fiscalizacao-na-faixa-de-fronteira\/#article","isPartOf":{"@id":"https:\/\/acrimat.org.br\/portal\/%e2%80%8bindea-quer-impedir-entrada-de-animais-de-outros-paises-sem-fiscalizacao-na-faixa-de-fronteira\/"},"author":{"name":"P\u00e9ricles C\u00e2ndido","@id":"https:\/\/acrimat.org.br\/portal\/#\/schema\/person\/18df8bcf6890e924fe5d8b5afd2bec0f"},"headline":"\u200bIndea quer impedir entrada de animais de outros pa\u00edses sem fiscaliza\u00e7\u00e3o na faixa de Fronteira","datePublished":"2017-08-30T13:22:05+00:00","dateModified":"2017-08-30T13:23:56+00:00","mainEntityOfPage":{"@id":"https:\/\/acrimat.org.br\/portal\/%e2%80%8bindea-quer-impedir-entrada-de-animais-de-outros-paises-sem-fiscalizacao-na-faixa-de-fronteira\/"},"wordCount":198,"publisher":{"@id":"https:\/\/acrimat.org.br\/portal\/#organization"},"image":{"@id":"https:\/\/acrimat.org.br\/portal\/%e2%80%8bindea-quer-impedir-entrada-de-animais-de-outros-paises-sem-fiscalizacao-na-faixa-de-fronteira\/#primaryimage"},"thumbnailUrl":"https:\/\/acrimat.org.br\/portal\/wp-content\/uploads\/2016\/07\/GADO7.jpg","articleSection":["Destaques","Not\u00edcias"],"inLanguage":"pt-BR"},{"@type":"WebPage","@id":"https:\/\/acrimat.org.br\/portal\/%e2%80%8bindea-quer-impedir-entrada-de-animais-de-outros-paises-sem-fiscalizacao-na-faixa-de-fronteira\/","url":"https:\/\/acrimat.org.br\/portal\/%e2%80%8bindea-quer-impedir-entrada-de-animais-de-outros-paises-sem-fiscalizacao-na-faixa-de-fronteira\/","name":"\u200bIndea quer impedir entrada de animais de outros pa\u00edses sem fiscaliza\u00e7\u00e3o na faixa de Fronteira - Acrimat","isPartOf":{"@id":"https:\/\/acrimat.org.br\/portal\/#website"},"primaryImageOfPage":{"@id":"https:\/\/acrimat.org.br\/portal\/%e2%80%8bindea-quer-impedir-entrada-de-animais-de-outros-paises-sem-fiscalizacao-na-faixa-de-fronteira\/#primaryimage"},"image":{"@id":"https:\/\/acrimat.org.br\/portal\/%e2%80%8bindea-quer-impedir-entrada-de-animais-de-outros-paises-sem-fiscalizacao-na-faixa-de-fronteira\/#primaryimage"},"thumbnailUrl":"https:\/\/acrimat.org.br\/portal\/wp-content\/uploads\/2016\/07\/GADO7.jpg","datePublished":"2017-08-30T13:22:05+00:00","dateModified":"2017-08-30T13:23:56+00:00","breadcrumb":{"@id":"https:\/\/acrimat.org.br\/portal\/%e2%80%8bindea-quer-impedir-entrada-de-animais-de-outros-paises-sem-fiscalizacao-na-faixa-de-fronteira\/#breadcrumb"},"inLanguage":"pt-BR","potentialAction":[{"@type":"ReadAction","target":["https:\/\/acrimat.org.br\/portal\/%e2%80%8bindea-quer-impedir-entrada-de-animais-de-outros-paises-sem-fiscalizacao-na-faixa-de-fronteira\/"]}]},{"@type":"ImageObject","inLanguage":"pt-BR","@id":"https:\/\/acrimat.org.br\/portal\/%e2%80%8bindea-quer-impedir-entrada-de-animais-de-outros-paises-sem-fiscalizacao-na-faixa-de-fronteira\/#primaryimage","url":"https:\/\/acrimat.org.br\/portal\/wp-content\/uploads\/2016\/07\/GADO7.jpg","contentUrl":"https:\/\/acrimat.org.br\/portal\/wp-content\/uploads\/2016\/07\/GADO7.jpg","width":590,"height":443},{"@type":"BreadcrumbList","@id":"https:\/\/acrimat.org.br\/portal\/%e2%80%8bindea-quer-impedir-entrada-de-animais-de-outros-paises-sem-fiscalizacao-na-faixa-de-fronteira\/#breadcrumb","itemListElement":[{"@type":"ListItem","position":1,"name":"In\u00edcio","item":"https:\/\/acrimat.org.br\/portal\/"},{"@type":"ListItem","position":2,"name":"\u200bIndea quer impedir entrada de animais de outros pa\u00edses sem fiscaliza\u00e7\u00e3o na faixa de Fronteira"}]},{"@type":"WebSite","@id":"https:\/\/acrimat.org.br\/portal\/#website","url":"https:\/\/acrimat.org.br\/portal\/","name":"Acrimat","description":"Associa\u00e7\u00e3o dos Criadores de Mato Grosso","publisher":{"@id":"https:\/\/acrimat.org.br\/portal\/#organization"},"potentialAction":[{"@type":"SearchAction","target":{"@type":"EntryPoint","urlTemplate":"https:\/\/acrimat.org.br\/portal\/?s={search_term_string}"},"query-input":{"@type":"PropertyValueSpecification","valueRequired":true,"valueName":"search_term_string"}}],"inLanguage":"pt-BR"},{"@type":"Organization","@id":"https:\/\/acrimat.org.br\/portal\/#organization","name":"Associa\u00e7\u00e3o dos Criadores de Mato Grosso","url":"https:\/\/acrimat.org.br\/portal\/","logo":{"@type":"ImageObject","inLanguage":"pt-BR","@id":"https:\/\/acrimat.org.br\/portal\/#\/schema\/logo\/image\/","url":"https:\/\/acrimat.org.br\/portal\/wp-content\/uploads\/2018\/03\/logo-peq-original.png","contentUrl":"https:\/\/acrimat.org.br\/portal\/wp-content\/uploads\/2018\/03\/logo-peq-original.png","width":174,"height":171,"caption":"Associa\u00e7\u00e3o dos Criadores de Mato Grosso"},"image":{"@id":"https:\/\/acrimat.org.br\/portal\/#\/schema\/logo\/image\/"}},{"@type":"Person","@id":"https:\/\/acrimat.org.br\/portal\/#\/schema\/person\/18df8bcf6890e924fe5d8b5afd2bec0f","name":"P\u00e9ricles C\u00e2ndido","image":{"@type":"ImageObject","inLanguage":"pt-BR","@id":"https:\/\/acrimat.org.br\/portal\/#\/schema\/person\/image\/","url":"https:\/\/secure.gravatar.com\/avatar\/33e2a2b971dc363ed2df53d0d3bfbd18?s=96&d=mm&r=g","contentUrl":"https:\/\/secure.gravatar.com\/avatar\/33e2a2b971dc363ed2df53d0d3bfbd18?s=96&d=mm&r=g","caption":"P\u00e9ricles C\u00e2ndido"},"sameAs":["ascom@acrimat.org.br"],"url":"https:\/\/acrimat.org.br\/portal\/author\/designergrafico\/"}]}},"_links":{"self":[{"href":"https:\/\/acrimat.org.br\/portal\/wp-json\/wp\/v2\/posts\/97983368","targetHints":{"allow":["GET"]}}],"collection":[{"href":"https:\/\/acrimat.org.br\/portal\/wp-json\/wp\/v2\/posts"}],"about":[{"href":"https:\/\/acrimat.org.br\/portal\/wp-json\/wp\/v2\/types\/post"}],"author":[{"embeddable":true,"href":"https:\/\/acrimat.org.br\/portal\/wp-json\/wp\/v2\/users\/11"}],"replies":[{"embeddable":true,"href":"https:\/\/acrimat.org.br\/portal\/wp-json\/wp\/v2\/comments?post=97983368"}],"version-history":[{"count":3,"href":"https:\/\/acrimat.org.br\/portal\/wp-json\/wp\/v2\/posts\/97983368\/revisions"}],"predecessor-version":[{"id":97983372,"href":"https:\/\/acrimat.org.br\/portal\/wp-json\/wp\/v2\/posts\/97983368\/revisions\/97983372"}],"wp:featuredmedia":[{"embeddable":true,"href":"https:\/\/acrimat.org.br\/portal\/wp-json\/wp\/v2\/media\/97977022"}],"wp:attachment":[{"href":"https:\/\/acrimat.org.br\/portal\/wp-json\/wp\/v2\/media?parent=97983368"}],"wp:term":[{"taxonomy":"category","embeddable":true,"href":"https:\/\/acrimat.org.br\/portal\/wp-json\/wp\/v2\/categories?post=97983368"},{"taxonomy":"post_tag","embeddable":true,"href":"https:\/\/acrimat.org.br\/portal\/wp-json\/wp\/v2\/tags?post=97983368"}],"curies":[{"name":"wp","href":"https:\/\/api.w.org\/{rel}","templated":true}]}}