{"id":97983379,"date":"2017-08-31T11:07:22","date_gmt":"2017-08-31T14:07:22","guid":{"rendered":"http:\/\/acrimat.org.br\/portal\/?p=97983379"},"modified":"2017-08-31T11:07:22","modified_gmt":"2017-08-31T14:07:22","slug":"confinamento-mercado-futuro-e-valor-dos-insumos-animam","status":"publish","type":"post","link":"https:\/\/acrimat.org.br\/portal\/confinamento-mercado-futuro-e-valor-dos-insumos-animam\/","title":{"rendered":"Confinamento: mercado futuro e valor dos insumos animam"},"content":{"rendered":"<p><a href=\"http:\/\/acrimat.org.br\/portal\/wp-content\/uploads\/2016\/05\/confinamento6.jpg\"><img fetchpriority=\"high\" decoding=\"async\" class=\"size-medium wp-image-97975281 alignleft\" src=\"http:\/\/acrimat.org.br\/portal\/wp-content\/uploads\/2016\/05\/confinamento6-300x225.jpg\" alt=\"\" width=\"300\" height=\"225\" \/><\/a>O cen\u00e1rio para o confinamento ganhou novo \u00e2nimo a partir de meados de julho com a recupera\u00e7\u00e3o do vencimento outubro do boi gordo na B3. Em 21 de junho, o valor chegou ao m\u00ednimo de R$ 119,50 ap\u00f3s o desenrolar da Opera\u00e7\u00e3o Carne Fraca, da dela\u00e7\u00e3o da JBS e da suspens\u00e3o da importa\u00e7\u00e3o de carne in natura pelos Estados Unidos. Este m\u00eas, gira em torno de R$ 140\/@. \u201cA opera\u00e7\u00e3o, que antes entregava preju\u00edzo, passou, n\u00e3o somente a ser positiva, mas a garantir margens interessantes ao confinador\u201d, afirma o analista Alex Santos Lopes da Silva em nota no site da Scot Consultoria.<\/p>\n<p>Segundo ele, embora a cota\u00e7\u00e3o na bolsa tenha \u201cdestravado\u201d a opera\u00e7\u00e3o, boas oportunidades nas compras de insumos &#8211; principalmente os que comp\u00f5em a dieta &#8211; tamb\u00e9m ajudaram o cen\u00e1rio. \u201cMilho e farelo de soja atingiram os menores pre\u00e7os do ano, e ficaram, respectivamente, 42,7% e 21,5% mais baixos do que em agosto de 2016\u201d. Os pre\u00e7os foram derrubados pelas safras recordes de soja e milho e as recentes not\u00edcias de que a produ\u00e7\u00e3o nos Estados Unidos pode ficar acima do esperado.<\/p>\n<p>Mesmo considerando a queda no pre\u00e7o da arroba em rela\u00e7\u00e3o \u00e0 outubro de 2016 &#8211; cerca de 8,9% -, a rela\u00e7\u00e3o para o confinador ainda fica favor\u00e1vel com a arroba fixada em R$ 140, j\u00e1 que \u00e9 poss\u00edvel reduzir os custos com as baixas no milho e no farelo de soja.<\/p>\n<p>A rela\u00e7\u00e3o de troca melhorou, mostram dados da Scot. A consultoria montou um comparativo entre o pre\u00e7o pago pelos ingredientes da dieta em agosto e o de venda da arroba quando este boi estiver pronto em outubro. Para visualizar a condi\u00e7\u00e3o apresentada em agosto de 2017, eles compararam o resultado de anos anteriores, considerando a cota\u00e7\u00e3o do mercado f\u00edsico do boi em outubro, ano a ano, de 2010 a 2016 e, para 2017, usaram o contrato futuro de outubro, cuja cota\u00e7\u00e3o estava em R$140. \u201cQuem fixou o pre\u00e7o de venda em R$140,00\/@, obter\u00e1 receita suficiente pagar 5,4 sacas de milho, a melhor condi\u00e7\u00e3o desde 2014. Al\u00e9m disso, com 7,66 arrobas vendidas ser\u00e1 poss\u00edvel quitar uma d\u00edvida contra\u00edda com compra de uma tonelada de farelo de soja, o melhor poder de pagamento desde 2011\u201d.<\/p>\n<p>Por isso, Silva conclui que embora a explos\u00e3o dos pre\u00e7os da arroba na bolsa nos contratos de outubro e novembro, que sa\u00edram de R$119,00 em junho para mais de R$140,00 em agosto, chamem a aten\u00e7\u00e3o, n\u00e3o se pode ignorar que os insumos foram facilitadores para quem confinou ou confinar\u00e1 neste segundo giro.<\/p>\n<p><strong>Expectativas &#8211;<\/strong> Em apresenta\u00e7\u00e3o dos dados do Rally da Pecu\u00e1ria 2017, a Agroconsult projetou que o pa\u00eds tenha mais de 5 milh\u00f5es de cabe\u00e7as confinadas at\u00e9 o fim do ano. Para a consultoria, por\u00e9m, ainda n\u00e3o \u00e9 poss\u00edvel determinar se isso representa queda ou n\u00e3o em rela\u00e7\u00e3o \u00e0 2016, pois os n\u00fameros do ano passado ainda n\u00e3o est\u00e3o consolidados.<\/p>\n","protected":false},"excerpt":{"rendered":"<p>Pre\u00e7o na bolsa trouxe de volta atratividade da opera\u00e7\u00e3o; queda dos pre\u00e7os dos principais insumos facilitou a compra e reduziu os custos<\/p>\n","protected":false},"author":11,"featured_media":0,"comment_status":"closed","ping_status":"closed","sticky":false,"template":"","format":"standard","meta":{"footnotes":""},"categories":[6,1],"tags":[],"class_list":["post-97983379","post","type-post","status-publish","format-standard","hentry","category-destaque","category-noticia"],"yoast_head":"<!-- This site is optimized with the Yoast SEO plugin v24.8.1 - https:\/\/yoast.com\/wordpress\/plugins\/seo\/ -->\n<title>Confinamento: mercado futuro e valor dos insumos animam - Acrimat<\/title>\n<meta name=\"robots\" content=\"index, follow, max-snippet:-1, max-image-preview:large, max-video-preview:-1\" \/>\n<link rel=\"canonical\" href=\"https:\/\/acrimat.org.br\/portal\/confinamento-mercado-futuro-e-valor-dos-insumos-animam\/\" \/>\n<meta property=\"og:locale\" content=\"pt_BR\" \/>\n<meta property=\"og:type\" content=\"article\" \/>\n<meta property=\"og:title\" content=\"Confinamento: mercado futuro e valor dos insumos animam - Acrimat\" \/>\n<meta property=\"og:description\" content=\"Pre\u00e7o na bolsa trouxe de volta atratividade da opera\u00e7\u00e3o; queda dos pre\u00e7os dos principais insumos facilitou a compra e reduziu os custos\" \/>\n<meta property=\"og:url\" content=\"https:\/\/acrimat.org.br\/portal\/confinamento-mercado-futuro-e-valor-dos-insumos-animam\/\" \/>\n<meta property=\"og:site_name\" content=\"Acrimat\" \/>\n<meta property=\"article:published_time\" content=\"2017-08-31T14:07:22+00:00\" \/>\n<meta property=\"og:image\" content=\"http:\/\/acrimat.org.br\/portal\/wp-content\/uploads\/2016\/05\/confinamento6-300x225.jpg\" \/>\n<meta name=\"author\" content=\"P\u00e9ricles C\u00e2ndido\" \/>\n<meta name=\"twitter:card\" content=\"summary_large_image\" \/>\n<meta name=\"twitter:label1\" content=\"Escrito por\" \/>\n\t<meta name=\"twitter:data1\" content=\"P\u00e9ricles C\u00e2ndido\" \/>\n\t<meta name=\"twitter:label2\" content=\"Est. tempo de leitura\" \/>\n\t<meta name=\"twitter:data2\" content=\"3 minutos\" \/>\n<script type=\"application\/ld+json\" class=\"yoast-schema-graph\">{\"@context\":\"https:\/\/schema.org\",\"@graph\":[{\"@type\":\"Article\",\"@id\":\"https:\/\/acrimat.org.br\/portal\/confinamento-mercado-futuro-e-valor-dos-insumos-animam\/#article\",\"isPartOf\":{\"@id\":\"https:\/\/acrimat.org.br\/portal\/confinamento-mercado-futuro-e-valor-dos-insumos-animam\/\"},\"author\":{\"name\":\"P\u00e9ricles C\u00e2ndido\",\"@id\":\"https:\/\/acrimat.org.br\/portal\/#\/schema\/person\/18df8bcf6890e924fe5d8b5afd2bec0f\"},\"headline\":\"Confinamento: mercado futuro e valor dos insumos animam\",\"datePublished\":\"2017-08-31T14:07:22+00:00\",\"mainEntityOfPage\":{\"@id\":\"https:\/\/acrimat.org.br\/portal\/confinamento-mercado-futuro-e-valor-dos-insumos-animam\/\"},\"wordCount\":518,\"publisher\":{\"@id\":\"https:\/\/acrimat.org.br\/portal\/#organization\"},\"image\":{\"@id\":\"https:\/\/acrimat.org.br\/portal\/confinamento-mercado-futuro-e-valor-dos-insumos-animam\/#primaryimage\"},\"thumbnailUrl\":\"http:\/\/acrimat.org.br\/portal\/wp-content\/uploads\/2016\/05\/confinamento6-300x225.jpg\",\"articleSection\":[\"Destaques\",\"Not\u00edcias\"],\"inLanguage\":\"pt-BR\"},{\"@type\":\"WebPage\",\"@id\":\"https:\/\/acrimat.org.br\/portal\/confinamento-mercado-futuro-e-valor-dos-insumos-animam\/\",\"url\":\"https:\/\/acrimat.org.br\/portal\/confinamento-mercado-futuro-e-valor-dos-insumos-animam\/\",\"name\":\"Confinamento: mercado futuro e valor dos insumos animam - Acrimat\",\"isPartOf\":{\"@id\":\"https:\/\/acrimat.org.br\/portal\/#website\"},\"primaryImageOfPage\":{\"@id\":\"https:\/\/acrimat.org.br\/portal\/confinamento-mercado-futuro-e-valor-dos-insumos-animam\/#primaryimage\"},\"image\":{\"@id\":\"https:\/\/acrimat.org.br\/portal\/confinamento-mercado-futuro-e-valor-dos-insumos-animam\/#primaryimage\"},\"thumbnailUrl\":\"http:\/\/acrimat.org.br\/portal\/wp-content\/uploads\/2016\/05\/confinamento6-300x225.jpg\",\"datePublished\":\"2017-08-31T14:07:22+00:00\",\"breadcrumb\":{\"@id\":\"https:\/\/acrimat.org.br\/portal\/confinamento-mercado-futuro-e-valor-dos-insumos-animam\/#breadcrumb\"},\"inLanguage\":\"pt-BR\",\"potentialAction\":[{\"@type\":\"ReadAction\",\"target\":[\"https:\/\/acrimat.org.br\/portal\/confinamento-mercado-futuro-e-valor-dos-insumos-animam\/\"]}]},{\"@type\":\"ImageObject\",\"inLanguage\":\"pt-BR\",\"@id\":\"https:\/\/acrimat.org.br\/portal\/confinamento-mercado-futuro-e-valor-dos-insumos-animam\/#primaryimage\",\"url\":\"http:\/\/acrimat.org.br\/portal\/wp-content\/uploads\/2016\/05\/confinamento6-300x225.jpg\",\"contentUrl\":\"http:\/\/acrimat.org.br\/portal\/wp-content\/uploads\/2016\/05\/confinamento6-300x225.jpg\"},{\"@type\":\"BreadcrumbList\",\"@id\":\"https:\/\/acrimat.org.br\/portal\/confinamento-mercado-futuro-e-valor-dos-insumos-animam\/#breadcrumb\",\"itemListElement\":[{\"@type\":\"ListItem\",\"position\":1,\"name\":\"In\u00edcio\",\"item\":\"https:\/\/acrimat.org.br\/portal\/\"},{\"@type\":\"ListItem\",\"position\":2,\"name\":\"Confinamento: mercado futuro e valor dos insumos animam\"}]},{\"@type\":\"WebSite\",\"@id\":\"https:\/\/acrimat.org.br\/portal\/#website\",\"url\":\"https:\/\/acrimat.org.br\/portal\/\",\"name\":\"Acrimat\",\"description\":\"Associa\u00e7\u00e3o dos Criadores de Mato Grosso\",\"publisher\":{\"@id\":\"https:\/\/acrimat.org.br\/portal\/#organization\"},\"potentialAction\":[{\"@type\":\"SearchAction\",\"target\":{\"@type\":\"EntryPoint\",\"urlTemplate\":\"https:\/\/acrimat.org.br\/portal\/?s={search_term_string}\"},\"query-input\":{\"@type\":\"PropertyValueSpecification\",\"valueRequired\":true,\"valueName\":\"search_term_string\"}}],\"inLanguage\":\"pt-BR\"},{\"@type\":\"Organization\",\"@id\":\"https:\/\/acrimat.org.br\/portal\/#organization\",\"name\":\"Associa\u00e7\u00e3o dos Criadores de Mato Grosso\",\"url\":\"https:\/\/acrimat.org.br\/portal\/\",\"logo\":{\"@type\":\"ImageObject\",\"inLanguage\":\"pt-BR\",\"@id\":\"https:\/\/acrimat.org.br\/portal\/#\/schema\/logo\/image\/\",\"url\":\"https:\/\/acrimat.org.br\/portal\/wp-content\/uploads\/2018\/03\/logo-peq-original.png\",\"contentUrl\":\"https:\/\/acrimat.org.br\/portal\/wp-content\/uploads\/2018\/03\/logo-peq-original.png\",\"width\":174,\"height\":171,\"caption\":\"Associa\u00e7\u00e3o dos Criadores de Mato Grosso\"},\"image\":{\"@id\":\"https:\/\/acrimat.org.br\/portal\/#\/schema\/logo\/image\/\"}},{\"@type\":\"Person\",\"@id\":\"https:\/\/acrimat.org.br\/portal\/#\/schema\/person\/18df8bcf6890e924fe5d8b5afd2bec0f\",\"name\":\"P\u00e9ricles C\u00e2ndido\",\"image\":{\"@type\":\"ImageObject\",\"inLanguage\":\"pt-BR\",\"@id\":\"https:\/\/acrimat.org.br\/portal\/#\/schema\/person\/image\/\",\"url\":\"https:\/\/secure.gravatar.com\/avatar\/33e2a2b971dc363ed2df53d0d3bfbd18?s=96&d=mm&r=g\",\"contentUrl\":\"https:\/\/secure.gravatar.com\/avatar\/33e2a2b971dc363ed2df53d0d3bfbd18?s=96&d=mm&r=g\",\"caption\":\"P\u00e9ricles C\u00e2ndido\"},\"sameAs\":[\"ascom@acrimat.org.br\"],\"url\":\"https:\/\/acrimat.org.br\/portal\/author\/designergrafico\/\"}]}<\/script>\n<!-- \/ Yoast SEO plugin. -->","yoast_head_json":{"title":"Confinamento: mercado futuro e valor dos insumos animam - Acrimat","robots":{"index":"index","follow":"follow","max-snippet":"max-snippet:-1","max-image-preview":"max-image-preview:large","max-video-preview":"max-video-preview:-1"},"canonical":"https:\/\/acrimat.org.br\/portal\/confinamento-mercado-futuro-e-valor-dos-insumos-animam\/","og_locale":"pt_BR","og_type":"article","og_title":"Confinamento: mercado futuro e valor dos insumos animam - Acrimat","og_description":"Pre\u00e7o na bolsa trouxe de volta atratividade da opera\u00e7\u00e3o; queda dos pre\u00e7os dos principais insumos facilitou a compra e reduziu os custos","og_url":"https:\/\/acrimat.org.br\/portal\/confinamento-mercado-futuro-e-valor-dos-insumos-animam\/","og_site_name":"Acrimat","article_published_time":"2017-08-31T14:07:22+00:00","og_image":[{"url":"http:\/\/acrimat.org.br\/portal\/wp-content\/uploads\/2016\/05\/confinamento6-300x225.jpg","type":"","width":"","height":""}],"author":"P\u00e9ricles C\u00e2ndido","twitter_card":"summary_large_image","twitter_misc":{"Escrito por":"P\u00e9ricles C\u00e2ndido","Est. tempo de leitura":"3 minutos"},"schema":{"@context":"https:\/\/schema.org","@graph":[{"@type":"Article","@id":"https:\/\/acrimat.org.br\/portal\/confinamento-mercado-futuro-e-valor-dos-insumos-animam\/#article","isPartOf":{"@id":"https:\/\/acrimat.org.br\/portal\/confinamento-mercado-futuro-e-valor-dos-insumos-animam\/"},"author":{"name":"P\u00e9ricles C\u00e2ndido","@id":"https:\/\/acrimat.org.br\/portal\/#\/schema\/person\/18df8bcf6890e924fe5d8b5afd2bec0f"},"headline":"Confinamento: mercado futuro e valor dos insumos animam","datePublished":"2017-08-31T14:07:22+00:00","mainEntityOfPage":{"@id":"https:\/\/acrimat.org.br\/portal\/confinamento-mercado-futuro-e-valor-dos-insumos-animam\/"},"wordCount":518,"publisher":{"@id":"https:\/\/acrimat.org.br\/portal\/#organization"},"image":{"@id":"https:\/\/acrimat.org.br\/portal\/confinamento-mercado-futuro-e-valor-dos-insumos-animam\/#primaryimage"},"thumbnailUrl":"http:\/\/acrimat.org.br\/portal\/wp-content\/uploads\/2016\/05\/confinamento6-300x225.jpg","articleSection":["Destaques","Not\u00edcias"],"inLanguage":"pt-BR"},{"@type":"WebPage","@id":"https:\/\/acrimat.org.br\/portal\/confinamento-mercado-futuro-e-valor-dos-insumos-animam\/","url":"https:\/\/acrimat.org.br\/portal\/confinamento-mercado-futuro-e-valor-dos-insumos-animam\/","name":"Confinamento: mercado futuro e valor dos insumos animam - Acrimat","isPartOf":{"@id":"https:\/\/acrimat.org.br\/portal\/#website"},"primaryImageOfPage":{"@id":"https:\/\/acrimat.org.br\/portal\/confinamento-mercado-futuro-e-valor-dos-insumos-animam\/#primaryimage"},"image":{"@id":"https:\/\/acrimat.org.br\/portal\/confinamento-mercado-futuro-e-valor-dos-insumos-animam\/#primaryimage"},"thumbnailUrl":"http:\/\/acrimat.org.br\/portal\/wp-content\/uploads\/2016\/05\/confinamento6-300x225.jpg","datePublished":"2017-08-31T14:07:22+00:00","breadcrumb":{"@id":"https:\/\/acrimat.org.br\/portal\/confinamento-mercado-futuro-e-valor-dos-insumos-animam\/#breadcrumb"},"inLanguage":"pt-BR","potentialAction":[{"@type":"ReadAction","target":["https:\/\/acrimat.org.br\/portal\/confinamento-mercado-futuro-e-valor-dos-insumos-animam\/"]}]},{"@type":"ImageObject","inLanguage":"pt-BR","@id":"https:\/\/acrimat.org.br\/portal\/confinamento-mercado-futuro-e-valor-dos-insumos-animam\/#primaryimage","url":"http:\/\/acrimat.org.br\/portal\/wp-content\/uploads\/2016\/05\/confinamento6-300x225.jpg","contentUrl":"http:\/\/acrimat.org.br\/portal\/wp-content\/uploads\/2016\/05\/confinamento6-300x225.jpg"},{"@type":"BreadcrumbList","@id":"https:\/\/acrimat.org.br\/portal\/confinamento-mercado-futuro-e-valor-dos-insumos-animam\/#breadcrumb","itemListElement":[{"@type":"ListItem","position":1,"name":"In\u00edcio","item":"https:\/\/acrimat.org.br\/portal\/"},{"@type":"ListItem","position":2,"name":"Confinamento: mercado futuro e valor dos insumos animam"}]},{"@type":"WebSite","@id":"https:\/\/acrimat.org.br\/portal\/#website","url":"https:\/\/acrimat.org.br\/portal\/","name":"Acrimat","description":"Associa\u00e7\u00e3o dos Criadores de Mato Grosso","publisher":{"@id":"https:\/\/acrimat.org.br\/portal\/#organization"},"potentialAction":[{"@type":"SearchAction","target":{"@type":"EntryPoint","urlTemplate":"https:\/\/acrimat.org.br\/portal\/?s={search_term_string}"},"query-input":{"@type":"PropertyValueSpecification","valueRequired":true,"valueName":"search_term_string"}}],"inLanguage":"pt-BR"},{"@type":"Organization","@id":"https:\/\/acrimat.org.br\/portal\/#organization","name":"Associa\u00e7\u00e3o dos Criadores de Mato Grosso","url":"https:\/\/acrimat.org.br\/portal\/","logo":{"@type":"ImageObject","inLanguage":"pt-BR","@id":"https:\/\/acrimat.org.br\/portal\/#\/schema\/logo\/image\/","url":"https:\/\/acrimat.org.br\/portal\/wp-content\/uploads\/2018\/03\/logo-peq-original.png","contentUrl":"https:\/\/acrimat.org.br\/portal\/wp-content\/uploads\/2018\/03\/logo-peq-original.png","width":174,"height":171,"caption":"Associa\u00e7\u00e3o dos Criadores de Mato Grosso"},"image":{"@id":"https:\/\/acrimat.org.br\/portal\/#\/schema\/logo\/image\/"}},{"@type":"Person","@id":"https:\/\/acrimat.org.br\/portal\/#\/schema\/person\/18df8bcf6890e924fe5d8b5afd2bec0f","name":"P\u00e9ricles C\u00e2ndido","image":{"@type":"ImageObject","inLanguage":"pt-BR","@id":"https:\/\/acrimat.org.br\/portal\/#\/schema\/person\/image\/","url":"https:\/\/secure.gravatar.com\/avatar\/33e2a2b971dc363ed2df53d0d3bfbd18?s=96&d=mm&r=g","contentUrl":"https:\/\/secure.gravatar.com\/avatar\/33e2a2b971dc363ed2df53d0d3bfbd18?s=96&d=mm&r=g","caption":"P\u00e9ricles C\u00e2ndido"},"sameAs":["ascom@acrimat.org.br"],"url":"https:\/\/acrimat.org.br\/portal\/author\/designergrafico\/"}]}},"_links":{"self":[{"href":"https:\/\/acrimat.org.br\/portal\/wp-json\/wp\/v2\/posts\/97983379","targetHints":{"allow":["GET"]}}],"collection":[{"href":"https:\/\/acrimat.org.br\/portal\/wp-json\/wp\/v2\/posts"}],"about":[{"href":"https:\/\/acrimat.org.br\/portal\/wp-json\/wp\/v2\/types\/post"}],"author":[{"embeddable":true,"href":"https:\/\/acrimat.org.br\/portal\/wp-json\/wp\/v2\/users\/11"}],"replies":[{"embeddable":true,"href":"https:\/\/acrimat.org.br\/portal\/wp-json\/wp\/v2\/comments?post=97983379"}],"version-history":[{"count":2,"href":"https:\/\/acrimat.org.br\/portal\/wp-json\/wp\/v2\/posts\/97983379\/revisions"}],"predecessor-version":[{"id":97983381,"href":"https:\/\/acrimat.org.br\/portal\/wp-json\/wp\/v2\/posts\/97983379\/revisions\/97983381"}],"wp:attachment":[{"href":"https:\/\/acrimat.org.br\/portal\/wp-json\/wp\/v2\/media?parent=97983379"}],"wp:term":[{"taxonomy":"category","embeddable":true,"href":"https:\/\/acrimat.org.br\/portal\/wp-json\/wp\/v2\/categories?post=97983379"},{"taxonomy":"post_tag","embeddable":true,"href":"https:\/\/acrimat.org.br\/portal\/wp-json\/wp\/v2\/tags?post=97983379"}],"curies":[{"name":"wp","href":"https:\/\/api.w.org\/{rel}","templated":true}]}}