{"id":97983395,"date":"2017-09-01T09:49:18","date_gmt":"2017-09-01T12:49:18","guid":{"rendered":"http:\/\/acrimat.org.br\/portal\/?p=97983395"},"modified":"2017-09-01T09:49:18","modified_gmt":"2017-09-01T12:49:18","slug":"mercado-de-boi-deve-ter-precos-em-elevacao-ate-a-entressafra-diz-scot","status":"publish","type":"post","link":"https:\/\/acrimat.org.br\/portal\/mercado-de-boi-deve-ter-precos-em-elevacao-ate-a-entressafra-diz-scot\/","title":{"rendered":"Mercado de boi deve ter pre\u00e7os em eleva\u00e7\u00e3o at\u00e9 a entressafra, diz Scot"},"content":{"rendered":"<div id=\"attachment_97983396\" style=\"width: 310px\" class=\"wp-caption alignright\"><a href=\"http:\/\/acrimat.org.br\/portal\/wp-content\/uploads\/2017\/09\/dsc_8477.jpg\"><img fetchpriority=\"high\" decoding=\"async\" aria-describedby=\"caption-attachment-97983396\" class=\"size-medium wp-image-97983396\" src=\"http:\/\/acrimat.org.br\/portal\/wp-content\/uploads\/2017\/09\/dsc_8477-300x169.jpg\" alt=\"\" width=\"300\" height=\"169\" srcset=\"https:\/\/acrimat.org.br\/portal\/wp-content\/uploads\/2017\/09\/dsc_8477-300x169.jpg 300w, https:\/\/acrimat.org.br\/portal\/wp-content\/uploads\/2017\/09\/dsc_8477-768x433.jpg 768w, https:\/\/acrimat.org.br\/portal\/wp-content\/uploads\/2017\/09\/dsc_8477-250x141.jpg 250w, https:\/\/acrimat.org.br\/portal\/wp-content\/uploads\/2017\/09\/dsc_8477-550x310.jpg 550w, https:\/\/acrimat.org.br\/portal\/wp-content\/uploads\/2017\/09\/dsc_8477-319x180.jpg 319w, https:\/\/acrimat.org.br\/portal\/wp-content\/uploads\/2017\/09\/dsc_8477-532x300.jpg 532w, https:\/\/acrimat.org.br\/portal\/wp-content\/uploads\/2017\/09\/dsc_8477.jpg 780w\" sizes=\"(max-width: 300px) 100vw, 300px\" \/><\/a><p id=\"caption-attachment-97983396\" class=\"wp-caption-text\">Arroba do boi chegou a cair R$ 30 ap\u00f3s esc\u00e2ndalos desvendados pela Carne Fraca. (Foto: Ernesto de Souza\/Ed. Globo)<\/p><\/div>\n<p>O mercado de boi gordo est\u00e1 se recuperando e a expectativa \u00e9 de eleva\u00e7\u00e3o dos pre\u00e7os pelo menos at\u00e9 a entressafra, no m\u00eas de outubro. Foi o que afirmou o diretor da Scot Consultoria, Alcides Torres, em conversa com Globo Rural durante a Expointer, em Esteio (RS). \u201cN\u00e3o se pode desprezar a for\u00e7a da entressafra. O processo \u00e9 de recupera\u00e7\u00e3o dos pre\u00e7os vistos seis meses atr\u00e1s.\u201d<\/p>\n<p>Em mar\u00e7o, a arroba do boi, tomando por base o Estado de S\u00e3o Paulo, estava em torno de R$ 150, R$ 155. Com os efeitos negativos de fatos como a Opera\u00e7\u00e3o Carne Fraca, chegou a cair para R$ 120. Hoje est\u00e1 em torno de R$ 140 na mesma refer\u00eancia.<\/p>\n<p>O atual movimento dos pre\u00e7os s\u00f3 deve ser interrompido se houver aumento na quantidade de bovinos nos cochos na segunda etapa de confinamento, entre este m\u00eas e outubro. No ciclo anterior, o volume caiu e n\u00e3o foi suficiente para \u201cabalar\u201d as cota\u00e7\u00f5es.<\/p>\n<p>Agora, no entanto, o cen\u00e1rio de mercado favorece a decis\u00e3o do produtor de confinar, avalia o consultor. N\u00e3o apenas pela eleva\u00e7\u00e3o dos pre\u00e7os do boi. As cota\u00e7\u00f5es dos insumos para a ra\u00e7\u00e3o dos animais est\u00e3o mais baixas. As do garrote tamb\u00e9m.<\/p>\n<p>\u201cO cen\u00e1rio \u00e9 positivo para confinar mais e pode ter influ\u00eancia nos pre\u00e7os l\u00e1 na frente. O criador tem que ficar atento, fazer o seguro de pre\u00e7os quando poss\u00edvel e gerenciar os custos\u201d, orienta Torres.<\/p>\n","protected":false},"excerpt":{"rendered":"<p>Mercado de boi deve ter pre\u00e7os em eleva\u00e7\u00e3o at\u00e9 a entressafra, diz Scot<\/p>\n","protected":false},"author":11,"featured_media":97983396,"comment_status":"closed","ping_status":"closed","sticky":false,"template":"","format":"standard","meta":{"footnotes":""},"categories":[6,1],"tags":[],"class_list":["post-97983395","post","type-post","status-publish","format-standard","has-post-thumbnail","hentry","category-destaque","category-noticia"],"yoast_head":"<!-- This site is optimized with the Yoast SEO plugin v24.8.1 - https:\/\/yoast.com\/wordpress\/plugins\/seo\/ -->\n<title>Mercado de boi deve ter pre\u00e7os em eleva\u00e7\u00e3o at\u00e9 a entressafra, diz Scot - Acrimat<\/title>\n<meta name=\"robots\" content=\"index, follow, max-snippet:-1, max-image-preview:large, max-video-preview:-1\" \/>\n<link rel=\"canonical\" href=\"https:\/\/acrimat.org.br\/portal\/mercado-de-boi-deve-ter-precos-em-elevacao-ate-a-entressafra-diz-scot\/\" \/>\n<meta property=\"og:locale\" content=\"pt_BR\" \/>\n<meta property=\"og:type\" content=\"article\" \/>\n<meta property=\"og:title\" content=\"Mercado de boi deve ter pre\u00e7os em eleva\u00e7\u00e3o at\u00e9 a entressafra, diz Scot - Acrimat\" \/>\n<meta property=\"og:description\" content=\"Mercado de boi deve ter pre\u00e7os em eleva\u00e7\u00e3o at\u00e9 a entressafra, diz Scot\" \/>\n<meta property=\"og:url\" content=\"https:\/\/acrimat.org.br\/portal\/mercado-de-boi-deve-ter-precos-em-elevacao-ate-a-entressafra-diz-scot\/\" \/>\n<meta property=\"og:site_name\" content=\"Acrimat\" \/>\n<meta property=\"article:published_time\" content=\"2017-09-01T12:49:18+00:00\" \/>\n<meta property=\"og:image\" content=\"https:\/\/acrimat.org.br\/portal\/wp-content\/uploads\/2017\/09\/dsc_8477.jpg\" \/>\n\t<meta property=\"og:image:width\" content=\"780\" \/>\n\t<meta property=\"og:image:height\" content=\"440\" \/>\n\t<meta property=\"og:image:type\" content=\"image\/jpeg\" \/>\n<meta name=\"author\" content=\"P\u00e9ricles C\u00e2ndido\" \/>\n<meta name=\"twitter:card\" content=\"summary_large_image\" \/>\n<meta name=\"twitter:label1\" content=\"Escrito por\" \/>\n\t<meta name=\"twitter:data1\" content=\"P\u00e9ricles C\u00e2ndido\" \/>\n\t<meta name=\"twitter:label2\" content=\"Est. tempo de leitura\" \/>\n\t<meta name=\"twitter:data2\" content=\"1 minuto\" \/>\n<script type=\"application\/ld+json\" class=\"yoast-schema-graph\">{\"@context\":\"https:\/\/schema.org\",\"@graph\":[{\"@type\":\"Article\",\"@id\":\"https:\/\/acrimat.org.br\/portal\/mercado-de-boi-deve-ter-precos-em-elevacao-ate-a-entressafra-diz-scot\/#article\",\"isPartOf\":{\"@id\":\"https:\/\/acrimat.org.br\/portal\/mercado-de-boi-deve-ter-precos-em-elevacao-ate-a-entressafra-diz-scot\/\"},\"author\":{\"name\":\"P\u00e9ricles C\u00e2ndido\",\"@id\":\"https:\/\/acrimat.org.br\/portal\/#\/schema\/person\/18df8bcf6890e924fe5d8b5afd2bec0f\"},\"headline\":\"Mercado de boi deve ter pre\u00e7os em eleva\u00e7\u00e3o at\u00e9 a entressafra, diz Scot\",\"datePublished\":\"2017-09-01T12:49:18+00:00\",\"mainEntityOfPage\":{\"@id\":\"https:\/\/acrimat.org.br\/portal\/mercado-de-boi-deve-ter-precos-em-elevacao-ate-a-entressafra-diz-scot\/\"},\"wordCount\":299,\"publisher\":{\"@id\":\"https:\/\/acrimat.org.br\/portal\/#organization\"},\"image\":{\"@id\":\"https:\/\/acrimat.org.br\/portal\/mercado-de-boi-deve-ter-precos-em-elevacao-ate-a-entressafra-diz-scot\/#primaryimage\"},\"thumbnailUrl\":\"https:\/\/acrimat.org.br\/portal\/wp-content\/uploads\/2017\/09\/dsc_8477.jpg\",\"articleSection\":[\"Destaques\",\"Not\u00edcias\"],\"inLanguage\":\"pt-BR\"},{\"@type\":\"WebPage\",\"@id\":\"https:\/\/acrimat.org.br\/portal\/mercado-de-boi-deve-ter-precos-em-elevacao-ate-a-entressafra-diz-scot\/\",\"url\":\"https:\/\/acrimat.org.br\/portal\/mercado-de-boi-deve-ter-precos-em-elevacao-ate-a-entressafra-diz-scot\/\",\"name\":\"Mercado de boi deve ter pre\u00e7os em eleva\u00e7\u00e3o at\u00e9 a entressafra, diz Scot - Acrimat\",\"isPartOf\":{\"@id\":\"https:\/\/acrimat.org.br\/portal\/#website\"},\"primaryImageOfPage\":{\"@id\":\"https:\/\/acrimat.org.br\/portal\/mercado-de-boi-deve-ter-precos-em-elevacao-ate-a-entressafra-diz-scot\/#primaryimage\"},\"image\":{\"@id\":\"https:\/\/acrimat.org.br\/portal\/mercado-de-boi-deve-ter-precos-em-elevacao-ate-a-entressafra-diz-scot\/#primaryimage\"},\"thumbnailUrl\":\"https:\/\/acrimat.org.br\/portal\/wp-content\/uploads\/2017\/09\/dsc_8477.jpg\",\"datePublished\":\"2017-09-01T12:49:18+00:00\",\"breadcrumb\":{\"@id\":\"https:\/\/acrimat.org.br\/portal\/mercado-de-boi-deve-ter-precos-em-elevacao-ate-a-entressafra-diz-scot\/#breadcrumb\"},\"inLanguage\":\"pt-BR\",\"potentialAction\":[{\"@type\":\"ReadAction\",\"target\":[\"https:\/\/acrimat.org.br\/portal\/mercado-de-boi-deve-ter-precos-em-elevacao-ate-a-entressafra-diz-scot\/\"]}]},{\"@type\":\"ImageObject\",\"inLanguage\":\"pt-BR\",\"@id\":\"https:\/\/acrimat.org.br\/portal\/mercado-de-boi-deve-ter-precos-em-elevacao-ate-a-entressafra-diz-scot\/#primaryimage\",\"url\":\"https:\/\/acrimat.org.br\/portal\/wp-content\/uploads\/2017\/09\/dsc_8477.jpg\",\"contentUrl\":\"https:\/\/acrimat.org.br\/portal\/wp-content\/uploads\/2017\/09\/dsc_8477.jpg\",\"width\":780,\"height\":440,\"caption\":\"Arroba do boi chegou a cair R$ 30 ap\u00f3s esc\u00e2ndalos desvendados pela Carne Fraca. (Foto: Ernesto de Souza\/Ed. Globo)\"},{\"@type\":\"BreadcrumbList\",\"@id\":\"https:\/\/acrimat.org.br\/portal\/mercado-de-boi-deve-ter-precos-em-elevacao-ate-a-entressafra-diz-scot\/#breadcrumb\",\"itemListElement\":[{\"@type\":\"ListItem\",\"position\":1,\"name\":\"In\u00edcio\",\"item\":\"https:\/\/acrimat.org.br\/portal\/\"},{\"@type\":\"ListItem\",\"position\":2,\"name\":\"Mercado de boi deve ter pre\u00e7os em eleva\u00e7\u00e3o at\u00e9 a entressafra, diz Scot\"}]},{\"@type\":\"WebSite\",\"@id\":\"https:\/\/acrimat.org.br\/portal\/#website\",\"url\":\"https:\/\/acrimat.org.br\/portal\/\",\"name\":\"Acrimat\",\"description\":\"Associa\u00e7\u00e3o dos Criadores de Mato Grosso\",\"publisher\":{\"@id\":\"https:\/\/acrimat.org.br\/portal\/#organization\"},\"potentialAction\":[{\"@type\":\"SearchAction\",\"target\":{\"@type\":\"EntryPoint\",\"urlTemplate\":\"https:\/\/acrimat.org.br\/portal\/?s={search_term_string}\"},\"query-input\":{\"@type\":\"PropertyValueSpecification\",\"valueRequired\":true,\"valueName\":\"search_term_string\"}}],\"inLanguage\":\"pt-BR\"},{\"@type\":\"Organization\",\"@id\":\"https:\/\/acrimat.org.br\/portal\/#organization\",\"name\":\"Associa\u00e7\u00e3o dos Criadores de Mato Grosso\",\"url\":\"https:\/\/acrimat.org.br\/portal\/\",\"logo\":{\"@type\":\"ImageObject\",\"inLanguage\":\"pt-BR\",\"@id\":\"https:\/\/acrimat.org.br\/portal\/#\/schema\/logo\/image\/\",\"url\":\"https:\/\/acrimat.org.br\/portal\/wp-content\/uploads\/2018\/03\/logo-peq-original.png\",\"contentUrl\":\"https:\/\/acrimat.org.br\/portal\/wp-content\/uploads\/2018\/03\/logo-peq-original.png\",\"width\":174,\"height\":171,\"caption\":\"Associa\u00e7\u00e3o dos Criadores de Mato Grosso\"},\"image\":{\"@id\":\"https:\/\/acrimat.org.br\/portal\/#\/schema\/logo\/image\/\"}},{\"@type\":\"Person\",\"@id\":\"https:\/\/acrimat.org.br\/portal\/#\/schema\/person\/18df8bcf6890e924fe5d8b5afd2bec0f\",\"name\":\"P\u00e9ricles C\u00e2ndido\",\"image\":{\"@type\":\"ImageObject\",\"inLanguage\":\"pt-BR\",\"@id\":\"https:\/\/acrimat.org.br\/portal\/#\/schema\/person\/image\/\",\"url\":\"https:\/\/secure.gravatar.com\/avatar\/33e2a2b971dc363ed2df53d0d3bfbd18?s=96&d=mm&r=g\",\"contentUrl\":\"https:\/\/secure.gravatar.com\/avatar\/33e2a2b971dc363ed2df53d0d3bfbd18?s=96&d=mm&r=g\",\"caption\":\"P\u00e9ricles C\u00e2ndido\"},\"sameAs\":[\"ascom@acrimat.org.br\"],\"url\":\"https:\/\/acrimat.org.br\/portal\/author\/designergrafico\/\"}]}<\/script>\n<!-- \/ Yoast SEO plugin. -->","yoast_head_json":{"title":"Mercado de boi deve ter pre\u00e7os em eleva\u00e7\u00e3o at\u00e9 a entressafra, diz Scot - Acrimat","robots":{"index":"index","follow":"follow","max-snippet":"max-snippet:-1","max-image-preview":"max-image-preview:large","max-video-preview":"max-video-preview:-1"},"canonical":"https:\/\/acrimat.org.br\/portal\/mercado-de-boi-deve-ter-precos-em-elevacao-ate-a-entressafra-diz-scot\/","og_locale":"pt_BR","og_type":"article","og_title":"Mercado de boi deve ter pre\u00e7os em eleva\u00e7\u00e3o at\u00e9 a entressafra, diz Scot - Acrimat","og_description":"Mercado de boi deve ter pre\u00e7os em eleva\u00e7\u00e3o at\u00e9 a entressafra, diz Scot","og_url":"https:\/\/acrimat.org.br\/portal\/mercado-de-boi-deve-ter-precos-em-elevacao-ate-a-entressafra-diz-scot\/","og_site_name":"Acrimat","article_published_time":"2017-09-01T12:49:18+00:00","og_image":[{"width":780,"height":440,"url":"https:\/\/acrimat.org.br\/portal\/wp-content\/uploads\/2017\/09\/dsc_8477.jpg","type":"image\/jpeg"}],"author":"P\u00e9ricles C\u00e2ndido","twitter_card":"summary_large_image","twitter_misc":{"Escrito por":"P\u00e9ricles C\u00e2ndido","Est. tempo de leitura":"1 minuto"},"schema":{"@context":"https:\/\/schema.org","@graph":[{"@type":"Article","@id":"https:\/\/acrimat.org.br\/portal\/mercado-de-boi-deve-ter-precos-em-elevacao-ate-a-entressafra-diz-scot\/#article","isPartOf":{"@id":"https:\/\/acrimat.org.br\/portal\/mercado-de-boi-deve-ter-precos-em-elevacao-ate-a-entressafra-diz-scot\/"},"author":{"name":"P\u00e9ricles C\u00e2ndido","@id":"https:\/\/acrimat.org.br\/portal\/#\/schema\/person\/18df8bcf6890e924fe5d8b5afd2bec0f"},"headline":"Mercado de boi deve ter pre\u00e7os em eleva\u00e7\u00e3o at\u00e9 a entressafra, diz Scot","datePublished":"2017-09-01T12:49:18+00:00","mainEntityOfPage":{"@id":"https:\/\/acrimat.org.br\/portal\/mercado-de-boi-deve-ter-precos-em-elevacao-ate-a-entressafra-diz-scot\/"},"wordCount":299,"publisher":{"@id":"https:\/\/acrimat.org.br\/portal\/#organization"},"image":{"@id":"https:\/\/acrimat.org.br\/portal\/mercado-de-boi-deve-ter-precos-em-elevacao-ate-a-entressafra-diz-scot\/#primaryimage"},"thumbnailUrl":"https:\/\/acrimat.org.br\/portal\/wp-content\/uploads\/2017\/09\/dsc_8477.jpg","articleSection":["Destaques","Not\u00edcias"],"inLanguage":"pt-BR"},{"@type":"WebPage","@id":"https:\/\/acrimat.org.br\/portal\/mercado-de-boi-deve-ter-precos-em-elevacao-ate-a-entressafra-diz-scot\/","url":"https:\/\/acrimat.org.br\/portal\/mercado-de-boi-deve-ter-precos-em-elevacao-ate-a-entressafra-diz-scot\/","name":"Mercado de boi deve ter pre\u00e7os em eleva\u00e7\u00e3o at\u00e9 a entressafra, diz Scot - Acrimat","isPartOf":{"@id":"https:\/\/acrimat.org.br\/portal\/#website"},"primaryImageOfPage":{"@id":"https:\/\/acrimat.org.br\/portal\/mercado-de-boi-deve-ter-precos-em-elevacao-ate-a-entressafra-diz-scot\/#primaryimage"},"image":{"@id":"https:\/\/acrimat.org.br\/portal\/mercado-de-boi-deve-ter-precos-em-elevacao-ate-a-entressafra-diz-scot\/#primaryimage"},"thumbnailUrl":"https:\/\/acrimat.org.br\/portal\/wp-content\/uploads\/2017\/09\/dsc_8477.jpg","datePublished":"2017-09-01T12:49:18+00:00","breadcrumb":{"@id":"https:\/\/acrimat.org.br\/portal\/mercado-de-boi-deve-ter-precos-em-elevacao-ate-a-entressafra-diz-scot\/#breadcrumb"},"inLanguage":"pt-BR","potentialAction":[{"@type":"ReadAction","target":["https:\/\/acrimat.org.br\/portal\/mercado-de-boi-deve-ter-precos-em-elevacao-ate-a-entressafra-diz-scot\/"]}]},{"@type":"ImageObject","inLanguage":"pt-BR","@id":"https:\/\/acrimat.org.br\/portal\/mercado-de-boi-deve-ter-precos-em-elevacao-ate-a-entressafra-diz-scot\/#primaryimage","url":"https:\/\/acrimat.org.br\/portal\/wp-content\/uploads\/2017\/09\/dsc_8477.jpg","contentUrl":"https:\/\/acrimat.org.br\/portal\/wp-content\/uploads\/2017\/09\/dsc_8477.jpg","width":780,"height":440,"caption":"Arroba do boi chegou a cair R$ 30 ap\u00f3s esc\u00e2ndalos desvendados pela Carne Fraca. (Foto: Ernesto de Souza\/Ed. Globo)"},{"@type":"BreadcrumbList","@id":"https:\/\/acrimat.org.br\/portal\/mercado-de-boi-deve-ter-precos-em-elevacao-ate-a-entressafra-diz-scot\/#breadcrumb","itemListElement":[{"@type":"ListItem","position":1,"name":"In\u00edcio","item":"https:\/\/acrimat.org.br\/portal\/"},{"@type":"ListItem","position":2,"name":"Mercado de boi deve ter pre\u00e7os em eleva\u00e7\u00e3o at\u00e9 a entressafra, diz Scot"}]},{"@type":"WebSite","@id":"https:\/\/acrimat.org.br\/portal\/#website","url":"https:\/\/acrimat.org.br\/portal\/","name":"Acrimat","description":"Associa\u00e7\u00e3o dos Criadores de Mato Grosso","publisher":{"@id":"https:\/\/acrimat.org.br\/portal\/#organization"},"potentialAction":[{"@type":"SearchAction","target":{"@type":"EntryPoint","urlTemplate":"https:\/\/acrimat.org.br\/portal\/?s={search_term_string}"},"query-input":{"@type":"PropertyValueSpecification","valueRequired":true,"valueName":"search_term_string"}}],"inLanguage":"pt-BR"},{"@type":"Organization","@id":"https:\/\/acrimat.org.br\/portal\/#organization","name":"Associa\u00e7\u00e3o dos Criadores de Mato Grosso","url":"https:\/\/acrimat.org.br\/portal\/","logo":{"@type":"ImageObject","inLanguage":"pt-BR","@id":"https:\/\/acrimat.org.br\/portal\/#\/schema\/logo\/image\/","url":"https:\/\/acrimat.org.br\/portal\/wp-content\/uploads\/2018\/03\/logo-peq-original.png","contentUrl":"https:\/\/acrimat.org.br\/portal\/wp-content\/uploads\/2018\/03\/logo-peq-original.png","width":174,"height":171,"caption":"Associa\u00e7\u00e3o dos Criadores de Mato Grosso"},"image":{"@id":"https:\/\/acrimat.org.br\/portal\/#\/schema\/logo\/image\/"}},{"@type":"Person","@id":"https:\/\/acrimat.org.br\/portal\/#\/schema\/person\/18df8bcf6890e924fe5d8b5afd2bec0f","name":"P\u00e9ricles C\u00e2ndido","image":{"@type":"ImageObject","inLanguage":"pt-BR","@id":"https:\/\/acrimat.org.br\/portal\/#\/schema\/person\/image\/","url":"https:\/\/secure.gravatar.com\/avatar\/33e2a2b971dc363ed2df53d0d3bfbd18?s=96&d=mm&r=g","contentUrl":"https:\/\/secure.gravatar.com\/avatar\/33e2a2b971dc363ed2df53d0d3bfbd18?s=96&d=mm&r=g","caption":"P\u00e9ricles C\u00e2ndido"},"sameAs":["ascom@acrimat.org.br"],"url":"https:\/\/acrimat.org.br\/portal\/author\/designergrafico\/"}]}},"_links":{"self":[{"href":"https:\/\/acrimat.org.br\/portal\/wp-json\/wp\/v2\/posts\/97983395","targetHints":{"allow":["GET"]}}],"collection":[{"href":"https:\/\/acrimat.org.br\/portal\/wp-json\/wp\/v2\/posts"}],"about":[{"href":"https:\/\/acrimat.org.br\/portal\/wp-json\/wp\/v2\/types\/post"}],"author":[{"embeddable":true,"href":"https:\/\/acrimat.org.br\/portal\/wp-json\/wp\/v2\/users\/11"}],"replies":[{"embeddable":true,"href":"https:\/\/acrimat.org.br\/portal\/wp-json\/wp\/v2\/comments?post=97983395"}],"version-history":[{"count":1,"href":"https:\/\/acrimat.org.br\/portal\/wp-json\/wp\/v2\/posts\/97983395\/revisions"}],"predecessor-version":[{"id":97983397,"href":"https:\/\/acrimat.org.br\/portal\/wp-json\/wp\/v2\/posts\/97983395\/revisions\/97983397"}],"wp:featuredmedia":[{"embeddable":true,"href":"https:\/\/acrimat.org.br\/portal\/wp-json\/wp\/v2\/media\/97983396"}],"wp:attachment":[{"href":"https:\/\/acrimat.org.br\/portal\/wp-json\/wp\/v2\/media?parent=97983395"}],"wp:term":[{"taxonomy":"category","embeddable":true,"href":"https:\/\/acrimat.org.br\/portal\/wp-json\/wp\/v2\/categories?post=97983395"},{"taxonomy":"post_tag","embeddable":true,"href":"https:\/\/acrimat.org.br\/portal\/wp-json\/wp\/v2\/tags?post=97983395"}],"curies":[{"name":"wp","href":"https:\/\/api.w.org\/{rel}","templated":true}]}}