{"id":97983398,"date":"2017-09-01T09:51:23","date_gmt":"2017-09-01T12:51:23","guid":{"rendered":"http:\/\/acrimat.org.br\/portal\/?p=97983398"},"modified":"2017-09-01T09:51:23","modified_gmt":"2017-09-01T12:51:23","slug":"preco-do-boi-gordo-subiu-de-r-124-para-r-140-em-agosto","status":"publish","type":"post","link":"https:\/\/acrimat.org.br\/portal\/preco-do-boi-gordo-subiu-de-r-124-para-r-140-em-agosto\/","title":{"rendered":"Pre\u00e7o do boi gordo subiu de R$ 124 para R$ 140 em agosto"},"content":{"rendered":"<p><a href=\"http:\/\/acrimat.org.br\/portal\/wp-content\/uploads\/2016\/06\/GADO5.jpg\"><img fetchpriority=\"high\" decoding=\"async\" class=\"size-medium wp-image-97975763 alignright\" src=\"http:\/\/acrimat.org.br\/portal\/wp-content\/uploads\/2016\/06\/GADO5-300x206.jpg\" alt=\"\" width=\"300\" height=\"206\" srcset=\"https:\/\/acrimat.org.br\/portal\/wp-content\/uploads\/2016\/06\/GADO5-300x206.jpg 300w, https:\/\/acrimat.org.br\/portal\/wp-content\/uploads\/2016\/06\/GADO5-250x172.jpg 250w, https:\/\/acrimat.org.br\/portal\/wp-content\/uploads\/2016\/06\/GADO5-550x378.jpg 550w, https:\/\/acrimat.org.br\/portal\/wp-content\/uploads\/2016\/06\/GADO5-262x180.jpg 262w, https:\/\/acrimat.org.br\/portal\/wp-content\/uploads\/2016\/06\/GADO5-436x300.jpg 436w, https:\/\/acrimat.org.br\/portal\/wp-content\/uploads\/2016\/06\/GADO5.jpg 640w\" sizes=\"(max-width: 300px) 100vw, 300px\" \/><\/a>O mercado f\u00edsico teve pre\u00e7os do boi gordo acentuadamente mais altos, com a maior parte dos frigor\u00edficos inclusive apontando para valores acima das refer\u00eancias indicadas. De acordo com a Scot Consultoria, ainda h\u00e1 neg\u00f3cios por R$ 1 ou R$ 2 por arroba acima da refer\u00eancia em quase todas as pra\u00e7as do pa\u00eds. Na medida em que a necessidade de compor escalas de determinada ind\u00fastria, em determinado dia, \u00e9 maior, ou aparecem lotes melhores, os compradores n\u00e3o hesitam em elevar os pre\u00e7os para n\u00e3o perder o neg\u00f3cio.<\/p>\n<p>A oferta de animais terminados \u00e9 muito limitada. Com isso, a dificuldade para a compra de gado por parte dos frigor\u00edficos \u00e9 cada vez maior, enquanto as escalas de abate dificilmente ultrapassam tr\u00eas dias \u00fateis. A expectativa \u00e9 que esse quadro n\u00e3o sofra grande altera\u00e7\u00e3o no curto prazo. \u201cO vi\u00e9s permanece de forte alta\u201d, enfatizou o analista da consultoria Safras &amp; Mercado, Fernando Henrique Iglesias.<\/p>\n<p>As cota\u00e7\u00f5es da Scot indicam que o valor da arroba do boi gordo sa\u00edram de R$ 124, no pagamento \u00e0 vista, em Ara\u00e7atuba (SP) e Barretos (SP) no dia primeiro de agosto e foram para R$ 140,50 no fechamento desta quarta-feira, dia 30.<\/p>\n<p>J\u00e1 os pre\u00e7os da carne bovina ficaram est\u00e1veis no atacado ap\u00f3s a valoriza\u00e7\u00e3o da ter\u00e7a-feira, dia 29. H\u00e1 uma chance dos valores subirem porque os estoques est\u00e3o enxutos e a primeira quinzena do m\u00eas est\u00e1 chegando, com o usual repique de consumo.<\/p>\n","protected":false},"excerpt":{"rendered":"<p>O mercado f\u00edsico teve pre\u00e7os do boi gordo acentuadamente mais altos, com a maior parte dos frigor\u00edficos inclusive apontando para valores acima das refer\u00eancias indicada<\/p>\n","protected":false},"author":11,"featured_media":97975763,"comment_status":"closed","ping_status":"closed","sticky":false,"template":"","format":"standard","meta":{"footnotes":""},"categories":[6,1],"tags":[],"class_list":["post-97983398","post","type-post","status-publish","format-standard","has-post-thumbnail","hentry","category-destaque","category-noticia"],"yoast_head":"<!-- This site is optimized with the Yoast SEO plugin v24.8.1 - https:\/\/yoast.com\/wordpress\/plugins\/seo\/ -->\n<title>Pre\u00e7o do boi gordo subiu de R$ 124 para R$ 140 em agosto - Acrimat<\/title>\n<meta name=\"robots\" content=\"index, follow, max-snippet:-1, max-image-preview:large, max-video-preview:-1\" \/>\n<link rel=\"canonical\" href=\"https:\/\/acrimat.org.br\/portal\/preco-do-boi-gordo-subiu-de-r-124-para-r-140-em-agosto\/\" \/>\n<meta property=\"og:locale\" content=\"pt_BR\" \/>\n<meta property=\"og:type\" content=\"article\" \/>\n<meta property=\"og:title\" content=\"Pre\u00e7o do boi gordo subiu de R$ 124 para R$ 140 em agosto - Acrimat\" \/>\n<meta property=\"og:description\" content=\"O mercado f\u00edsico teve pre\u00e7os do boi gordo acentuadamente mais altos, com a maior parte dos frigor\u00edficos inclusive apontando para valores acima das refer\u00eancias indicada\" \/>\n<meta property=\"og:url\" content=\"https:\/\/acrimat.org.br\/portal\/preco-do-boi-gordo-subiu-de-r-124-para-r-140-em-agosto\/\" \/>\n<meta property=\"og:site_name\" content=\"Acrimat\" \/>\n<meta property=\"article:published_time\" content=\"2017-09-01T12:51:23+00:00\" \/>\n<meta property=\"og:image\" content=\"https:\/\/acrimat.org.br\/portal\/wp-content\/uploads\/2016\/06\/GADO5.jpg\" \/>\n\t<meta property=\"og:image:width\" content=\"640\" \/>\n\t<meta property=\"og:image:height\" content=\"440\" \/>\n\t<meta property=\"og:image:type\" content=\"image\/jpeg\" \/>\n<meta name=\"author\" content=\"P\u00e9ricles C\u00e2ndido\" \/>\n<meta name=\"twitter:card\" content=\"summary_large_image\" \/>\n<meta name=\"twitter:label1\" content=\"Escrito por\" \/>\n\t<meta name=\"twitter:data1\" content=\"P\u00e9ricles C\u00e2ndido\" \/>\n\t<meta name=\"twitter:label2\" content=\"Est. tempo de leitura\" \/>\n\t<meta name=\"twitter:data2\" content=\"1 minuto\" \/>\n<script type=\"application\/ld+json\" class=\"yoast-schema-graph\">{\"@context\":\"https:\/\/schema.org\",\"@graph\":[{\"@type\":\"Article\",\"@id\":\"https:\/\/acrimat.org.br\/portal\/preco-do-boi-gordo-subiu-de-r-124-para-r-140-em-agosto\/#article\",\"isPartOf\":{\"@id\":\"https:\/\/acrimat.org.br\/portal\/preco-do-boi-gordo-subiu-de-r-124-para-r-140-em-agosto\/\"},\"author\":{\"name\":\"P\u00e9ricles C\u00e2ndido\",\"@id\":\"https:\/\/acrimat.org.br\/portal\/#\/schema\/person\/18df8bcf6890e924fe5d8b5afd2bec0f\"},\"headline\":\"Pre\u00e7o do boi gordo subiu de R$ 124 para R$ 140 em agosto\",\"datePublished\":\"2017-09-01T12:51:23+00:00\",\"mainEntityOfPage\":{\"@id\":\"https:\/\/acrimat.org.br\/portal\/preco-do-boi-gordo-subiu-de-r-124-para-r-140-em-agosto\/\"},\"wordCount\":265,\"publisher\":{\"@id\":\"https:\/\/acrimat.org.br\/portal\/#organization\"},\"image\":{\"@id\":\"https:\/\/acrimat.org.br\/portal\/preco-do-boi-gordo-subiu-de-r-124-para-r-140-em-agosto\/#primaryimage\"},\"thumbnailUrl\":\"https:\/\/acrimat.org.br\/portal\/wp-content\/uploads\/2016\/06\/GADO5.jpg\",\"articleSection\":[\"Destaques\",\"Not\u00edcias\"],\"inLanguage\":\"pt-BR\"},{\"@type\":\"WebPage\",\"@id\":\"https:\/\/acrimat.org.br\/portal\/preco-do-boi-gordo-subiu-de-r-124-para-r-140-em-agosto\/\",\"url\":\"https:\/\/acrimat.org.br\/portal\/preco-do-boi-gordo-subiu-de-r-124-para-r-140-em-agosto\/\",\"name\":\"Pre\u00e7o do boi gordo subiu de R$ 124 para R$ 140 em agosto - Acrimat\",\"isPartOf\":{\"@id\":\"https:\/\/acrimat.org.br\/portal\/#website\"},\"primaryImageOfPage\":{\"@id\":\"https:\/\/acrimat.org.br\/portal\/preco-do-boi-gordo-subiu-de-r-124-para-r-140-em-agosto\/#primaryimage\"},\"image\":{\"@id\":\"https:\/\/acrimat.org.br\/portal\/preco-do-boi-gordo-subiu-de-r-124-para-r-140-em-agosto\/#primaryimage\"},\"thumbnailUrl\":\"https:\/\/acrimat.org.br\/portal\/wp-content\/uploads\/2016\/06\/GADO5.jpg\",\"datePublished\":\"2017-09-01T12:51:23+00:00\",\"breadcrumb\":{\"@id\":\"https:\/\/acrimat.org.br\/portal\/preco-do-boi-gordo-subiu-de-r-124-para-r-140-em-agosto\/#breadcrumb\"},\"inLanguage\":\"pt-BR\",\"potentialAction\":[{\"@type\":\"ReadAction\",\"target\":[\"https:\/\/acrimat.org.br\/portal\/preco-do-boi-gordo-subiu-de-r-124-para-r-140-em-agosto\/\"]}]},{\"@type\":\"ImageObject\",\"inLanguage\":\"pt-BR\",\"@id\":\"https:\/\/acrimat.org.br\/portal\/preco-do-boi-gordo-subiu-de-r-124-para-r-140-em-agosto\/#primaryimage\",\"url\":\"https:\/\/acrimat.org.br\/portal\/wp-content\/uploads\/2016\/06\/GADO5.jpg\",\"contentUrl\":\"https:\/\/acrimat.org.br\/portal\/wp-content\/uploads\/2016\/06\/GADO5.jpg\",\"width\":640,\"height\":440},{\"@type\":\"BreadcrumbList\",\"@id\":\"https:\/\/acrimat.org.br\/portal\/preco-do-boi-gordo-subiu-de-r-124-para-r-140-em-agosto\/#breadcrumb\",\"itemListElement\":[{\"@type\":\"ListItem\",\"position\":1,\"name\":\"In\u00edcio\",\"item\":\"https:\/\/acrimat.org.br\/portal\/\"},{\"@type\":\"ListItem\",\"position\":2,\"name\":\"Pre\u00e7o do boi gordo subiu de R$ 124 para R$ 140 em agosto\"}]},{\"@type\":\"WebSite\",\"@id\":\"https:\/\/acrimat.org.br\/portal\/#website\",\"url\":\"https:\/\/acrimat.org.br\/portal\/\",\"name\":\"Acrimat\",\"description\":\"Associa\u00e7\u00e3o dos Criadores de Mato Grosso\",\"publisher\":{\"@id\":\"https:\/\/acrimat.org.br\/portal\/#organization\"},\"potentialAction\":[{\"@type\":\"SearchAction\",\"target\":{\"@type\":\"EntryPoint\",\"urlTemplate\":\"https:\/\/acrimat.org.br\/portal\/?s={search_term_string}\"},\"query-input\":{\"@type\":\"PropertyValueSpecification\",\"valueRequired\":true,\"valueName\":\"search_term_string\"}}],\"inLanguage\":\"pt-BR\"},{\"@type\":\"Organization\",\"@id\":\"https:\/\/acrimat.org.br\/portal\/#organization\",\"name\":\"Associa\u00e7\u00e3o dos Criadores de Mato Grosso\",\"url\":\"https:\/\/acrimat.org.br\/portal\/\",\"logo\":{\"@type\":\"ImageObject\",\"inLanguage\":\"pt-BR\",\"@id\":\"https:\/\/acrimat.org.br\/portal\/#\/schema\/logo\/image\/\",\"url\":\"https:\/\/acrimat.org.br\/portal\/wp-content\/uploads\/2018\/03\/logo-peq-original.png\",\"contentUrl\":\"https:\/\/acrimat.org.br\/portal\/wp-content\/uploads\/2018\/03\/logo-peq-original.png\",\"width\":174,\"height\":171,\"caption\":\"Associa\u00e7\u00e3o dos Criadores de Mato Grosso\"},\"image\":{\"@id\":\"https:\/\/acrimat.org.br\/portal\/#\/schema\/logo\/image\/\"}},{\"@type\":\"Person\",\"@id\":\"https:\/\/acrimat.org.br\/portal\/#\/schema\/person\/18df8bcf6890e924fe5d8b5afd2bec0f\",\"name\":\"P\u00e9ricles C\u00e2ndido\",\"image\":{\"@type\":\"ImageObject\",\"inLanguage\":\"pt-BR\",\"@id\":\"https:\/\/acrimat.org.br\/portal\/#\/schema\/person\/image\/\",\"url\":\"https:\/\/secure.gravatar.com\/avatar\/33e2a2b971dc363ed2df53d0d3bfbd18?s=96&d=mm&r=g\",\"contentUrl\":\"https:\/\/secure.gravatar.com\/avatar\/33e2a2b971dc363ed2df53d0d3bfbd18?s=96&d=mm&r=g\",\"caption\":\"P\u00e9ricles C\u00e2ndido\"},\"sameAs\":[\"ascom@acrimat.org.br\"],\"url\":\"https:\/\/acrimat.org.br\/portal\/author\/designergrafico\/\"}]}<\/script>\n<!-- \/ Yoast SEO plugin. -->","yoast_head_json":{"title":"Pre\u00e7o do boi gordo subiu de R$ 124 para R$ 140 em agosto - Acrimat","robots":{"index":"index","follow":"follow","max-snippet":"max-snippet:-1","max-image-preview":"max-image-preview:large","max-video-preview":"max-video-preview:-1"},"canonical":"https:\/\/acrimat.org.br\/portal\/preco-do-boi-gordo-subiu-de-r-124-para-r-140-em-agosto\/","og_locale":"pt_BR","og_type":"article","og_title":"Pre\u00e7o do boi gordo subiu de R$ 124 para R$ 140 em agosto - Acrimat","og_description":"O mercado f\u00edsico teve pre\u00e7os do boi gordo acentuadamente mais altos, com a maior parte dos frigor\u00edficos inclusive apontando para valores acima das refer\u00eancias indicada","og_url":"https:\/\/acrimat.org.br\/portal\/preco-do-boi-gordo-subiu-de-r-124-para-r-140-em-agosto\/","og_site_name":"Acrimat","article_published_time":"2017-09-01T12:51:23+00:00","og_image":[{"width":640,"height":440,"url":"https:\/\/acrimat.org.br\/portal\/wp-content\/uploads\/2016\/06\/GADO5.jpg","type":"image\/jpeg"}],"author":"P\u00e9ricles C\u00e2ndido","twitter_card":"summary_large_image","twitter_misc":{"Escrito por":"P\u00e9ricles C\u00e2ndido","Est. tempo de leitura":"1 minuto"},"schema":{"@context":"https:\/\/schema.org","@graph":[{"@type":"Article","@id":"https:\/\/acrimat.org.br\/portal\/preco-do-boi-gordo-subiu-de-r-124-para-r-140-em-agosto\/#article","isPartOf":{"@id":"https:\/\/acrimat.org.br\/portal\/preco-do-boi-gordo-subiu-de-r-124-para-r-140-em-agosto\/"},"author":{"name":"P\u00e9ricles C\u00e2ndido","@id":"https:\/\/acrimat.org.br\/portal\/#\/schema\/person\/18df8bcf6890e924fe5d8b5afd2bec0f"},"headline":"Pre\u00e7o do boi gordo subiu de R$ 124 para R$ 140 em agosto","datePublished":"2017-09-01T12:51:23+00:00","mainEntityOfPage":{"@id":"https:\/\/acrimat.org.br\/portal\/preco-do-boi-gordo-subiu-de-r-124-para-r-140-em-agosto\/"},"wordCount":265,"publisher":{"@id":"https:\/\/acrimat.org.br\/portal\/#organization"},"image":{"@id":"https:\/\/acrimat.org.br\/portal\/preco-do-boi-gordo-subiu-de-r-124-para-r-140-em-agosto\/#primaryimage"},"thumbnailUrl":"https:\/\/acrimat.org.br\/portal\/wp-content\/uploads\/2016\/06\/GADO5.jpg","articleSection":["Destaques","Not\u00edcias"],"inLanguage":"pt-BR"},{"@type":"WebPage","@id":"https:\/\/acrimat.org.br\/portal\/preco-do-boi-gordo-subiu-de-r-124-para-r-140-em-agosto\/","url":"https:\/\/acrimat.org.br\/portal\/preco-do-boi-gordo-subiu-de-r-124-para-r-140-em-agosto\/","name":"Pre\u00e7o do boi gordo subiu de R$ 124 para R$ 140 em agosto - Acrimat","isPartOf":{"@id":"https:\/\/acrimat.org.br\/portal\/#website"},"primaryImageOfPage":{"@id":"https:\/\/acrimat.org.br\/portal\/preco-do-boi-gordo-subiu-de-r-124-para-r-140-em-agosto\/#primaryimage"},"image":{"@id":"https:\/\/acrimat.org.br\/portal\/preco-do-boi-gordo-subiu-de-r-124-para-r-140-em-agosto\/#primaryimage"},"thumbnailUrl":"https:\/\/acrimat.org.br\/portal\/wp-content\/uploads\/2016\/06\/GADO5.jpg","datePublished":"2017-09-01T12:51:23+00:00","breadcrumb":{"@id":"https:\/\/acrimat.org.br\/portal\/preco-do-boi-gordo-subiu-de-r-124-para-r-140-em-agosto\/#breadcrumb"},"inLanguage":"pt-BR","potentialAction":[{"@type":"ReadAction","target":["https:\/\/acrimat.org.br\/portal\/preco-do-boi-gordo-subiu-de-r-124-para-r-140-em-agosto\/"]}]},{"@type":"ImageObject","inLanguage":"pt-BR","@id":"https:\/\/acrimat.org.br\/portal\/preco-do-boi-gordo-subiu-de-r-124-para-r-140-em-agosto\/#primaryimage","url":"https:\/\/acrimat.org.br\/portal\/wp-content\/uploads\/2016\/06\/GADO5.jpg","contentUrl":"https:\/\/acrimat.org.br\/portal\/wp-content\/uploads\/2016\/06\/GADO5.jpg","width":640,"height":440},{"@type":"BreadcrumbList","@id":"https:\/\/acrimat.org.br\/portal\/preco-do-boi-gordo-subiu-de-r-124-para-r-140-em-agosto\/#breadcrumb","itemListElement":[{"@type":"ListItem","position":1,"name":"In\u00edcio","item":"https:\/\/acrimat.org.br\/portal\/"},{"@type":"ListItem","position":2,"name":"Pre\u00e7o do boi gordo subiu de R$ 124 para R$ 140 em agosto"}]},{"@type":"WebSite","@id":"https:\/\/acrimat.org.br\/portal\/#website","url":"https:\/\/acrimat.org.br\/portal\/","name":"Acrimat","description":"Associa\u00e7\u00e3o dos Criadores de Mato Grosso","publisher":{"@id":"https:\/\/acrimat.org.br\/portal\/#organization"},"potentialAction":[{"@type":"SearchAction","target":{"@type":"EntryPoint","urlTemplate":"https:\/\/acrimat.org.br\/portal\/?s={search_term_string}"},"query-input":{"@type":"PropertyValueSpecification","valueRequired":true,"valueName":"search_term_string"}}],"inLanguage":"pt-BR"},{"@type":"Organization","@id":"https:\/\/acrimat.org.br\/portal\/#organization","name":"Associa\u00e7\u00e3o dos Criadores de Mato Grosso","url":"https:\/\/acrimat.org.br\/portal\/","logo":{"@type":"ImageObject","inLanguage":"pt-BR","@id":"https:\/\/acrimat.org.br\/portal\/#\/schema\/logo\/image\/","url":"https:\/\/acrimat.org.br\/portal\/wp-content\/uploads\/2018\/03\/logo-peq-original.png","contentUrl":"https:\/\/acrimat.org.br\/portal\/wp-content\/uploads\/2018\/03\/logo-peq-original.png","width":174,"height":171,"caption":"Associa\u00e7\u00e3o dos Criadores de Mato Grosso"},"image":{"@id":"https:\/\/acrimat.org.br\/portal\/#\/schema\/logo\/image\/"}},{"@type":"Person","@id":"https:\/\/acrimat.org.br\/portal\/#\/schema\/person\/18df8bcf6890e924fe5d8b5afd2bec0f","name":"P\u00e9ricles C\u00e2ndido","image":{"@type":"ImageObject","inLanguage":"pt-BR","@id":"https:\/\/acrimat.org.br\/portal\/#\/schema\/person\/image\/","url":"https:\/\/secure.gravatar.com\/avatar\/33e2a2b971dc363ed2df53d0d3bfbd18?s=96&d=mm&r=g","contentUrl":"https:\/\/secure.gravatar.com\/avatar\/33e2a2b971dc363ed2df53d0d3bfbd18?s=96&d=mm&r=g","caption":"P\u00e9ricles C\u00e2ndido"},"sameAs":["ascom@acrimat.org.br"],"url":"https:\/\/acrimat.org.br\/portal\/author\/designergrafico\/"}]}},"_links":{"self":[{"href":"https:\/\/acrimat.org.br\/portal\/wp-json\/wp\/v2\/posts\/97983398","targetHints":{"allow":["GET"]}}],"collection":[{"href":"https:\/\/acrimat.org.br\/portal\/wp-json\/wp\/v2\/posts"}],"about":[{"href":"https:\/\/acrimat.org.br\/portal\/wp-json\/wp\/v2\/types\/post"}],"author":[{"embeddable":true,"href":"https:\/\/acrimat.org.br\/portal\/wp-json\/wp\/v2\/users\/11"}],"replies":[{"embeddable":true,"href":"https:\/\/acrimat.org.br\/portal\/wp-json\/wp\/v2\/comments?post=97983398"}],"version-history":[{"count":1,"href":"https:\/\/acrimat.org.br\/portal\/wp-json\/wp\/v2\/posts\/97983398\/revisions"}],"predecessor-version":[{"id":97983399,"href":"https:\/\/acrimat.org.br\/portal\/wp-json\/wp\/v2\/posts\/97983398\/revisions\/97983399"}],"wp:featuredmedia":[{"embeddable":true,"href":"https:\/\/acrimat.org.br\/portal\/wp-json\/wp\/v2\/media\/97975763"}],"wp:attachment":[{"href":"https:\/\/acrimat.org.br\/portal\/wp-json\/wp\/v2\/media?parent=97983398"}],"wp:term":[{"taxonomy":"category","embeddable":true,"href":"https:\/\/acrimat.org.br\/portal\/wp-json\/wp\/v2\/categories?post=97983398"},{"taxonomy":"post_tag","embeddable":true,"href":"https:\/\/acrimat.org.br\/portal\/wp-json\/wp\/v2\/tags?post=97983398"}],"curies":[{"name":"wp","href":"https:\/\/api.w.org\/{rel}","templated":true}]}}