{"id":97983433,"date":"2017-09-05T09:01:14","date_gmt":"2017-09-05T12:01:14","guid":{"rendered":"http:\/\/acrimat.org.br\/portal\/?p=97983433"},"modified":"2017-09-05T09:01:14","modified_gmt":"2017-09-05T12:01:14","slug":"confira-a-entrevista-com-amado-de-oliveira-filho-consultor-tecnico-da-acrimat","status":"publish","type":"post","link":"https:\/\/acrimat.org.br\/portal\/confira-a-entrevista-com-amado-de-oliveira-filho-consultor-tecnico-da-acrimat\/","title":{"rendered":"Confira a entrevista com Amado de Oliveira Filho &#8211; Consultor T\u00e9cnico da Acrimat"},"content":{"rendered":"<p>Amado de Oliveira Filho, consultor t\u00e9cnico da Acrimat, destaca que o mercado do boi gordo no Mato Grosso conta com uma pequena recupera\u00e7\u00e3o de pre\u00e7os, mas ainda muito aqu\u00e9m do visto em outros anos.<\/p>\n<p>Os pre\u00e7os giram em torno de R$123\/@. Entretanto, o mesmo per\u00edodo do ano passado contavam com pre\u00e7os a R$130\/@. Para Filho, o atual pre\u00e7o praticado, no contraste com o aumento dos pre\u00e7os dos insumos e combust\u00edveis, aponta para uma recupera\u00e7\u00e3o lenta.<\/p>\n<p>No pior momento, o mercado matogrossense atingiu pre\u00e7os de R$106\/@ a R$109\/@, o que descapitalizou parte do setor e estagnou a capacidade de investimento. No segmento de cria, alguns produtores optam por abater f\u00eameas para conseguir retomar suas produ\u00e7\u00f5es e pagar as contas.<\/p>\n<p>H\u00e1 uma possibilidade de o pre\u00e7o evoluir at\u00e9 a entrada dos animais de confinamento no mercado. Com o ciclo chuvoso, a esperan\u00e7a \u00e9 que esses pre\u00e7os se estabilizem e parem de cair.<\/p>\n<p>A exporta\u00e7\u00e3o d\u00e1 sinais positivos, mas como a carne do Mato Grosso \u00e9 direcionada, em grande parte, para o mercado interno, h\u00e1 um cen\u00e1rio de uma demanda que deve demorar um tempo para se estabilizar, em fun\u00e7\u00e3o de um alto desemprego.<\/p>\n<p>[su_youtube url=&#8221;https:\/\/www.youtube.com\/watch?v=G4Pr8JJNu0A&amp;t&#8221; width=&#8221;640&#8243;]<\/p>\n<p>Por: Aleksander Horta e Izadora Pimenta<\/p>\n<p>Fonte: Not\u00edcias Agr\u00edcolas<\/p>\n","protected":false},"excerpt":{"rendered":"<p>Pre\u00e7o da @ do boi em MT reage nas \u00faltimas semanas, mas ainda est\u00e1 R$ 7,00 abaixo dos praticados no mesmo per\u00edodo do ano passado<\/p>\n","protected":false},"author":11,"featured_media":97983434,"comment_status":"closed","ping_status":"closed","sticky":false,"template":"","format":"standard","meta":{"footnotes":""},"categories":[6,1],"tags":[],"class_list":["post-97983433","post","type-post","status-publish","format-standard","has-post-thumbnail","hentry","category-destaque","category-noticia"],"yoast_head":"<!-- This site is optimized with the Yoast SEO plugin v24.8.1 - https:\/\/yoast.com\/wordpress\/plugins\/seo\/ -->\n<title>Confira a entrevista com Amado de Oliveira Filho - Consultor T\u00e9cnico da Acrimat - Acrimat<\/title>\n<meta name=\"robots\" content=\"index, follow, max-snippet:-1, max-image-preview:large, max-video-preview:-1\" \/>\n<link rel=\"canonical\" href=\"https:\/\/acrimat.org.br\/portal\/confira-a-entrevista-com-amado-de-oliveira-filho-consultor-tecnico-da-acrimat\/\" \/>\n<meta property=\"og:locale\" content=\"pt_BR\" \/>\n<meta property=\"og:type\" content=\"article\" \/>\n<meta property=\"og:title\" content=\"Confira a entrevista com Amado de Oliveira Filho - Consultor T\u00e9cnico da Acrimat - Acrimat\" \/>\n<meta property=\"og:description\" content=\"Pre\u00e7o da @ do boi em MT reage nas \u00faltimas semanas, mas ainda est\u00e1 R$ 7,00 abaixo dos praticados no mesmo per\u00edodo do ano passado\" \/>\n<meta property=\"og:url\" content=\"https:\/\/acrimat.org.br\/portal\/confira-a-entrevista-com-amado-de-oliveira-filho-consultor-tecnico-da-acrimat\/\" \/>\n<meta property=\"og:site_name\" content=\"Acrimat\" \/>\n<meta property=\"article:published_time\" content=\"2017-09-05T12:01:14+00:00\" \/>\n<meta property=\"og:image\" content=\"https:\/\/acrimat.org.br\/portal\/wp-content\/uploads\/2017\/09\/entrevista-amado.png\" \/>\n\t<meta property=\"og:image:width\" content=\"699\" \/>\n\t<meta property=\"og:image:height\" content=\"394\" \/>\n\t<meta property=\"og:image:type\" content=\"image\/png\" \/>\n<meta name=\"author\" content=\"P\u00e9ricles C\u00e2ndido\" \/>\n<meta name=\"twitter:card\" content=\"summary_large_image\" \/>\n<meta name=\"twitter:label1\" content=\"Escrito por\" \/>\n\t<meta name=\"twitter:data1\" content=\"P\u00e9ricles C\u00e2ndido\" \/>\n\t<meta name=\"twitter:label2\" content=\"Est. tempo de leitura\" \/>\n\t<meta name=\"twitter:data2\" content=\"1 minuto\" \/>\n<script type=\"application\/ld+json\" class=\"yoast-schema-graph\">{\"@context\":\"https:\/\/schema.org\",\"@graph\":[{\"@type\":\"Article\",\"@id\":\"https:\/\/acrimat.org.br\/portal\/confira-a-entrevista-com-amado-de-oliveira-filho-consultor-tecnico-da-acrimat\/#article\",\"isPartOf\":{\"@id\":\"https:\/\/acrimat.org.br\/portal\/confira-a-entrevista-com-amado-de-oliveira-filho-consultor-tecnico-da-acrimat\/\"},\"author\":{\"name\":\"P\u00e9ricles C\u00e2ndido\",\"@id\":\"https:\/\/acrimat.org.br\/portal\/#\/schema\/person\/18df8bcf6890e924fe5d8b5afd2bec0f\"},\"headline\":\"Confira a entrevista com Amado de Oliveira Filho &#8211; Consultor T\u00e9cnico da Acrimat\",\"datePublished\":\"2017-09-05T12:01:14+00:00\",\"mainEntityOfPage\":{\"@id\":\"https:\/\/acrimat.org.br\/portal\/confira-a-entrevista-com-amado-de-oliveira-filho-consultor-tecnico-da-acrimat\/\"},\"wordCount\":250,\"publisher\":{\"@id\":\"https:\/\/acrimat.org.br\/portal\/#organization\"},\"image\":{\"@id\":\"https:\/\/acrimat.org.br\/portal\/confira-a-entrevista-com-amado-de-oliveira-filho-consultor-tecnico-da-acrimat\/#primaryimage\"},\"thumbnailUrl\":\"https:\/\/acrimat.org.br\/portal\/wp-content\/uploads\/2017\/09\/entrevista-amado.png\",\"articleSection\":[\"Destaques\",\"Not\u00edcias\"],\"inLanguage\":\"pt-BR\"},{\"@type\":\"WebPage\",\"@id\":\"https:\/\/acrimat.org.br\/portal\/confira-a-entrevista-com-amado-de-oliveira-filho-consultor-tecnico-da-acrimat\/\",\"url\":\"https:\/\/acrimat.org.br\/portal\/confira-a-entrevista-com-amado-de-oliveira-filho-consultor-tecnico-da-acrimat\/\",\"name\":\"Confira a entrevista com Amado de Oliveira Filho - Consultor T\u00e9cnico da Acrimat - Acrimat\",\"isPartOf\":{\"@id\":\"https:\/\/acrimat.org.br\/portal\/#website\"},\"primaryImageOfPage\":{\"@id\":\"https:\/\/acrimat.org.br\/portal\/confira-a-entrevista-com-amado-de-oliveira-filho-consultor-tecnico-da-acrimat\/#primaryimage\"},\"image\":{\"@id\":\"https:\/\/acrimat.org.br\/portal\/confira-a-entrevista-com-amado-de-oliveira-filho-consultor-tecnico-da-acrimat\/#primaryimage\"},\"thumbnailUrl\":\"https:\/\/acrimat.org.br\/portal\/wp-content\/uploads\/2017\/09\/entrevista-amado.png\",\"datePublished\":\"2017-09-05T12:01:14+00:00\",\"breadcrumb\":{\"@id\":\"https:\/\/acrimat.org.br\/portal\/confira-a-entrevista-com-amado-de-oliveira-filho-consultor-tecnico-da-acrimat\/#breadcrumb\"},\"inLanguage\":\"pt-BR\",\"potentialAction\":[{\"@type\":\"ReadAction\",\"target\":[\"https:\/\/acrimat.org.br\/portal\/confira-a-entrevista-com-amado-de-oliveira-filho-consultor-tecnico-da-acrimat\/\"]}]},{\"@type\":\"ImageObject\",\"inLanguage\":\"pt-BR\",\"@id\":\"https:\/\/acrimat.org.br\/portal\/confira-a-entrevista-com-amado-de-oliveira-filho-consultor-tecnico-da-acrimat\/#primaryimage\",\"url\":\"https:\/\/acrimat.org.br\/portal\/wp-content\/uploads\/2017\/09\/entrevista-amado.png\",\"contentUrl\":\"https:\/\/acrimat.org.br\/portal\/wp-content\/uploads\/2017\/09\/entrevista-amado.png\",\"width\":699,\"height\":394},{\"@type\":\"BreadcrumbList\",\"@id\":\"https:\/\/acrimat.org.br\/portal\/confira-a-entrevista-com-amado-de-oliveira-filho-consultor-tecnico-da-acrimat\/#breadcrumb\",\"itemListElement\":[{\"@type\":\"ListItem\",\"position\":1,\"name\":\"In\u00edcio\",\"item\":\"https:\/\/acrimat.org.br\/portal\/\"},{\"@type\":\"ListItem\",\"position\":2,\"name\":\"Confira a entrevista com Amado de Oliveira Filho &#8211; Consultor T\u00e9cnico da Acrimat\"}]},{\"@type\":\"WebSite\",\"@id\":\"https:\/\/acrimat.org.br\/portal\/#website\",\"url\":\"https:\/\/acrimat.org.br\/portal\/\",\"name\":\"Acrimat\",\"description\":\"Associa\u00e7\u00e3o dos Criadores de Mato Grosso\",\"publisher\":{\"@id\":\"https:\/\/acrimat.org.br\/portal\/#organization\"},\"potentialAction\":[{\"@type\":\"SearchAction\",\"target\":{\"@type\":\"EntryPoint\",\"urlTemplate\":\"https:\/\/acrimat.org.br\/portal\/?s={search_term_string}\"},\"query-input\":{\"@type\":\"PropertyValueSpecification\",\"valueRequired\":true,\"valueName\":\"search_term_string\"}}],\"inLanguage\":\"pt-BR\"},{\"@type\":\"Organization\",\"@id\":\"https:\/\/acrimat.org.br\/portal\/#organization\",\"name\":\"Associa\u00e7\u00e3o dos Criadores de Mato Grosso\",\"url\":\"https:\/\/acrimat.org.br\/portal\/\",\"logo\":{\"@type\":\"ImageObject\",\"inLanguage\":\"pt-BR\",\"@id\":\"https:\/\/acrimat.org.br\/portal\/#\/schema\/logo\/image\/\",\"url\":\"https:\/\/acrimat.org.br\/portal\/wp-content\/uploads\/2018\/03\/logo-peq-original.png\",\"contentUrl\":\"https:\/\/acrimat.org.br\/portal\/wp-content\/uploads\/2018\/03\/logo-peq-original.png\",\"width\":174,\"height\":171,\"caption\":\"Associa\u00e7\u00e3o dos Criadores de Mato Grosso\"},\"image\":{\"@id\":\"https:\/\/acrimat.org.br\/portal\/#\/schema\/logo\/image\/\"}},{\"@type\":\"Person\",\"@id\":\"https:\/\/acrimat.org.br\/portal\/#\/schema\/person\/18df8bcf6890e924fe5d8b5afd2bec0f\",\"name\":\"P\u00e9ricles C\u00e2ndido\",\"image\":{\"@type\":\"ImageObject\",\"inLanguage\":\"pt-BR\",\"@id\":\"https:\/\/acrimat.org.br\/portal\/#\/schema\/person\/image\/\",\"url\":\"https:\/\/secure.gravatar.com\/avatar\/33e2a2b971dc363ed2df53d0d3bfbd18?s=96&d=mm&r=g\",\"contentUrl\":\"https:\/\/secure.gravatar.com\/avatar\/33e2a2b971dc363ed2df53d0d3bfbd18?s=96&d=mm&r=g\",\"caption\":\"P\u00e9ricles C\u00e2ndido\"},\"sameAs\":[\"ascom@acrimat.org.br\"],\"url\":\"https:\/\/acrimat.org.br\/portal\/author\/designergrafico\/\"}]}<\/script>\n<!-- \/ Yoast SEO plugin. -->","yoast_head_json":{"title":"Confira a entrevista com Amado de Oliveira Filho - Consultor T\u00e9cnico da Acrimat - Acrimat","robots":{"index":"index","follow":"follow","max-snippet":"max-snippet:-1","max-image-preview":"max-image-preview:large","max-video-preview":"max-video-preview:-1"},"canonical":"https:\/\/acrimat.org.br\/portal\/confira-a-entrevista-com-amado-de-oliveira-filho-consultor-tecnico-da-acrimat\/","og_locale":"pt_BR","og_type":"article","og_title":"Confira a entrevista com Amado de Oliveira Filho - Consultor T\u00e9cnico da Acrimat - Acrimat","og_description":"Pre\u00e7o da @ do boi em MT reage nas \u00faltimas semanas, mas ainda est\u00e1 R$ 7,00 abaixo dos praticados no mesmo per\u00edodo do ano passado","og_url":"https:\/\/acrimat.org.br\/portal\/confira-a-entrevista-com-amado-de-oliveira-filho-consultor-tecnico-da-acrimat\/","og_site_name":"Acrimat","article_published_time":"2017-09-05T12:01:14+00:00","og_image":[{"width":699,"height":394,"url":"https:\/\/acrimat.org.br\/portal\/wp-content\/uploads\/2017\/09\/entrevista-amado.png","type":"image\/png"}],"author":"P\u00e9ricles C\u00e2ndido","twitter_card":"summary_large_image","twitter_misc":{"Escrito por":"P\u00e9ricles C\u00e2ndido","Est. tempo de leitura":"1 minuto"},"schema":{"@context":"https:\/\/schema.org","@graph":[{"@type":"Article","@id":"https:\/\/acrimat.org.br\/portal\/confira-a-entrevista-com-amado-de-oliveira-filho-consultor-tecnico-da-acrimat\/#article","isPartOf":{"@id":"https:\/\/acrimat.org.br\/portal\/confira-a-entrevista-com-amado-de-oliveira-filho-consultor-tecnico-da-acrimat\/"},"author":{"name":"P\u00e9ricles C\u00e2ndido","@id":"https:\/\/acrimat.org.br\/portal\/#\/schema\/person\/18df8bcf6890e924fe5d8b5afd2bec0f"},"headline":"Confira a entrevista com Amado de Oliveira Filho &#8211; Consultor T\u00e9cnico da Acrimat","datePublished":"2017-09-05T12:01:14+00:00","mainEntityOfPage":{"@id":"https:\/\/acrimat.org.br\/portal\/confira-a-entrevista-com-amado-de-oliveira-filho-consultor-tecnico-da-acrimat\/"},"wordCount":250,"publisher":{"@id":"https:\/\/acrimat.org.br\/portal\/#organization"},"image":{"@id":"https:\/\/acrimat.org.br\/portal\/confira-a-entrevista-com-amado-de-oliveira-filho-consultor-tecnico-da-acrimat\/#primaryimage"},"thumbnailUrl":"https:\/\/acrimat.org.br\/portal\/wp-content\/uploads\/2017\/09\/entrevista-amado.png","articleSection":["Destaques","Not\u00edcias"],"inLanguage":"pt-BR"},{"@type":"WebPage","@id":"https:\/\/acrimat.org.br\/portal\/confira-a-entrevista-com-amado-de-oliveira-filho-consultor-tecnico-da-acrimat\/","url":"https:\/\/acrimat.org.br\/portal\/confira-a-entrevista-com-amado-de-oliveira-filho-consultor-tecnico-da-acrimat\/","name":"Confira a entrevista com Amado de Oliveira Filho - Consultor T\u00e9cnico da Acrimat - Acrimat","isPartOf":{"@id":"https:\/\/acrimat.org.br\/portal\/#website"},"primaryImageOfPage":{"@id":"https:\/\/acrimat.org.br\/portal\/confira-a-entrevista-com-amado-de-oliveira-filho-consultor-tecnico-da-acrimat\/#primaryimage"},"image":{"@id":"https:\/\/acrimat.org.br\/portal\/confira-a-entrevista-com-amado-de-oliveira-filho-consultor-tecnico-da-acrimat\/#primaryimage"},"thumbnailUrl":"https:\/\/acrimat.org.br\/portal\/wp-content\/uploads\/2017\/09\/entrevista-amado.png","datePublished":"2017-09-05T12:01:14+00:00","breadcrumb":{"@id":"https:\/\/acrimat.org.br\/portal\/confira-a-entrevista-com-amado-de-oliveira-filho-consultor-tecnico-da-acrimat\/#breadcrumb"},"inLanguage":"pt-BR","potentialAction":[{"@type":"ReadAction","target":["https:\/\/acrimat.org.br\/portal\/confira-a-entrevista-com-amado-de-oliveira-filho-consultor-tecnico-da-acrimat\/"]}]},{"@type":"ImageObject","inLanguage":"pt-BR","@id":"https:\/\/acrimat.org.br\/portal\/confira-a-entrevista-com-amado-de-oliveira-filho-consultor-tecnico-da-acrimat\/#primaryimage","url":"https:\/\/acrimat.org.br\/portal\/wp-content\/uploads\/2017\/09\/entrevista-amado.png","contentUrl":"https:\/\/acrimat.org.br\/portal\/wp-content\/uploads\/2017\/09\/entrevista-amado.png","width":699,"height":394},{"@type":"BreadcrumbList","@id":"https:\/\/acrimat.org.br\/portal\/confira-a-entrevista-com-amado-de-oliveira-filho-consultor-tecnico-da-acrimat\/#breadcrumb","itemListElement":[{"@type":"ListItem","position":1,"name":"In\u00edcio","item":"https:\/\/acrimat.org.br\/portal\/"},{"@type":"ListItem","position":2,"name":"Confira a entrevista com Amado de Oliveira Filho &#8211; Consultor T\u00e9cnico da Acrimat"}]},{"@type":"WebSite","@id":"https:\/\/acrimat.org.br\/portal\/#website","url":"https:\/\/acrimat.org.br\/portal\/","name":"Acrimat","description":"Associa\u00e7\u00e3o dos Criadores de Mato Grosso","publisher":{"@id":"https:\/\/acrimat.org.br\/portal\/#organization"},"potentialAction":[{"@type":"SearchAction","target":{"@type":"EntryPoint","urlTemplate":"https:\/\/acrimat.org.br\/portal\/?s={search_term_string}"},"query-input":{"@type":"PropertyValueSpecification","valueRequired":true,"valueName":"search_term_string"}}],"inLanguage":"pt-BR"},{"@type":"Organization","@id":"https:\/\/acrimat.org.br\/portal\/#organization","name":"Associa\u00e7\u00e3o dos Criadores de Mato Grosso","url":"https:\/\/acrimat.org.br\/portal\/","logo":{"@type":"ImageObject","inLanguage":"pt-BR","@id":"https:\/\/acrimat.org.br\/portal\/#\/schema\/logo\/image\/","url":"https:\/\/acrimat.org.br\/portal\/wp-content\/uploads\/2018\/03\/logo-peq-original.png","contentUrl":"https:\/\/acrimat.org.br\/portal\/wp-content\/uploads\/2018\/03\/logo-peq-original.png","width":174,"height":171,"caption":"Associa\u00e7\u00e3o dos Criadores de Mato Grosso"},"image":{"@id":"https:\/\/acrimat.org.br\/portal\/#\/schema\/logo\/image\/"}},{"@type":"Person","@id":"https:\/\/acrimat.org.br\/portal\/#\/schema\/person\/18df8bcf6890e924fe5d8b5afd2bec0f","name":"P\u00e9ricles C\u00e2ndido","image":{"@type":"ImageObject","inLanguage":"pt-BR","@id":"https:\/\/acrimat.org.br\/portal\/#\/schema\/person\/image\/","url":"https:\/\/secure.gravatar.com\/avatar\/33e2a2b971dc363ed2df53d0d3bfbd18?s=96&d=mm&r=g","contentUrl":"https:\/\/secure.gravatar.com\/avatar\/33e2a2b971dc363ed2df53d0d3bfbd18?s=96&d=mm&r=g","caption":"P\u00e9ricles C\u00e2ndido"},"sameAs":["ascom@acrimat.org.br"],"url":"https:\/\/acrimat.org.br\/portal\/author\/designergrafico\/"}]}},"_links":{"self":[{"href":"https:\/\/acrimat.org.br\/portal\/wp-json\/wp\/v2\/posts\/97983433","targetHints":{"allow":["GET"]}}],"collection":[{"href":"https:\/\/acrimat.org.br\/portal\/wp-json\/wp\/v2\/posts"}],"about":[{"href":"https:\/\/acrimat.org.br\/portal\/wp-json\/wp\/v2\/types\/post"}],"author":[{"embeddable":true,"href":"https:\/\/acrimat.org.br\/portal\/wp-json\/wp\/v2\/users\/11"}],"replies":[{"embeddable":true,"href":"https:\/\/acrimat.org.br\/portal\/wp-json\/wp\/v2\/comments?post=97983433"}],"version-history":[{"count":1,"href":"https:\/\/acrimat.org.br\/portal\/wp-json\/wp\/v2\/posts\/97983433\/revisions"}],"predecessor-version":[{"id":97983435,"href":"https:\/\/acrimat.org.br\/portal\/wp-json\/wp\/v2\/posts\/97983433\/revisions\/97983435"}],"wp:featuredmedia":[{"embeddable":true,"href":"https:\/\/acrimat.org.br\/portal\/wp-json\/wp\/v2\/media\/97983434"}],"wp:attachment":[{"href":"https:\/\/acrimat.org.br\/portal\/wp-json\/wp\/v2\/media?parent=97983433"}],"wp:term":[{"taxonomy":"category","embeddable":true,"href":"https:\/\/acrimat.org.br\/portal\/wp-json\/wp\/v2\/categories?post=97983433"},{"taxonomy":"post_tag","embeddable":true,"href":"https:\/\/acrimat.org.br\/portal\/wp-json\/wp\/v2\/tags?post=97983433"}],"curies":[{"name":"wp","href":"https:\/\/api.w.org\/{rel}","templated":true}]}}