{"id":97983444,"date":"2017-09-05T11:01:29","date_gmt":"2017-09-05T14:01:29","guid":{"rendered":"http:\/\/acrimat.org.br\/portal\/?p=97983444"},"modified":"2017-09-05T11:01:29","modified_gmt":"2017-09-05T14:01:29","slug":"empresas-ja-veem-brechas-com-brexit","status":"publish","type":"post","link":"https:\/\/acrimat.org.br\/portal\/empresas-ja-veem-brechas-com-brexit\/","title":{"rendered":"Empresas j\u00e1 veem brechas com Brexit"},"content":{"rendered":"<div id=\"attachment_97983445\" style=\"width: 310px\" class=\"wp-caption alignleft\"><a href=\"http:\/\/acrimat.org.br\/portal\/wp-content\/uploads\/2017\/09\/0jqpa50716.jpg\"><img fetchpriority=\"high\" decoding=\"async\" aria-describedby=\"caption-attachment-97983445\" class=\"size-medium wp-image-97983445\" src=\"http:\/\/acrimat.org.br\/portal\/wp-content\/uploads\/2017\/09\/0jqpa50716-300x203.jpg\" alt=\"\" width=\"300\" height=\"203\" srcset=\"https:\/\/acrimat.org.br\/portal\/wp-content\/uploads\/2017\/09\/0jqpa50716-300x203.jpg 300w, https:\/\/acrimat.org.br\/portal\/wp-content\/uploads\/2017\/09\/0jqpa50716-768x519.jpg 768w, https:\/\/acrimat.org.br\/portal\/wp-content\/uploads\/2017\/09\/0jqpa50716-250x169.jpg 250w, https:\/\/acrimat.org.br\/portal\/wp-content\/uploads\/2017\/09\/0jqpa50716-550x372.jpg 550w, https:\/\/acrimat.org.br\/portal\/wp-content\/uploads\/2017\/09\/0jqpa50716-800x540.jpg 800w, https:\/\/acrimat.org.br\/portal\/wp-content\/uploads\/2017\/09\/0jqpa50716-266x180.jpg 266w, https:\/\/acrimat.org.br\/portal\/wp-content\/uploads\/2017\/09\/0jqpa50716-444x300.jpg 444w, https:\/\/acrimat.org.br\/portal\/wp-content\/uploads\/2017\/09\/0jqpa50716-740x500.jpg 740w, https:\/\/acrimat.org.br\/portal\/wp-content\/uploads\/2017\/09\/0jqpa50716.jpg 900w\" sizes=\"(max-width: 300px) 100vw, 300px\" \/><\/a><p id=\"caption-attachment-97983445\" class=\"wp-caption-text\">Foto: Dreamstime<\/p><\/div>\n<p>A sa\u00edda do Reino Unido da Uni\u00e3o Europeia, que deve ser consumada apenas em 2019, traz oportunidades para empres\u00e1rios brasileiros. Isso porque os brit\u00e2nicos j\u00e1 est\u00e3o atr\u00e1s de novos parceiros comerciais e oportunidades de investimento pelo mundo.<\/p>\n<p>Uma das brechas abertas por essa sa\u00edda, chamada de Brexit ser\u00e1 a possibilidade de produtores exportarem para o Reino Unido sem os limites impostos pelo sistema de cotas da Uni\u00e3o Europeia, que estabelece uma quantidade m\u00e1xima para os embarques de determinados produtos. \u00c9 o que afirma Jean-Claude E. Silberfeld, respons\u00e1vel pela \u00e1rea internacional da FecomercioSP. Segundo ele, os vendedores de a\u00e7\u00facar est\u00e3o entre aqueles poder\u00e3o ser beneficiados pela mudan\u00e7a.<\/p>\n<p>De forma mais ampla, Siberfeld acredita que o setor agroalimentar ser\u00e1 um dos grandes favorecidos pelo Brexit. &#8220;A sa\u00edda [do Reino Unido] da Uni\u00e3o Europeia faz com que os brit\u00e2nicos precisem encontrar novos fornecedores de alimentos. A\u00ed est\u00e1 uma boa janela para o Brasil.&#8221;<\/p>\n<p>Contudo, o especialista alerta que os empres\u00e1rios devem agir rapidamente. &#8220;N\u00e3o adianta esperar at\u00e9 o come\u00e7o de 2019 [per\u00edodo previsto para o Brexit] para come\u00e7ar a trabalhar nessa \u00e1rea&#8221;. Segundo ele, os brit\u00e2nicos j\u00e1 t\u00eam negociadores espalhados pelo mundo para garantir o futuro do pa\u00eds depois da sa\u00edda do bloco europeu.<\/p>\n<p>E o Brasil \u00e9 visto com bons olhos pelo Reino Unido, afirma Bernardo Ivo Cruz, ex-presidente da C\u00e2mara de Com\u00e9rcio Luso-Brit\u00e2nica de Londres. De acordo com o especialista, a China, a Coreia do Sul e o Brasil aparecem no topo da lista de &#8220;parceiros estrat\u00e9gicos&#8221; dos brit\u00e2nicos para os pr\u00f3ximos anos. &#8220;J\u00e1 come\u00e7aram as conversas informais [do Reino Unido] por acordos bilaterais, que poderiam ser assinados ap\u00f3s a conclus\u00e3o do Brexit&#8221;, acrescenta ele.<\/p>\n<p>Al\u00e9m das exporta\u00e7\u00f5es brasileiras, segue o entrevistado, o avan\u00e7o de um tratado com os brit\u00e2nicos tamb\u00e9m poderia fortalecer as importa\u00e7\u00f5es de servi\u00e7os e aparelhos de alta tecnologia, principais itens oferecidos pelo Reino Unido.<\/p>\n<p>Segundo os especialistas, a conclus\u00e3o do acordo de livre com\u00e9rcio entre o Mercosul e a Uni\u00e3o Europeia, que pode acontecer j\u00e1 nos pr\u00f3ximos meses, n\u00e3o prejudicaria a rela\u00e7\u00e3o com os brit\u00e2nicos. &#8220;N\u00e3o acredito que isso v\u00e1 ser um problema&#8221;, afirma Silberfeld.<\/p>\n<p><strong>Vendas em queda<\/strong><\/p>\n<p>As exporta\u00e7\u00f5es para o Reino Unido totalizaram US$ 1,501 bilh\u00e3o entre janeiro e julho de 2017, uma diminui\u00e7\u00e3o de 3,1% na compara\u00e7\u00e3o com igual per\u00edodo do ano passado. Os dados s\u00e3o do Minist\u00e9rio da Ind\u00fastria, Com\u00e9rcio Exterior e Servi\u00e7os (Mdic).<\/p>\n<p>Em dire\u00e7\u00e3o oposta \u00e0 da maior parte dos pa\u00edses do mundo, que ampliaram as compras do Brasil neste ano, as aquisi\u00e7\u00f5es brit\u00e2nicas foram puxadas para baixo pela opera\u00e7\u00e3o Carne Fraca, realizada no primeiro semestre. Entre os principais produtos vendidos para o Reino Unido entre janeiro e julho, foram registradas baixas em tr\u00eas itens da ind\u00fastria de prote\u00edna animal.<\/p>\n<p>Com isso, os brit\u00e2nicos ca\u00edram para a d\u00e9cima nona posi\u00e7\u00e3o entre os principais compradores de itens brasileiros, sendo superados por Ir\u00e3, Cingapura e outras economias de menor express\u00e3o.<\/p>\n<p>Tamb\u00e9m foi vista queda do investimento do Reino Unido no Brasil. Os aportes em participa\u00e7\u00e3o no capital, por exemplo, chegaram a US$ 651 milh\u00f5es entre janeiro e julho deste ano, uma diminui\u00e7\u00e3o de 24,6% no confronto com igual per\u00edodo do ano passado, de acordo com o relat\u00f3rio de setor externo do Banco Central (BC).<\/p>\n","protected":false},"excerpt":{"rendered":"<p>Mudan\u00e7a no Reino Unido traz algumas oportunidades e favorece acordo bilateral do pa\u00eds com o Brasil. Em 2017, trocas comerciais e interc\u00e2mbio de investimentos caem<\/p>\n","protected":false},"author":11,"featured_media":97983445,"comment_status":"closed","ping_status":"closed","sticky":false,"template":"","format":"standard","meta":{"footnotes":""},"categories":[6,1],"tags":[],"class_list":["post-97983444","post","type-post","status-publish","format-standard","has-post-thumbnail","hentry","category-destaque","category-noticia"],"yoast_head":"<!-- This site is optimized with the Yoast SEO plugin v24.8.1 - https:\/\/yoast.com\/wordpress\/plugins\/seo\/ -->\n<title>Empresas j\u00e1 veem brechas com Brexit - Acrimat<\/title>\n<meta name=\"robots\" content=\"index, follow, max-snippet:-1, max-image-preview:large, max-video-preview:-1\" \/>\n<link rel=\"canonical\" href=\"https:\/\/acrimat.org.br\/portal\/empresas-ja-veem-brechas-com-brexit\/\" \/>\n<meta property=\"og:locale\" content=\"pt_BR\" \/>\n<meta property=\"og:type\" content=\"article\" \/>\n<meta property=\"og:title\" content=\"Empresas j\u00e1 veem brechas com Brexit - Acrimat\" \/>\n<meta property=\"og:description\" content=\"Mudan\u00e7a no Reino Unido traz algumas oportunidades e favorece acordo bilateral do pa\u00eds com o Brasil. Em 2017, trocas comerciais e interc\u00e2mbio de investimentos caem\" \/>\n<meta property=\"og:url\" content=\"https:\/\/acrimat.org.br\/portal\/empresas-ja-veem-brechas-com-brexit\/\" \/>\n<meta property=\"og:site_name\" content=\"Acrimat\" \/>\n<meta property=\"article:published_time\" content=\"2017-09-05T14:01:29+00:00\" \/>\n<meta property=\"og:image\" content=\"https:\/\/acrimat.org.br\/portal\/wp-content\/uploads\/2017\/09\/0jqpa50716.jpg\" \/>\n\t<meta property=\"og:image:width\" content=\"900\" \/>\n\t<meta property=\"og:image:height\" content=\"608\" \/>\n\t<meta property=\"og:image:type\" content=\"image\/jpeg\" \/>\n<meta name=\"author\" content=\"P\u00e9ricles C\u00e2ndido\" \/>\n<meta name=\"twitter:card\" content=\"summary_large_image\" \/>\n<meta name=\"twitter:label1\" content=\"Escrito por\" \/>\n\t<meta name=\"twitter:data1\" content=\"P\u00e9ricles C\u00e2ndido\" \/>\n\t<meta name=\"twitter:label2\" content=\"Est. tempo de leitura\" \/>\n\t<meta name=\"twitter:data2\" content=\"3 minutos\" \/>\n<script type=\"application\/ld+json\" class=\"yoast-schema-graph\">{\"@context\":\"https:\/\/schema.org\",\"@graph\":[{\"@type\":\"Article\",\"@id\":\"https:\/\/acrimat.org.br\/portal\/empresas-ja-veem-brechas-com-brexit\/#article\",\"isPartOf\":{\"@id\":\"https:\/\/acrimat.org.br\/portal\/empresas-ja-veem-brechas-com-brexit\/\"},\"author\":{\"name\":\"P\u00e9ricles C\u00e2ndido\",\"@id\":\"https:\/\/acrimat.org.br\/portal\/#\/schema\/person\/18df8bcf6890e924fe5d8b5afd2bec0f\"},\"headline\":\"Empresas j\u00e1 veem brechas com Brexit\",\"datePublished\":\"2017-09-05T14:01:29+00:00\",\"mainEntityOfPage\":{\"@id\":\"https:\/\/acrimat.org.br\/portal\/empresas-ja-veem-brechas-com-brexit\/\"},\"wordCount\":615,\"publisher\":{\"@id\":\"https:\/\/acrimat.org.br\/portal\/#organization\"},\"image\":{\"@id\":\"https:\/\/acrimat.org.br\/portal\/empresas-ja-veem-brechas-com-brexit\/#primaryimage\"},\"thumbnailUrl\":\"https:\/\/acrimat.org.br\/portal\/wp-content\/uploads\/2017\/09\/0jqpa50716.jpg\",\"articleSection\":[\"Destaques\",\"Not\u00edcias\"],\"inLanguage\":\"pt-BR\"},{\"@type\":\"WebPage\",\"@id\":\"https:\/\/acrimat.org.br\/portal\/empresas-ja-veem-brechas-com-brexit\/\",\"url\":\"https:\/\/acrimat.org.br\/portal\/empresas-ja-veem-brechas-com-brexit\/\",\"name\":\"Empresas j\u00e1 veem brechas com Brexit - Acrimat\",\"isPartOf\":{\"@id\":\"https:\/\/acrimat.org.br\/portal\/#website\"},\"primaryImageOfPage\":{\"@id\":\"https:\/\/acrimat.org.br\/portal\/empresas-ja-veem-brechas-com-brexit\/#primaryimage\"},\"image\":{\"@id\":\"https:\/\/acrimat.org.br\/portal\/empresas-ja-veem-brechas-com-brexit\/#primaryimage\"},\"thumbnailUrl\":\"https:\/\/acrimat.org.br\/portal\/wp-content\/uploads\/2017\/09\/0jqpa50716.jpg\",\"datePublished\":\"2017-09-05T14:01:29+00:00\",\"breadcrumb\":{\"@id\":\"https:\/\/acrimat.org.br\/portal\/empresas-ja-veem-brechas-com-brexit\/#breadcrumb\"},\"inLanguage\":\"pt-BR\",\"potentialAction\":[{\"@type\":\"ReadAction\",\"target\":[\"https:\/\/acrimat.org.br\/portal\/empresas-ja-veem-brechas-com-brexit\/\"]}]},{\"@type\":\"ImageObject\",\"inLanguage\":\"pt-BR\",\"@id\":\"https:\/\/acrimat.org.br\/portal\/empresas-ja-veem-brechas-com-brexit\/#primaryimage\",\"url\":\"https:\/\/acrimat.org.br\/portal\/wp-content\/uploads\/2017\/09\/0jqpa50716.jpg\",\"contentUrl\":\"https:\/\/acrimat.org.br\/portal\/wp-content\/uploads\/2017\/09\/0jqpa50716.jpg\",\"width\":900,\"height\":608,\"caption\":\"Foto: Dreamstime\"},{\"@type\":\"BreadcrumbList\",\"@id\":\"https:\/\/acrimat.org.br\/portal\/empresas-ja-veem-brechas-com-brexit\/#breadcrumb\",\"itemListElement\":[{\"@type\":\"ListItem\",\"position\":1,\"name\":\"In\u00edcio\",\"item\":\"https:\/\/acrimat.org.br\/portal\/\"},{\"@type\":\"ListItem\",\"position\":2,\"name\":\"Empresas j\u00e1 veem brechas com Brexit\"}]},{\"@type\":\"WebSite\",\"@id\":\"https:\/\/acrimat.org.br\/portal\/#website\",\"url\":\"https:\/\/acrimat.org.br\/portal\/\",\"name\":\"Acrimat\",\"description\":\"Associa\u00e7\u00e3o dos Criadores de Mato Grosso\",\"publisher\":{\"@id\":\"https:\/\/acrimat.org.br\/portal\/#organization\"},\"potentialAction\":[{\"@type\":\"SearchAction\",\"target\":{\"@type\":\"EntryPoint\",\"urlTemplate\":\"https:\/\/acrimat.org.br\/portal\/?s={search_term_string}\"},\"query-input\":{\"@type\":\"PropertyValueSpecification\",\"valueRequired\":true,\"valueName\":\"search_term_string\"}}],\"inLanguage\":\"pt-BR\"},{\"@type\":\"Organization\",\"@id\":\"https:\/\/acrimat.org.br\/portal\/#organization\",\"name\":\"Associa\u00e7\u00e3o dos Criadores de Mato Grosso\",\"url\":\"https:\/\/acrimat.org.br\/portal\/\",\"logo\":{\"@type\":\"ImageObject\",\"inLanguage\":\"pt-BR\",\"@id\":\"https:\/\/acrimat.org.br\/portal\/#\/schema\/logo\/image\/\",\"url\":\"https:\/\/acrimat.org.br\/portal\/wp-content\/uploads\/2018\/03\/logo-peq-original.png\",\"contentUrl\":\"https:\/\/acrimat.org.br\/portal\/wp-content\/uploads\/2018\/03\/logo-peq-original.png\",\"width\":174,\"height\":171,\"caption\":\"Associa\u00e7\u00e3o dos Criadores de Mato Grosso\"},\"image\":{\"@id\":\"https:\/\/acrimat.org.br\/portal\/#\/schema\/logo\/image\/\"}},{\"@type\":\"Person\",\"@id\":\"https:\/\/acrimat.org.br\/portal\/#\/schema\/person\/18df8bcf6890e924fe5d8b5afd2bec0f\",\"name\":\"P\u00e9ricles C\u00e2ndido\",\"image\":{\"@type\":\"ImageObject\",\"inLanguage\":\"pt-BR\",\"@id\":\"https:\/\/acrimat.org.br\/portal\/#\/schema\/person\/image\/\",\"url\":\"https:\/\/secure.gravatar.com\/avatar\/33e2a2b971dc363ed2df53d0d3bfbd18?s=96&d=mm&r=g\",\"contentUrl\":\"https:\/\/secure.gravatar.com\/avatar\/33e2a2b971dc363ed2df53d0d3bfbd18?s=96&d=mm&r=g\",\"caption\":\"P\u00e9ricles C\u00e2ndido\"},\"sameAs\":[\"ascom@acrimat.org.br\"],\"url\":\"https:\/\/acrimat.org.br\/portal\/author\/designergrafico\/\"}]}<\/script>\n<!-- \/ Yoast SEO plugin. -->","yoast_head_json":{"title":"Empresas j\u00e1 veem brechas com Brexit - Acrimat","robots":{"index":"index","follow":"follow","max-snippet":"max-snippet:-1","max-image-preview":"max-image-preview:large","max-video-preview":"max-video-preview:-1"},"canonical":"https:\/\/acrimat.org.br\/portal\/empresas-ja-veem-brechas-com-brexit\/","og_locale":"pt_BR","og_type":"article","og_title":"Empresas j\u00e1 veem brechas com Brexit - Acrimat","og_description":"Mudan\u00e7a no Reino Unido traz algumas oportunidades e favorece acordo bilateral do pa\u00eds com o Brasil. Em 2017, trocas comerciais e interc\u00e2mbio de investimentos caem","og_url":"https:\/\/acrimat.org.br\/portal\/empresas-ja-veem-brechas-com-brexit\/","og_site_name":"Acrimat","article_published_time":"2017-09-05T14:01:29+00:00","og_image":[{"width":900,"height":608,"url":"https:\/\/acrimat.org.br\/portal\/wp-content\/uploads\/2017\/09\/0jqpa50716.jpg","type":"image\/jpeg"}],"author":"P\u00e9ricles C\u00e2ndido","twitter_card":"summary_large_image","twitter_misc":{"Escrito por":"P\u00e9ricles C\u00e2ndido","Est. tempo de leitura":"3 minutos"},"schema":{"@context":"https:\/\/schema.org","@graph":[{"@type":"Article","@id":"https:\/\/acrimat.org.br\/portal\/empresas-ja-veem-brechas-com-brexit\/#article","isPartOf":{"@id":"https:\/\/acrimat.org.br\/portal\/empresas-ja-veem-brechas-com-brexit\/"},"author":{"name":"P\u00e9ricles C\u00e2ndido","@id":"https:\/\/acrimat.org.br\/portal\/#\/schema\/person\/18df8bcf6890e924fe5d8b5afd2bec0f"},"headline":"Empresas j\u00e1 veem brechas com Brexit","datePublished":"2017-09-05T14:01:29+00:00","mainEntityOfPage":{"@id":"https:\/\/acrimat.org.br\/portal\/empresas-ja-veem-brechas-com-brexit\/"},"wordCount":615,"publisher":{"@id":"https:\/\/acrimat.org.br\/portal\/#organization"},"image":{"@id":"https:\/\/acrimat.org.br\/portal\/empresas-ja-veem-brechas-com-brexit\/#primaryimage"},"thumbnailUrl":"https:\/\/acrimat.org.br\/portal\/wp-content\/uploads\/2017\/09\/0jqpa50716.jpg","articleSection":["Destaques","Not\u00edcias"],"inLanguage":"pt-BR"},{"@type":"WebPage","@id":"https:\/\/acrimat.org.br\/portal\/empresas-ja-veem-brechas-com-brexit\/","url":"https:\/\/acrimat.org.br\/portal\/empresas-ja-veem-brechas-com-brexit\/","name":"Empresas j\u00e1 veem brechas com Brexit - Acrimat","isPartOf":{"@id":"https:\/\/acrimat.org.br\/portal\/#website"},"primaryImageOfPage":{"@id":"https:\/\/acrimat.org.br\/portal\/empresas-ja-veem-brechas-com-brexit\/#primaryimage"},"image":{"@id":"https:\/\/acrimat.org.br\/portal\/empresas-ja-veem-brechas-com-brexit\/#primaryimage"},"thumbnailUrl":"https:\/\/acrimat.org.br\/portal\/wp-content\/uploads\/2017\/09\/0jqpa50716.jpg","datePublished":"2017-09-05T14:01:29+00:00","breadcrumb":{"@id":"https:\/\/acrimat.org.br\/portal\/empresas-ja-veem-brechas-com-brexit\/#breadcrumb"},"inLanguage":"pt-BR","potentialAction":[{"@type":"ReadAction","target":["https:\/\/acrimat.org.br\/portal\/empresas-ja-veem-brechas-com-brexit\/"]}]},{"@type":"ImageObject","inLanguage":"pt-BR","@id":"https:\/\/acrimat.org.br\/portal\/empresas-ja-veem-brechas-com-brexit\/#primaryimage","url":"https:\/\/acrimat.org.br\/portal\/wp-content\/uploads\/2017\/09\/0jqpa50716.jpg","contentUrl":"https:\/\/acrimat.org.br\/portal\/wp-content\/uploads\/2017\/09\/0jqpa50716.jpg","width":900,"height":608,"caption":"Foto: Dreamstime"},{"@type":"BreadcrumbList","@id":"https:\/\/acrimat.org.br\/portal\/empresas-ja-veem-brechas-com-brexit\/#breadcrumb","itemListElement":[{"@type":"ListItem","position":1,"name":"In\u00edcio","item":"https:\/\/acrimat.org.br\/portal\/"},{"@type":"ListItem","position":2,"name":"Empresas j\u00e1 veem brechas com Brexit"}]},{"@type":"WebSite","@id":"https:\/\/acrimat.org.br\/portal\/#website","url":"https:\/\/acrimat.org.br\/portal\/","name":"Acrimat","description":"Associa\u00e7\u00e3o dos Criadores de Mato Grosso","publisher":{"@id":"https:\/\/acrimat.org.br\/portal\/#organization"},"potentialAction":[{"@type":"SearchAction","target":{"@type":"EntryPoint","urlTemplate":"https:\/\/acrimat.org.br\/portal\/?s={search_term_string}"},"query-input":{"@type":"PropertyValueSpecification","valueRequired":true,"valueName":"search_term_string"}}],"inLanguage":"pt-BR"},{"@type":"Organization","@id":"https:\/\/acrimat.org.br\/portal\/#organization","name":"Associa\u00e7\u00e3o dos Criadores de Mato Grosso","url":"https:\/\/acrimat.org.br\/portal\/","logo":{"@type":"ImageObject","inLanguage":"pt-BR","@id":"https:\/\/acrimat.org.br\/portal\/#\/schema\/logo\/image\/","url":"https:\/\/acrimat.org.br\/portal\/wp-content\/uploads\/2018\/03\/logo-peq-original.png","contentUrl":"https:\/\/acrimat.org.br\/portal\/wp-content\/uploads\/2018\/03\/logo-peq-original.png","width":174,"height":171,"caption":"Associa\u00e7\u00e3o dos Criadores de Mato Grosso"},"image":{"@id":"https:\/\/acrimat.org.br\/portal\/#\/schema\/logo\/image\/"}},{"@type":"Person","@id":"https:\/\/acrimat.org.br\/portal\/#\/schema\/person\/18df8bcf6890e924fe5d8b5afd2bec0f","name":"P\u00e9ricles C\u00e2ndido","image":{"@type":"ImageObject","inLanguage":"pt-BR","@id":"https:\/\/acrimat.org.br\/portal\/#\/schema\/person\/image\/","url":"https:\/\/secure.gravatar.com\/avatar\/33e2a2b971dc363ed2df53d0d3bfbd18?s=96&d=mm&r=g","contentUrl":"https:\/\/secure.gravatar.com\/avatar\/33e2a2b971dc363ed2df53d0d3bfbd18?s=96&d=mm&r=g","caption":"P\u00e9ricles C\u00e2ndido"},"sameAs":["ascom@acrimat.org.br"],"url":"https:\/\/acrimat.org.br\/portal\/author\/designergrafico\/"}]}},"_links":{"self":[{"href":"https:\/\/acrimat.org.br\/portal\/wp-json\/wp\/v2\/posts\/97983444","targetHints":{"allow":["GET"]}}],"collection":[{"href":"https:\/\/acrimat.org.br\/portal\/wp-json\/wp\/v2\/posts"}],"about":[{"href":"https:\/\/acrimat.org.br\/portal\/wp-json\/wp\/v2\/types\/post"}],"author":[{"embeddable":true,"href":"https:\/\/acrimat.org.br\/portal\/wp-json\/wp\/v2\/users\/11"}],"replies":[{"embeddable":true,"href":"https:\/\/acrimat.org.br\/portal\/wp-json\/wp\/v2\/comments?post=97983444"}],"version-history":[{"count":1,"href":"https:\/\/acrimat.org.br\/portal\/wp-json\/wp\/v2\/posts\/97983444\/revisions"}],"predecessor-version":[{"id":97983446,"href":"https:\/\/acrimat.org.br\/portal\/wp-json\/wp\/v2\/posts\/97983444\/revisions\/97983446"}],"wp:featuredmedia":[{"embeddable":true,"href":"https:\/\/acrimat.org.br\/portal\/wp-json\/wp\/v2\/media\/97983445"}],"wp:attachment":[{"href":"https:\/\/acrimat.org.br\/portal\/wp-json\/wp\/v2\/media?parent=97983444"}],"wp:term":[{"taxonomy":"category","embeddable":true,"href":"https:\/\/acrimat.org.br\/portal\/wp-json\/wp\/v2\/categories?post=97983444"},{"taxonomy":"post_tag","embeddable":true,"href":"https:\/\/acrimat.org.br\/portal\/wp-json\/wp\/v2\/tags?post=97983444"}],"curies":[{"name":"wp","href":"https:\/\/api.w.org\/{rel}","templated":true}]}}