{"id":97983458,"date":"2017-09-06T11:16:32","date_gmt":"2017-09-06T14:16:32","guid":{"rendered":"http:\/\/acrimat.org.br\/portal\/?p=97983458"},"modified":"2017-09-06T11:17:22","modified_gmt":"2017-09-06T14:17:22","slug":"maggi-diz-que-brasil-se-esforca-para-agregar-valor-as-exportacoes-agropecuarias","status":"publish","type":"post","link":"https:\/\/acrimat.org.br\/portal\/maggi-diz-que-brasil-se-esforca-para-agregar-valor-as-exportacoes-agropecuarias\/","title":{"rendered":"Maggi diz que Brasil se esfor\u00e7a para agregar valor \u00e0s exporta\u00e7\u00f5es agropecu\u00e1rias"},"content":{"rendered":"<div id=\"attachment_97981491\" style=\"width: 310px\" class=\"wp-caption alignright\"><a href=\"http:\/\/acrimat.org.br\/portal\/wp-content\/uploads\/2017\/05\/1493331059588.jpg\"><img fetchpriority=\"high\" decoding=\"async\" aria-describedby=\"caption-attachment-97981491\" class=\"size-medium wp-image-97981491\" src=\"http:\/\/acrimat.org.br\/portal\/wp-content\/uploads\/2017\/05\/1493331059588-300x198.jpg\" alt=\"\" width=\"300\" height=\"198\" srcset=\"https:\/\/acrimat.org.br\/portal\/wp-content\/uploads\/2017\/05\/1493331059588-300x198.jpg 300w, https:\/\/acrimat.org.br\/portal\/wp-content\/uploads\/2017\/05\/1493331059588-250x165.jpg 250w, https:\/\/acrimat.org.br\/portal\/wp-content\/uploads\/2017\/05\/1493331059588-550x363.jpg 550w, https:\/\/acrimat.org.br\/portal\/wp-content\/uploads\/2017\/05\/1493331059588-273x180.jpg 273w, https:\/\/acrimat.org.br\/portal\/wp-content\/uploads\/2017\/05\/1493331059588-455x300.jpg 455w, https:\/\/acrimat.org.br\/portal\/wp-content\/uploads\/2017\/05\/1493331059588.jpg 640w\" sizes=\"(max-width: 300px) 100vw, 300px\" \/><\/a><p id=\"caption-attachment-97981491\" class=\"wp-caption-text\">Foto: Jos\u00e9 Cruz \/ Ag\u00eancia Brasil<\/p><\/div>\n<p>Ap\u00f3s se estabelecer no mercado de soja na China, o Brasil se esfor\u00e7a para agregar valor \u00e0s mercadorias agropecu\u00e1rias exportadas, segundo o ministro da Agricultura, Pecu\u00e1ria e Abastecimento, Blairo Maggi. &#8220;Ao inv\u00e9s de vendermos s\u00f3 gr\u00e3os, a gente quer vender carnes processadas, j\u00e1&#8221;, disse. Maggi integra a comitiva do presidente Michel Temer na 9\u00aa reuni\u00e3o de C\u00fapula do Brics, em Xiamen, na prov\u00edncia de Fujian, na China. O evento come\u00e7ou no domingo (3) e termina hoje (5).<\/p>\n<p>Em 2016, a China foi o principal destino das exporta\u00e7\u00f5es brasileiras, estando a soja no topo dos produtos comprados pelo pa\u00eds, de acordo com balan\u00e7o do Minist\u00e9rio da Ind\u00fastria, Com\u00e9rcio Exterior e Servi\u00e7os. Em seguida, est\u00e3o min\u00e9rios de ferro, \u00f3leos brutos de petr\u00f3leo e celulose. Produtos com baixo valor agregado.<\/p>\n<p>Consideradas apenas as exporta\u00e7\u00f5es agropecu\u00e1rias para a China, no total, foram vendidos US$ 17,8 bilh\u00f5es em produtos. Os embarques de soja em gr\u00e3o representaram US$ 14,4 bilh\u00f5es. A participa\u00e7\u00e3o das carnes bovina, su\u00edna e de frango foi de US$ 1,75 bilh\u00e3o. &#8220;[A China] compra muita soja do Brasil, processa essa soja e vende na regi\u00e3o com valor agregado&#8221;, disse o ministro.<\/p>\n<p>Segundo Maggi, o mercado de carnes representa um setor com um valor agregado maior e importante para o desenvolvimento do Brasil. &#8220;N\u00e3o s\u00f3 pela divisa, que se tem um valor maior, mas \u00e9 que atr\u00e1s dessa cadeia tem milhares de agricultores e pequenos agricultores que fazem parte da cadeia produtiva das aves, dos su\u00ednos, dos bovinos, depois dos abatedouros, dos transportes, \u00e9 uma cadeia bastante grande e bastante interessante&#8221;.<\/p>\n<p>Para Maggi, &#8220;o Brasil tem esse interesse de ser mais verticalizado na produ\u00e7\u00e3o para gera\u00e7\u00e3o de emprego interno, porque isso gera uma classe m\u00e9dia agr\u00edcola muito interessante nas cidades do interior&#8221;.<\/p>\n<p>Na \u00faltima sexta-feira (1\u00ba), Maggi anunciou, ap\u00f3s reuni\u00e3o, que os chineses t\u00eam interesse em aumentar o n\u00famero de frigor\u00edficos brasileiros habilitados a exportar para o pa\u00eds asi\u00e1tico.<\/p>\n<p>Para se estabelecer no mercado de carnes da China, no entanto, o Brasil ter\u00e1 que enfrentar algumas restri\u00e7\u00f5es e superar algumas barreiras culturais. O ministro defende que \u00e9 necess\u00e1rio que o Brasil, R\u00fassia, \u00cdndia, China e \u00c1frica do Sul &#8211; pa\u00edses que formam o Brics &#8211; precisam fortalecer o com\u00e9rcio entre eles, podendo estabelecer, por exemplo, um sistema de prefer\u00eancias para impulsionar ainda mais as trocas comerciais no bloco.<\/p>\n<p>No m\u00eas passado, o Minist\u00e9rio de Com\u00e9rcio da China anunciou o in\u00edcio de uma investiga\u00e7\u00e3o sobre poss\u00edvel dumping (venda de produtos com pre\u00e7o abaixo de mercado) nas importa\u00e7\u00f5es de frango procedentes do Brasil. A investiga\u00e7\u00e3o se prolongar\u00e1 por pelo menos um ano, at\u00e9 18 de agosto de 2018, com a possibilidade de prorroga\u00e7\u00e3o por mais 12 meses, informou o Minist\u00e9rio em um comunicado.<\/p>\n<p>A China \u00e9 o maior consumidor mundial de frango brasileiro, e 85% das importa\u00e7\u00f5es congeladas dessa carne procedem do Brasil.<\/p>\n","protected":false},"excerpt":{"rendered":"<p>&#8220;Ao inv\u00e9s de vendermos s\u00f3 gr\u00e3os, a gente quer vender carnes processadas, j\u00e1&#8221;, disse<\/p>\n","protected":false},"author":11,"featured_media":97981491,"comment_status":"closed","ping_status":"closed","sticky":false,"template":"","format":"standard","meta":{"footnotes":""},"categories":[6,1],"tags":[],"class_list":["post-97983458","post","type-post","status-publish","format-standard","has-post-thumbnail","hentry","category-destaque","category-noticia"],"yoast_head":"<!-- This site is optimized with the Yoast SEO plugin v24.8.1 - https:\/\/yoast.com\/wordpress\/plugins\/seo\/ -->\n<title>Maggi diz que Brasil se esfor\u00e7a para agregar valor \u00e0s exporta\u00e7\u00f5es agropecu\u00e1rias - Acrimat<\/title>\n<meta name=\"robots\" content=\"index, follow, max-snippet:-1, max-image-preview:large, max-video-preview:-1\" \/>\n<link rel=\"canonical\" href=\"https:\/\/acrimat.org.br\/portal\/maggi-diz-que-brasil-se-esforca-para-agregar-valor-as-exportacoes-agropecuarias\/\" \/>\n<meta property=\"og:locale\" content=\"pt_BR\" \/>\n<meta property=\"og:type\" content=\"article\" \/>\n<meta property=\"og:title\" content=\"Maggi diz que Brasil se esfor\u00e7a para agregar valor \u00e0s exporta\u00e7\u00f5es agropecu\u00e1rias - Acrimat\" \/>\n<meta property=\"og:description\" content=\"&quot;Ao inv\u00e9s de vendermos s\u00f3 gr\u00e3os, a gente quer vender carnes processadas, j\u00e1&quot;, disse\" \/>\n<meta property=\"og:url\" content=\"https:\/\/acrimat.org.br\/portal\/maggi-diz-que-brasil-se-esforca-para-agregar-valor-as-exportacoes-agropecuarias\/\" \/>\n<meta property=\"og:site_name\" content=\"Acrimat\" \/>\n<meta property=\"article:published_time\" content=\"2017-09-06T14:16:32+00:00\" \/>\n<meta property=\"article:modified_time\" content=\"2017-09-06T14:17:22+00:00\" \/>\n<meta property=\"og:image\" content=\"https:\/\/acrimat.org.br\/portal\/wp-content\/uploads\/2017\/05\/1493331059588.jpg\" \/>\n\t<meta property=\"og:image:width\" content=\"640\" \/>\n\t<meta property=\"og:image:height\" content=\"422\" \/>\n\t<meta property=\"og:image:type\" content=\"image\/jpeg\" \/>\n<meta name=\"author\" content=\"P\u00e9ricles C\u00e2ndido\" \/>\n<meta name=\"twitter:card\" content=\"summary_large_image\" \/>\n<meta name=\"twitter:label1\" content=\"Escrito por\" \/>\n\t<meta name=\"twitter:data1\" content=\"P\u00e9ricles C\u00e2ndido\" \/>\n\t<meta name=\"twitter:label2\" content=\"Est. tempo de leitura\" \/>\n\t<meta name=\"twitter:data2\" content=\"3 minutos\" \/>\n<script type=\"application\/ld+json\" class=\"yoast-schema-graph\">{\"@context\":\"https:\/\/schema.org\",\"@graph\":[{\"@type\":\"Article\",\"@id\":\"https:\/\/acrimat.org.br\/portal\/maggi-diz-que-brasil-se-esforca-para-agregar-valor-as-exportacoes-agropecuarias\/#article\",\"isPartOf\":{\"@id\":\"https:\/\/acrimat.org.br\/portal\/maggi-diz-que-brasil-se-esforca-para-agregar-valor-as-exportacoes-agropecuarias\/\"},\"author\":{\"name\":\"P\u00e9ricles C\u00e2ndido\",\"@id\":\"https:\/\/acrimat.org.br\/portal\/#\/schema\/person\/18df8bcf6890e924fe5d8b5afd2bec0f\"},\"headline\":\"Maggi diz que Brasil se esfor\u00e7a para agregar valor \u00e0s exporta\u00e7\u00f5es agropecu\u00e1rias\",\"datePublished\":\"2017-09-06T14:16:32+00:00\",\"dateModified\":\"2017-09-06T14:17:22+00:00\",\"mainEntityOfPage\":{\"@id\":\"https:\/\/acrimat.org.br\/portal\/maggi-diz-que-brasil-se-esforca-para-agregar-valor-as-exportacoes-agropecuarias\/\"},\"wordCount\":540,\"publisher\":{\"@id\":\"https:\/\/acrimat.org.br\/portal\/#organization\"},\"image\":{\"@id\":\"https:\/\/acrimat.org.br\/portal\/maggi-diz-que-brasil-se-esforca-para-agregar-valor-as-exportacoes-agropecuarias\/#primaryimage\"},\"thumbnailUrl\":\"https:\/\/acrimat.org.br\/portal\/wp-content\/uploads\/2017\/05\/1493331059588.jpg\",\"articleSection\":[\"Destaques\",\"Not\u00edcias\"],\"inLanguage\":\"pt-BR\"},{\"@type\":\"WebPage\",\"@id\":\"https:\/\/acrimat.org.br\/portal\/maggi-diz-que-brasil-se-esforca-para-agregar-valor-as-exportacoes-agropecuarias\/\",\"url\":\"https:\/\/acrimat.org.br\/portal\/maggi-diz-que-brasil-se-esforca-para-agregar-valor-as-exportacoes-agropecuarias\/\",\"name\":\"Maggi diz que Brasil se esfor\u00e7a para agregar valor \u00e0s exporta\u00e7\u00f5es agropecu\u00e1rias - Acrimat\",\"isPartOf\":{\"@id\":\"https:\/\/acrimat.org.br\/portal\/#website\"},\"primaryImageOfPage\":{\"@id\":\"https:\/\/acrimat.org.br\/portal\/maggi-diz-que-brasil-se-esforca-para-agregar-valor-as-exportacoes-agropecuarias\/#primaryimage\"},\"image\":{\"@id\":\"https:\/\/acrimat.org.br\/portal\/maggi-diz-que-brasil-se-esforca-para-agregar-valor-as-exportacoes-agropecuarias\/#primaryimage\"},\"thumbnailUrl\":\"https:\/\/acrimat.org.br\/portal\/wp-content\/uploads\/2017\/05\/1493331059588.jpg\",\"datePublished\":\"2017-09-06T14:16:32+00:00\",\"dateModified\":\"2017-09-06T14:17:22+00:00\",\"breadcrumb\":{\"@id\":\"https:\/\/acrimat.org.br\/portal\/maggi-diz-que-brasil-se-esforca-para-agregar-valor-as-exportacoes-agropecuarias\/#breadcrumb\"},\"inLanguage\":\"pt-BR\",\"potentialAction\":[{\"@type\":\"ReadAction\",\"target\":[\"https:\/\/acrimat.org.br\/portal\/maggi-diz-que-brasil-se-esforca-para-agregar-valor-as-exportacoes-agropecuarias\/\"]}]},{\"@type\":\"ImageObject\",\"inLanguage\":\"pt-BR\",\"@id\":\"https:\/\/acrimat.org.br\/portal\/maggi-diz-que-brasil-se-esforca-para-agregar-valor-as-exportacoes-agropecuarias\/#primaryimage\",\"url\":\"https:\/\/acrimat.org.br\/portal\/wp-content\/uploads\/2017\/05\/1493331059588.jpg\",\"contentUrl\":\"https:\/\/acrimat.org.br\/portal\/wp-content\/uploads\/2017\/05\/1493331059588.jpg\",\"width\":640,\"height\":422,\"caption\":\"Foto: Jos\u00e9 Cruz \/ Ag\u00eancia Brasil\"},{\"@type\":\"BreadcrumbList\",\"@id\":\"https:\/\/acrimat.org.br\/portal\/maggi-diz-que-brasil-se-esforca-para-agregar-valor-as-exportacoes-agropecuarias\/#breadcrumb\",\"itemListElement\":[{\"@type\":\"ListItem\",\"position\":1,\"name\":\"In\u00edcio\",\"item\":\"https:\/\/acrimat.org.br\/portal\/\"},{\"@type\":\"ListItem\",\"position\":2,\"name\":\"Maggi diz que Brasil se esfor\u00e7a para agregar valor \u00e0s exporta\u00e7\u00f5es agropecu\u00e1rias\"}]},{\"@type\":\"WebSite\",\"@id\":\"https:\/\/acrimat.org.br\/portal\/#website\",\"url\":\"https:\/\/acrimat.org.br\/portal\/\",\"name\":\"Acrimat\",\"description\":\"Associa\u00e7\u00e3o dos Criadores de Mato Grosso\",\"publisher\":{\"@id\":\"https:\/\/acrimat.org.br\/portal\/#organization\"},\"potentialAction\":[{\"@type\":\"SearchAction\",\"target\":{\"@type\":\"EntryPoint\",\"urlTemplate\":\"https:\/\/acrimat.org.br\/portal\/?s={search_term_string}\"},\"query-input\":{\"@type\":\"PropertyValueSpecification\",\"valueRequired\":true,\"valueName\":\"search_term_string\"}}],\"inLanguage\":\"pt-BR\"},{\"@type\":\"Organization\",\"@id\":\"https:\/\/acrimat.org.br\/portal\/#organization\",\"name\":\"Associa\u00e7\u00e3o dos Criadores de Mato Grosso\",\"url\":\"https:\/\/acrimat.org.br\/portal\/\",\"logo\":{\"@type\":\"ImageObject\",\"inLanguage\":\"pt-BR\",\"@id\":\"https:\/\/acrimat.org.br\/portal\/#\/schema\/logo\/image\/\",\"url\":\"https:\/\/acrimat.org.br\/portal\/wp-content\/uploads\/2018\/03\/logo-peq-original.png\",\"contentUrl\":\"https:\/\/acrimat.org.br\/portal\/wp-content\/uploads\/2018\/03\/logo-peq-original.png\",\"width\":174,\"height\":171,\"caption\":\"Associa\u00e7\u00e3o dos Criadores de Mato Grosso\"},\"image\":{\"@id\":\"https:\/\/acrimat.org.br\/portal\/#\/schema\/logo\/image\/\"}},{\"@type\":\"Person\",\"@id\":\"https:\/\/acrimat.org.br\/portal\/#\/schema\/person\/18df8bcf6890e924fe5d8b5afd2bec0f\",\"name\":\"P\u00e9ricles C\u00e2ndido\",\"image\":{\"@type\":\"ImageObject\",\"inLanguage\":\"pt-BR\",\"@id\":\"https:\/\/acrimat.org.br\/portal\/#\/schema\/person\/image\/\",\"url\":\"https:\/\/secure.gravatar.com\/avatar\/33e2a2b971dc363ed2df53d0d3bfbd18?s=96&d=mm&r=g\",\"contentUrl\":\"https:\/\/secure.gravatar.com\/avatar\/33e2a2b971dc363ed2df53d0d3bfbd18?s=96&d=mm&r=g\",\"caption\":\"P\u00e9ricles C\u00e2ndido\"},\"sameAs\":[\"ascom@acrimat.org.br\"],\"url\":\"https:\/\/acrimat.org.br\/portal\/author\/designergrafico\/\"}]}<\/script>\n<!-- \/ Yoast SEO plugin. -->","yoast_head_json":{"title":"Maggi diz que Brasil se esfor\u00e7a para agregar valor \u00e0s exporta\u00e7\u00f5es agropecu\u00e1rias - Acrimat","robots":{"index":"index","follow":"follow","max-snippet":"max-snippet:-1","max-image-preview":"max-image-preview:large","max-video-preview":"max-video-preview:-1"},"canonical":"https:\/\/acrimat.org.br\/portal\/maggi-diz-que-brasil-se-esforca-para-agregar-valor-as-exportacoes-agropecuarias\/","og_locale":"pt_BR","og_type":"article","og_title":"Maggi diz que Brasil se esfor\u00e7a para agregar valor \u00e0s exporta\u00e7\u00f5es agropecu\u00e1rias - Acrimat","og_description":"\"Ao inv\u00e9s de vendermos s\u00f3 gr\u00e3os, a gente quer vender carnes processadas, j\u00e1\", disse","og_url":"https:\/\/acrimat.org.br\/portal\/maggi-diz-que-brasil-se-esforca-para-agregar-valor-as-exportacoes-agropecuarias\/","og_site_name":"Acrimat","article_published_time":"2017-09-06T14:16:32+00:00","article_modified_time":"2017-09-06T14:17:22+00:00","og_image":[{"width":640,"height":422,"url":"https:\/\/acrimat.org.br\/portal\/wp-content\/uploads\/2017\/05\/1493331059588.jpg","type":"image\/jpeg"}],"author":"P\u00e9ricles C\u00e2ndido","twitter_card":"summary_large_image","twitter_misc":{"Escrito por":"P\u00e9ricles C\u00e2ndido","Est. tempo de leitura":"3 minutos"},"schema":{"@context":"https:\/\/schema.org","@graph":[{"@type":"Article","@id":"https:\/\/acrimat.org.br\/portal\/maggi-diz-que-brasil-se-esforca-para-agregar-valor-as-exportacoes-agropecuarias\/#article","isPartOf":{"@id":"https:\/\/acrimat.org.br\/portal\/maggi-diz-que-brasil-se-esforca-para-agregar-valor-as-exportacoes-agropecuarias\/"},"author":{"name":"P\u00e9ricles C\u00e2ndido","@id":"https:\/\/acrimat.org.br\/portal\/#\/schema\/person\/18df8bcf6890e924fe5d8b5afd2bec0f"},"headline":"Maggi diz que Brasil se esfor\u00e7a para agregar valor \u00e0s exporta\u00e7\u00f5es agropecu\u00e1rias","datePublished":"2017-09-06T14:16:32+00:00","dateModified":"2017-09-06T14:17:22+00:00","mainEntityOfPage":{"@id":"https:\/\/acrimat.org.br\/portal\/maggi-diz-que-brasil-se-esforca-para-agregar-valor-as-exportacoes-agropecuarias\/"},"wordCount":540,"publisher":{"@id":"https:\/\/acrimat.org.br\/portal\/#organization"},"image":{"@id":"https:\/\/acrimat.org.br\/portal\/maggi-diz-que-brasil-se-esforca-para-agregar-valor-as-exportacoes-agropecuarias\/#primaryimage"},"thumbnailUrl":"https:\/\/acrimat.org.br\/portal\/wp-content\/uploads\/2017\/05\/1493331059588.jpg","articleSection":["Destaques","Not\u00edcias"],"inLanguage":"pt-BR"},{"@type":"WebPage","@id":"https:\/\/acrimat.org.br\/portal\/maggi-diz-que-brasil-se-esforca-para-agregar-valor-as-exportacoes-agropecuarias\/","url":"https:\/\/acrimat.org.br\/portal\/maggi-diz-que-brasil-se-esforca-para-agregar-valor-as-exportacoes-agropecuarias\/","name":"Maggi diz que Brasil se esfor\u00e7a para agregar valor \u00e0s exporta\u00e7\u00f5es agropecu\u00e1rias - Acrimat","isPartOf":{"@id":"https:\/\/acrimat.org.br\/portal\/#website"},"primaryImageOfPage":{"@id":"https:\/\/acrimat.org.br\/portal\/maggi-diz-que-brasil-se-esforca-para-agregar-valor-as-exportacoes-agropecuarias\/#primaryimage"},"image":{"@id":"https:\/\/acrimat.org.br\/portal\/maggi-diz-que-brasil-se-esforca-para-agregar-valor-as-exportacoes-agropecuarias\/#primaryimage"},"thumbnailUrl":"https:\/\/acrimat.org.br\/portal\/wp-content\/uploads\/2017\/05\/1493331059588.jpg","datePublished":"2017-09-06T14:16:32+00:00","dateModified":"2017-09-06T14:17:22+00:00","breadcrumb":{"@id":"https:\/\/acrimat.org.br\/portal\/maggi-diz-que-brasil-se-esforca-para-agregar-valor-as-exportacoes-agropecuarias\/#breadcrumb"},"inLanguage":"pt-BR","potentialAction":[{"@type":"ReadAction","target":["https:\/\/acrimat.org.br\/portal\/maggi-diz-que-brasil-se-esforca-para-agregar-valor-as-exportacoes-agropecuarias\/"]}]},{"@type":"ImageObject","inLanguage":"pt-BR","@id":"https:\/\/acrimat.org.br\/portal\/maggi-diz-que-brasil-se-esforca-para-agregar-valor-as-exportacoes-agropecuarias\/#primaryimage","url":"https:\/\/acrimat.org.br\/portal\/wp-content\/uploads\/2017\/05\/1493331059588.jpg","contentUrl":"https:\/\/acrimat.org.br\/portal\/wp-content\/uploads\/2017\/05\/1493331059588.jpg","width":640,"height":422,"caption":"Foto: Jos\u00e9 Cruz \/ Ag\u00eancia Brasil"},{"@type":"BreadcrumbList","@id":"https:\/\/acrimat.org.br\/portal\/maggi-diz-que-brasil-se-esforca-para-agregar-valor-as-exportacoes-agropecuarias\/#breadcrumb","itemListElement":[{"@type":"ListItem","position":1,"name":"In\u00edcio","item":"https:\/\/acrimat.org.br\/portal\/"},{"@type":"ListItem","position":2,"name":"Maggi diz que Brasil se esfor\u00e7a para agregar valor \u00e0s exporta\u00e7\u00f5es agropecu\u00e1rias"}]},{"@type":"WebSite","@id":"https:\/\/acrimat.org.br\/portal\/#website","url":"https:\/\/acrimat.org.br\/portal\/","name":"Acrimat","description":"Associa\u00e7\u00e3o dos Criadores de Mato Grosso","publisher":{"@id":"https:\/\/acrimat.org.br\/portal\/#organization"},"potentialAction":[{"@type":"SearchAction","target":{"@type":"EntryPoint","urlTemplate":"https:\/\/acrimat.org.br\/portal\/?s={search_term_string}"},"query-input":{"@type":"PropertyValueSpecification","valueRequired":true,"valueName":"search_term_string"}}],"inLanguage":"pt-BR"},{"@type":"Organization","@id":"https:\/\/acrimat.org.br\/portal\/#organization","name":"Associa\u00e7\u00e3o dos Criadores de Mato Grosso","url":"https:\/\/acrimat.org.br\/portal\/","logo":{"@type":"ImageObject","inLanguage":"pt-BR","@id":"https:\/\/acrimat.org.br\/portal\/#\/schema\/logo\/image\/","url":"https:\/\/acrimat.org.br\/portal\/wp-content\/uploads\/2018\/03\/logo-peq-original.png","contentUrl":"https:\/\/acrimat.org.br\/portal\/wp-content\/uploads\/2018\/03\/logo-peq-original.png","width":174,"height":171,"caption":"Associa\u00e7\u00e3o dos Criadores de Mato Grosso"},"image":{"@id":"https:\/\/acrimat.org.br\/portal\/#\/schema\/logo\/image\/"}},{"@type":"Person","@id":"https:\/\/acrimat.org.br\/portal\/#\/schema\/person\/18df8bcf6890e924fe5d8b5afd2bec0f","name":"P\u00e9ricles C\u00e2ndido","image":{"@type":"ImageObject","inLanguage":"pt-BR","@id":"https:\/\/acrimat.org.br\/portal\/#\/schema\/person\/image\/","url":"https:\/\/secure.gravatar.com\/avatar\/33e2a2b971dc363ed2df53d0d3bfbd18?s=96&d=mm&r=g","contentUrl":"https:\/\/secure.gravatar.com\/avatar\/33e2a2b971dc363ed2df53d0d3bfbd18?s=96&d=mm&r=g","caption":"P\u00e9ricles C\u00e2ndido"},"sameAs":["ascom@acrimat.org.br"],"url":"https:\/\/acrimat.org.br\/portal\/author\/designergrafico\/"}]}},"_links":{"self":[{"href":"https:\/\/acrimat.org.br\/portal\/wp-json\/wp\/v2\/posts\/97983458","targetHints":{"allow":["GET"]}}],"collection":[{"href":"https:\/\/acrimat.org.br\/portal\/wp-json\/wp\/v2\/posts"}],"about":[{"href":"https:\/\/acrimat.org.br\/portal\/wp-json\/wp\/v2\/types\/post"}],"author":[{"embeddable":true,"href":"https:\/\/acrimat.org.br\/portal\/wp-json\/wp\/v2\/users\/11"}],"replies":[{"embeddable":true,"href":"https:\/\/acrimat.org.br\/portal\/wp-json\/wp\/v2\/comments?post=97983458"}],"version-history":[{"count":4,"href":"https:\/\/acrimat.org.br\/portal\/wp-json\/wp\/v2\/posts\/97983458\/revisions"}],"predecessor-version":[{"id":97983462,"href":"https:\/\/acrimat.org.br\/portal\/wp-json\/wp\/v2\/posts\/97983458\/revisions\/97983462"}],"wp:featuredmedia":[{"embeddable":true,"href":"https:\/\/acrimat.org.br\/portal\/wp-json\/wp\/v2\/media\/97981491"}],"wp:attachment":[{"href":"https:\/\/acrimat.org.br\/portal\/wp-json\/wp\/v2\/media?parent=97983458"}],"wp:term":[{"taxonomy":"category","embeddable":true,"href":"https:\/\/acrimat.org.br\/portal\/wp-json\/wp\/v2\/categories?post=97983458"},{"taxonomy":"post_tag","embeddable":true,"href":"https:\/\/acrimat.org.br\/portal\/wp-json\/wp\/v2\/tags?post=97983458"}],"curies":[{"name":"wp","href":"https:\/\/api.w.org\/{rel}","templated":true}]}}