{"id":97983463,"date":"2017-09-06T11:35:31","date_gmt":"2017-09-06T14:35:31","guid":{"rendered":"http:\/\/acrimat.org.br\/portal\/?p=97983463"},"modified":"2017-09-06T11:35:31","modified_gmt":"2017-09-06T14:35:31","slug":"producao-industrial-surpreende-com-alta-de-julho-diz-ibge","status":"publish","type":"post","link":"https:\/\/acrimat.org.br\/portal\/producao-industrial-surpreende-com-alta-de-julho-diz-ibge\/","title":{"rendered":"Produ\u00e7\u00e3o industrial surpreende com alta de julho, diz IBGE"},"content":{"rendered":"<p>A ind\u00fastria brasileira iniciou o segundo semestre com uma alta maior do que a prevista pelo mercado. A produ\u00e7\u00e3o do setor cresceu 0,8% na passagem de junho para julho, pela s\u00e9rie com ajustes sazonais, informou h\u00e1 pouco o Instituto Brasileiro de Geografia e Estat\u00edstica (IBGE).<\/p>\n<p>O resultado ocorre ap\u00f3s a alta de 0,2% do indicador em junho, frente ao m\u00eas anterior &#8212; dado foi revisado de estabilidade. A produ\u00e7\u00e3o industrial j\u00e1 havia crescido 1,2% em abril e 1,2% em maio. S\u00e3o, agora, quatro meses de alta.<\/p>\n<p>Nessa base de compara\u00e7\u00e3o, pela s\u00e9rie dessazonalizada, foi o melhor resultado para o m\u00eas de julho desde 2014 (+1,3%).<\/p>\n<p>O desempenho superou a estimativa m\u00e9dia e o teto de previs\u00f5es de 27 institui\u00e7\u00f5es financeiras e consultorias ouvidas pelo <strong>Valor<\/strong>, que previam alta de 0,4% de junho para julho. O intervalo das estimativas ia de alta de 0,1% a alta de 0,7%.<\/p>\n<p>Quando comparada a junho do ano passado, a produ\u00e7\u00e3o cresceu 2,5%. \u00c9 o melhor m\u00eas de julho desde 2013 (3,4%). A expectativa m\u00e9dia das institui\u00e7\u00f5es e consultorias ouvidas pelo <strong>Valor <\/strong>era de alta de 1,5% nessa compara\u00e7\u00e3o.<\/p>\n<p>Agora, a produ\u00e7\u00e3o industrial cresce 0,8% no acumulado deste ano. Nos 12 meses encerrados em julho, a baixa acumulada \u00e9 de 1,1% &#8212; desempenho melhor do que o visto em junho, quando tinha queda anual de 1,9%.<\/p>\n<p><strong>Bens dur\u00e1veis<\/strong><\/p>\n<p>A produ\u00e7\u00e3o da ind\u00fastria de bens de consumo dur\u00e1veis subiu 2,7% em julho, frente a junho, informou o IBGE. Frente ao mesmo m\u00eas de 2016, o indicador mostrou avan\u00e7o de 8,1%.<\/p>\n<p>No ano, houve crescimento de 9,8% na produ\u00e7\u00e3o de bens dur\u00e1veis, com impulso dos segmentos de autom\u00f3veis e eletrodom\u00e9sticos. No acumulado em 12 meses, a taxa ficou positiva em 3,8%.<\/p>\n<p>Em rela\u00e7\u00e3o aos bens de capital, a pesquisa indicou alta de 1,9% em julho, frente a junho. Quando comparado a julho de 2016, o avan\u00e7o \u00e9 de 8,7%. No ano, a produ\u00e7\u00e3o de bens de capital sobe 3,7%. E, em 12 meses, h\u00e1 alta de 2,8%.<\/p>\n<p>Na categoria de bens de consumo semidur\u00e1veis e n\u00e3o dur\u00e1veis, houve eleva\u00e7\u00e3o na produ\u00e7\u00e3o de 2% na compara\u00e7\u00e3o a junho deste ano e de 4,2% frente a julho do ano passado, segundo a pesquisa do IBGE.<\/p>\n<p>J\u00e1 os bens intermedi\u00e1rios, o IBGE informou que o indicador registrou alta de 0,9% de junho para julho deste ano. Frente a julho do ano passado, houve alta de 0,6%. No ano, registra estabilidade. Em 12 meses, h\u00e1 redu\u00e7\u00e3o de 1,7%.<\/p>\n<p><strong>Alimentos<\/strong><\/p>\n<p>A produ\u00e7\u00e3o industrial cresceu em 14 dos 24 ramos acompanhados de junho para julho deste ano, na s\u00e9rie com ajuste sazonal, diz o IBGE.<\/p>\n<p>De acordo com a Pesquisa Industrial Mensal &#8211; Produ\u00e7\u00e3o F\u00edsica (PIM-PF), a principal influ\u00eancia positiva foi registrada por produtos aliment\u00edcios (2,2%), em expans\u00e3o pelo terceiro m\u00eas seguido e acumulando ganho de 8,7% nesse per\u00edodo.<\/p>\n<p>&#8220;Processamento da safra de cana-de a\u00e7\u00facar contribuiu positivamente para o resultado do m\u00eas do ramo de alimentos. Mas carne bovina tamb\u00e9m foi uma contribui\u00e7\u00e3o importante&#8221;, disse o gerente, acrescentando que o resultado influenciou a alta de 0,9% dos bens intermedi\u00e1rios. Outras contribui\u00e7\u00f5es positivas para o resultado da ind\u00fastria na margem vieram de coque, produtos derivados do petr\u00f3leo e biocombust\u00edveis (1,9%), de equipamentos de inform\u00e1tica, produtos eletr\u00f4nicos e \u00f3pticos (5,9%), de produtos farmoqu\u00edmicos e farmac\u00eauticos (4,8%).<\/p>\n<p>O gerente da Coordena\u00e7\u00e3o de Ind\u00fastria, Andr\u00e9 Macedo, frisa queda essas tr\u00eas atividades que tamb\u00e9m contribu\u00edram para as demais apontaram taxas negativas em junho \u00faltimo. Foram, respectivamente, negativos de 2%, 2,5% e 8,5%, respectivamente.<\/p>\n<p>Entre os dez ramos que reduziram a produ\u00e7\u00e3o nesse m\u00eas, os piores resultados vieram das ind\u00fastrias extrativas (-1,5%), perfumaria, sab\u00f5es, produtos de limpeza e de higiene pessoal (-1,8%) e metalurgia (-2,1%).<\/p>\n<p><a href=\"http:\/\/acrimat.org.br\/portal\/wp-content\/uploads\/2017\/09\/iframe-valor.png\"><img fetchpriority=\"high\" decoding=\"async\" class=\"alignnone wp-image-97983467 size-full\" src=\"http:\/\/acrimat.org.br\/portal\/wp-content\/uploads\/2017\/09\/iframe-valor.png\" alt=\"\" width=\"573\" height=\"414\" srcset=\"https:\/\/acrimat.org.br\/portal\/wp-content\/uploads\/2017\/09\/iframe-valor.png 573w, https:\/\/acrimat.org.br\/portal\/wp-content\/uploads\/2017\/09\/iframe-valor-300x217.png 300w, https:\/\/acrimat.org.br\/portal\/wp-content\/uploads\/2017\/09\/iframe-valor-250x181.png 250w, https:\/\/acrimat.org.br\/portal\/wp-content\/uploads\/2017\/09\/iframe-valor-550x397.png 550w, https:\/\/acrimat.org.br\/portal\/wp-content\/uploads\/2017\/09\/iframe-valor-249x180.png 249w, https:\/\/acrimat.org.br\/portal\/wp-content\/uploads\/2017\/09\/iframe-valor-415x300.png 415w\" sizes=\"(max-width: 573px) 100vw, 573px\" \/><\/a><\/p>\n","protected":false},"excerpt":{"rendered":"<p>A ind\u00fastria brasileira iniciou o segundo semestre com uma alta maior do que a prevista pelo mercado. A produ\u00e7\u00e3o do setor cresceu 0,8% na passagem de junho para julho, pela s\u00e9rie com ajustes sazonais, informou h\u00e1 pouco o Instituto Brasileiro de Geografia e Estat\u00edstica (IBGE). O resultado ocorre ap\u00f3s a alta de 0,2% do indicador [&hellip;]<\/p>\n","protected":false},"author":11,"featured_media":0,"comment_status":"closed","ping_status":"closed","sticky":false,"template":"","format":"standard","meta":{"footnotes":""},"categories":[6,1],"tags":[],"class_list":["post-97983463","post","type-post","status-publish","format-standard","hentry","category-destaque","category-noticia"],"yoast_head":"<!-- This site is optimized with the Yoast SEO plugin v24.8.1 - https:\/\/yoast.com\/wordpress\/plugins\/seo\/ -->\n<title>Produ\u00e7\u00e3o industrial surpreende com alta de julho, diz IBGE - Acrimat<\/title>\n<meta name=\"robots\" content=\"index, follow, max-snippet:-1, max-image-preview:large, max-video-preview:-1\" \/>\n<link rel=\"canonical\" href=\"https:\/\/acrimat.org.br\/portal\/producao-industrial-surpreende-com-alta-de-julho-diz-ibge\/\" \/>\n<meta property=\"og:locale\" content=\"pt_BR\" \/>\n<meta property=\"og:type\" content=\"article\" \/>\n<meta property=\"og:title\" content=\"Produ\u00e7\u00e3o industrial surpreende com alta de julho, diz IBGE - Acrimat\" \/>\n<meta property=\"og:description\" content=\"A ind\u00fastria brasileira iniciou o segundo semestre com uma alta maior do que a prevista pelo mercado. A produ\u00e7\u00e3o do setor cresceu 0,8% na passagem de junho para julho, pela s\u00e9rie com ajustes sazonais, informou h\u00e1 pouco o Instituto Brasileiro de Geografia e Estat\u00edstica (IBGE). O resultado ocorre ap\u00f3s a alta de 0,2% do indicador [&hellip;]\" \/>\n<meta property=\"og:url\" content=\"https:\/\/acrimat.org.br\/portal\/producao-industrial-surpreende-com-alta-de-julho-diz-ibge\/\" \/>\n<meta property=\"og:site_name\" content=\"Acrimat\" \/>\n<meta property=\"article:published_time\" content=\"2017-09-06T14:35:31+00:00\" \/>\n<meta property=\"og:image\" content=\"http:\/\/acrimat.org.br\/portal\/wp-content\/uploads\/2017\/09\/iframe-valor.png\" \/>\n<meta name=\"author\" content=\"P\u00e9ricles C\u00e2ndido\" \/>\n<meta name=\"twitter:card\" content=\"summary_large_image\" \/>\n<meta name=\"twitter:label1\" content=\"Escrito por\" \/>\n\t<meta name=\"twitter:data1\" content=\"P\u00e9ricles C\u00e2ndido\" \/>\n\t<meta name=\"twitter:label2\" content=\"Est. tempo de leitura\" \/>\n\t<meta name=\"twitter:data2\" content=\"3 minutos\" \/>\n<script type=\"application\/ld+json\" class=\"yoast-schema-graph\">{\"@context\":\"https:\/\/schema.org\",\"@graph\":[{\"@type\":\"Article\",\"@id\":\"https:\/\/acrimat.org.br\/portal\/producao-industrial-surpreende-com-alta-de-julho-diz-ibge\/#article\",\"isPartOf\":{\"@id\":\"https:\/\/acrimat.org.br\/portal\/producao-industrial-surpreende-com-alta-de-julho-diz-ibge\/\"},\"author\":{\"name\":\"P\u00e9ricles C\u00e2ndido\",\"@id\":\"https:\/\/acrimat.org.br\/portal\/#\/schema\/person\/18df8bcf6890e924fe5d8b5afd2bec0f\"},\"headline\":\"Produ\u00e7\u00e3o industrial surpreende com alta de julho, diz IBGE\",\"datePublished\":\"2017-09-06T14:35:31+00:00\",\"mainEntityOfPage\":{\"@id\":\"https:\/\/acrimat.org.br\/portal\/producao-industrial-surpreende-com-alta-de-julho-diz-ibge\/\"},\"wordCount\":638,\"publisher\":{\"@id\":\"https:\/\/acrimat.org.br\/portal\/#organization\"},\"image\":{\"@id\":\"https:\/\/acrimat.org.br\/portal\/producao-industrial-surpreende-com-alta-de-julho-diz-ibge\/#primaryimage\"},\"thumbnailUrl\":\"http:\/\/acrimat.org.br\/portal\/wp-content\/uploads\/2017\/09\/iframe-valor.png\",\"articleSection\":[\"Destaques\",\"Not\u00edcias\"],\"inLanguage\":\"pt-BR\"},{\"@type\":\"WebPage\",\"@id\":\"https:\/\/acrimat.org.br\/portal\/producao-industrial-surpreende-com-alta-de-julho-diz-ibge\/\",\"url\":\"https:\/\/acrimat.org.br\/portal\/producao-industrial-surpreende-com-alta-de-julho-diz-ibge\/\",\"name\":\"Produ\u00e7\u00e3o industrial surpreende com alta de julho, diz IBGE - Acrimat\",\"isPartOf\":{\"@id\":\"https:\/\/acrimat.org.br\/portal\/#website\"},\"primaryImageOfPage\":{\"@id\":\"https:\/\/acrimat.org.br\/portal\/producao-industrial-surpreende-com-alta-de-julho-diz-ibge\/#primaryimage\"},\"image\":{\"@id\":\"https:\/\/acrimat.org.br\/portal\/producao-industrial-surpreende-com-alta-de-julho-diz-ibge\/#primaryimage\"},\"thumbnailUrl\":\"http:\/\/acrimat.org.br\/portal\/wp-content\/uploads\/2017\/09\/iframe-valor.png\",\"datePublished\":\"2017-09-06T14:35:31+00:00\",\"breadcrumb\":{\"@id\":\"https:\/\/acrimat.org.br\/portal\/producao-industrial-surpreende-com-alta-de-julho-diz-ibge\/#breadcrumb\"},\"inLanguage\":\"pt-BR\",\"potentialAction\":[{\"@type\":\"ReadAction\",\"target\":[\"https:\/\/acrimat.org.br\/portal\/producao-industrial-surpreende-com-alta-de-julho-diz-ibge\/\"]}]},{\"@type\":\"ImageObject\",\"inLanguage\":\"pt-BR\",\"@id\":\"https:\/\/acrimat.org.br\/portal\/producao-industrial-surpreende-com-alta-de-julho-diz-ibge\/#primaryimage\",\"url\":\"http:\/\/acrimat.org.br\/portal\/wp-content\/uploads\/2017\/09\/iframe-valor.png\",\"contentUrl\":\"http:\/\/acrimat.org.br\/portal\/wp-content\/uploads\/2017\/09\/iframe-valor.png\"},{\"@type\":\"BreadcrumbList\",\"@id\":\"https:\/\/acrimat.org.br\/portal\/producao-industrial-surpreende-com-alta-de-julho-diz-ibge\/#breadcrumb\",\"itemListElement\":[{\"@type\":\"ListItem\",\"position\":1,\"name\":\"In\u00edcio\",\"item\":\"https:\/\/acrimat.org.br\/portal\/\"},{\"@type\":\"ListItem\",\"position\":2,\"name\":\"Produ\u00e7\u00e3o industrial surpreende com alta de julho, diz IBGE\"}]},{\"@type\":\"WebSite\",\"@id\":\"https:\/\/acrimat.org.br\/portal\/#website\",\"url\":\"https:\/\/acrimat.org.br\/portal\/\",\"name\":\"Acrimat\",\"description\":\"Associa\u00e7\u00e3o dos Criadores de Mato Grosso\",\"publisher\":{\"@id\":\"https:\/\/acrimat.org.br\/portal\/#organization\"},\"potentialAction\":[{\"@type\":\"SearchAction\",\"target\":{\"@type\":\"EntryPoint\",\"urlTemplate\":\"https:\/\/acrimat.org.br\/portal\/?s={search_term_string}\"},\"query-input\":{\"@type\":\"PropertyValueSpecification\",\"valueRequired\":true,\"valueName\":\"search_term_string\"}}],\"inLanguage\":\"pt-BR\"},{\"@type\":\"Organization\",\"@id\":\"https:\/\/acrimat.org.br\/portal\/#organization\",\"name\":\"Associa\u00e7\u00e3o dos Criadores de Mato Grosso\",\"url\":\"https:\/\/acrimat.org.br\/portal\/\",\"logo\":{\"@type\":\"ImageObject\",\"inLanguage\":\"pt-BR\",\"@id\":\"https:\/\/acrimat.org.br\/portal\/#\/schema\/logo\/image\/\",\"url\":\"https:\/\/acrimat.org.br\/portal\/wp-content\/uploads\/2018\/03\/logo-peq-original.png\",\"contentUrl\":\"https:\/\/acrimat.org.br\/portal\/wp-content\/uploads\/2018\/03\/logo-peq-original.png\",\"width\":174,\"height\":171,\"caption\":\"Associa\u00e7\u00e3o dos Criadores de Mato Grosso\"},\"image\":{\"@id\":\"https:\/\/acrimat.org.br\/portal\/#\/schema\/logo\/image\/\"}},{\"@type\":\"Person\",\"@id\":\"https:\/\/acrimat.org.br\/portal\/#\/schema\/person\/18df8bcf6890e924fe5d8b5afd2bec0f\",\"name\":\"P\u00e9ricles C\u00e2ndido\",\"image\":{\"@type\":\"ImageObject\",\"inLanguage\":\"pt-BR\",\"@id\":\"https:\/\/acrimat.org.br\/portal\/#\/schema\/person\/image\/\",\"url\":\"https:\/\/secure.gravatar.com\/avatar\/33e2a2b971dc363ed2df53d0d3bfbd18?s=96&d=mm&r=g\",\"contentUrl\":\"https:\/\/secure.gravatar.com\/avatar\/33e2a2b971dc363ed2df53d0d3bfbd18?s=96&d=mm&r=g\",\"caption\":\"P\u00e9ricles C\u00e2ndido\"},\"sameAs\":[\"ascom@acrimat.org.br\"],\"url\":\"https:\/\/acrimat.org.br\/portal\/author\/designergrafico\/\"}]}<\/script>\n<!-- \/ Yoast SEO plugin. -->","yoast_head_json":{"title":"Produ\u00e7\u00e3o industrial surpreende com alta de julho, diz IBGE - Acrimat","robots":{"index":"index","follow":"follow","max-snippet":"max-snippet:-1","max-image-preview":"max-image-preview:large","max-video-preview":"max-video-preview:-1"},"canonical":"https:\/\/acrimat.org.br\/portal\/producao-industrial-surpreende-com-alta-de-julho-diz-ibge\/","og_locale":"pt_BR","og_type":"article","og_title":"Produ\u00e7\u00e3o industrial surpreende com alta de julho, diz IBGE - Acrimat","og_description":"A ind\u00fastria brasileira iniciou o segundo semestre com uma alta maior do que a prevista pelo mercado. A produ\u00e7\u00e3o do setor cresceu 0,8% na passagem de junho para julho, pela s\u00e9rie com ajustes sazonais, informou h\u00e1 pouco o Instituto Brasileiro de Geografia e Estat\u00edstica (IBGE). O resultado ocorre ap\u00f3s a alta de 0,2% do indicador [&hellip;]","og_url":"https:\/\/acrimat.org.br\/portal\/producao-industrial-surpreende-com-alta-de-julho-diz-ibge\/","og_site_name":"Acrimat","article_published_time":"2017-09-06T14:35:31+00:00","og_image":[{"url":"http:\/\/acrimat.org.br\/portal\/wp-content\/uploads\/2017\/09\/iframe-valor.png","type":"","width":"","height":""}],"author":"P\u00e9ricles C\u00e2ndido","twitter_card":"summary_large_image","twitter_misc":{"Escrito por":"P\u00e9ricles C\u00e2ndido","Est. tempo de leitura":"3 minutos"},"schema":{"@context":"https:\/\/schema.org","@graph":[{"@type":"Article","@id":"https:\/\/acrimat.org.br\/portal\/producao-industrial-surpreende-com-alta-de-julho-diz-ibge\/#article","isPartOf":{"@id":"https:\/\/acrimat.org.br\/portal\/producao-industrial-surpreende-com-alta-de-julho-diz-ibge\/"},"author":{"name":"P\u00e9ricles C\u00e2ndido","@id":"https:\/\/acrimat.org.br\/portal\/#\/schema\/person\/18df8bcf6890e924fe5d8b5afd2bec0f"},"headline":"Produ\u00e7\u00e3o industrial surpreende com alta de julho, diz IBGE","datePublished":"2017-09-06T14:35:31+00:00","mainEntityOfPage":{"@id":"https:\/\/acrimat.org.br\/portal\/producao-industrial-surpreende-com-alta-de-julho-diz-ibge\/"},"wordCount":638,"publisher":{"@id":"https:\/\/acrimat.org.br\/portal\/#organization"},"image":{"@id":"https:\/\/acrimat.org.br\/portal\/producao-industrial-surpreende-com-alta-de-julho-diz-ibge\/#primaryimage"},"thumbnailUrl":"http:\/\/acrimat.org.br\/portal\/wp-content\/uploads\/2017\/09\/iframe-valor.png","articleSection":["Destaques","Not\u00edcias"],"inLanguage":"pt-BR"},{"@type":"WebPage","@id":"https:\/\/acrimat.org.br\/portal\/producao-industrial-surpreende-com-alta-de-julho-diz-ibge\/","url":"https:\/\/acrimat.org.br\/portal\/producao-industrial-surpreende-com-alta-de-julho-diz-ibge\/","name":"Produ\u00e7\u00e3o industrial surpreende com alta de julho, diz IBGE - Acrimat","isPartOf":{"@id":"https:\/\/acrimat.org.br\/portal\/#website"},"primaryImageOfPage":{"@id":"https:\/\/acrimat.org.br\/portal\/producao-industrial-surpreende-com-alta-de-julho-diz-ibge\/#primaryimage"},"image":{"@id":"https:\/\/acrimat.org.br\/portal\/producao-industrial-surpreende-com-alta-de-julho-diz-ibge\/#primaryimage"},"thumbnailUrl":"http:\/\/acrimat.org.br\/portal\/wp-content\/uploads\/2017\/09\/iframe-valor.png","datePublished":"2017-09-06T14:35:31+00:00","breadcrumb":{"@id":"https:\/\/acrimat.org.br\/portal\/producao-industrial-surpreende-com-alta-de-julho-diz-ibge\/#breadcrumb"},"inLanguage":"pt-BR","potentialAction":[{"@type":"ReadAction","target":["https:\/\/acrimat.org.br\/portal\/producao-industrial-surpreende-com-alta-de-julho-diz-ibge\/"]}]},{"@type":"ImageObject","inLanguage":"pt-BR","@id":"https:\/\/acrimat.org.br\/portal\/producao-industrial-surpreende-com-alta-de-julho-diz-ibge\/#primaryimage","url":"http:\/\/acrimat.org.br\/portal\/wp-content\/uploads\/2017\/09\/iframe-valor.png","contentUrl":"http:\/\/acrimat.org.br\/portal\/wp-content\/uploads\/2017\/09\/iframe-valor.png"},{"@type":"BreadcrumbList","@id":"https:\/\/acrimat.org.br\/portal\/producao-industrial-surpreende-com-alta-de-julho-diz-ibge\/#breadcrumb","itemListElement":[{"@type":"ListItem","position":1,"name":"In\u00edcio","item":"https:\/\/acrimat.org.br\/portal\/"},{"@type":"ListItem","position":2,"name":"Produ\u00e7\u00e3o industrial surpreende com alta de julho, diz IBGE"}]},{"@type":"WebSite","@id":"https:\/\/acrimat.org.br\/portal\/#website","url":"https:\/\/acrimat.org.br\/portal\/","name":"Acrimat","description":"Associa\u00e7\u00e3o dos Criadores de Mato Grosso","publisher":{"@id":"https:\/\/acrimat.org.br\/portal\/#organization"},"potentialAction":[{"@type":"SearchAction","target":{"@type":"EntryPoint","urlTemplate":"https:\/\/acrimat.org.br\/portal\/?s={search_term_string}"},"query-input":{"@type":"PropertyValueSpecification","valueRequired":true,"valueName":"search_term_string"}}],"inLanguage":"pt-BR"},{"@type":"Organization","@id":"https:\/\/acrimat.org.br\/portal\/#organization","name":"Associa\u00e7\u00e3o dos Criadores de Mato Grosso","url":"https:\/\/acrimat.org.br\/portal\/","logo":{"@type":"ImageObject","inLanguage":"pt-BR","@id":"https:\/\/acrimat.org.br\/portal\/#\/schema\/logo\/image\/","url":"https:\/\/acrimat.org.br\/portal\/wp-content\/uploads\/2018\/03\/logo-peq-original.png","contentUrl":"https:\/\/acrimat.org.br\/portal\/wp-content\/uploads\/2018\/03\/logo-peq-original.png","width":174,"height":171,"caption":"Associa\u00e7\u00e3o dos Criadores de Mato Grosso"},"image":{"@id":"https:\/\/acrimat.org.br\/portal\/#\/schema\/logo\/image\/"}},{"@type":"Person","@id":"https:\/\/acrimat.org.br\/portal\/#\/schema\/person\/18df8bcf6890e924fe5d8b5afd2bec0f","name":"P\u00e9ricles C\u00e2ndido","image":{"@type":"ImageObject","inLanguage":"pt-BR","@id":"https:\/\/acrimat.org.br\/portal\/#\/schema\/person\/image\/","url":"https:\/\/secure.gravatar.com\/avatar\/33e2a2b971dc363ed2df53d0d3bfbd18?s=96&d=mm&r=g","contentUrl":"https:\/\/secure.gravatar.com\/avatar\/33e2a2b971dc363ed2df53d0d3bfbd18?s=96&d=mm&r=g","caption":"P\u00e9ricles C\u00e2ndido"},"sameAs":["ascom@acrimat.org.br"],"url":"https:\/\/acrimat.org.br\/portal\/author\/designergrafico\/"}]}},"_links":{"self":[{"href":"https:\/\/acrimat.org.br\/portal\/wp-json\/wp\/v2\/posts\/97983463","targetHints":{"allow":["GET"]}}],"collection":[{"href":"https:\/\/acrimat.org.br\/portal\/wp-json\/wp\/v2\/posts"}],"about":[{"href":"https:\/\/acrimat.org.br\/portal\/wp-json\/wp\/v2\/types\/post"}],"author":[{"embeddable":true,"href":"https:\/\/acrimat.org.br\/portal\/wp-json\/wp\/v2\/users\/11"}],"replies":[{"embeddable":true,"href":"https:\/\/acrimat.org.br\/portal\/wp-json\/wp\/v2\/comments?post=97983463"}],"version-history":[{"count":4,"href":"https:\/\/acrimat.org.br\/portal\/wp-json\/wp\/v2\/posts\/97983463\/revisions"}],"predecessor-version":[{"id":97983468,"href":"https:\/\/acrimat.org.br\/portal\/wp-json\/wp\/v2\/posts\/97983463\/revisions\/97983468"}],"wp:attachment":[{"href":"https:\/\/acrimat.org.br\/portal\/wp-json\/wp\/v2\/media?parent=97983463"}],"wp:term":[{"taxonomy":"category","embeddable":true,"href":"https:\/\/acrimat.org.br\/portal\/wp-json\/wp\/v2\/categories?post=97983463"},{"taxonomy":"post_tag","embeddable":true,"href":"https:\/\/acrimat.org.br\/portal\/wp-json\/wp\/v2\/tags?post=97983463"}],"curies":[{"name":"wp","href":"https:\/\/api.w.org\/{rel}","templated":true}]}}