{"id":97983469,"date":"2017-09-06T11:37:09","date_gmt":"2017-09-06T14:37:09","guid":{"rendered":"http:\/\/acrimat.org.br\/portal\/?p=97983469"},"modified":"2017-09-06T11:37:30","modified_gmt":"2017-09-06T14:37:30","slug":"demanda-aquece-o-mercado-de-reposicao","status":"publish","type":"post","link":"https:\/\/acrimat.org.br\/portal\/demanda-aquece-o-mercado-de-reposicao\/","title":{"rendered":"Demanda aquece o mercado de reposi\u00e7\u00e3o"},"content":{"rendered":"<div id=\"attachment_97983470\" style=\"width: 310px\" class=\"wp-caption alignright\"><a href=\"http:\/\/acrimat.org.br\/portal\/wp-content\/uploads\/2017\/09\/reposi\u00e7\u00e3o.jpg\"><img fetchpriority=\"high\" decoding=\"async\" aria-describedby=\"caption-attachment-97983470\" class=\"size-medium wp-image-97983470\" src=\"http:\/\/acrimat.org.br\/portal\/wp-content\/uploads\/2017\/09\/reposi\u00e7\u00e3o-300x264.jpg\" alt=\"\" width=\"300\" height=\"264\" srcset=\"https:\/\/acrimat.org.br\/portal\/wp-content\/uploads\/2017\/09\/reposi\u00e7\u00e3o-300x264.jpg 300w, https:\/\/acrimat.org.br\/portal\/wp-content\/uploads\/2017\/09\/reposi\u00e7\u00e3o-250x220.jpg 250w, https:\/\/acrimat.org.br\/portal\/wp-content\/uploads\/2017\/09\/reposi\u00e7\u00e3o-205x180.jpg 205w, https:\/\/acrimat.org.br\/portal\/wp-content\/uploads\/2017\/09\/reposi\u00e7\u00e3o-341x300.jpg 341w, https:\/\/acrimat.org.br\/portal\/wp-content\/uploads\/2017\/09\/reposi\u00e7\u00e3o.jpg 350w\" sizes=\"(max-width: 300px) 100vw, 300px\" \/><\/a><p id=\"caption-attachment-97983470\" class=\"wp-caption-text\">Demanda aquece o mercado de reposi\u00e7\u00e3o<\/p><\/div>\n<p>As cota\u00e7\u00f5es continuam firmes no mercado de reposi\u00e7\u00e3o. O balan\u00e7o da \u00faltima semana registrou novamente a maior alta do ano, na m\u00e9dia de todas as categorias de machos e f\u00eameas anelorados pesquisados pela Scot Consultoria, as cota\u00e7\u00f5es tiveram valoriza\u00e7\u00e3o de 1,3%, frente \u00e0 semana anterior.<\/p>\n<p>J\u00e1 no balan\u00e7o do m\u00eas, agosto mostrou a primeira alta mensal do ano. Na m\u00e9dia de todas as categorias de machos e f\u00eameas, as cota\u00e7\u00f5es fecharam com ajuste positivo de 2,5%.<\/p>\n<p>Este cen\u00e1rio de firmeza nas cota\u00e7\u00f5es para a reposi\u00e7\u00e3o \u00e9 reflexo direto do mercado do boi gordo.<\/p>\n<p>Com a arroba do boi gordo firme, os recriadores e invernistas sa\u00edram \u00e0 procura de neg\u00f3cios e, diante da maior demanda por animais, as cota\u00e7\u00f5es ganharam sustenta\u00e7\u00e3o.<\/p>\n<p>Tamb\u00e9m vale ressaltar, que apesar da procura aquecida, neg\u00f3cios em patamares de pre\u00e7os elevados n\u00e3o ocorrem ou ocorrem em menor volume, pois nestes casos h\u00e1 certa trava entre criadores e invernistas.<\/p>\n<p>Outro fator que tamb\u00e9m deve ser levado em considera\u00e7\u00e3o \u00e9 a qualidade das pastagens, que devido ao per\u00edodo seco est\u00e3o com baixa capacidade de suporte e isso vem limitando as negocia\u00e7\u00f5es.<\/p>\n<p>O fato \u00e9 que para o curto prazo a tend\u00eancia \u00e9 de mercado firme para a reposi\u00e7\u00e3o, acompanhando o cen\u00e1rio do boi gordo.<\/p>\n<p>A liquidez deste mercado ir\u00e1 depender da queda de bra\u00e7o entre criadores e invernistas.<\/p>\n<div class=\"row\">Fonte:\u00a0<strong>Scot Consultoria<\/strong><\/div>\n","protected":false},"excerpt":{"rendered":"<p>Com a arroba do boi gordo firme, os recriadores e invernistas sa\u00edram \u00e0 procura de neg\u00f3cios<\/p>\n","protected":false},"author":11,"featured_media":97983470,"comment_status":"closed","ping_status":"closed","sticky":false,"template":"","format":"standard","meta":{"footnotes":""},"categories":[6,1],"tags":[],"class_list":["post-97983469","post","type-post","status-publish","format-standard","has-post-thumbnail","hentry","category-destaque","category-noticia"],"yoast_head":"<!-- This site is optimized with the Yoast SEO plugin v24.8.1 - https:\/\/yoast.com\/wordpress\/plugins\/seo\/ -->\n<title>Demanda aquece o mercado de reposi\u00e7\u00e3o - Acrimat<\/title>\n<meta name=\"robots\" content=\"index, follow, max-snippet:-1, max-image-preview:large, max-video-preview:-1\" \/>\n<link rel=\"canonical\" href=\"https:\/\/acrimat.org.br\/portal\/demanda-aquece-o-mercado-de-reposicao\/\" \/>\n<meta property=\"og:locale\" content=\"pt_BR\" \/>\n<meta property=\"og:type\" content=\"article\" \/>\n<meta property=\"og:title\" content=\"Demanda aquece o mercado de reposi\u00e7\u00e3o - Acrimat\" \/>\n<meta property=\"og:description\" content=\"Com a arroba do boi gordo firme, os recriadores e invernistas sa\u00edram \u00e0 procura de neg\u00f3cios\" \/>\n<meta property=\"og:url\" content=\"https:\/\/acrimat.org.br\/portal\/demanda-aquece-o-mercado-de-reposicao\/\" \/>\n<meta property=\"og:site_name\" content=\"Acrimat\" \/>\n<meta property=\"article:published_time\" content=\"2017-09-06T14:37:09+00:00\" \/>\n<meta property=\"article:modified_time\" content=\"2017-09-06T14:37:30+00:00\" \/>\n<meta property=\"og:image\" content=\"https:\/\/acrimat.org.br\/portal\/wp-content\/uploads\/2017\/09\/reposi\u00e7\u00e3o.jpg\" \/>\n\t<meta property=\"og:image:width\" content=\"350\" \/>\n\t<meta property=\"og:image:height\" content=\"308\" \/>\n\t<meta property=\"og:image:type\" content=\"image\/jpeg\" \/>\n<meta name=\"author\" content=\"P\u00e9ricles C\u00e2ndido\" \/>\n<meta name=\"twitter:card\" content=\"summary_large_image\" \/>\n<meta name=\"twitter:label1\" content=\"Escrito por\" \/>\n\t<meta name=\"twitter:data1\" content=\"P\u00e9ricles C\u00e2ndido\" \/>\n\t<meta name=\"twitter:label2\" content=\"Est. tempo de leitura\" \/>\n\t<meta name=\"twitter:data2\" content=\"1 minuto\" \/>\n<script type=\"application\/ld+json\" class=\"yoast-schema-graph\">{\"@context\":\"https:\/\/schema.org\",\"@graph\":[{\"@type\":\"Article\",\"@id\":\"https:\/\/acrimat.org.br\/portal\/demanda-aquece-o-mercado-de-reposicao\/#article\",\"isPartOf\":{\"@id\":\"https:\/\/acrimat.org.br\/portal\/demanda-aquece-o-mercado-de-reposicao\/\"},\"author\":{\"name\":\"P\u00e9ricles C\u00e2ndido\",\"@id\":\"https:\/\/acrimat.org.br\/portal\/#\/schema\/person\/18df8bcf6890e924fe5d8b5afd2bec0f\"},\"headline\":\"Demanda aquece o mercado de reposi\u00e7\u00e3o\",\"datePublished\":\"2017-09-06T14:37:09+00:00\",\"dateModified\":\"2017-09-06T14:37:30+00:00\",\"mainEntityOfPage\":{\"@id\":\"https:\/\/acrimat.org.br\/portal\/demanda-aquece-o-mercado-de-reposicao\/\"},\"wordCount\":267,\"publisher\":{\"@id\":\"https:\/\/acrimat.org.br\/portal\/#organization\"},\"image\":{\"@id\":\"https:\/\/acrimat.org.br\/portal\/demanda-aquece-o-mercado-de-reposicao\/#primaryimage\"},\"thumbnailUrl\":\"https:\/\/acrimat.org.br\/portal\/wp-content\/uploads\/2017\/09\/reposi\u00e7\u00e3o.jpg\",\"articleSection\":[\"Destaques\",\"Not\u00edcias\"],\"inLanguage\":\"pt-BR\"},{\"@type\":\"WebPage\",\"@id\":\"https:\/\/acrimat.org.br\/portal\/demanda-aquece-o-mercado-de-reposicao\/\",\"url\":\"https:\/\/acrimat.org.br\/portal\/demanda-aquece-o-mercado-de-reposicao\/\",\"name\":\"Demanda aquece o mercado de reposi\u00e7\u00e3o - Acrimat\",\"isPartOf\":{\"@id\":\"https:\/\/acrimat.org.br\/portal\/#website\"},\"primaryImageOfPage\":{\"@id\":\"https:\/\/acrimat.org.br\/portal\/demanda-aquece-o-mercado-de-reposicao\/#primaryimage\"},\"image\":{\"@id\":\"https:\/\/acrimat.org.br\/portal\/demanda-aquece-o-mercado-de-reposicao\/#primaryimage\"},\"thumbnailUrl\":\"https:\/\/acrimat.org.br\/portal\/wp-content\/uploads\/2017\/09\/reposi\u00e7\u00e3o.jpg\",\"datePublished\":\"2017-09-06T14:37:09+00:00\",\"dateModified\":\"2017-09-06T14:37:30+00:00\",\"breadcrumb\":{\"@id\":\"https:\/\/acrimat.org.br\/portal\/demanda-aquece-o-mercado-de-reposicao\/#breadcrumb\"},\"inLanguage\":\"pt-BR\",\"potentialAction\":[{\"@type\":\"ReadAction\",\"target\":[\"https:\/\/acrimat.org.br\/portal\/demanda-aquece-o-mercado-de-reposicao\/\"]}]},{\"@type\":\"ImageObject\",\"inLanguage\":\"pt-BR\",\"@id\":\"https:\/\/acrimat.org.br\/portal\/demanda-aquece-o-mercado-de-reposicao\/#primaryimage\",\"url\":\"https:\/\/acrimat.org.br\/portal\/wp-content\/uploads\/2017\/09\/reposi\u00e7\u00e3o.jpg\",\"contentUrl\":\"https:\/\/acrimat.org.br\/portal\/wp-content\/uploads\/2017\/09\/reposi\u00e7\u00e3o.jpg\",\"width\":350,\"height\":308,\"caption\":\"Demanda aquece o mercado de reposi\u00e7\u00e3o\"},{\"@type\":\"BreadcrumbList\",\"@id\":\"https:\/\/acrimat.org.br\/portal\/demanda-aquece-o-mercado-de-reposicao\/#breadcrumb\",\"itemListElement\":[{\"@type\":\"ListItem\",\"position\":1,\"name\":\"In\u00edcio\",\"item\":\"https:\/\/acrimat.org.br\/portal\/\"},{\"@type\":\"ListItem\",\"position\":2,\"name\":\"Demanda aquece o mercado de reposi\u00e7\u00e3o\"}]},{\"@type\":\"WebSite\",\"@id\":\"https:\/\/acrimat.org.br\/portal\/#website\",\"url\":\"https:\/\/acrimat.org.br\/portal\/\",\"name\":\"Acrimat\",\"description\":\"Associa\u00e7\u00e3o dos Criadores de Mato Grosso\",\"publisher\":{\"@id\":\"https:\/\/acrimat.org.br\/portal\/#organization\"},\"potentialAction\":[{\"@type\":\"SearchAction\",\"target\":{\"@type\":\"EntryPoint\",\"urlTemplate\":\"https:\/\/acrimat.org.br\/portal\/?s={search_term_string}\"},\"query-input\":{\"@type\":\"PropertyValueSpecification\",\"valueRequired\":true,\"valueName\":\"search_term_string\"}}],\"inLanguage\":\"pt-BR\"},{\"@type\":\"Organization\",\"@id\":\"https:\/\/acrimat.org.br\/portal\/#organization\",\"name\":\"Associa\u00e7\u00e3o dos Criadores de Mato Grosso\",\"url\":\"https:\/\/acrimat.org.br\/portal\/\",\"logo\":{\"@type\":\"ImageObject\",\"inLanguage\":\"pt-BR\",\"@id\":\"https:\/\/acrimat.org.br\/portal\/#\/schema\/logo\/image\/\",\"url\":\"https:\/\/acrimat.org.br\/portal\/wp-content\/uploads\/2018\/03\/logo-peq-original.png\",\"contentUrl\":\"https:\/\/acrimat.org.br\/portal\/wp-content\/uploads\/2018\/03\/logo-peq-original.png\",\"width\":174,\"height\":171,\"caption\":\"Associa\u00e7\u00e3o dos Criadores de Mato Grosso\"},\"image\":{\"@id\":\"https:\/\/acrimat.org.br\/portal\/#\/schema\/logo\/image\/\"}},{\"@type\":\"Person\",\"@id\":\"https:\/\/acrimat.org.br\/portal\/#\/schema\/person\/18df8bcf6890e924fe5d8b5afd2bec0f\",\"name\":\"P\u00e9ricles C\u00e2ndido\",\"image\":{\"@type\":\"ImageObject\",\"inLanguage\":\"pt-BR\",\"@id\":\"https:\/\/acrimat.org.br\/portal\/#\/schema\/person\/image\/\",\"url\":\"https:\/\/secure.gravatar.com\/avatar\/33e2a2b971dc363ed2df53d0d3bfbd18?s=96&d=mm&r=g\",\"contentUrl\":\"https:\/\/secure.gravatar.com\/avatar\/33e2a2b971dc363ed2df53d0d3bfbd18?s=96&d=mm&r=g\",\"caption\":\"P\u00e9ricles C\u00e2ndido\"},\"sameAs\":[\"ascom@acrimat.org.br\"],\"url\":\"https:\/\/acrimat.org.br\/portal\/author\/designergrafico\/\"}]}<\/script>\n<!-- \/ Yoast SEO plugin. -->","yoast_head_json":{"title":"Demanda aquece o mercado de reposi\u00e7\u00e3o - Acrimat","robots":{"index":"index","follow":"follow","max-snippet":"max-snippet:-1","max-image-preview":"max-image-preview:large","max-video-preview":"max-video-preview:-1"},"canonical":"https:\/\/acrimat.org.br\/portal\/demanda-aquece-o-mercado-de-reposicao\/","og_locale":"pt_BR","og_type":"article","og_title":"Demanda aquece o mercado de reposi\u00e7\u00e3o - Acrimat","og_description":"Com a arroba do boi gordo firme, os recriadores e invernistas sa\u00edram \u00e0 procura de neg\u00f3cios","og_url":"https:\/\/acrimat.org.br\/portal\/demanda-aquece-o-mercado-de-reposicao\/","og_site_name":"Acrimat","article_published_time":"2017-09-06T14:37:09+00:00","article_modified_time":"2017-09-06T14:37:30+00:00","og_image":[{"width":350,"height":308,"url":"https:\/\/acrimat.org.br\/portal\/wp-content\/uploads\/2017\/09\/reposi\u00e7\u00e3o.jpg","type":"image\/jpeg"}],"author":"P\u00e9ricles C\u00e2ndido","twitter_card":"summary_large_image","twitter_misc":{"Escrito por":"P\u00e9ricles C\u00e2ndido","Est. tempo de leitura":"1 minuto"},"schema":{"@context":"https:\/\/schema.org","@graph":[{"@type":"Article","@id":"https:\/\/acrimat.org.br\/portal\/demanda-aquece-o-mercado-de-reposicao\/#article","isPartOf":{"@id":"https:\/\/acrimat.org.br\/portal\/demanda-aquece-o-mercado-de-reposicao\/"},"author":{"name":"P\u00e9ricles C\u00e2ndido","@id":"https:\/\/acrimat.org.br\/portal\/#\/schema\/person\/18df8bcf6890e924fe5d8b5afd2bec0f"},"headline":"Demanda aquece o mercado de reposi\u00e7\u00e3o","datePublished":"2017-09-06T14:37:09+00:00","dateModified":"2017-09-06T14:37:30+00:00","mainEntityOfPage":{"@id":"https:\/\/acrimat.org.br\/portal\/demanda-aquece-o-mercado-de-reposicao\/"},"wordCount":267,"publisher":{"@id":"https:\/\/acrimat.org.br\/portal\/#organization"},"image":{"@id":"https:\/\/acrimat.org.br\/portal\/demanda-aquece-o-mercado-de-reposicao\/#primaryimage"},"thumbnailUrl":"https:\/\/acrimat.org.br\/portal\/wp-content\/uploads\/2017\/09\/reposi\u00e7\u00e3o.jpg","articleSection":["Destaques","Not\u00edcias"],"inLanguage":"pt-BR"},{"@type":"WebPage","@id":"https:\/\/acrimat.org.br\/portal\/demanda-aquece-o-mercado-de-reposicao\/","url":"https:\/\/acrimat.org.br\/portal\/demanda-aquece-o-mercado-de-reposicao\/","name":"Demanda aquece o mercado de reposi\u00e7\u00e3o - Acrimat","isPartOf":{"@id":"https:\/\/acrimat.org.br\/portal\/#website"},"primaryImageOfPage":{"@id":"https:\/\/acrimat.org.br\/portal\/demanda-aquece-o-mercado-de-reposicao\/#primaryimage"},"image":{"@id":"https:\/\/acrimat.org.br\/portal\/demanda-aquece-o-mercado-de-reposicao\/#primaryimage"},"thumbnailUrl":"https:\/\/acrimat.org.br\/portal\/wp-content\/uploads\/2017\/09\/reposi\u00e7\u00e3o.jpg","datePublished":"2017-09-06T14:37:09+00:00","dateModified":"2017-09-06T14:37:30+00:00","breadcrumb":{"@id":"https:\/\/acrimat.org.br\/portal\/demanda-aquece-o-mercado-de-reposicao\/#breadcrumb"},"inLanguage":"pt-BR","potentialAction":[{"@type":"ReadAction","target":["https:\/\/acrimat.org.br\/portal\/demanda-aquece-o-mercado-de-reposicao\/"]}]},{"@type":"ImageObject","inLanguage":"pt-BR","@id":"https:\/\/acrimat.org.br\/portal\/demanda-aquece-o-mercado-de-reposicao\/#primaryimage","url":"https:\/\/acrimat.org.br\/portal\/wp-content\/uploads\/2017\/09\/reposi\u00e7\u00e3o.jpg","contentUrl":"https:\/\/acrimat.org.br\/portal\/wp-content\/uploads\/2017\/09\/reposi\u00e7\u00e3o.jpg","width":350,"height":308,"caption":"Demanda aquece o mercado de reposi\u00e7\u00e3o"},{"@type":"BreadcrumbList","@id":"https:\/\/acrimat.org.br\/portal\/demanda-aquece-o-mercado-de-reposicao\/#breadcrumb","itemListElement":[{"@type":"ListItem","position":1,"name":"In\u00edcio","item":"https:\/\/acrimat.org.br\/portal\/"},{"@type":"ListItem","position":2,"name":"Demanda aquece o mercado de reposi\u00e7\u00e3o"}]},{"@type":"WebSite","@id":"https:\/\/acrimat.org.br\/portal\/#website","url":"https:\/\/acrimat.org.br\/portal\/","name":"Acrimat","description":"Associa\u00e7\u00e3o dos Criadores de Mato Grosso","publisher":{"@id":"https:\/\/acrimat.org.br\/portal\/#organization"},"potentialAction":[{"@type":"SearchAction","target":{"@type":"EntryPoint","urlTemplate":"https:\/\/acrimat.org.br\/portal\/?s={search_term_string}"},"query-input":{"@type":"PropertyValueSpecification","valueRequired":true,"valueName":"search_term_string"}}],"inLanguage":"pt-BR"},{"@type":"Organization","@id":"https:\/\/acrimat.org.br\/portal\/#organization","name":"Associa\u00e7\u00e3o dos Criadores de Mato Grosso","url":"https:\/\/acrimat.org.br\/portal\/","logo":{"@type":"ImageObject","inLanguage":"pt-BR","@id":"https:\/\/acrimat.org.br\/portal\/#\/schema\/logo\/image\/","url":"https:\/\/acrimat.org.br\/portal\/wp-content\/uploads\/2018\/03\/logo-peq-original.png","contentUrl":"https:\/\/acrimat.org.br\/portal\/wp-content\/uploads\/2018\/03\/logo-peq-original.png","width":174,"height":171,"caption":"Associa\u00e7\u00e3o dos Criadores de Mato Grosso"},"image":{"@id":"https:\/\/acrimat.org.br\/portal\/#\/schema\/logo\/image\/"}},{"@type":"Person","@id":"https:\/\/acrimat.org.br\/portal\/#\/schema\/person\/18df8bcf6890e924fe5d8b5afd2bec0f","name":"P\u00e9ricles C\u00e2ndido","image":{"@type":"ImageObject","inLanguage":"pt-BR","@id":"https:\/\/acrimat.org.br\/portal\/#\/schema\/person\/image\/","url":"https:\/\/secure.gravatar.com\/avatar\/33e2a2b971dc363ed2df53d0d3bfbd18?s=96&d=mm&r=g","contentUrl":"https:\/\/secure.gravatar.com\/avatar\/33e2a2b971dc363ed2df53d0d3bfbd18?s=96&d=mm&r=g","caption":"P\u00e9ricles C\u00e2ndido"},"sameAs":["ascom@acrimat.org.br"],"url":"https:\/\/acrimat.org.br\/portal\/author\/designergrafico\/"}]}},"_links":{"self":[{"href":"https:\/\/acrimat.org.br\/portal\/wp-json\/wp\/v2\/posts\/97983469","targetHints":{"allow":["GET"]}}],"collection":[{"href":"https:\/\/acrimat.org.br\/portal\/wp-json\/wp\/v2\/posts"}],"about":[{"href":"https:\/\/acrimat.org.br\/portal\/wp-json\/wp\/v2\/types\/post"}],"author":[{"embeddable":true,"href":"https:\/\/acrimat.org.br\/portal\/wp-json\/wp\/v2\/users\/11"}],"replies":[{"embeddable":true,"href":"https:\/\/acrimat.org.br\/portal\/wp-json\/wp\/v2\/comments?post=97983469"}],"version-history":[{"count":3,"href":"https:\/\/acrimat.org.br\/portal\/wp-json\/wp\/v2\/posts\/97983469\/revisions"}],"predecessor-version":[{"id":97983473,"href":"https:\/\/acrimat.org.br\/portal\/wp-json\/wp\/v2\/posts\/97983469\/revisions\/97983473"}],"wp:featuredmedia":[{"embeddable":true,"href":"https:\/\/acrimat.org.br\/portal\/wp-json\/wp\/v2\/media\/97983470"}],"wp:attachment":[{"href":"https:\/\/acrimat.org.br\/portal\/wp-json\/wp\/v2\/media?parent=97983469"}],"wp:term":[{"taxonomy":"category","embeddable":true,"href":"https:\/\/acrimat.org.br\/portal\/wp-json\/wp\/v2\/categories?post=97983469"},{"taxonomy":"post_tag","embeddable":true,"href":"https:\/\/acrimat.org.br\/portal\/wp-json\/wp\/v2\/tags?post=97983469"}],"curies":[{"name":"wp","href":"https:\/\/api.w.org\/{rel}","templated":true}]}}