{"id":97983500,"date":"2017-09-11T10:15:29","date_gmt":"2017-09-11T13:15:29","guid":{"rendered":"http:\/\/acrimat.org.br\/portal\/?p=97983500"},"modified":"2017-09-11T10:15:29","modified_gmt":"2017-09-11T13:15:29","slug":"mato-grosso-ja-registrou-mais-de-240-casos-de-furto-de-gado","status":"publish","type":"post","link":"https:\/\/acrimat.org.br\/portal\/mato-grosso-ja-registrou-mais-de-240-casos-de-furto-de-gado\/","title":{"rendered":"Mato Grosso j\u00e1 registrou mais de 240 casos de furto de gado"},"content":{"rendered":"<p><a href=\"http:\/\/acrimat.org.br\/portal\/wp-content\/uploads\/2016\/06\/gado4.jpg\"><img fetchpriority=\"high\" decoding=\"async\" class=\"size-medium wp-image-97975882 alignright\" src=\"http:\/\/acrimat.org.br\/portal\/wp-content\/uploads\/2016\/06\/gado4-300x206.jpg\" alt=\"\" width=\"300\" height=\"206\" srcset=\"https:\/\/acrimat.org.br\/portal\/wp-content\/uploads\/2016\/06\/gado4-300x206.jpg 300w, https:\/\/acrimat.org.br\/portal\/wp-content\/uploads\/2016\/06\/gado4-250x172.jpg 250w, https:\/\/acrimat.org.br\/portal\/wp-content\/uploads\/2016\/06\/gado4-550x378.jpg 550w, https:\/\/acrimat.org.br\/portal\/wp-content\/uploads\/2016\/06\/gado4-262x180.jpg 262w, https:\/\/acrimat.org.br\/portal\/wp-content\/uploads\/2016\/06\/gado4-436x300.jpg 436w, https:\/\/acrimat.org.br\/portal\/wp-content\/uploads\/2016\/06\/gado4-727x500.jpg 727w, https:\/\/acrimat.org.br\/portal\/wp-content\/uploads\/2016\/06\/gado4.jpg 730w\" sizes=\"(max-width: 300px) 100vw, 300px\" \/><\/a>De acordo com a Secretaria de Estado de Seguran\u00e7a P\u00fablica de Mato Grosso, o n\u00famero de ocorr\u00eancias no campo &#8211; entre roubos e furtos de defensivos agr\u00edcolas &#8211; caiu 12%, em rela\u00e7\u00e3o ao ano passado.<\/p>\n<p>Mesmo assim, as taxas de crimes ainda s\u00e3o preocupantes para o setor. Os furtos de gado registrados j\u00e1 chegaram a 247 &#8211; contra 190 casos registrados em 2016.<\/p>\n<p>O pecuarista Arno Schneider teve a propriedade assaltada. Foram levados mais de 100 animais das ra\u00e7as Brahman e Caracu, que representam um preju\u00edzo superior a R$ 150 mil. Um funcion\u00e1rio da propriedade, que preferiu n\u00e3o ser identificado, foi rendido por homens armados, que amarraram ele e a fam\u00edlia.<\/p>\n<p>Schneider diz que todos se sentem inseguros, &#8220;ref\u00e9ns dos bandidos&#8221;. Ele cobra a\u00e7\u00f5es governamentais para coibir a\u00e7\u00f5es criminosas como essa.<\/p>\n<p>&#8220;A bancada ruralista poderia promover a\u00e7\u00f5es para que se modificasse essa legisla\u00e7\u00e3o e desse bem mais rigor, uma pena bem maior para esse tipo de crime. Defendo o armamento no campo. Em muitos outros pa\u00edses, onde o armamento \u00e9 livre total, normalmente, os \u00edndices de criminalidade s\u00e3o menores&#8221;, diz Schneider.<\/p>\n<p>Amado de Oliveira Filho, conselheiro t\u00e9cnico da Associa\u00e7\u00e3o dos Criadores de Mato Grosso (Acrimat), explica que os roubos e furtos se concentravam em animais terminados, mas agora est\u00e3o atingindo animais jovens.<\/p>\n<p>&#8220;\u00c9 um caso de calamidade p\u00fablica, isso est\u00e1 atingindo n\u00e3o s\u00f3 a perda patrimonial, mas estamos tendo dificuldade inclusive de mobilizarmos m\u00e3o de obra para trabalhar no campo. S\u00e3o preju\u00edzos imensur\u00e1veis e esperamos que se fa\u00e7a alguma coisa de fato&#8221;, conta.<\/p>\n<p>O presidente da Federa\u00e7\u00e3o da Agricultura e Pecu\u00e1ria do Estado de Mato Grosso (Famato), Normando Corral, orienta que os pecuaristas tenham cuidado ao contratar funcion\u00e1rios, pois mesmo n\u00e3o intencionalmente, eles podem colocar a propriedade em evid\u00eancia para bandidos.<\/p>\n<p>&#8220;Outra coisa que eu digo: se eles roubam, algu\u00e9m compra. Sabemos que em algumas regi\u00f5es do estado temos uma fronteira seca com outro pa\u00eds e h\u00e1 um grande n\u00famero de produtos que v\u00e3o para l\u00e1. N\u00f3s temos que estar atentos \u00e0queles que compram produtos sem origem. Se n\u00e3o tem origem e algu\u00e9m vem vender barato, \u00e9 porque \u00e9 roubado, e o receptador tamb\u00e9m \u00e9 um criminoso&#8221;, afirma Corral.<\/p>\n<p>Para o presidente da Famato, o Brasil carece de in\u00fameras reformas. &#8220;Estamos vendo que as institui\u00e7\u00f5es n\u00e3o t\u00eam funcionado. As institui\u00e7\u00f5es que eu digo s\u00e3o as institui\u00e7\u00f5es p\u00fablicas do Estado, seja no judici\u00e1rio, seja na quest\u00e3o tribut\u00e1ria. Deve se fazer uma reforma e \u00e9 urgente&#8221;, defende Corral.<\/p>\n<p>A Secretaria de Estado de Seguran\u00e7a P\u00fablica de Mato Grosso afirma que vem intensificando as a\u00e7\u00f5es no campo. O secret\u00e1rio, Rogers Elizandro Jarbas, destaca que uma parceria entre governo e produtores conseguiu reduzir o n\u00famero de crimes na \u00e1rea rural em menos de cinco meses.<\/p>\n<p>&#8220;N\u00f3s tivemos v\u00e1rias apreens\u00f5es de defensivos agr\u00edcolas subtra\u00eddos, de defensivos agr\u00edcolas falsificados vindos de outros pa\u00edses e at\u00e9 mesmo de outros estados do pa\u00eds. Quadrilhas foram desmanteladas, diminu\u00edmos em 12,5% os furtos em propriedades rurais&#8221;, relata Jarbas.<\/p>\n<p>O secretario refor\u00e7a o pedido de que todo produtor que seja v\u00edtima de um crime leve ao conhecimento do sistema de seguran\u00e7a p\u00fablica, para que possa ser feita uma an\u00e1lise criminal, que possibilitar\u00e1 a implementa\u00e7\u00e3o de a\u00e7\u00f5es preventivas.<\/p>\n","protected":false},"excerpt":{"rendered":"<p>De acordo com a Secretaria de Estado de Seguran\u00e7a P\u00fablica de Mato Grosso, o n\u00famero de ocorr\u00eancias no campo &#8211; entre roubos e furtos de defensivos agr\u00edcolas &#8211; caiu 12%, em rela\u00e7\u00e3o ao ano passado<\/p>\n","protected":false},"author":11,"featured_media":97975882,"comment_status":"closed","ping_status":"closed","sticky":false,"template":"","format":"standard","meta":{"footnotes":""},"categories":[6,1],"tags":[],"class_list":["post-97983500","post","type-post","status-publish","format-standard","has-post-thumbnail","hentry","category-destaque","category-noticia"],"yoast_head":"<!-- This site is optimized with the Yoast SEO plugin v24.8.1 - https:\/\/yoast.com\/wordpress\/plugins\/seo\/ -->\n<title>Mato Grosso j\u00e1 registrou mais de 240 casos de furto de gado - Acrimat<\/title>\n<meta name=\"robots\" content=\"index, follow, max-snippet:-1, max-image-preview:large, max-video-preview:-1\" \/>\n<link rel=\"canonical\" href=\"https:\/\/acrimat.org.br\/portal\/mato-grosso-ja-registrou-mais-de-240-casos-de-furto-de-gado\/\" \/>\n<meta property=\"og:locale\" content=\"pt_BR\" \/>\n<meta property=\"og:type\" content=\"article\" \/>\n<meta property=\"og:title\" content=\"Mato Grosso j\u00e1 registrou mais de 240 casos de furto de gado - Acrimat\" \/>\n<meta property=\"og:description\" content=\"De acordo com a Secretaria de Estado de Seguran\u00e7a P\u00fablica de Mato Grosso, o n\u00famero de ocorr\u00eancias no campo - entre roubos e furtos de defensivos agr\u00edcolas - caiu 12%, em rela\u00e7\u00e3o ao ano passado\" \/>\n<meta property=\"og:url\" content=\"https:\/\/acrimat.org.br\/portal\/mato-grosso-ja-registrou-mais-de-240-casos-de-furto-de-gado\/\" \/>\n<meta property=\"og:site_name\" content=\"Acrimat\" \/>\n<meta property=\"article:published_time\" content=\"2017-09-11T13:15:29+00:00\" \/>\n<meta property=\"og:image\" content=\"https:\/\/acrimat.org.br\/portal\/wp-content\/uploads\/2016\/06\/gado4.jpg\" \/>\n\t<meta property=\"og:image:width\" content=\"730\" \/>\n\t<meta property=\"og:image:height\" content=\"502\" \/>\n\t<meta property=\"og:image:type\" content=\"image\/jpeg\" \/>\n<meta name=\"author\" content=\"P\u00e9ricles C\u00e2ndido\" \/>\n<meta name=\"twitter:card\" content=\"summary_large_image\" \/>\n<meta name=\"twitter:label1\" content=\"Escrito por\" \/>\n\t<meta name=\"twitter:data1\" content=\"P\u00e9ricles C\u00e2ndido\" \/>\n\t<meta name=\"twitter:label2\" content=\"Est. tempo de leitura\" \/>\n\t<meta name=\"twitter:data2\" content=\"3 minutos\" \/>\n<script type=\"application\/ld+json\" class=\"yoast-schema-graph\">{\"@context\":\"https:\/\/schema.org\",\"@graph\":[{\"@type\":\"Article\",\"@id\":\"https:\/\/acrimat.org.br\/portal\/mato-grosso-ja-registrou-mais-de-240-casos-de-furto-de-gado\/#article\",\"isPartOf\":{\"@id\":\"https:\/\/acrimat.org.br\/portal\/mato-grosso-ja-registrou-mais-de-240-casos-de-furto-de-gado\/\"},\"author\":{\"name\":\"P\u00e9ricles C\u00e2ndido\",\"@id\":\"https:\/\/acrimat.org.br\/portal\/#\/schema\/person\/18df8bcf6890e924fe5d8b5afd2bec0f\"},\"headline\":\"Mato Grosso j\u00e1 registrou mais de 240 casos de furto de gado\",\"datePublished\":\"2017-09-11T13:15:29+00:00\",\"mainEntityOfPage\":{\"@id\":\"https:\/\/acrimat.org.br\/portal\/mato-grosso-ja-registrou-mais-de-240-casos-de-furto-de-gado\/\"},\"wordCount\":599,\"publisher\":{\"@id\":\"https:\/\/acrimat.org.br\/portal\/#organization\"},\"image\":{\"@id\":\"https:\/\/acrimat.org.br\/portal\/mato-grosso-ja-registrou-mais-de-240-casos-de-furto-de-gado\/#primaryimage\"},\"thumbnailUrl\":\"https:\/\/acrimat.org.br\/portal\/wp-content\/uploads\/2016\/06\/gado4.jpg\",\"articleSection\":[\"Destaques\",\"Not\u00edcias\"],\"inLanguage\":\"pt-BR\"},{\"@type\":\"WebPage\",\"@id\":\"https:\/\/acrimat.org.br\/portal\/mato-grosso-ja-registrou-mais-de-240-casos-de-furto-de-gado\/\",\"url\":\"https:\/\/acrimat.org.br\/portal\/mato-grosso-ja-registrou-mais-de-240-casos-de-furto-de-gado\/\",\"name\":\"Mato Grosso j\u00e1 registrou mais de 240 casos de furto de gado - Acrimat\",\"isPartOf\":{\"@id\":\"https:\/\/acrimat.org.br\/portal\/#website\"},\"primaryImageOfPage\":{\"@id\":\"https:\/\/acrimat.org.br\/portal\/mato-grosso-ja-registrou-mais-de-240-casos-de-furto-de-gado\/#primaryimage\"},\"image\":{\"@id\":\"https:\/\/acrimat.org.br\/portal\/mato-grosso-ja-registrou-mais-de-240-casos-de-furto-de-gado\/#primaryimage\"},\"thumbnailUrl\":\"https:\/\/acrimat.org.br\/portal\/wp-content\/uploads\/2016\/06\/gado4.jpg\",\"datePublished\":\"2017-09-11T13:15:29+00:00\",\"breadcrumb\":{\"@id\":\"https:\/\/acrimat.org.br\/portal\/mato-grosso-ja-registrou-mais-de-240-casos-de-furto-de-gado\/#breadcrumb\"},\"inLanguage\":\"pt-BR\",\"potentialAction\":[{\"@type\":\"ReadAction\",\"target\":[\"https:\/\/acrimat.org.br\/portal\/mato-grosso-ja-registrou-mais-de-240-casos-de-furto-de-gado\/\"]}]},{\"@type\":\"ImageObject\",\"inLanguage\":\"pt-BR\",\"@id\":\"https:\/\/acrimat.org.br\/portal\/mato-grosso-ja-registrou-mais-de-240-casos-de-furto-de-gado\/#primaryimage\",\"url\":\"https:\/\/acrimat.org.br\/portal\/wp-content\/uploads\/2016\/06\/gado4.jpg\",\"contentUrl\":\"https:\/\/acrimat.org.br\/portal\/wp-content\/uploads\/2016\/06\/gado4.jpg\",\"width\":730,\"height\":502},{\"@type\":\"BreadcrumbList\",\"@id\":\"https:\/\/acrimat.org.br\/portal\/mato-grosso-ja-registrou-mais-de-240-casos-de-furto-de-gado\/#breadcrumb\",\"itemListElement\":[{\"@type\":\"ListItem\",\"position\":1,\"name\":\"In\u00edcio\",\"item\":\"https:\/\/acrimat.org.br\/portal\/\"},{\"@type\":\"ListItem\",\"position\":2,\"name\":\"Mato Grosso j\u00e1 registrou mais de 240 casos de furto de gado\"}]},{\"@type\":\"WebSite\",\"@id\":\"https:\/\/acrimat.org.br\/portal\/#website\",\"url\":\"https:\/\/acrimat.org.br\/portal\/\",\"name\":\"Acrimat\",\"description\":\"Associa\u00e7\u00e3o dos Criadores de Mato Grosso\",\"publisher\":{\"@id\":\"https:\/\/acrimat.org.br\/portal\/#organization\"},\"potentialAction\":[{\"@type\":\"SearchAction\",\"target\":{\"@type\":\"EntryPoint\",\"urlTemplate\":\"https:\/\/acrimat.org.br\/portal\/?s={search_term_string}\"},\"query-input\":{\"@type\":\"PropertyValueSpecification\",\"valueRequired\":true,\"valueName\":\"search_term_string\"}}],\"inLanguage\":\"pt-BR\"},{\"@type\":\"Organization\",\"@id\":\"https:\/\/acrimat.org.br\/portal\/#organization\",\"name\":\"Associa\u00e7\u00e3o dos Criadores de Mato Grosso\",\"url\":\"https:\/\/acrimat.org.br\/portal\/\",\"logo\":{\"@type\":\"ImageObject\",\"inLanguage\":\"pt-BR\",\"@id\":\"https:\/\/acrimat.org.br\/portal\/#\/schema\/logo\/image\/\",\"url\":\"https:\/\/acrimat.org.br\/portal\/wp-content\/uploads\/2018\/03\/logo-peq-original.png\",\"contentUrl\":\"https:\/\/acrimat.org.br\/portal\/wp-content\/uploads\/2018\/03\/logo-peq-original.png\",\"width\":174,\"height\":171,\"caption\":\"Associa\u00e7\u00e3o dos Criadores de Mato Grosso\"},\"image\":{\"@id\":\"https:\/\/acrimat.org.br\/portal\/#\/schema\/logo\/image\/\"}},{\"@type\":\"Person\",\"@id\":\"https:\/\/acrimat.org.br\/portal\/#\/schema\/person\/18df8bcf6890e924fe5d8b5afd2bec0f\",\"name\":\"P\u00e9ricles C\u00e2ndido\",\"image\":{\"@type\":\"ImageObject\",\"inLanguage\":\"pt-BR\",\"@id\":\"https:\/\/acrimat.org.br\/portal\/#\/schema\/person\/image\/\",\"url\":\"https:\/\/secure.gravatar.com\/avatar\/33e2a2b971dc363ed2df53d0d3bfbd18?s=96&d=mm&r=g\",\"contentUrl\":\"https:\/\/secure.gravatar.com\/avatar\/33e2a2b971dc363ed2df53d0d3bfbd18?s=96&d=mm&r=g\",\"caption\":\"P\u00e9ricles C\u00e2ndido\"},\"sameAs\":[\"ascom@acrimat.org.br\"],\"url\":\"https:\/\/acrimat.org.br\/portal\/author\/designergrafico\/\"}]}<\/script>\n<!-- \/ Yoast SEO plugin. -->","yoast_head_json":{"title":"Mato Grosso j\u00e1 registrou mais de 240 casos de furto de gado - Acrimat","robots":{"index":"index","follow":"follow","max-snippet":"max-snippet:-1","max-image-preview":"max-image-preview:large","max-video-preview":"max-video-preview:-1"},"canonical":"https:\/\/acrimat.org.br\/portal\/mato-grosso-ja-registrou-mais-de-240-casos-de-furto-de-gado\/","og_locale":"pt_BR","og_type":"article","og_title":"Mato Grosso j\u00e1 registrou mais de 240 casos de furto de gado - Acrimat","og_description":"De acordo com a Secretaria de Estado de Seguran\u00e7a P\u00fablica de Mato Grosso, o n\u00famero de ocorr\u00eancias no campo - entre roubos e furtos de defensivos agr\u00edcolas - caiu 12%, em rela\u00e7\u00e3o ao ano passado","og_url":"https:\/\/acrimat.org.br\/portal\/mato-grosso-ja-registrou-mais-de-240-casos-de-furto-de-gado\/","og_site_name":"Acrimat","article_published_time":"2017-09-11T13:15:29+00:00","og_image":[{"width":730,"height":502,"url":"https:\/\/acrimat.org.br\/portal\/wp-content\/uploads\/2016\/06\/gado4.jpg","type":"image\/jpeg"}],"author":"P\u00e9ricles C\u00e2ndido","twitter_card":"summary_large_image","twitter_misc":{"Escrito por":"P\u00e9ricles C\u00e2ndido","Est. tempo de leitura":"3 minutos"},"schema":{"@context":"https:\/\/schema.org","@graph":[{"@type":"Article","@id":"https:\/\/acrimat.org.br\/portal\/mato-grosso-ja-registrou-mais-de-240-casos-de-furto-de-gado\/#article","isPartOf":{"@id":"https:\/\/acrimat.org.br\/portal\/mato-grosso-ja-registrou-mais-de-240-casos-de-furto-de-gado\/"},"author":{"name":"P\u00e9ricles C\u00e2ndido","@id":"https:\/\/acrimat.org.br\/portal\/#\/schema\/person\/18df8bcf6890e924fe5d8b5afd2bec0f"},"headline":"Mato Grosso j\u00e1 registrou mais de 240 casos de furto de gado","datePublished":"2017-09-11T13:15:29+00:00","mainEntityOfPage":{"@id":"https:\/\/acrimat.org.br\/portal\/mato-grosso-ja-registrou-mais-de-240-casos-de-furto-de-gado\/"},"wordCount":599,"publisher":{"@id":"https:\/\/acrimat.org.br\/portal\/#organization"},"image":{"@id":"https:\/\/acrimat.org.br\/portal\/mato-grosso-ja-registrou-mais-de-240-casos-de-furto-de-gado\/#primaryimage"},"thumbnailUrl":"https:\/\/acrimat.org.br\/portal\/wp-content\/uploads\/2016\/06\/gado4.jpg","articleSection":["Destaques","Not\u00edcias"],"inLanguage":"pt-BR"},{"@type":"WebPage","@id":"https:\/\/acrimat.org.br\/portal\/mato-grosso-ja-registrou-mais-de-240-casos-de-furto-de-gado\/","url":"https:\/\/acrimat.org.br\/portal\/mato-grosso-ja-registrou-mais-de-240-casos-de-furto-de-gado\/","name":"Mato Grosso j\u00e1 registrou mais de 240 casos de furto de gado - Acrimat","isPartOf":{"@id":"https:\/\/acrimat.org.br\/portal\/#website"},"primaryImageOfPage":{"@id":"https:\/\/acrimat.org.br\/portal\/mato-grosso-ja-registrou-mais-de-240-casos-de-furto-de-gado\/#primaryimage"},"image":{"@id":"https:\/\/acrimat.org.br\/portal\/mato-grosso-ja-registrou-mais-de-240-casos-de-furto-de-gado\/#primaryimage"},"thumbnailUrl":"https:\/\/acrimat.org.br\/portal\/wp-content\/uploads\/2016\/06\/gado4.jpg","datePublished":"2017-09-11T13:15:29+00:00","breadcrumb":{"@id":"https:\/\/acrimat.org.br\/portal\/mato-grosso-ja-registrou-mais-de-240-casos-de-furto-de-gado\/#breadcrumb"},"inLanguage":"pt-BR","potentialAction":[{"@type":"ReadAction","target":["https:\/\/acrimat.org.br\/portal\/mato-grosso-ja-registrou-mais-de-240-casos-de-furto-de-gado\/"]}]},{"@type":"ImageObject","inLanguage":"pt-BR","@id":"https:\/\/acrimat.org.br\/portal\/mato-grosso-ja-registrou-mais-de-240-casos-de-furto-de-gado\/#primaryimage","url":"https:\/\/acrimat.org.br\/portal\/wp-content\/uploads\/2016\/06\/gado4.jpg","contentUrl":"https:\/\/acrimat.org.br\/portal\/wp-content\/uploads\/2016\/06\/gado4.jpg","width":730,"height":502},{"@type":"BreadcrumbList","@id":"https:\/\/acrimat.org.br\/portal\/mato-grosso-ja-registrou-mais-de-240-casos-de-furto-de-gado\/#breadcrumb","itemListElement":[{"@type":"ListItem","position":1,"name":"In\u00edcio","item":"https:\/\/acrimat.org.br\/portal\/"},{"@type":"ListItem","position":2,"name":"Mato Grosso j\u00e1 registrou mais de 240 casos de furto de gado"}]},{"@type":"WebSite","@id":"https:\/\/acrimat.org.br\/portal\/#website","url":"https:\/\/acrimat.org.br\/portal\/","name":"Acrimat","description":"Associa\u00e7\u00e3o dos Criadores de Mato Grosso","publisher":{"@id":"https:\/\/acrimat.org.br\/portal\/#organization"},"potentialAction":[{"@type":"SearchAction","target":{"@type":"EntryPoint","urlTemplate":"https:\/\/acrimat.org.br\/portal\/?s={search_term_string}"},"query-input":{"@type":"PropertyValueSpecification","valueRequired":true,"valueName":"search_term_string"}}],"inLanguage":"pt-BR"},{"@type":"Organization","@id":"https:\/\/acrimat.org.br\/portal\/#organization","name":"Associa\u00e7\u00e3o dos Criadores de Mato Grosso","url":"https:\/\/acrimat.org.br\/portal\/","logo":{"@type":"ImageObject","inLanguage":"pt-BR","@id":"https:\/\/acrimat.org.br\/portal\/#\/schema\/logo\/image\/","url":"https:\/\/acrimat.org.br\/portal\/wp-content\/uploads\/2018\/03\/logo-peq-original.png","contentUrl":"https:\/\/acrimat.org.br\/portal\/wp-content\/uploads\/2018\/03\/logo-peq-original.png","width":174,"height":171,"caption":"Associa\u00e7\u00e3o dos Criadores de Mato Grosso"},"image":{"@id":"https:\/\/acrimat.org.br\/portal\/#\/schema\/logo\/image\/"}},{"@type":"Person","@id":"https:\/\/acrimat.org.br\/portal\/#\/schema\/person\/18df8bcf6890e924fe5d8b5afd2bec0f","name":"P\u00e9ricles C\u00e2ndido","image":{"@type":"ImageObject","inLanguage":"pt-BR","@id":"https:\/\/acrimat.org.br\/portal\/#\/schema\/person\/image\/","url":"https:\/\/secure.gravatar.com\/avatar\/33e2a2b971dc363ed2df53d0d3bfbd18?s=96&d=mm&r=g","contentUrl":"https:\/\/secure.gravatar.com\/avatar\/33e2a2b971dc363ed2df53d0d3bfbd18?s=96&d=mm&r=g","caption":"P\u00e9ricles C\u00e2ndido"},"sameAs":["ascom@acrimat.org.br"],"url":"https:\/\/acrimat.org.br\/portal\/author\/designergrafico\/"}]}},"_links":{"self":[{"href":"https:\/\/acrimat.org.br\/portal\/wp-json\/wp\/v2\/posts\/97983500","targetHints":{"allow":["GET"]}}],"collection":[{"href":"https:\/\/acrimat.org.br\/portal\/wp-json\/wp\/v2\/posts"}],"about":[{"href":"https:\/\/acrimat.org.br\/portal\/wp-json\/wp\/v2\/types\/post"}],"author":[{"embeddable":true,"href":"https:\/\/acrimat.org.br\/portal\/wp-json\/wp\/v2\/users\/11"}],"replies":[{"embeddable":true,"href":"https:\/\/acrimat.org.br\/portal\/wp-json\/wp\/v2\/comments?post=97983500"}],"version-history":[{"count":2,"href":"https:\/\/acrimat.org.br\/portal\/wp-json\/wp\/v2\/posts\/97983500\/revisions"}],"predecessor-version":[{"id":97983502,"href":"https:\/\/acrimat.org.br\/portal\/wp-json\/wp\/v2\/posts\/97983500\/revisions\/97983502"}],"wp:featuredmedia":[{"embeddable":true,"href":"https:\/\/acrimat.org.br\/portal\/wp-json\/wp\/v2\/media\/97975882"}],"wp:attachment":[{"href":"https:\/\/acrimat.org.br\/portal\/wp-json\/wp\/v2\/media?parent=97983500"}],"wp:term":[{"taxonomy":"category","embeddable":true,"href":"https:\/\/acrimat.org.br\/portal\/wp-json\/wp\/v2\/categories?post=97983500"},{"taxonomy":"post_tag","embeddable":true,"href":"https:\/\/acrimat.org.br\/portal\/wp-json\/wp\/v2\/tags?post=97983500"}],"curies":[{"name":"wp","href":"https:\/\/api.w.org\/{rel}","templated":true}]}}